{"id":9814,"date":"2026-03-17T16:40:00","date_gmt":"2026-03-17T19:40:00","guid":{"rendered":"https:\/\/www.tuasaude.com\/news\/?p=9814"},"modified":"2026-03-17T00:55:39","modified_gmt":"2026-03-17T03:55:39","slug":"a-dor-nas-costas-que-nao-passa-comeca-pelo-quadril-um-segredo-simples-que-pode-mudar-completamente-a-forma-como-voce-se-movimenta","status":"publish","type":"post","link":"https:\/\/www.tuasaude.com\/news\/2026\/03\/17\/a-dor-nas-costas-que-nao-passa-comeca-pelo-quadril-um-segredo-simples-que-pode-mudar-completamente-a-forma-como-voce-se-movimenta\/","title":{"rendered":"A dor nas costas que n\u00e3o passa come\u00e7a pelo quadril: um segredo simples que pode mudar completamente a forma como voc\u00ea se movimenta"},"content":{"rendered":"\n<p>Milh\u00f5es de pessoas tratam a<strong><a href=\"https:\/\/www.tuasaude.com\/dor-no-final-da-coluna\/\" target=\"_blank\" rel=\"noreferrer noopener\"> dor lombar<\/a><\/strong> focando exclusivamente na coluna, sem perceber que a verdadeira origem do problema pode estar no quadril. Existe um m\u00fasculo profundo chamado psoas que conecta a coluna lombar \u00e0 parte superior da coxa, e quando ele permanece encurtado por longas horas na posi\u00e7\u00e3o sentada, puxa a lombar para uma curvatura excessiva que gera sobrecarga e dor constante. Fisioterapeutas consideram esse m\u00fasculo a pe\u00e7a invis\u00edvel por tr\u00e1s da maioria das dores lombares cr\u00f4nicas que n\u00e3o respondem a tratamentos convencionais. Entender essa conex\u00e3o pode ser o primeiro passo para se livrar de um inc\u00f4modo que j\u00e1 dura meses ou at\u00e9 anos.<\/p>\n\n\n\n<h2 class=\"wp-block-heading\">Por que o m\u00fasculo do quadril \u00e9 o verdadeiro respons\u00e1vel por muitas dores nas costas?<\/h2>\n\n\n\n<p>O <strong>psoas<\/strong> \u00e9 o principal m\u00fasculo respons\u00e1vel por dobrar o quadril e tamb\u00e9m atua como estabilizador da <strong><a href=\"https:\/\/www.tuasaude.com\/dor-lombar\/\" target=\"_blank\" rel=\"noreferrer noopener\">coluna lombar<\/a><\/strong>. Quando uma pessoa passa muitas horas sentada, seja no trabalho, no carro ou no sof\u00e1, esse m\u00fasculo se encurta e fica tenso. Ao se levantar, ele continua puxando a coluna para frente, criando uma curvatura exagerada na lombar que sobrecarrega os discos e as articula\u00e7\u00f5es da regi\u00e3o.<\/p>\n\n\n\n<p>Essa \u00e9 a raz\u00e3o pela qual muitas pessoas sentem a dor piorar justamente ao se levantar ap\u00f3s ficarem sentadas por muito tempo, ou logo ao acordar pela manh\u00e3. A coluna n\u00e3o est\u00e1 doente em si, mas sim sendo puxada por um m\u00fasculo que perdeu sua flexibilidade natural.<\/p>\n\n\n<div class=\"wp-block-image\">\n<figure class=\"aligncenter size-large\"><img decoding=\"async\" width=\"1024\" height=\"571\" src=\"https:\/\/www.tuasaude.com\/news\/wp-content\/uploads\/2026\/03\/creation_2592254775-1024x571.png\" alt=\"A dor nas costas que n\u00e3o passa come\u00e7a pelo quadril: um segredo simples que pode mudar completamente a forma como voc\u00ea se movimenta\" class=\"wp-image-9938\" srcset=\"https:\/\/www.tuasaude.com\/news\/wp-content\/uploads\/2026\/03\/creation_2592254775-1024x571.png 1024w, https:\/\/www.tuasaude.com\/news\/wp-content\/uploads\/2026\/03\/creation_2592254775-300x167.png 300w, https:\/\/www.tuasaude.com\/news\/wp-content\/uploads\/2026\/03\/creation_2592254775-768x428.png 768w, https:\/\/www.tuasaude.com\/news\/wp-content\/uploads\/2026\/03\/creation_2592254775-750x418.png 750w, https:\/\/www.tuasaude.com\/news\/wp-content\/uploads\/2026\/03\/creation_2592254775-1140x636.png 1140w, https:\/\/www.tuasaude.com\/news\/wp-content\/uploads\/2026\/03\/creation_2592254775.png 1280w\" sizes=\"(max-width: 1024px) 100vw, 1024px\" \/><figcaption class=\"wp-element-caption\">A dor nas costas que n\u00e3o passa come\u00e7a pelo quadril: um segredo simples que pode mudar completamente a forma como voc\u00ea se movimenta<\/figcaption><\/figure>\n<\/div>\n\n\n<h2 class=\"wp-block-heading\">Estudo publicado no European Spine Journal confirma a rela\u00e7\u00e3o entre o psoas e a dor lombar<\/h2>\n\n\n\n<p>A import\u00e2ncia do psoas para a sa\u00fade da coluna n\u00e3o \u00e9 apenas uma observa\u00e7\u00e3o cl\u00ednica, mas conta com comprova\u00e7\u00e3o cient\u00edfica. Segundo o estudo&nbsp;<a href=\"https:\/\/pubmed.ncbi.nlm.nih.gov\/38947493\/\" target=\"_blank\" rel=\"noreferrer noopener\"><strong>A import\u00e2ncia do m\u00fasculo psoas na dor lombar: um estudo unic\u00eantrico de resson\u00e2ncia magn\u00e9tica da coluna lombar<\/strong><\/a>, publicado no&nbsp;<strong>European Spine Journal<\/strong>&nbsp;em 2024, pacientes com menor \u00e1rea muscular do psoas apresentaram n\u00edveis de dor significativamente mais altos. A pesquisa demonstrou que o psoas \u00e9 essencial para a estabiliza\u00e7\u00e3o da coluna e que sua condi\u00e7\u00e3o est\u00e1 diretamente ligada \u00e0 intensidade dos sintomas em pessoas com dor lombar cr\u00f4nica.<\/p>\n\n\n\n<h2 class=\"wp-block-heading\">Um alongamento simples pode liberar a tens\u00e3o acumulada no quadril<\/h2>\n\n\n\n<p>A boa not\u00edcia \u00e9 que o encurtamento do psoas pode ser revertido com um alongamento espec\u00edfico que leva apenas dois a tr\u00eas minutos. Alguns dos movimentos mais recomendados por fisioterapeutas incluem:<\/p>\n\n\n<div class=\"wp-block-image\">\n<figure class=\"aligncenter size-large\"><img decoding=\"async\" width=\"1024\" height=\"222\" src=\"https:\/\/www.tuasaude.com\/news\/wp-content\/uploads\/2026\/03\/convertido-13-5-1024x222.jpg\" alt=\"\" class=\"wp-image-9912\" srcset=\"https:\/\/www.tuasaude.com\/news\/wp-content\/uploads\/2026\/03\/convertido-13-5-1024x222.jpg 1024w, https:\/\/www.tuasaude.com\/news\/wp-content\/uploads\/2026\/03\/convertido-13-5-300x65.jpg 300w, https:\/\/www.tuasaude.com\/news\/wp-content\/uploads\/2026\/03\/convertido-13-5-768x167.jpg 768w, https:\/\/www.tuasaude.com\/news\/wp-content\/uploads\/2026\/03\/convertido-13-5-750x163.jpg 750w, https:\/\/www.tuasaude.com\/news\/wp-content\/uploads\/2026\/03\/convertido-13-5-1140x248.jpg 1140w, https:\/\/www.tuasaude.com\/news\/wp-content\/uploads\/2026\/03\/convertido-13-5.jpg 1280w\" sizes=\"(max-width: 1024px) 100vw, 1024px\" \/><\/figure>\n<\/div>\n\n\n<h2 class=\"wp-block-heading\">Quando incluir esses movimentos na rotina para obter os melhores resultados<\/h2>\n\n\n\n<p>Os dois melhores momentos para alongar o psoas s\u00e3o logo ao acordar e antes de dormir. Pela manh\u00e3, o m\u00fasculo costuma estar mais r\u00edgido ap\u00f3s horas deitado, e o alongamento ajuda a restaurar a mobilidade para o dia. \u00c0 noite, a pr\u00e1tica libera a tens\u00e3o acumulada e prepara o corpo para um descanso com menos desconforto.<\/p>\n\n\n\n<p>Para quem trabalha sentado, uma pausa de um minuto a cada hora para se levantar e fazer um alongamento r\u00e1pido do quadril j\u00e1 pode fazer diferen\u00e7a significativa ao longo das semanas. <\/p>\n\n\n\n<h2 class=\"wp-block-heading\">Cuidar do quadril \u00e9 cuidar da coluna de forma inteligente<\/h2>\n\n\n\n<p>Entender que a dor nas costas pode ter origem no quadril muda completamente a forma de abordar o problema. Alongar e fortalecer o psoas \u00e9 uma das estrat\u00e9gias mais simples e eficazes para quem convive com dor lombar cr\u00f4nica, especialmente quando associada a longos per\u00edodos na posi\u00e7\u00e3o sentada.<\/p>\n\n\n\n<p><em>Este conte\u00fado \u00e9 apenas informativo e n\u00e3o substitui a avalia\u00e7\u00e3o, o diagn\u00f3stico ou o tratamento de um m\u00e9dico ou profissional de sa\u00fade. Se voc\u00ea sente dores nas costas persistentes ou limita\u00e7\u00f5es de movimento, procure orienta\u00e7\u00e3o de um ortopedista ou fisioterapeuta para investigar as causas e receber o acompanhamento adequado.<\/em><\/p>\n","protected":false},"excerpt":{"rendered":"<p>Milh\u00f5es de pessoas tratam a dor lombar focando exclusivamente na coluna, sem perceber que a verdadeira origem do problema pode estar no quadril. Existe um m\u00fasculo profundo chamado psoas que conecta a coluna lombar \u00e0 parte superior da coxa, e quando ele permanece encurtado por longas horas na posi\u00e7\u00e3o sentada, puxa a lombar para uma [&hellip;]<\/p>\n","protected":false},"author":9,"featured_media":9937,"comment_status":"open","ping_status":"open","sticky":false,"template":"","format":"standard","meta":{"_yoast_wpseo_focuskw":"dor lombar","_yoast_wpseo_title":"","_yoast_wpseo_metadesc":"O encurtamento do m\u00fasculo psoas pode causar dor lombar ao puxar a coluna, e alongamentos simples ajudam a aliviar o desconforto no dia a dia.","jnews-multi-image_gallery":[],"jnews_single_post":{"format":"standard"},"jnews_primary_category":[],"jnews_social_meta":[],"jnews_override_counter":[],"footnotes":""},"categories":[111],"tags":[2803,1476,2802,2804],"class_list":["post-9814","post","type-post","status-publish","format-standard","has-post-thumbnail","hentry","category-saude","tag-alongamento-psoas","tag-dor-lombar","tag-exercicios-para-dor-nas-costas","tag-psoas-encurtado-sintomas"],"yoast_head":"<!-- This site is optimized with the Yoast SEO plugin v26.7 - https:\/\/yoast.com\/wordpress\/plugins\/seo\/ -->\n<title>A dor nas costas que n\u00e3o passa come\u00e7a pelo quadril: um segredo simples que pode mudar completamente a forma como voc\u00ea se movimenta - Tua Sa\u00fade<\/title>\n<meta name=\"description\" content=\"O encurtamento do m\u00fasculo psoas pode causar dor lombar ao puxar a coluna, e alongamentos simples ajudam a aliviar o desconforto no dia a dia.\" \/>\n<meta name=\"robots\" content=\"index, follow, max-snippet:-1, max-image-preview:large, max-video-preview:-1\" \/>\n<link rel=\"canonical\" href=\"https:\/\/www.tuasaude.com\/news\/2026\/03\/17\/a-dor-nas-costas-que-nao-passa-comeca-pelo-quadril-um-segredo-simples-que-pode-mudar-completamente-a-forma-como-voce-se-movimenta\/\" \/>\n<meta property=\"og:locale\" content=\"pt_BR\" \/>\n<meta property=\"og:type\" content=\"article\" \/>\n<meta property=\"og:title\" content=\"A dor nas costas que n\u00e3o passa come\u00e7a pelo quadril: um segredo simples que pode mudar completamente a forma como voc\u00ea se movimenta - Tua Sa\u00fade\" \/>\n<meta property=\"og:description\" content=\"O encurtamento do m\u00fasculo psoas pode causar dor lombar ao puxar a coluna, e alongamentos simples ajudam a aliviar o desconforto no dia a dia.\" \/>\n<meta property=\"og:url\" content=\"https:\/\/www.tuasaude.com\/news\/2026\/03\/17\/a-dor-nas-costas-que-nao-passa-comeca-pelo-quadril-um-segredo-simples-que-pode-mudar-completamente-a-forma-como-voce-se-movimenta\/\" \/>\n<meta property=\"og:site_name\" content=\"Tua Sa\u00fade\" \/>\n<meta property=\"article:published_time\" content=\"2026-03-17T19:40:00+00:00\" \/>\n<meta property=\"og:image\" content=\"https:\/\/www.tuasaude.com\/news\/wp-content\/uploads\/2026\/03\/creation_2592254488.png\" \/>\n\t<meta property=\"og:image:width\" content=\"1280\" \/>\n\t<meta property=\"og:image:height\" content=\"714\" \/>\n\t<meta property=\"og:image:type\" content=\"image\/png\" \/>\n<meta name=\"author\" content=\"Roberta Patriota\" \/>\n<meta name=\"twitter:card\" content=\"summary_large_image\" \/>\n<meta name=\"twitter:label1\" content=\"Escrito por\" \/>\n\t<meta name=\"twitter:data1\" content=\"Roberta Patriota\" \/>\n\t<meta name=\"twitter:label2\" content=\"Est. tempo de leitura\" \/>\n\t<meta name=\"twitter:data2\" content=\"4 minutos\" \/>\n<!-- \/ Yoast SEO plugin. -->","yoast_head_json":{"title":"A dor nas costas que n\u00e3o passa come\u00e7a pelo quadril: um segredo simples que pode mudar completamente a forma como voc\u00ea se movimenta - Tua Sa\u00fade","description":"O encurtamento do m\u00fasculo psoas pode causar dor lombar ao puxar a coluna, e alongamentos simples ajudam a aliviar o desconforto no dia a dia.","robots":{"index":"index","follow":"follow","max-snippet":"max-snippet:-1","max-image-preview":"max-image-preview:large","max-video-preview":"max-video-preview:-1"},"canonical":"https:\/\/www.tuasaude.com\/news\/2026\/03\/17\/a-dor-nas-costas-que-nao-passa-comeca-pelo-quadril-um-segredo-simples-que-pode-mudar-completamente-a-forma-como-voce-se-movimenta\/","og_locale":"pt_BR","og_type":"article","og_title":"A dor nas costas que n\u00e3o passa come\u00e7a pelo quadril: um segredo simples que pode mudar completamente a forma como voc\u00ea se movimenta - Tua Sa\u00fade","og_description":"O encurtamento do m\u00fasculo psoas pode causar dor lombar ao puxar a coluna, e alongamentos simples ajudam a aliviar o desconforto no dia a dia.","og_url":"https:\/\/www.tuasaude.com\/news\/2026\/03\/17\/a-dor-nas-costas-que-nao-passa-comeca-pelo-quadril-um-segredo-simples-que-pode-mudar-completamente-a-forma-como-voce-se-movimenta\/","og_site_name":"Tua Sa\u00fade","article_published_time":"2026-03-17T19:40:00+00:00","og_image":[{"width":1280,"height":714,"url":"https:\/\/www.tuasaude.com\/news\/wp-content\/uploads\/2026\/03\/creation_2592254488.png","type":"image\/png"}],"author":"Roberta Patriota","twitter_card":"summary_large_image","twitter_misc":{"Escrito por":"Roberta Patriota","Est. tempo de leitura":"4 minutos"},"schema":{"@context":"https:\/\/schema.org","@graph":[{"@type":"Article","@id":"https:\/\/www.tuasaude.com\/news\/2026\/03\/17\/a-dor-nas-costas-que-nao-passa-comeca-pelo-quadril-um-segredo-simples-que-pode-mudar-completamente-a-forma-como-voce-se-movimenta\/#article","isPartOf":{"@id":"https:\/\/www.tuasaude.com\/news\/2026\/03\/17\/a-dor-nas-costas-que-nao-passa-comeca-pelo-quadril-um-segredo-simples-que-pode-mudar-completamente-a-forma-como-voce-se-movimenta\/"},"author":{"name":"Roberta Patriota","@id":"https:\/\/www.tuasaude.com\/news\/#\/schema\/person\/27adc41011393316b12ef997ca893e44"},"headline":"A dor nas costas que n\u00e3o passa come\u00e7a pelo quadril: um segredo simples que pode mudar completamente a forma como voc\u00ea se movimenta","datePublished":"2026-03-17T19:40:00+00:00","mainEntityOfPage":{"@id":"https:\/\/www.tuasaude.com\/news\/2026\/03\/17\/a-dor-nas-costas-que-nao-passa-comeca-pelo-quadril-um-segredo-simples-que-pode-mudar-completamente-a-forma-como-voce-se-movimenta\/"},"wordCount":690,"commentCount":0,"image":{"@id":"https:\/\/www.tuasaude.com\/news\/2026\/03\/17\/a-dor-nas-costas-que-nao-passa-comeca-pelo-quadril-um-segredo-simples-que-pode-mudar-completamente-a-forma-como-voce-se-movimenta\/#primaryimage"},"thumbnailUrl":"https:\/\/www.tuasaude.com\/news\/wp-content\/uploads\/2026\/03\/creation_2592254488.png","keywords":["alongamento psoas","dor lombar","exerc\u00edcios para dor nas costas","psoas encurtado sintomas"],"articleSection":["Sa\u00fade"],"inLanguage":"pt-BR","potentialAction":[{"@type":"CommentAction","name":"Comment","target":["https:\/\/www.tuasaude.com\/news\/2026\/03\/17\/a-dor-nas-costas-que-nao-passa-comeca-pelo-quadril-um-segredo-simples-que-pode-mudar-completamente-a-forma-como-voce-se-movimenta\/#respond"]}]},{"@type":"WebPage","@id":"https:\/\/www.tuasaude.com\/news\/2026\/03\/17\/a-dor-nas-costas-que-nao-passa-comeca-pelo-quadril-um-segredo-simples-que-pode-mudar-completamente-a-forma-como-voce-se-movimenta\/","url":"https:\/\/www.tuasaude.com\/news\/2026\/03\/17\/a-dor-nas-costas-que-nao-passa-comeca-pelo-quadril-um-segredo-simples-que-pode-mudar-completamente-a-forma-como-voce-se-movimenta\/","name":"A dor nas costas que n\u00e3o passa come\u00e7a pelo quadril: um segredo simples que pode mudar completamente a forma como voc\u00ea se movimenta - Tua Sa\u00fade","isPartOf":{"@id":"https:\/\/www.tuasaude.com\/news\/#website"},"primaryImageOfPage":{"@id":"https:\/\/www.tuasaude.com\/news\/2026\/03\/17\/a-dor-nas-costas-que-nao-passa-comeca-pelo-quadril-um-segredo-simples-que-pode-mudar-completamente-a-forma-como-voce-se-movimenta\/#primaryimage"},"image":{"@id":"https:\/\/www.tuasaude.com\/news\/2026\/03\/17\/a-dor-nas-costas-que-nao-passa-comeca-pelo-quadril-um-segredo-simples-que-pode-mudar-completamente-a-forma-como-voce-se-movimenta\/#primaryimage"},"thumbnailUrl":"https:\/\/www.tuasaude.com\/news\/wp-content\/uploads\/2026\/03\/creation_2592254488.png","datePublished":"2026-03-17T19:40:00+00:00","author":{"@id":"https:\/\/www.tuasaude.com\/news\/#\/schema\/person\/27adc41011393316b12ef997ca893e44"},"description":"O encurtamento do m\u00fasculo psoas pode causar dor lombar ao puxar a coluna, e alongamentos simples ajudam a aliviar o desconforto no dia a dia.","breadcrumb":{"@id":"https:\/\/www.tuasaude.com\/news\/2026\/03\/17\/a-dor-nas-costas-que-nao-passa-comeca-pelo-quadril-um-segredo-simples-que-pode-mudar-completamente-a-forma-como-voce-se-movimenta\/#breadcrumb"},"inLanguage":"pt-BR","potentialAction":[{"@type":"ReadAction","target":["https:\/\/www.tuasaude.com\/news\/2026\/03\/17\/a-dor-nas-costas-que-nao-passa-comeca-pelo-quadril-um-segredo-simples-que-pode-mudar-completamente-a-forma-como-voce-se-movimenta\/"]}]},{"@type":"ImageObject","inLanguage":"pt-BR","@id":"https:\/\/www.tuasaude.com\/news\/2026\/03\/17\/a-dor-nas-costas-que-nao-passa-comeca-pelo-quadril-um-segredo-simples-que-pode-mudar-completamente-a-forma-como-voce-se-movimenta\/#primaryimage","url":"https:\/\/www.tuasaude.com\/news\/wp-content\/uploads\/2026\/03\/creation_2592254488.png","contentUrl":"https:\/\/www.tuasaude.com\/news\/wp-content\/uploads\/2026\/03\/creation_2592254488.png","width":1280,"height":714,"caption":"Esse m\u00fasculo conecta o quadril \u00e0 coluna, e quando est\u00e1 tenso aumenta a curvatura da lombar."},{"@type":"BreadcrumbList","@id":"https:\/\/www.tuasaude.com\/news\/2026\/03\/17\/a-dor-nas-costas-que-nao-passa-comeca-pelo-quadril-um-segredo-simples-que-pode-mudar-completamente-a-forma-como-voce-se-movimenta\/#breadcrumb","itemListElement":[{"@type":"ListItem","position":1,"name":"In\u00edcio","item":"https:\/\/www.tuasaude.com\/news\/"},{"@type":"ListItem","position":2,"name":"A dor nas costas que n\u00e3o passa come\u00e7a pelo quadril: um segredo simples que pode mudar completamente a forma como voc\u00ea se movimenta"}]},{"@type":"WebSite","@id":"https:\/\/www.tuasaude.com\/news\/#website","url":"https:\/\/www.tuasaude.com\/news\/","name":"Tua Sa\u00fade","description":"Seu site de sa\u00fade","potentialAction":[{"@type":"SearchAction","target":{"@type":"EntryPoint","urlTemplate":"https:\/\/www.tuasaude.com\/news\/?s={search_term_string}"},"query-input":{"@type":"PropertyValueSpecification","valueRequired":true,"valueName":"search_term_string"}}],"inLanguage":"pt-BR"},{"@type":"Person","@id":"https:\/\/www.tuasaude.com\/news\/#\/schema\/person\/27adc41011393316b12ef997ca893e44","name":"Roberta Patriota","image":{"@type":"ImageObject","inLanguage":"pt-BR","@id":"https:\/\/www.tuasaude.com\/news\/#\/schema\/person\/image\/","url":"https:\/\/secure.gravatar.com\/avatar\/40fc934d21bfa38a60909bb2e5f2ec503dcd4d849aa772e107feb32efe75c210?s=96&d=mm&r=g","contentUrl":"https:\/\/secure.gravatar.com\/avatar\/40fc934d21bfa38a60909bb2e5f2ec503dcd4d849aa772e107feb32efe75c210?s=96&d=mm&r=g","caption":"Roberta Patriota"},"sameAs":["https:\/\/www.tuasaude.com\/news\/"],"url":"https:\/\/www.tuasaude.com\/news\/author\/roberta-patriota\/"}]}},"_links":{"self":[{"href":"https:\/\/www.tuasaude.com\/news\/wp-json\/wp\/v2\/posts\/9814","targetHints":{"allow":["GET"]}}],"collection":[{"href":"https:\/\/www.tuasaude.com\/news\/wp-json\/wp\/v2\/posts"}],"about":[{"href":"https:\/\/www.tuasaude.com\/news\/wp-json\/wp\/v2\/types\/post"}],"author":[{"embeddable":true,"href":"https:\/\/www.tuasaude.com\/news\/wp-json\/wp\/v2\/users\/9"}],"replies":[{"embeddable":true,"href":"https:\/\/www.tuasaude.com\/news\/wp-json\/wp\/v2\/comments?post=9814"}],"version-history":[{"count":5,"href":"https:\/\/www.tuasaude.com\/news\/wp-json\/wp\/v2\/posts\/9814\/revisions"}],"predecessor-version":[{"id":9984,"href":"https:\/\/www.tuasaude.com\/news\/wp-json\/wp\/v2\/posts\/9814\/revisions\/9984"}],"wp:featuredmedia":[{"embeddable":true,"href":"https:\/\/www.tuasaude.com\/news\/wp-json\/wp\/v2\/media\/9937"}],"wp:attachment":[{"href":"https:\/\/www.tuasaude.com\/news\/wp-json\/wp\/v2\/media?parent=9814"}],"wp:term":[{"taxonomy":"category","embeddable":true,"href":"https:\/\/www.tuasaude.com\/news\/wp-json\/wp\/v2\/categories?post=9814"},{"taxonomy":"post_tag","embeddable":true,"href":"https:\/\/www.tuasaude.com\/news\/wp-json\/wp\/v2\/tags?post=9814"}],"curies":[{"name":"wp","href":"https:\/\/api.w.org\/{rel}","templated":true}]}}