{"id":9767,"date":"2026-03-17T13:45:00","date_gmt":"2026-03-17T16:45:00","guid":{"rendered":"https:\/\/www.tuasaude.com\/news\/?p=9767"},"modified":"2026-03-17T00:55:50","modified_gmt":"2026-03-17T03:55:50","slug":"pernas-inquietas-na-hora-de-dormir-veja-o-que-causa-isso-e-como-tratar-o-problema","status":"publish","type":"post","link":"https:\/\/www.tuasaude.com\/news\/2026\/03\/17\/pernas-inquietas-na-hora-de-dormir-veja-o-que-causa-isso-e-como-tratar-o-problema\/","title":{"rendered":"Pernas inquietas na hora de dormir: veja o que causa isso e como tratar o problema"},"content":{"rendered":"\n<p>Sentir uma necessidade intensa e quase incontrol\u00e1vel de movimentar as pernas justamente na hora de dormir \u00e9 mais do que um simples desconforto. Essa sensa\u00e7\u00e3o, que muitas pessoas confundem com c\u00e2imbras ou cansa\u00e7o, pode ser um sinal da s\u00edndrome das pernas inquietas, um dist\u00farbio que afeta a qualidade do sono e o bem-estar no dia seguinte. Entender suas causas e saber quando procurar ajuda faz toda a diferen\u00e7a para voltar a ter noites tranquilas.<\/p>\n\n\n\n<h2 class=\"wp-block-heading\">O que provoca a sensa\u00e7\u00e3o de pernas inquietas \u00e0 noite?<\/h2>\n\n\n\n<p>A s\u00edndrome das pernas inquietas \u00e9 uma condi\u00e7\u00e3o ligada ao funcionamento do sistema nervoso. Os sintomas costumam aparecer ou se intensificar nos momentos de repouso, especialmente ao deitar para dormir. A pessoa sente formigamento, coceira, queima\u00e7\u00e3o ou uma sensa\u00e7\u00e3o dif\u00edcil de descrever nas pernas, que s\u00f3 melhora ao se levantar e caminhar.<\/p>\n\n\n\n<p>Embora as causas exatas ainda n\u00e3o sejam completamente conhecidas, a ci\u00eancia aponta que altera\u00e7\u00f5es na forma como o c\u00e9rebro utiliza uma subst\u00e2ncia chamada dopamina e a falta de ferro no organismo est\u00e3o entre os principais fatores envolvidos. Para conhecer todas as causas e os tratamentos dispon\u00edveis, o <a href=\"https:\/\/www.tuasaude.com\/sindrome-das-pernas-inquietas\/\" target=\"_blank\" rel=\"noreferrer noopener\">Tua Sa\u00fade detalha a s\u00edndrome das pernas inquietas<\/a> com revis\u00e3o de profissionais de sa\u00fade.<\/p>\n\n\n<div class=\"wp-block-image\">\n<figure class=\"aligncenter size-large\"><img decoding=\"async\" width=\"1024\" height=\"571\" src=\"https:\/\/www.tuasaude.com\/news\/wp-content\/uploads\/2026\/03\/creation_2592287453-1024x571.png\" alt=\"Pernas inquietas na hora de dormir: veja o que causa isso e como tratar o problema\" class=\"wp-image-9956\" srcset=\"https:\/\/www.tuasaude.com\/news\/wp-content\/uploads\/2026\/03\/creation_2592287453-1024x571.png 1024w, https:\/\/www.tuasaude.com\/news\/wp-content\/uploads\/2026\/03\/creation_2592287453-300x167.png 300w, https:\/\/www.tuasaude.com\/news\/wp-content\/uploads\/2026\/03\/creation_2592287453-768x428.png 768w, https:\/\/www.tuasaude.com\/news\/wp-content\/uploads\/2026\/03\/creation_2592287453-750x418.png 750w, https:\/\/www.tuasaude.com\/news\/wp-content\/uploads\/2026\/03\/creation_2592287453-1140x636.png 1140w, https:\/\/www.tuasaude.com\/news\/wp-content\/uploads\/2026\/03\/creation_2592287453.png 1280w\" sizes=\"(max-width: 1024px) 100vw, 1024px\" \/><figcaption class=\"wp-element-caption\">Pernas inquietas na hora de dormir: veja o que causa isso e como tratar o problema<\/figcaption><\/figure>\n<\/div>\n\n\n<h2 class=\"wp-block-heading\">Principais fatores que aumentam o risco do problema<\/h2>\n\n\n\n<p>Nem todas as pessoas desenvolvem a s\u00edndrome das pernas inquietas, mas alguns fatores tornam o problema mais prov\u00e1vel. Conhecer esses fatores ajuda a identificar poss\u00edveis causas e facilita a conversa com o m\u00e9dico:<\/p>\n\n\n\n<div style=\"display: flex; flex-wrap: wrap; gap: 20px; justify-content: center; font-family: 'Segoe UI', Roboto, Helvetica, sans-serif; padding: 40px; background-color: #f1f5f9;\">\n\n  <div style=\"flex: 1; min-width: 250px; max-width: 280px; background: #ffffff; border: 1px solid #e2e8f0; padding: 25px; border-radius: 20px; box-shadow: 0 10px 25px rgba(0,0,0,0.05); text-align: center;\">\n\n    <div style=\"font-size: 32px; margin-bottom: 15px;\">\ud83e\ude78<\/div>\n\n    <h3 style=\"color: #334155; font-size: 1.1em; margin-bottom: 12px; letter-spacing: 1px;\">FERRO<\/h3>\n\n    <p style=\"color: #475569; font-size: 0.95em; line-height: 1.6; margin: 0;\">\n      A <strong>defici\u00eancia de ferro<\/strong>, mesmo sem anemia, pode alterar o funcionamento dos nervos e favorecer os sintomas.\n    <\/p>\n\n  <\/div>\n\n  <div style=\"flex: 1; min-width: 250px; max-width: 280px; background: #ffffff; border: 1px solid #e2e8f0; padding: 25px; border-radius: 20px; box-shadow: 0 10px 25px rgba(0,0,0,0.05); text-align: center;\">\n\n    <div style=\"font-size: 32px; margin-bottom: 15px;\">\ud83e\udd30<\/div>\n\n    <h3 style=\"color: #334155; font-size: 1.1em; margin-bottom: 12px; letter-spacing: 1px;\">GRAVIDEZ<\/h3>\n\n    <p style=\"color: #475569; font-size: 0.95em; line-height: 1.6; margin: 0;\">\n      Durante a <strong>gravidez<\/strong>, principalmente no \u00faltimo trimestre, altera\u00e7\u00f5es hormonais e maior necessidade de ferro intensificam os sintomas.\n    <\/p>\n\n  <\/div>\n\n  <div style=\"flex: 1; min-width: 250px; max-width: 280px; background: #ffffff; border: 1px solid #e2e8f0; padding: 25px; border-radius: 20px; box-shadow: 0 10px 25px rgba(0,0,0,0.05); text-align: center;\">\n\n    <div style=\"font-size: 32px; margin-bottom: 15px;\">\ud83e\uddec<\/div>\n\n    <h3 style=\"color: #334155; font-size: 1.1em; margin-bottom: 12px; letter-spacing: 1px;\">DOEN\u00c7A RENAL<\/h3>\n\n    <p style=\"color: #475569; font-size: 0.95em; line-height: 1.6; margin: 0;\">\n      A <strong>doen\u00e7a renal cr\u00f4nica<\/strong> pode alterar o equil\u00edbrio de minerais no corpo e afetar o sistema nervoso.\n    <\/p>\n\n  <\/div>\n\n  <div style=\"flex: 1; min-width: 250px; max-width: 280px; background: #ffffff; border: 1px solid #e2e8f0; padding: 25px; border-radius: 20px; box-shadow: 0 10px 25px rgba(0,0,0,0.05); text-align: center;\">\n\n    <div style=\"font-size: 32px; margin-bottom: 15px;\">\ud83d\udc8a<\/div>\n\n    <h3 style=\"color: #334155; font-size: 1.1em; margin-bottom: 12px; letter-spacing: 1px;\">MEDICAMENTOS<\/h3>\n\n    <p style=\"color: #475569; font-size: 0.95em; line-height: 1.6; margin: 0;\">\n      Alguns <strong>antidepressivos e rem\u00e9dios para alergia<\/strong> podem desencadear ou piorar os sintomas da s\u00edndrome.\n    <\/p>\n\n  <\/div>\n\n  <div style=\"flex: 1; min-width: 250px; max-width: 280px; background: #ffffff; border: 1px solid #e2e8f0; padding: 25px; border-radius: 20px; box-shadow: 0 10px 25px rgba(0,0,0,0.05); text-align: center;\">\n\n    <div style=\"font-size: 32px; margin-bottom: 15px;\">\ud83d\udc68\u200d\ud83d\udc69\u200d\ud83d\udc67<\/div>\n\n    <h3 style=\"color: #334155; font-size: 1.1em; margin-bottom: 12px; letter-spacing: 1px;\">GEN\u00c9TICA<\/h3>\n\n    <p style=\"color: #475569; font-size: 0.95em; line-height: 1.6; margin: 0;\">\n      O <strong>hist\u00f3rico familiar<\/strong> aumenta o risco, j\u00e1 que a s\u00edndrome das pernas inquietas possui um componente gen\u00e9tico importante.\n    <\/p>\n\n  <\/div>\n\n<\/div>\n\n\n\n<h2 class=\"wp-block-heading\">Revis\u00e3o abrangente publicada no PMC confirma a rela\u00e7\u00e3o entre ferro e dopamina na s\u00edndrome<\/h2>\n\n\n\n<p>A liga\u00e7\u00e3o entre a falta de ferro no c\u00e9rebro e os sintomas da s\u00edndrome das pernas inquietas \u00e9 respaldada por evid\u00eancias cient\u00edficas s\u00f3lidas. Segundo a revis\u00e3o abrangente <em><a href=\"https:\/\/pmc.ncbi.nlm.nih.gov\/articles\/PMC12296998\/\" target=\"_blank\" rel=\"noreferrer noopener\">&#8220;Unraveling Restless Legs Syndrome: A Comprehensive Review of Current Research and Future Directions&#8221;<\/a><\/em>, publicada no <em>PMC<\/em> e indexada no PubMed, a defici\u00eancia de ferro no c\u00e9rebro leva a altera\u00e7\u00f5es na sinaliza\u00e7\u00e3o da dopamina, o que contribui diretamente para os sintomas de desconforto e a necessidade de movimentar as pernas. A revis\u00e3o, conduzida por <a href=\"https:\/\/pmc.ncbi.nlm.nih.gov\/articles\/PMC12296998\/\" target=\"_blank\" rel=\"noreferrer noopener\">pesquisadores que analisaram d\u00e9cadas de estudos cl\u00ednicos e experimentais<\/a>, destaca que a reposi\u00e7\u00e3o de ferro \u00e9 eficaz no al\u00edvio dos sintomas em pacientes com estoques baixos desse mineral e que fatores gen\u00e9ticos podem influenciar a vulnerabilidade individual \u00e0 defici\u00eancia de ferro cerebral.<\/p>\n\n\n\n<h2 class=\"wp-block-heading\">Medidas que ajudam a aliviar o desconforto antes de dormir<\/h2>\n\n\n\n<p>Al\u00e9m do tratamento m\u00e9dico, algumas mudan\u00e7as na rotina podem reduzir a frequ\u00eancia e a intensidade dos epis\u00f3dios. Veja as mais recomendadas:<\/p>\n\n\n\n<ul class=\"wp-block-list\">\n<li><strong>Evite cafe\u00edna, \u00e1lcool e cigarro<\/strong>, especialmente \u00e0 noite, pois essas subst\u00e2ncias podem estimular o sistema nervoso e agravar os sintomas.<\/li>\n\n\n\n<li><strong>Mantenha uma rotina regular de sono<\/strong>, deitando e acordando em hor\u00e1rios semelhantes todos os dias.<\/li>\n\n\n\n<li><strong>Fa\u00e7a exerc\u00edcios f\u00edsicos moderados<\/strong>, como caminhadas ou alongamentos, preferencialmente durante o dia, evitando atividades intensas perto da hora de dormir.<\/li>\n\n\n\n<li><strong>Aplique compressas mornas ou massageie as pernas<\/strong> antes de deitar, pois isso pode relaxar a musculatura e reduzir o desconforto.<\/li>\n\n\n\n<li><strong>Verifique seus n\u00edveis de ferro<\/strong> com exames de sangue, especialmente se o desconforto for frequente, pois a suplementa\u00e7\u00e3o orientada pode trazer al\u00edvio significativo.<\/li>\n<\/ul>\n\n\n\n<h2 class=\"wp-block-heading\">Quando o desconforto nas pernas exige avalia\u00e7\u00e3o m\u00e9dica?<\/h2>\n\n\n\n<p>Se a <a href=\"https:\/\/www.tuasaude.com\/sindrome-das-pernas-inquietas\/\" target=\"_blank\" rel=\"noreferrer noopener\">sensa\u00e7\u00e3o de pernas inquietas<\/a> acontecer mais de duas vezes por semana, prejudicar o sono de forma constante ou vier acompanhada de cansa\u00e7o intenso durante o dia, \u00e9 importante procurar um m\u00e9dico. O cl\u00ednico geral ou um especialista em sono pode solicitar exames de sangue para verificar os n\u00edveis de ferro e descartar outras condi\u00e7\u00f5es. Dependendo do caso, o tratamento pode incluir reposi\u00e7\u00e3o de ferro, ajuste de medicamentos ou o uso de rem\u00e9dios espec\u00edficos para controlar os sintomas e devolver a tranquilidade na hora de dormir.<\/p>\n\n\n\n<p><em>Este conte\u00fado \u00e9 meramente informativo e n\u00e3o substitui, em nenhuma hip\u00f3tese, a consulta, o diagn\u00f3stico ou o tratamento de um profissional de sa\u00fade. Se voc\u00ea apresenta desconforto frequente nas pernas ao se deitar, procure um m\u00e9dico para avalia\u00e7\u00e3o adequada.<\/em><\/p>\n","protected":false},"excerpt":{"rendered":"<p>Sentir uma necessidade intensa e quase incontrol\u00e1vel de movimentar as pernas justamente na hora de dormir \u00e9 mais do que um simples desconforto. Essa sensa\u00e7\u00e3o, que muitas pessoas confundem com c\u00e2imbras ou cansa\u00e7o, pode ser um sinal da s\u00edndrome das pernas inquietas, um dist\u00farbio que afeta a qualidade do sono e o bem-estar no dia [&hellip;]<\/p>\n","protected":false},"author":11,"featured_media":9955,"comment_status":"open","ping_status":"open","sticky":false,"template":"","format":"standard","meta":{"_yoast_wpseo_focuskw":"pernas inquietas","_yoast_wpseo_title":"","_yoast_wpseo_metadesc":"Pernas inquietas \u00e0 noite podem causar formigamento e vontade de se mexer ao dormir. Entenda as causas e quando precisa de avalia\u00e7\u00e3o m\u00e9dica.","jnews-multi-image_gallery":[],"jnews_single_post":{"format":"standard"},"jnews_primary_category":[],"jnews_social_meta":[],"jnews_override_counter":[],"footnotes":""},"categories":[111],"tags":[2769,136,1086,116],"class_list":["post-9767","post","type-post","status-publish","format-standard","has-post-thumbnail","hentry","category-saude","tag-pernas-inquietas","tag-saude","tag-saude-do-sono","tag-sono"],"yoast_head":"<!-- This site is optimized with the Yoast SEO plugin v26.7 - https:\/\/yoast.com\/wordpress\/plugins\/seo\/ -->\n<title>Pernas inquietas na hora de dormir: veja o que causa isso e como tratar o problema - Tua Sa\u00fade<\/title>\n<meta name=\"description\" content=\"Pernas inquietas \u00e0 noite podem causar formigamento e vontade de se mexer ao dormir. Entenda as causas e quando precisa de avalia\u00e7\u00e3o m\u00e9dica.\" \/>\n<meta name=\"robots\" content=\"index, follow, max-snippet:-1, max-image-preview:large, max-video-preview:-1\" \/>\n<link rel=\"canonical\" href=\"https:\/\/www.tuasaude.com\/news\/2026\/03\/17\/pernas-inquietas-na-hora-de-dormir-veja-o-que-causa-isso-e-como-tratar-o-problema\/\" \/>\n<meta property=\"og:locale\" content=\"pt_BR\" \/>\n<meta property=\"og:type\" content=\"article\" \/>\n<meta property=\"og:title\" content=\"Pernas inquietas na hora de dormir: veja o que causa isso e como tratar o problema - Tua Sa\u00fade\" \/>\n<meta property=\"og:description\" content=\"Pernas inquietas \u00e0 noite podem causar formigamento e vontade de se mexer ao dormir. Entenda as causas e quando precisa de avalia\u00e7\u00e3o m\u00e9dica.\" \/>\n<meta property=\"og:url\" content=\"https:\/\/www.tuasaude.com\/news\/2026\/03\/17\/pernas-inquietas-na-hora-de-dormir-veja-o-que-causa-isso-e-como-tratar-o-problema\/\" \/>\n<meta property=\"og:site_name\" content=\"Tua Sa\u00fade\" \/>\n<meta property=\"article:published_time\" content=\"2026-03-17T16:45:00+00:00\" \/>\n<meta property=\"og:image\" content=\"https:\/\/www.tuasaude.com\/news\/wp-content\/uploads\/2026\/03\/creation_2592287131.png\" \/>\n\t<meta property=\"og:image:width\" content=\"1280\" \/>\n\t<meta property=\"og:image:height\" content=\"714\" \/>\n\t<meta property=\"og:image:type\" content=\"image\/png\" \/>\n<meta name=\"author\" content=\"Gessika Julia Carvalho\" \/>\n<meta name=\"twitter:card\" content=\"summary_large_image\" \/>\n<meta name=\"twitter:label1\" content=\"Escrito por\" \/>\n\t<meta name=\"twitter:data1\" content=\"Gessika Julia Carvalho\" \/>\n\t<meta name=\"twitter:label2\" content=\"Est. tempo de leitura\" \/>\n\t<meta name=\"twitter:data2\" content=\"5 minutos\" \/>\n<!-- \/ Yoast SEO plugin. -->","yoast_head_json":{"title":"Pernas inquietas na hora de dormir: veja o que causa isso e como tratar o problema - Tua Sa\u00fade","description":"Pernas inquietas \u00e0 noite podem causar formigamento e vontade de se mexer ao dormir. Entenda as causas e quando precisa de avalia\u00e7\u00e3o m\u00e9dica.","robots":{"index":"index","follow":"follow","max-snippet":"max-snippet:-1","max-image-preview":"max-image-preview:large","max-video-preview":"max-video-preview:-1"},"canonical":"https:\/\/www.tuasaude.com\/news\/2026\/03\/17\/pernas-inquietas-na-hora-de-dormir-veja-o-que-causa-isso-e-como-tratar-o-problema\/","og_locale":"pt_BR","og_type":"article","og_title":"Pernas inquietas na hora de dormir: veja o que causa isso e como tratar o problema - Tua Sa\u00fade","og_description":"Pernas inquietas \u00e0 noite podem causar formigamento e vontade de se mexer ao dormir. Entenda as causas e quando precisa de avalia\u00e7\u00e3o m\u00e9dica.","og_url":"https:\/\/www.tuasaude.com\/news\/2026\/03\/17\/pernas-inquietas-na-hora-de-dormir-veja-o-que-causa-isso-e-como-tratar-o-problema\/","og_site_name":"Tua Sa\u00fade","article_published_time":"2026-03-17T16:45:00+00:00","og_image":[{"width":1280,"height":714,"url":"https:\/\/www.tuasaude.com\/news\/wp-content\/uploads\/2026\/03\/creation_2592287131.png","type":"image\/png"}],"author":"Gessika Julia Carvalho","twitter_card":"summary_large_image","twitter_misc":{"Escrito por":"Gessika Julia Carvalho","Est. tempo de leitura":"5 minutos"},"schema":{"@context":"https:\/\/schema.org","@graph":[{"@type":"Article","@id":"https:\/\/www.tuasaude.com\/news\/2026\/03\/17\/pernas-inquietas-na-hora-de-dormir-veja-o-que-causa-isso-e-como-tratar-o-problema\/#article","isPartOf":{"@id":"https:\/\/www.tuasaude.com\/news\/2026\/03\/17\/pernas-inquietas-na-hora-de-dormir-veja-o-que-causa-isso-e-como-tratar-o-problema\/"},"author":{"name":"Gessika Julia Carvalho","@id":"https:\/\/www.tuasaude.com\/news\/#\/schema\/person\/2e9df841be69ec84f5d20ddb8d273ac2"},"headline":"Pernas inquietas na hora de dormir: veja o que causa isso e como tratar o problema","datePublished":"2026-03-17T16:45:00+00:00","mainEntityOfPage":{"@id":"https:\/\/www.tuasaude.com\/news\/2026\/03\/17\/pernas-inquietas-na-hora-de-dormir-veja-o-que-causa-isso-e-como-tratar-o-problema\/"},"wordCount":842,"commentCount":0,"image":{"@id":"https:\/\/www.tuasaude.com\/news\/2026\/03\/17\/pernas-inquietas-na-hora-de-dormir-veja-o-que-causa-isso-e-como-tratar-o-problema\/#primaryimage"},"thumbnailUrl":"https:\/\/www.tuasaude.com\/news\/wp-content\/uploads\/2026\/03\/creation_2592287131.png","keywords":["Pernas inquietas","sa\u00fade","sa\u00fade do sono","sono"],"articleSection":["Sa\u00fade"],"inLanguage":"pt-BR","potentialAction":[{"@type":"CommentAction","name":"Comment","target":["https:\/\/www.tuasaude.com\/news\/2026\/03\/17\/pernas-inquietas-na-hora-de-dormir-veja-o-que-causa-isso-e-como-tratar-o-problema\/#respond"]}]},{"@type":"WebPage","@id":"https:\/\/www.tuasaude.com\/news\/2026\/03\/17\/pernas-inquietas-na-hora-de-dormir-veja-o-que-causa-isso-e-como-tratar-o-problema\/","url":"https:\/\/www.tuasaude.com\/news\/2026\/03\/17\/pernas-inquietas-na-hora-de-dormir-veja-o-que-causa-isso-e-como-tratar-o-problema\/","name":"Pernas inquietas na hora de dormir: veja o que causa isso e como tratar o problema - Tua Sa\u00fade","isPartOf":{"@id":"https:\/\/www.tuasaude.com\/news\/#website"},"primaryImageOfPage":{"@id":"https:\/\/www.tuasaude.com\/news\/2026\/03\/17\/pernas-inquietas-na-hora-de-dormir-veja-o-que-causa-isso-e-como-tratar-o-problema\/#primaryimage"},"image":{"@id":"https:\/\/www.tuasaude.com\/news\/2026\/03\/17\/pernas-inquietas-na-hora-de-dormir-veja-o-que-causa-isso-e-como-tratar-o-problema\/#primaryimage"},"thumbnailUrl":"https:\/\/www.tuasaude.com\/news\/wp-content\/uploads\/2026\/03\/creation_2592287131.png","datePublished":"2026-03-17T16:45:00+00:00","author":{"@id":"https:\/\/www.tuasaude.com\/news\/#\/schema\/person\/2e9df841be69ec84f5d20ddb8d273ac2"},"description":"Pernas inquietas \u00e0 noite podem causar formigamento e vontade de se mexer ao dormir. Entenda as causas e quando precisa de avalia\u00e7\u00e3o m\u00e9dica.","breadcrumb":{"@id":"https:\/\/www.tuasaude.com\/news\/2026\/03\/17\/pernas-inquietas-na-hora-de-dormir-veja-o-que-causa-isso-e-como-tratar-o-problema\/#breadcrumb"},"inLanguage":"pt-BR","potentialAction":[{"@type":"ReadAction","target":["https:\/\/www.tuasaude.com\/news\/2026\/03\/17\/pernas-inquietas-na-hora-de-dormir-veja-o-que-causa-isso-e-como-tratar-o-problema\/"]}]},{"@type":"ImageObject","inLanguage":"pt-BR","@id":"https:\/\/www.tuasaude.com\/news\/2026\/03\/17\/pernas-inquietas-na-hora-de-dormir-veja-o-que-causa-isso-e-como-tratar-o-problema\/#primaryimage","url":"https:\/\/www.tuasaude.com\/news\/wp-content\/uploads\/2026\/03\/creation_2592287131.png","contentUrl":"https:\/\/www.tuasaude.com\/news\/wp-content\/uploads\/2026\/03\/creation_2592287131.png","width":1280,"height":714,"caption":"Se os sintomas forem frequentes e atrapalharem o descanso, \u00e9 importante procurar avalia\u00e7\u00e3o m\u00e9dica."},{"@type":"BreadcrumbList","@id":"https:\/\/www.tuasaude.com\/news\/2026\/03\/17\/pernas-inquietas-na-hora-de-dormir-veja-o-que-causa-isso-e-como-tratar-o-problema\/#breadcrumb","itemListElement":[{"@type":"ListItem","position":1,"name":"In\u00edcio","item":"https:\/\/www.tuasaude.com\/news\/"},{"@type":"ListItem","position":2,"name":"Pernas inquietas na hora de dormir: veja o que causa isso e como tratar o problema"}]},{"@type":"WebSite","@id":"https:\/\/www.tuasaude.com\/news\/#website","url":"https:\/\/www.tuasaude.com\/news\/","name":"Tua Sa\u00fade","description":"Seu site de sa\u00fade","potentialAction":[{"@type":"SearchAction","target":{"@type":"EntryPoint","urlTemplate":"https:\/\/www.tuasaude.com\/news\/?s={search_term_string}"},"query-input":{"@type":"PropertyValueSpecification","valueRequired":true,"valueName":"search_term_string"}}],"inLanguage":"pt-BR"},{"@type":"Person","@id":"https:\/\/www.tuasaude.com\/news\/#\/schema\/person\/2e9df841be69ec84f5d20ddb8d273ac2","name":"Gessika Julia Carvalho","image":{"@type":"ImageObject","inLanguage":"pt-BR","@id":"https:\/\/www.tuasaude.com\/news\/#\/schema\/person\/image\/","url":"https:\/\/secure.gravatar.com\/avatar\/0fcc8769024577fd0bc6a8b766055690f76a8e8f29dfb2a2f89cf04db8d0f2d2?s=96&d=mm&r=g","contentUrl":"https:\/\/secure.gravatar.com\/avatar\/0fcc8769024577fd0bc6a8b766055690f76a8e8f29dfb2a2f89cf04db8d0f2d2?s=96&d=mm&r=g","caption":"Gessika Julia Carvalho"},"sameAs":["https:\/\/www.tuasaude.com\/news\/"],"url":"https:\/\/www.tuasaude.com\/news\/author\/gessika-julia\/"}]}},"_links":{"self":[{"href":"https:\/\/www.tuasaude.com\/news\/wp-json\/wp\/v2\/posts\/9767","targetHints":{"allow":["GET"]}}],"collection":[{"href":"https:\/\/www.tuasaude.com\/news\/wp-json\/wp\/v2\/posts"}],"about":[{"href":"https:\/\/www.tuasaude.com\/news\/wp-json\/wp\/v2\/types\/post"}],"author":[{"embeddable":true,"href":"https:\/\/www.tuasaude.com\/news\/wp-json\/wp\/v2\/users\/11"}],"replies":[{"embeddable":true,"href":"https:\/\/www.tuasaude.com\/news\/wp-json\/wp\/v2\/comments?post=9767"}],"version-history":[{"count":2,"href":"https:\/\/www.tuasaude.com\/news\/wp-json\/wp\/v2\/posts\/9767\/revisions"}],"predecessor-version":[{"id":9993,"href":"https:\/\/www.tuasaude.com\/news\/wp-json\/wp\/v2\/posts\/9767\/revisions\/9993"}],"wp:featuredmedia":[{"embeddable":true,"href":"https:\/\/www.tuasaude.com\/news\/wp-json\/wp\/v2\/media\/9955"}],"wp:attachment":[{"href":"https:\/\/www.tuasaude.com\/news\/wp-json\/wp\/v2\/media?parent=9767"}],"wp:term":[{"taxonomy":"category","embeddable":true,"href":"https:\/\/www.tuasaude.com\/news\/wp-json\/wp\/v2\/categories?post=9767"},{"taxonomy":"post_tag","embeddable":true,"href":"https:\/\/www.tuasaude.com\/news\/wp-json\/wp\/v2\/tags?post=9767"}],"curies":[{"name":"wp","href":"https:\/\/api.w.org\/{rel}","templated":true}]}}