{"id":974,"date":"2026-01-19T17:18:00","date_gmt":"2026-01-19T20:18:00","guid":{"rendered":"https:\/\/www.tuasaude.com\/news\/?p=974"},"modified":"2026-01-20T12:11:31","modified_gmt":"2026-01-20T15:11:31","slug":"pintar-o-cabelo-menstruada-faz-mal-entenda-o-que-e-mito-e-verdade","status":"publish","type":"post","link":"https:\/\/www.tuasaude.com\/news\/2026\/01\/19\/pintar-o-cabelo-menstruada-faz-mal-entenda-o-que-e-mito-e-verdade\/","title":{"rendered":"Pintar o cabelo menstruada faz mal? Entenda o que \u00e9 mito e verdade"},"content":{"rendered":"\n<p>Pintar o cabelo <strong><a href=\"https:\/\/www.tuasaude.com\/alteracoes-comuns-da-menstruacao\/\" target=\"_blank\" rel=\"noreferrer noopener\">menstruada<\/a><\/strong> \u00e9 um h\u00e1bito seguro e n\u00e3o existem evid\u00eancias cient\u00edficas que comprovem riscos \u00e0 sa\u00fade ou altera\u00e7\u00f5es no resultado da cor devido ao ciclo. A cren\u00e7a de que a tintura n\u00e3o &#8220;pega&#8221; ou que faz mal \u00e0 sa\u00fade nesse per\u00edodo \u00e9 um mito popular sem fundamenta\u00e7\u00e3o biol\u00f3gica. Embora o corpo passe por flutua\u00e7\u00f5es hormonais, essas mudan\u00e7as n\u00e3o interferem na estrutura da fibra capilar a ponto de impedir a fixa\u00e7\u00e3o dos pigmentos, permitindo que a mulher mantenha sua rotina de beleza normalmente.<\/p>\n\n\n\n<h2 class=\"wp-block-heading\">O ciclo menstrual altera a fixa\u00e7\u00e3o da tinta?<\/h2>\n\n\n\n<p>N\u00e3o h\u00e1 qualquer interfer\u00eancia direta entre os horm\u00f4nios da menstrua\u00e7\u00e3o e a capacidade do c\u00f3rtex capilar de absorver os <strong><a href=\"https:\/\/www.tuasaude.com\/tinta-natural-para-o-cabelo\/\" target=\"_blank\" rel=\"noreferrer noopener\">pigmentos da colora\u00e7\u00e3o<\/a><\/strong>. A fixa\u00e7\u00e3o da cor depende da qualidade do produto e da porosidade do fio, fatores que permanecem est\u00e1veis independentemente do dia do m\u00eas.<\/p>\n\n\n\n<p>De acordo com estudos sobre a fisiologia do fol\u00edculo piloso, a queratina do cabelo \u00e9 uma estrutura morta ap\u00f3s sair do couro cabeludo, n\u00e3o respondendo \u00e0s varia\u00e7\u00f5es de estrog\u00eanio ou progesterona. Portanto, o resultado est\u00e9tico do procedimento ser\u00e1 exatamente o mesmo que em qualquer outra fase do ciclo.<\/p>\n\n\n\n<h2 class=\"wp-block-heading\">Por que algumas pessoas sentem desconforto no sal\u00e3o?<\/h2>\n\n\n\n<p>Durante a menstrua\u00e7\u00e3o, o corpo produz maiores n\u00edveis de prostaglandinas, subst\u00e2ncias que podem aumentar a sensibilidade \u00e0 dor e tornar o couro cabeludo mais reativo. Esse fator pode fazer com que o contato com produtos qu\u00edmicos pare\u00e7a mais inc\u00f4modo ou cause ard\u00eancia leve em algumas mulheres.<\/p>\n\n\n\n<ul class=\"wp-block-list\">\n<li><strong>Sensibilidade cut\u00e2nea:<\/strong> O couro cabeludo pode estar mais irritadi\u00e7o devido \u00e0 reten\u00e7\u00e3o de l\u00edquidos e sensibilidade nervosa.<\/li>\n\n\n\n<li><strong>Olfato agu\u00e7ado:<\/strong> Altera\u00e7\u00f5es hormonais podem tornar o cheiro da am\u00f4nia e de outros reagentes mais forte e enjoativo.<\/li>\n\n\n\n<li><strong>Cansa\u00e7o f\u00edsico:<\/strong> Ficar sentada por longas horas na mesma posi\u00e7\u00e3o pode aumentar o desconforto lombar t\u00edpico do per\u00edodo.<\/li>\n\n\n\n<li><strong>Temperatura corporal:<\/strong> Pequenas varia\u00e7\u00f5es t\u00e9rmicas podem fazer com que a cliente sinta mais frio ou calor durante a aplica\u00e7\u00e3o.<\/li>\n<\/ul>\n\n\n<div class=\"wp-block-image\">\n<figure class=\"aligncenter size-large\"><img decoding=\"async\" width=\"1024\" height=\"585\" src=\"https:\/\/www.tuasaude.com\/news\/wp-content\/uploads\/2026\/01\/freepik__35mm-film-photography-closeup-realista-de-couro-ca__2959-1024x585.jpeg\" alt=\"Pintar o cabelo menstruada faz mal? Entenda o que \u00e9 mito e verdade\" class=\"wp-image-984\" srcset=\"https:\/\/www.tuasaude.com\/news\/wp-content\/uploads\/2026\/01\/freepik__35mm-film-photography-closeup-realista-de-couro-ca__2959-1024x585.jpeg 1024w, https:\/\/www.tuasaude.com\/news\/wp-content\/uploads\/2026\/01\/freepik__35mm-film-photography-closeup-realista-de-couro-ca__2959-300x171.jpeg 300w, https:\/\/www.tuasaude.com\/news\/wp-content\/uploads\/2026\/01\/freepik__35mm-film-photography-closeup-realista-de-couro-ca__2959-768x439.jpeg 768w, https:\/\/www.tuasaude.com\/news\/wp-content\/uploads\/2026\/01\/freepik__35mm-film-photography-closeup-realista-de-couro-ca__2959-750x428.jpeg 750w, https:\/\/www.tuasaude.com\/news\/wp-content\/uploads\/2026\/01\/freepik__35mm-film-photography-closeup-realista-de-couro-ca__2959-1140x651.jpeg 1140w, https:\/\/www.tuasaude.com\/news\/wp-content\/uploads\/2026\/01\/freepik__35mm-film-photography-closeup-realista-de-couro-ca__2959.jpeg 1280w\" sizes=\"(max-width: 1024px) 100vw, 1024px\" \/><figcaption class=\"wp-element-caption\">Durante a menstrua\u00e7\u00e3o, o corpo produz maiores n\u00edveis de prostaglandinas<\/figcaption><\/figure>\n<\/div>\n\n\n<h2 class=\"wp-block-heading\">Quais cuidados ter ao colorir os fios menstruada?<\/h2>\n\n\n\n<p>A principal recomenda\u00e7\u00e3o \u00e9 focar no conforto pessoal e na prote\u00e7\u00e3o da pele, j\u00e1 que a barreira cut\u00e2nea pode estar ligeiramente mais sens\u00edvel. Escolher ambientes bem ventilados e produtos de boa proced\u00eancia minimiza qualquer chance de n\u00e1useas ou irrita\u00e7\u00f5es leves durante o processo.<\/p>\n\n\n\n<ul class=\"wp-block-list\">\n<li><strong>Teste de contato:<\/strong> Realizar o teste de mecha e de pele \u00e9 indispens\u00e1vel para descartar alergias, que podem ser mais latentes.<\/li>\n\n\n\n<li><strong>Hidrata\u00e7\u00e3o refor\u00e7ada:<\/strong> Beber \u00e1gua ajuda a manter o equil\u00edbrio do corpo e pode diminuir a percep\u00e7\u00e3o de sensibilidade.<\/li>\n\n\n\n<li><strong>Produtos sem am\u00f4nia:<\/strong> Optar por tonalizantes ou tintas mais suaves reduz o odor forte e a agressividade ao couro cabeludo.<\/li>\n\n\n\n<li><strong>Postura adequada:<\/strong> Utilizar apoios para os p\u00e9s e almofadas pode aliviar as c\u00f3licas e a tens\u00e3o muscular no sal\u00e3o.<\/li>\n<\/ul>\n\n\n\n<h2 class=\"wp-block-heading\">A qu\u00edmica da tinta pode afetar o fluxo menstrual?<\/h2>\n\n\n\n<p>A absor\u00e7\u00e3o de componentes qu\u00edmicos pelo couro cabeludo \u00e9 m\u00ednima e insuficiente para causar qualquer impacto sist\u00eamico nos \u00f3rg\u00e3os reprodutores ou no fluxo. Segundo diretrizes da <strong><a href=\"https:\/\/www.gov.br\/anvisa\/pt-br\/assuntos\/cosmeticos\/cosmeticos-para-tratamentos-esteticos\" target=\"_blank\" rel=\"noreferrer noopener\">ANVISA<\/a><\/strong>, os produtos cosm\u00e9ticos aprovados para uso capilar s\u00e3o seguros e n\u00e3o possuem a\u00e7\u00e3o hormonal.<\/p>\n\n\n\n<p>O ciclo menstrual \u00e9 controlado pelo eixo hipot\u00e1lamo-hip\u00f3fise-ov\u00e1rio, um sistema interno complexo que n\u00e3o sofre interfer\u00eancia de agentes externos aplicados localmente no cabelo. Dessa forma, a dura\u00e7\u00e3o da menstrua\u00e7\u00e3o ou a intensidade das c\u00f3licas n\u00e3o sofrer\u00e3o altera\u00e7\u00f5es por causa da mudan\u00e7a de <strong><a href=\"https:\/\/www.tuasaude.com\/como-descolorir-o-cabelo\/\" target=\"_blank\" rel=\"noreferrer noopener\">cor<\/a><\/strong> dos fios.<\/p>\n\n\n<div class=\"wp-block-image\">\n<figure class=\"aligncenter size-large\"><img decoding=\"async\" width=\"1024\" height=\"585\" src=\"https:\/\/www.tuasaude.com\/news\/wp-content\/uploads\/2026\/01\/freepik__35mm-film-photography-mulher-adulta-em-salo-de-bel__2957-1024x585.jpeg\" alt=\"Pintar o cabelo menstruada faz mal? Entenda o que \u00e9 mito e verdade\" class=\"wp-image-990\" srcset=\"https:\/\/www.tuasaude.com\/news\/wp-content\/uploads\/2026\/01\/freepik__35mm-film-photography-mulher-adulta-em-salo-de-bel__2957-1024x585.jpeg 1024w, https:\/\/www.tuasaude.com\/news\/wp-content\/uploads\/2026\/01\/freepik__35mm-film-photography-mulher-adulta-em-salo-de-bel__2957-300x171.jpeg 300w, https:\/\/www.tuasaude.com\/news\/wp-content\/uploads\/2026\/01\/freepik__35mm-film-photography-mulher-adulta-em-salo-de-bel__2957-768x439.jpeg 768w, https:\/\/www.tuasaude.com\/news\/wp-content\/uploads\/2026\/01\/freepik__35mm-film-photography-mulher-adulta-em-salo-de-bel__2957-750x428.jpeg 750w, https:\/\/www.tuasaude.com\/news\/wp-content\/uploads\/2026\/01\/freepik__35mm-film-photography-mulher-adulta-em-salo-de-bel__2957-1140x651.jpeg 1140w, https:\/\/www.tuasaude.com\/news\/wp-content\/uploads\/2026\/01\/freepik__35mm-film-photography-mulher-adulta-em-salo-de-bel__2957.jpeg 1280w\" sizes=\"(max-width: 1024px) 100vw, 1024px\" \/><figcaption class=\"wp-element-caption\">Durante a menstrua\u00e7\u00e3o, o corpo produz maiores n\u00edveis de prostaglandinas<\/figcaption><\/figure>\n<\/div>\n\n\n<h2 class=\"wp-block-heading\">Existe algum risco real para a sa\u00fade da mulher?<\/h2>\n\n\n\n<p>O \u00fanico risco real ao pintar o cabelo, seja no per\u00edodo menstrual ou fora dele, est\u00e1 relacionado a poss\u00edveis rea\u00e7\u00f5es al\u00e9rgicas individuais aos componentes da f\u00f3rmula. Fora isso, a pr\u00e1tica \u00e9 considerada totalmente segura por \u00f3rg\u00e3os de sa\u00fade e especialistas em dermatologia ao redor do mundo. O estudo <strong>&#8220;<a href=\"https:\/\/pubmed.ncbi.nlm.nih.gov\/6470515\/\" target=\"_blank\" rel=\"noreferrer noopener\">Percutaneous absorption of hair dyes: correlation with partition coefficients<\/a>&#8220;<\/strong> explica como essas poss\u00edveis rea\u00e7\u00f5es acontecem.<br><\/p>\n\n\n\n<p>Mitos que sugerem a interrup\u00e7\u00e3o da menstrua\u00e7\u00e3o ou &#8220;subida do sangue para a cabe\u00e7a&#8221; s\u00e3o infundados e pertencem ao folclore antigo, sem qualquer base na medicina moderna. Recomendamos fortemente que voc\u00ea busque orienta\u00e7\u00e3o m\u00e9dica profissional caso apresente sintomas incomuns ou rea\u00e7\u00f5es cut\u00e2neas graves ap\u00f3s o uso de tinturas.<\/p>\n\n\n\n<p><\/p>\n","protected":false},"excerpt":{"rendered":"<p>Pintar o cabelo menstruada \u00e9 um h\u00e1bito seguro e n\u00e3o existem evid\u00eancias cient\u00edficas que comprovem riscos \u00e0 sa\u00fade ou altera\u00e7\u00f5es no resultado da cor devido ao ciclo. A cren\u00e7a de que a tintura n\u00e3o &#8220;pega&#8221; ou que faz mal \u00e0 sa\u00fade nesse per\u00edodo \u00e9 um mito popular sem fundamenta\u00e7\u00e3o biol\u00f3gica. Embora o corpo passe por [&hellip;]<\/p>\n","protected":false},"author":9,"featured_media":991,"comment_status":"open","ping_status":"open","sticky":false,"template":"","format":"standard","meta":{"_yoast_wpseo_focuskw":"pintar o cabelo menstruada","_yoast_wpseo_title":"","_yoast_wpseo_metadesc":"Pintar o cabelo menstruada faz mal ou n\u00e3o? Veja o que dizem especialistas e quando \u00e9 preciso ter mais cuidado.","jnews-multi-image_gallery":[],"jnews_single_post":{"format":"standard"},"jnews_primary_category":[],"jnews_social_meta":[],"jnews_override_counter":[],"footnotes":""},"categories":[111],"tags":[215,342,343,341],"class_list":["post-974","post","type-post","status-publish","format-standard","has-post-thumbnail","hentry","category-saude","tag-menstruacao","tag-mitos-e-verdades","tag-pintar-cabelo","tag-pintar-o-cabelo-menstruada"],"yoast_head":"<!-- This site is optimized with the Yoast SEO plugin v26.7 - https:\/\/yoast.com\/wordpress\/plugins\/seo\/ -->\n<title>Pintar o cabelo menstruada faz mal? Entenda o que \u00e9 mito e verdade - Tua Sa\u00fade<\/title>\n<meta name=\"description\" content=\"Pintar o cabelo menstruada faz mal ou n\u00e3o? Veja o que dizem especialistas e quando \u00e9 preciso ter mais cuidado.\" \/>\n<meta name=\"robots\" content=\"index, follow, max-snippet:-1, max-image-preview:large, max-video-preview:-1\" \/>\n<link rel=\"canonical\" href=\"https:\/\/www.tuasaude.com\/news\/2026\/01\/19\/pintar-o-cabelo-menstruada-faz-mal-entenda-o-que-e-mito-e-verdade\/\" \/>\n<meta property=\"og:locale\" content=\"pt_BR\" \/>\n<meta property=\"og:type\" content=\"article\" \/>\n<meta property=\"og:title\" content=\"Pintar o cabelo menstruada faz mal? Entenda o que \u00e9 mito e verdade - Tua Sa\u00fade\" \/>\n<meta property=\"og:description\" content=\"Pintar o cabelo menstruada faz mal ou n\u00e3o? Veja o que dizem especialistas e quando \u00e9 preciso ter mais cuidado.\" \/>\n<meta property=\"og:url\" content=\"https:\/\/www.tuasaude.com\/news\/2026\/01\/19\/pintar-o-cabelo-menstruada-faz-mal-entenda-o-que-e-mito-e-verdade\/\" \/>\n<meta property=\"og:site_name\" content=\"Tua Sa\u00fade\" \/>\n<meta property=\"article:published_time\" content=\"2026-01-19T20:18:00+00:00\" \/>\n<meta property=\"article:modified_time\" content=\"2026-01-20T15:11:31+00:00\" \/>\n<meta property=\"og:image\" content=\"https:\/\/www.tuasaude.com\/news\/wp-content\/uploads\/2026\/01\/freepik__35mm-film-photography-mulher-adulta-em-salo-de-bel__2958.jpeg\" \/>\n\t<meta property=\"og:image:width\" content=\"1280\" \/>\n\t<meta property=\"og:image:height\" content=\"731\" \/>\n\t<meta property=\"og:image:type\" content=\"image\/jpeg\" \/>\n<meta name=\"author\" content=\"Roberta Patriota\" \/>\n<meta name=\"twitter:card\" content=\"summary_large_image\" \/>\n<meta name=\"twitter:label1\" content=\"Escrito por\" \/>\n\t<meta name=\"twitter:data1\" content=\"Roberta Patriota\" \/>\n\t<meta name=\"twitter:label2\" content=\"Est. tempo de leitura\" \/>\n\t<meta name=\"twitter:data2\" content=\"5 minutos\" \/>\n<!-- \/ Yoast SEO plugin. -->","yoast_head_json":{"title":"Pintar o cabelo menstruada faz mal? Entenda o que \u00e9 mito e verdade - Tua Sa\u00fade","description":"Pintar o cabelo menstruada faz mal ou n\u00e3o? Veja o que dizem especialistas e quando \u00e9 preciso ter mais cuidado.","robots":{"index":"index","follow":"follow","max-snippet":"max-snippet:-1","max-image-preview":"max-image-preview:large","max-video-preview":"max-video-preview:-1"},"canonical":"https:\/\/www.tuasaude.com\/news\/2026\/01\/19\/pintar-o-cabelo-menstruada-faz-mal-entenda-o-que-e-mito-e-verdade\/","og_locale":"pt_BR","og_type":"article","og_title":"Pintar o cabelo menstruada faz mal? Entenda o que \u00e9 mito e verdade - Tua Sa\u00fade","og_description":"Pintar o cabelo menstruada faz mal ou n\u00e3o? Veja o que dizem especialistas e quando \u00e9 preciso ter mais cuidado.","og_url":"https:\/\/www.tuasaude.com\/news\/2026\/01\/19\/pintar-o-cabelo-menstruada-faz-mal-entenda-o-que-e-mito-e-verdade\/","og_site_name":"Tua Sa\u00fade","article_published_time":"2026-01-19T20:18:00+00:00","article_modified_time":"2026-01-20T15:11:31+00:00","og_image":[{"width":1280,"height":731,"url":"https:\/\/www.tuasaude.com\/news\/wp-content\/uploads\/2026\/01\/freepik__35mm-film-photography-mulher-adulta-em-salo-de-bel__2958.jpeg","type":"image\/jpeg"}],"author":"Roberta Patriota","twitter_card":"summary_large_image","twitter_misc":{"Escrito por":"Roberta Patriota","Est. tempo de leitura":"5 minutos"},"schema":{"@context":"https:\/\/schema.org","@graph":[{"@type":"Article","@id":"https:\/\/www.tuasaude.com\/news\/2026\/01\/19\/pintar-o-cabelo-menstruada-faz-mal-entenda-o-que-e-mito-e-verdade\/#article","isPartOf":{"@id":"https:\/\/www.tuasaude.com\/news\/2026\/01\/19\/pintar-o-cabelo-menstruada-faz-mal-entenda-o-que-e-mito-e-verdade\/"},"author":{"name":"Roberta Patriota","@id":"https:\/\/www.tuasaude.com\/news\/#\/schema\/person\/27adc41011393316b12ef997ca893e44"},"headline":"Pintar o cabelo menstruada faz mal? Entenda o que \u00e9 mito e verdade","datePublished":"2026-01-19T20:18:00+00:00","dateModified":"2026-01-20T15:11:31+00:00","mainEntityOfPage":{"@id":"https:\/\/www.tuasaude.com\/news\/2026\/01\/19\/pintar-o-cabelo-menstruada-faz-mal-entenda-o-que-e-mito-e-verdade\/"},"wordCount":793,"commentCount":0,"image":{"@id":"https:\/\/www.tuasaude.com\/news\/2026\/01\/19\/pintar-o-cabelo-menstruada-faz-mal-entenda-o-que-e-mito-e-verdade\/#primaryimage"},"thumbnailUrl":"https:\/\/www.tuasaude.com\/news\/wp-content\/uploads\/2026\/01\/freepik__35mm-film-photography-mulher-adulta-em-salo-de-bel__2958.jpeg","keywords":["menstrua\u00e7\u00e3o","mitos e verdades","Pintar cabelo","pintar o cabelo menstruada"],"articleSection":["Sa\u00fade"],"inLanguage":"pt-BR","potentialAction":[{"@type":"CommentAction","name":"Comment","target":["https:\/\/www.tuasaude.com\/news\/2026\/01\/19\/pintar-o-cabelo-menstruada-faz-mal-entenda-o-que-e-mito-e-verdade\/#respond"]}]},{"@type":"WebPage","@id":"https:\/\/www.tuasaude.com\/news\/2026\/01\/19\/pintar-o-cabelo-menstruada-faz-mal-entenda-o-que-e-mito-e-verdade\/","url":"https:\/\/www.tuasaude.com\/news\/2026\/01\/19\/pintar-o-cabelo-menstruada-faz-mal-entenda-o-que-e-mito-e-verdade\/","name":"Pintar o cabelo menstruada faz mal? Entenda o que \u00e9 mito e verdade - Tua Sa\u00fade","isPartOf":{"@id":"https:\/\/www.tuasaude.com\/news\/#website"},"primaryImageOfPage":{"@id":"https:\/\/www.tuasaude.com\/news\/2026\/01\/19\/pintar-o-cabelo-menstruada-faz-mal-entenda-o-que-e-mito-e-verdade\/#primaryimage"},"image":{"@id":"https:\/\/www.tuasaude.com\/news\/2026\/01\/19\/pintar-o-cabelo-menstruada-faz-mal-entenda-o-que-e-mito-e-verdade\/#primaryimage"},"thumbnailUrl":"https:\/\/www.tuasaude.com\/news\/wp-content\/uploads\/2026\/01\/freepik__35mm-film-photography-mulher-adulta-em-salo-de-bel__2958.jpeg","datePublished":"2026-01-19T20:18:00+00:00","dateModified":"2026-01-20T15:11:31+00:00","author":{"@id":"https:\/\/www.tuasaude.com\/news\/#\/schema\/person\/27adc41011393316b12ef997ca893e44"},"description":"Pintar o cabelo menstruada faz mal ou n\u00e3o? Veja o que dizem especialistas e quando \u00e9 preciso ter mais cuidado.","breadcrumb":{"@id":"https:\/\/www.tuasaude.com\/news\/2026\/01\/19\/pintar-o-cabelo-menstruada-faz-mal-entenda-o-que-e-mito-e-verdade\/#breadcrumb"},"inLanguage":"pt-BR","potentialAction":[{"@type":"ReadAction","target":["https:\/\/www.tuasaude.com\/news\/2026\/01\/19\/pintar-o-cabelo-menstruada-faz-mal-entenda-o-que-e-mito-e-verdade\/"]}]},{"@type":"ImageObject","inLanguage":"pt-BR","@id":"https:\/\/www.tuasaude.com\/news\/2026\/01\/19\/pintar-o-cabelo-menstruada-faz-mal-entenda-o-que-e-mito-e-verdade\/#primaryimage","url":"https:\/\/www.tuasaude.com\/news\/wp-content\/uploads\/2026\/01\/freepik__35mm-film-photography-mulher-adulta-em-salo-de-bel__2958.jpeg","contentUrl":"https:\/\/www.tuasaude.com\/news\/wp-content\/uploads\/2026\/01\/freepik__35mm-film-photography-mulher-adulta-em-salo-de-bel__2958.jpeg","width":1280,"height":731,"caption":"Durante a menstrua\u00e7\u00e3o, o corpo produz maiores n\u00edveis de prostaglandinas"},{"@type":"BreadcrumbList","@id":"https:\/\/www.tuasaude.com\/news\/2026\/01\/19\/pintar-o-cabelo-menstruada-faz-mal-entenda-o-que-e-mito-e-verdade\/#breadcrumb","itemListElement":[{"@type":"ListItem","position":1,"name":"In\u00edcio","item":"https:\/\/www.tuasaude.com\/news\/"},{"@type":"ListItem","position":2,"name":"Pintar o cabelo menstruada faz mal? Entenda o que \u00e9 mito e verdade"}]},{"@type":"WebSite","@id":"https:\/\/www.tuasaude.com\/news\/#website","url":"https:\/\/www.tuasaude.com\/news\/","name":"Tua Sa\u00fade","description":"Seu site de sa\u00fade","potentialAction":[{"@type":"SearchAction","target":{"@type":"EntryPoint","urlTemplate":"https:\/\/www.tuasaude.com\/news\/?s={search_term_string}"},"query-input":{"@type":"PropertyValueSpecification","valueRequired":true,"valueName":"search_term_string"}}],"inLanguage":"pt-BR"},{"@type":"Person","@id":"https:\/\/www.tuasaude.com\/news\/#\/schema\/person\/27adc41011393316b12ef997ca893e44","name":"Roberta Patriota","image":{"@type":"ImageObject","inLanguage":"pt-BR","@id":"https:\/\/www.tuasaude.com\/news\/#\/schema\/person\/image\/","url":"https:\/\/secure.gravatar.com\/avatar\/40fc934d21bfa38a60909bb2e5f2ec503dcd4d849aa772e107feb32efe75c210?s=96&d=mm&r=g","contentUrl":"https:\/\/secure.gravatar.com\/avatar\/40fc934d21bfa38a60909bb2e5f2ec503dcd4d849aa772e107feb32efe75c210?s=96&d=mm&r=g","caption":"Roberta Patriota"},"sameAs":["https:\/\/www.tuasaude.com\/news\/"],"url":"https:\/\/www.tuasaude.com\/news\/author\/roberta-patriota\/"}]}},"_links":{"self":[{"href":"https:\/\/www.tuasaude.com\/news\/wp-json\/wp\/v2\/posts\/974","targetHints":{"allow":["GET"]}}],"collection":[{"href":"https:\/\/www.tuasaude.com\/news\/wp-json\/wp\/v2\/posts"}],"about":[{"href":"https:\/\/www.tuasaude.com\/news\/wp-json\/wp\/v2\/types\/post"}],"author":[{"embeddable":true,"href":"https:\/\/www.tuasaude.com\/news\/wp-json\/wp\/v2\/users\/9"}],"replies":[{"embeddable":true,"href":"https:\/\/www.tuasaude.com\/news\/wp-json\/wp\/v2\/comments?post=974"}],"version-history":[{"count":3,"href":"https:\/\/www.tuasaude.com\/news\/wp-json\/wp\/v2\/posts\/974\/revisions"}],"predecessor-version":[{"id":1277,"href":"https:\/\/www.tuasaude.com\/news\/wp-json\/wp\/v2\/posts\/974\/revisions\/1277"}],"wp:featuredmedia":[{"embeddable":true,"href":"https:\/\/www.tuasaude.com\/news\/wp-json\/wp\/v2\/media\/991"}],"wp:attachment":[{"href":"https:\/\/www.tuasaude.com\/news\/wp-json\/wp\/v2\/media?parent=974"}],"wp:term":[{"taxonomy":"category","embeddable":true,"href":"https:\/\/www.tuasaude.com\/news\/wp-json\/wp\/v2\/categories?post=974"},{"taxonomy":"post_tag","embeddable":true,"href":"https:\/\/www.tuasaude.com\/news\/wp-json\/wp\/v2\/tags?post=974"}],"curies":[{"name":"wp","href":"https:\/\/api.w.org\/{rel}","templated":true}]}}