{"id":9479,"date":"2026-03-16T19:30:00","date_gmt":"2026-03-16T22:30:00","guid":{"rendered":"https:\/\/www.tuasaude.com\/news\/?p=9479"},"modified":"2026-03-15T16:31:12","modified_gmt":"2026-03-15T19:31:12","slug":"o-que-acontece-com-a-sua-pele-quando-voce-reduz-o-consumo-de-laticinios","status":"publish","type":"post","link":"https:\/\/www.tuasaude.com\/news\/2026\/03\/16\/o-que-acontece-com-a-sua-pele-quando-voce-reduz-o-consumo-de-laticinios\/","title":{"rendered":"O que acontece com a sua pele quando voc\u00ea reduz o consumo de latic\u00ednios?"},"content":{"rendered":"\n<p>A rela\u00e7\u00e3o entre latic\u00ednios e sa\u00fade da pele tem sido cada vez mais estudada, e os resultados mostram que, para algumas pessoas, reduzir o consumo de leite e derivados pode melhorar significativamente a apar\u00eancia da pele. Os horm\u00f4nios e fatores de crescimento presentes naturalmente no leite podem estimular a produ\u00e7\u00e3o de sebo e contribuir para o aparecimento de acne em pessoas predispostas. Embora essa conex\u00e3o n\u00e3o afete todos da mesma forma, dermatologistas relatam melhora vis\u00edvel em pacientes que fazem essa mudan\u00e7a alimentar. Entender como os latic\u00ednios atuam na pele ajuda a tomar decis\u00f5es mais conscientes sobre a alimenta\u00e7\u00e3o.<\/p>\n\n\n\n<h2 class=\"wp-block-heading\">Por que os latic\u00ednios podem afetar a sa\u00fade da pele?<\/h2>\n\n\n\n<p>O <a href=\"https:\/\/www.tuasaude.com\/beneficios-do-leite\/\" target=\"_blank\" rel=\"noreferrer noopener\">leite de vaca cont\u00e9m horm\u00f4nios naturais e fatores de crescimento<\/a> que, ao serem absorvidos pelo organismo, podem estimular as gl\u00e2ndulas que produzem oleosidade na pele. Esse aumento na produ\u00e7\u00e3o de sebo cria um ambiente favor\u00e1vel para o entupimento dos poros e o surgimento de cravos e espinhas, especialmente em pessoas que j\u00e1 t\u00eam predisposi\u00e7\u00e3o gen\u00e9tica para a acne.<\/p>\n\n\n\n<p>Al\u00e9m disso, o leite pode elevar os n\u00edveis de insulina no corpo, um horm\u00f4nio que, em excesso, tamb\u00e9m contribui para a produ\u00e7\u00e3o excessiva de oleosidade e para processos inflamat\u00f3rios na pele. Esse efeito ocorre tanto com o leite integral quanto com o desnatado, e alguns estudos indicam que o leite desnatado pode ter uma associa\u00e7\u00e3o ainda mais forte com a acne.<\/p>\n\n\n<div class=\"wp-block-image\">\n<figure class=\"aligncenter size-large\"><img decoding=\"async\" width=\"1024\" height=\"571\" src=\"https:\/\/www.tuasaude.com\/news\/wp-content\/uploads\/2026\/03\/creation_2582387309-1024x571.png\" alt=\"O que acontece com a sua pele quando voc\u00ea reduz o consumo de latic\u00ednios?\" class=\"wp-image-9530\" srcset=\"https:\/\/www.tuasaude.com\/news\/wp-content\/uploads\/2026\/03\/creation_2582387309-1024x571.png 1024w, https:\/\/www.tuasaude.com\/news\/wp-content\/uploads\/2026\/03\/creation_2582387309-300x167.png 300w, https:\/\/www.tuasaude.com\/news\/wp-content\/uploads\/2026\/03\/creation_2582387309-768x428.png 768w, https:\/\/www.tuasaude.com\/news\/wp-content\/uploads\/2026\/03\/creation_2582387309-750x418.png 750w, https:\/\/www.tuasaude.com\/news\/wp-content\/uploads\/2026\/03\/creation_2582387309-1140x636.png 1140w, https:\/\/www.tuasaude.com\/news\/wp-content\/uploads\/2026\/03\/creation_2582387309.png 1280w\" sizes=\"(max-width: 1024px) 100vw, 1024px\" \/><figcaption class=\"wp-element-caption\">Os horm\u00f4nios presentes no leite podem estimular a produ\u00e7\u00e3o de oleosidade na pele e favorecer espinhas.<\/figcaption><\/figure>\n<\/div>\n\n\n<h2 class=\"wp-block-heading\">Meta-an\u00e1lise confirma a associa\u00e7\u00e3o entre latic\u00ednios e acne<\/h2>\n\n\n\n<p>A rela\u00e7\u00e3o entre o consumo de latic\u00ednios e o surgimento de acne \u00e9 sustentada por evid\u00eancias cient\u00edficas consistentes. Segundo a revis\u00e3o sistem\u00e1tica com meta-an\u00e1lise <a href=\"https:\/\/pubmed.ncbi.nlm.nih.gov\/30096883\/\" target=\"_blank\" rel=\"noreferrer noopener\">&#8220;Dairy Intake and Acne Vulgaris: A Systematic Review and Meta-Analysis of 78,529 Children, Adolescents, and Young Adults&#8221;<\/a>, publicada na revista <em>Nutrients<\/em> em 2018, o consumo de latic\u00ednios foi associado a um risco 25% maior de desenvolver acne. A meta-an\u00e1lise incluiu 14 estudos observacionais com mais de 78 mil participantes e encontrou associa\u00e7\u00e3o positiva entre acne e o consumo de leite integral, leite desnatado, queijo e iogurte, sendo o leite desnatado o que apresentou a rela\u00e7\u00e3o mais expressiva.<\/p>\n\n\n\n<h2 class=\"wp-block-heading\">Mudan\u00e7as que podem ser percebidas ao reduzir latic\u00ednios<\/h2>\n\n\n\n<p>Ao diminuir ou eliminar os latic\u00ednios da alimenta\u00e7\u00e3o, algumas pessoas come\u00e7am a notar mudan\u00e7as na pele ao longo de semanas. Embora os resultados variem conforme o organismo e o grau de sensibilidade individual, os efeitos mais relatados por pacientes e observados por dermatologistas incluem:<\/p>\n\n\n\n<div style=\"display: flex; flex-wrap: wrap; gap: 20px; justify-content: center; font-family: 'Segoe UI', Roboto, Helvetica, sans-serif; padding: 40px; background-color: #f1f5f9;\">\n\n  <div style=\"flex: 1; min-width: 250px; max-width: 280px; background: #ffffff; border: 1px solid #e2e8f0; padding: 25px; border-radius: 20px; box-shadow: 0 10px 25px rgba(0,0,0,0.05); text-align: center;\">\n\n    <div style=\"font-size: 32px; margin-bottom: 15px;\">\u2728<\/div>\n\n    <h3 style=\"color: #334155; font-size: 1.1em; margin-bottom: 12px; letter-spacing: 1px;\">MENOS ACNE<\/h3>\n\n    <p style=\"color: #475569; font-size: 0.95em; line-height: 1.6; margin: 0;\">\n\n      Muitas pessoas percebem <strong>redu\u00e7\u00e3o de espinhas e cravos<\/strong>, especialmente na regi\u00e3o do queixo e da mand\u00edbula.\n\n    <\/p>\n\n  <\/div>\n\n  <div style=\"flex: 1; min-width: 250px; max-width: 280px; background: #ffffff; border: 1px solid #e2e8f0; padding: 25px; border-radius: 20px; box-shadow: 0 10px 25px rgba(0,0,0,0.05); text-align: center;\">\n\n    <div style=\"font-size: 32px; margin-bottom: 15px;\">\ud83e\uddf4<\/div>\n\n    <h3 style=\"color: #334155; font-size: 1.1em; margin-bottom: 12px; letter-spacing: 1px;\">OLEOSIDADE<\/h3>\n\n    <p style=\"color: #475569; font-size: 0.95em; line-height: 1.6; margin: 0;\">\n\n      A pele pode ficar <strong>menos oleosa ao longo do dia<\/strong>, reduzindo a necessidade de retoques.\n\n    <\/p>\n\n  <\/div>\n\n  <div style=\"flex: 1; min-width: 250px; max-width: 280px; background: #ffffff; border: 1px solid #e2e8f0; padding: 25px; border-radius: 20px; box-shadow: 0 10px 25px rgba(0,0,0,0.05); text-align: center;\">\n\n    <div style=\"font-size: 32px; margin-bottom: 15px;\">\ud83d\udd34<\/div>\n\n    <h3 style=\"color: #334155; font-size: 1.1em; margin-bottom: 12px; letter-spacing: 1px;\">INFLAMA\u00c7\u00c3O<\/h3>\n\n    <p style=\"color: #475569; font-size: 0.95em; line-height: 1.6; margin: 0;\">\n\n      Pode ocorrer <strong>diminui\u00e7\u00e3o da vermelhid\u00e3o<\/strong> e da inflama\u00e7\u00e3o em les\u00f5es de acne existentes.\n\n    <\/p>\n\n  <\/div>\n\n  <div style=\"flex: 1; min-width: 250px; max-width: 280px; background: #ffffff; border: 1px solid #e2e8f0; padding: 25px; border-radius: 20px; box-shadow: 0 10px 25px rgba(0,0,0,0.05); text-align: center;\">\n\n    <div style=\"font-size: 32px; margin-bottom: 15px;\">\ud83c\udf3f<\/div>\n\n    <h3 style=\"color: #334155; font-size: 1.1em; margin-bottom: 12px; letter-spacing: 1px;\">TEXTURA<\/h3>\n\n    <p style=\"color: #475569; font-size: 0.95em; line-height: 1.6; margin: 0;\">\n\n      A pele pode apresentar <strong>textura mais uniforme<\/strong> e menos irregularidades com o tempo.\n\n    <\/p>\n\n  <\/div>\n\n  <div style=\"flex: 1; min-width: 250px; max-width: 280px; background: #ffffff; border: 1px solid #e2e8f0; padding: 25px; border-radius: 20px; box-shadow: 0 10px 25px rgba(0,0,0,0.05); text-align: center;\">\n\n    <div style=\"font-size: 32px; margin-bottom: 15px;\">\ud83d\ude42<\/div>\n\n    <h3 style=\"color: #334155; font-size: 1.1em; margin-bottom: 12px; letter-spacing: 1px;\">INCHA\u00c7O<\/h3>\n\n    <p style=\"color: #475569; font-size: 0.95em; line-height: 1.6; margin: 0;\">\n\n      Algumas pessoas relatam <strong>redu\u00e7\u00e3o do incha\u00e7o facial matinal<\/strong> ap\u00f3s diminuir latic\u00ednios.\n\n    <\/p>\n\n  <\/div>\n\n<\/div>\n\n\n\n<h2 class=\"wp-block-heading\">Como fazer a transi\u00e7\u00e3o de forma equilibrada<\/h2>\n\n\n\n<p>Reduzir o consumo de latic\u00ednios pode trazer benef\u00edcios para a pele, mas \u00e9 importante garantir que os nutrientes normalmente obtidos por meio desses alimentos, como c\u00e1lcio, vitamina D e prote\u00ednas, continuem presentes na alimenta\u00e7\u00e3o. Algumas estrat\u00e9gias ajudam a fazer essa transi\u00e7\u00e3o com equil\u00edbrio:<\/p>\n\n\n\n<ul class=\"wp-block-list\">\n<li>Substituir o leite de vaca por bebidas vegetais enriquecidas com c\u00e1lcio, como as de am\u00eandoas, aveia ou soja<\/li>\n\n\n\n<li>Incluir outras fontes de c\u00e1lcio como br\u00f3colis, couve, sardinha e gergelim<\/li>\n\n\n\n<li>Manter fontes de prote\u00edna como ovos, carnes magras, leguminosas e sementes<\/li>\n\n\n\n<li>Considerar a exposi\u00e7\u00e3o solar moderada e alimentos ricos em vitamina D para compensar a redu\u00e7\u00e3o dos latic\u00ednios<\/li>\n\n\n\n<li>Fazer a redu\u00e7\u00e3o de forma gradual, observando como a pele e o organismo respondem ao longo de quatro a seis semanas<\/li>\n<\/ul>\n\n\n\n<p>Cada pessoa responde de forma diferente \u00e0 retirada dos latic\u00ednios, e nem todos apresentar\u00e3o melhora na pele. Para saber mais sobre os benef\u00edcios nutricionais do leite e como equilibrar sua alimenta\u00e7\u00e3o, confira o conte\u00fado completo sobre os <a href=\"https:\/\/www.tuasaude.com\/beneficios-do-leite\/\" target=\"_blank\" rel=\"noreferrer noopener\">benef\u00edcios do leite<\/a> publicado pelo Tua Sa\u00fade.<\/p>\n\n\n\n<h2 class=\"wp-block-heading\">Quando procurar um dermatologista<\/h2>\n\n\n\n<p>Se a acne persiste mesmo ap\u00f3s mudan\u00e7as na alimenta\u00e7\u00e3o, \u00e9 fundamental buscar avalia\u00e7\u00e3o de um dermatologista. A acne pode ter m\u00faltiplas causas, incluindo fatores hormonais, gen\u00e9ticos e ambientais que v\u00e3o al\u00e9m da dieta. Um profissional pode avaliar o quadro de forma individualizada e indicar o tratamento mais adequado.<\/p>\n\n\n\n<p>A alimenta\u00e7\u00e3o \u00e9 uma pe\u00e7a importante no cuidado com a pele, mas n\u00e3o deve ser a \u00fanica estrat\u00e9gia. Combinar h\u00e1bitos alimentares saud\u00e1veis com uma rotina de cuidados adequada e, quando necess\u00e1rio, tratamento m\u00e9dico, oferece os melhores resultados para quem busca uma pele mais saud\u00e1vel.<\/p>\n\n\n\n<p><em>Este conte\u00fado tem car\u00e1ter exclusivamente informativo e n\u00e3o substitui a avalia\u00e7\u00e3o, o diagn\u00f3stico ou o tratamento de um m\u00e9dico ou profissional de sa\u00fade qualificado. Diante de qualquer d\u00favida sobre acne, alimenta\u00e7\u00e3o ou sa\u00fade da pele, procure orienta\u00e7\u00e3o de um dermatologista.<\/em><\/p>\n","protected":false},"excerpt":{"rendered":"<p>A rela\u00e7\u00e3o entre latic\u00ednios e sa\u00fade da pele tem sido cada vez mais estudada, e os resultados mostram que, para algumas pessoas, reduzir o consumo de leite e derivados pode melhorar significativamente a apar\u00eancia da pele. Os horm\u00f4nios e fatores de crescimento presentes naturalmente no leite podem estimular a produ\u00e7\u00e3o de sebo e contribuir para [&hellip;]<\/p>\n","protected":false},"author":11,"featured_media":9529,"comment_status":"open","ping_status":"open","sticky":false,"template":"","format":"standard","meta":{"_yoast_wpseo_focuskw":"latic\u00ednios","_yoast_wpseo_title":"","_yoast_wpseo_metadesc":"Reduzir latic\u00ednios pode ajudar algumas pessoas a melhorar a acne e diminuir a oleosidade da pele. Entenda a rela\u00e7\u00e3o entre leite e espinhas.","jnews-multi-image_gallery":[],"jnews_single_post":{"format":"standard"},"jnews_primary_category":[],"jnews_social_meta":[],"jnews_override_counter":[],"footnotes":""},"categories":[111],"tags":[254,224,2644,1050],"class_list":["post-9479","post","type-post","status-publish","format-standard","has-post-thumbnail","hentry","category-saude","tag-acne","tag-lactose","tag-laticinios","tag-saude-da-pele"],"yoast_head":"<!-- This site is optimized with the Yoast SEO plugin v26.7 - https:\/\/yoast.com\/wordpress\/plugins\/seo\/ -->\n<title>O que acontece com a sua pele quando voc\u00ea reduz o consumo de latic\u00ednios? - Tua Sa\u00fade<\/title>\n<meta name=\"description\" content=\"Reduzir latic\u00ednios pode ajudar algumas pessoas a melhorar a acne e diminuir a oleosidade da pele. Entenda a rela\u00e7\u00e3o entre leite e espinhas.\" \/>\n<meta name=\"robots\" content=\"index, follow, max-snippet:-1, max-image-preview:large, max-video-preview:-1\" \/>\n<link rel=\"canonical\" href=\"https:\/\/www.tuasaude.com\/news\/2026\/03\/16\/o-que-acontece-com-a-sua-pele-quando-voce-reduz-o-consumo-de-laticinios\/\" \/>\n<meta property=\"og:locale\" content=\"pt_BR\" \/>\n<meta property=\"og:type\" content=\"article\" \/>\n<meta property=\"og:title\" content=\"O que acontece com a sua pele quando voc\u00ea reduz o consumo de latic\u00ednios? - Tua Sa\u00fade\" \/>\n<meta property=\"og:description\" content=\"Reduzir latic\u00ednios pode ajudar algumas pessoas a melhorar a acne e diminuir a oleosidade da pele. Entenda a rela\u00e7\u00e3o entre leite e espinhas.\" \/>\n<meta property=\"og:url\" content=\"https:\/\/www.tuasaude.com\/news\/2026\/03\/16\/o-que-acontece-com-a-sua-pele-quando-voce-reduz-o-consumo-de-laticinios\/\" \/>\n<meta property=\"og:site_name\" content=\"Tua Sa\u00fade\" \/>\n<meta property=\"article:published_time\" content=\"2026-03-16T22:30:00+00:00\" \/>\n<meta property=\"og:image\" content=\"https:\/\/www.tuasaude.com\/news\/wp-content\/uploads\/2026\/03\/creation_2582386965.png\" \/>\n\t<meta property=\"og:image:width\" content=\"1280\" \/>\n\t<meta property=\"og:image:height\" content=\"714\" \/>\n\t<meta property=\"og:image:type\" content=\"image\/png\" \/>\n<meta name=\"author\" content=\"Gessika Julia Carvalho\" \/>\n<meta name=\"twitter:card\" content=\"summary_large_image\" \/>\n<meta name=\"twitter:label1\" content=\"Escrito por\" \/>\n\t<meta name=\"twitter:data1\" content=\"Gessika Julia Carvalho\" \/>\n\t<meta name=\"twitter:label2\" content=\"Est. tempo de leitura\" \/>\n\t<meta name=\"twitter:data2\" content=\"5 minutos\" \/>\n<!-- \/ Yoast SEO plugin. -->","yoast_head_json":{"title":"O que acontece com a sua pele quando voc\u00ea reduz o consumo de latic\u00ednios? - Tua Sa\u00fade","description":"Reduzir latic\u00ednios pode ajudar algumas pessoas a melhorar a acne e diminuir a oleosidade da pele. Entenda a rela\u00e7\u00e3o entre leite e espinhas.","robots":{"index":"index","follow":"follow","max-snippet":"max-snippet:-1","max-image-preview":"max-image-preview:large","max-video-preview":"max-video-preview:-1"},"canonical":"https:\/\/www.tuasaude.com\/news\/2026\/03\/16\/o-que-acontece-com-a-sua-pele-quando-voce-reduz-o-consumo-de-laticinios\/","og_locale":"pt_BR","og_type":"article","og_title":"O que acontece com a sua pele quando voc\u00ea reduz o consumo de latic\u00ednios? - Tua Sa\u00fade","og_description":"Reduzir latic\u00ednios pode ajudar algumas pessoas a melhorar a acne e diminuir a oleosidade da pele. Entenda a rela\u00e7\u00e3o entre leite e espinhas.","og_url":"https:\/\/www.tuasaude.com\/news\/2026\/03\/16\/o-que-acontece-com-a-sua-pele-quando-voce-reduz-o-consumo-de-laticinios\/","og_site_name":"Tua Sa\u00fade","article_published_time":"2026-03-16T22:30:00+00:00","og_image":[{"width":1280,"height":714,"url":"https:\/\/www.tuasaude.com\/news\/wp-content\/uploads\/2026\/03\/creation_2582386965.png","type":"image\/png"}],"author":"Gessika Julia Carvalho","twitter_card":"summary_large_image","twitter_misc":{"Escrito por":"Gessika Julia Carvalho","Est. tempo de leitura":"5 minutos"},"schema":{"@context":"https:\/\/schema.org","@graph":[{"@type":"Article","@id":"https:\/\/www.tuasaude.com\/news\/2026\/03\/16\/o-que-acontece-com-a-sua-pele-quando-voce-reduz-o-consumo-de-laticinios\/#article","isPartOf":{"@id":"https:\/\/www.tuasaude.com\/news\/2026\/03\/16\/o-que-acontece-com-a-sua-pele-quando-voce-reduz-o-consumo-de-laticinios\/"},"author":{"name":"Gessika Julia Carvalho","@id":"https:\/\/www.tuasaude.com\/news\/#\/schema\/person\/2e9df841be69ec84f5d20ddb8d273ac2"},"headline":"O que acontece com a sua pele quando voc\u00ea reduz o consumo de latic\u00ednios?","datePublished":"2026-03-16T22:30:00+00:00","mainEntityOfPage":{"@id":"https:\/\/www.tuasaude.com\/news\/2026\/03\/16\/o-que-acontece-com-a-sua-pele-quando-voce-reduz-o-consumo-de-laticinios\/"},"wordCount":910,"commentCount":0,"image":{"@id":"https:\/\/www.tuasaude.com\/news\/2026\/03\/16\/o-que-acontece-com-a-sua-pele-quando-voce-reduz-o-consumo-de-laticinios\/#primaryimage"},"thumbnailUrl":"https:\/\/www.tuasaude.com\/news\/wp-content\/uploads\/2026\/03\/creation_2582386965.png","keywords":["Acne","Lactose","latic\u00ednios","sa\u00fade da pele"],"articleSection":["Sa\u00fade"],"inLanguage":"pt-BR","potentialAction":[{"@type":"CommentAction","name":"Comment","target":["https:\/\/www.tuasaude.com\/news\/2026\/03\/16\/o-que-acontece-com-a-sua-pele-quando-voce-reduz-o-consumo-de-laticinios\/#respond"]}]},{"@type":"WebPage","@id":"https:\/\/www.tuasaude.com\/news\/2026\/03\/16\/o-que-acontece-com-a-sua-pele-quando-voce-reduz-o-consumo-de-laticinios\/","url":"https:\/\/www.tuasaude.com\/news\/2026\/03\/16\/o-que-acontece-com-a-sua-pele-quando-voce-reduz-o-consumo-de-laticinios\/","name":"O que acontece com a sua pele quando voc\u00ea reduz o consumo de latic\u00ednios? - Tua Sa\u00fade","isPartOf":{"@id":"https:\/\/www.tuasaude.com\/news\/#website"},"primaryImageOfPage":{"@id":"https:\/\/www.tuasaude.com\/news\/2026\/03\/16\/o-que-acontece-com-a-sua-pele-quando-voce-reduz-o-consumo-de-laticinios\/#primaryimage"},"image":{"@id":"https:\/\/www.tuasaude.com\/news\/2026\/03\/16\/o-que-acontece-com-a-sua-pele-quando-voce-reduz-o-consumo-de-laticinios\/#primaryimage"},"thumbnailUrl":"https:\/\/www.tuasaude.com\/news\/wp-content\/uploads\/2026\/03\/creation_2582386965.png","datePublished":"2026-03-16T22:30:00+00:00","author":{"@id":"https:\/\/www.tuasaude.com\/news\/#\/schema\/person\/2e9df841be69ec84f5d20ddb8d273ac2"},"description":"Reduzir latic\u00ednios pode ajudar algumas pessoas a melhorar a acne e diminuir a oleosidade da pele. Entenda a rela\u00e7\u00e3o entre leite e espinhas.","breadcrumb":{"@id":"https:\/\/www.tuasaude.com\/news\/2026\/03\/16\/o-que-acontece-com-a-sua-pele-quando-voce-reduz-o-consumo-de-laticinios\/#breadcrumb"},"inLanguage":"pt-BR","potentialAction":[{"@type":"ReadAction","target":["https:\/\/www.tuasaude.com\/news\/2026\/03\/16\/o-que-acontece-com-a-sua-pele-quando-voce-reduz-o-consumo-de-laticinios\/"]}]},{"@type":"ImageObject","inLanguage":"pt-BR","@id":"https:\/\/www.tuasaude.com\/news\/2026\/03\/16\/o-que-acontece-com-a-sua-pele-quando-voce-reduz-o-consumo-de-laticinios\/#primaryimage","url":"https:\/\/www.tuasaude.com\/news\/wp-content\/uploads\/2026\/03\/creation_2582386965.png","contentUrl":"https:\/\/www.tuasaude.com\/news\/wp-content\/uploads\/2026\/03\/creation_2582386965.png","width":1280,"height":714,"caption":"Reduzir o consumo de latic\u00ednios pode ajudar a diminuir acne em pessoas predispostas."},{"@type":"BreadcrumbList","@id":"https:\/\/www.tuasaude.com\/news\/2026\/03\/16\/o-que-acontece-com-a-sua-pele-quando-voce-reduz-o-consumo-de-laticinios\/#breadcrumb","itemListElement":[{"@type":"ListItem","position":1,"name":"In\u00edcio","item":"https:\/\/www.tuasaude.com\/news\/"},{"@type":"ListItem","position":2,"name":"O que acontece com a sua pele quando voc\u00ea reduz o consumo de latic\u00ednios?"}]},{"@type":"WebSite","@id":"https:\/\/www.tuasaude.com\/news\/#website","url":"https:\/\/www.tuasaude.com\/news\/","name":"Tua Sa\u00fade","description":"Seu site de sa\u00fade","potentialAction":[{"@type":"SearchAction","target":{"@type":"EntryPoint","urlTemplate":"https:\/\/www.tuasaude.com\/news\/?s={search_term_string}"},"query-input":{"@type":"PropertyValueSpecification","valueRequired":true,"valueName":"search_term_string"}}],"inLanguage":"pt-BR"},{"@type":"Person","@id":"https:\/\/www.tuasaude.com\/news\/#\/schema\/person\/2e9df841be69ec84f5d20ddb8d273ac2","name":"Gessika Julia Carvalho","image":{"@type":"ImageObject","inLanguage":"pt-BR","@id":"https:\/\/www.tuasaude.com\/news\/#\/schema\/person\/image\/","url":"https:\/\/secure.gravatar.com\/avatar\/0fcc8769024577fd0bc6a8b766055690f76a8e8f29dfb2a2f89cf04db8d0f2d2?s=96&d=mm&r=g","contentUrl":"https:\/\/secure.gravatar.com\/avatar\/0fcc8769024577fd0bc6a8b766055690f76a8e8f29dfb2a2f89cf04db8d0f2d2?s=96&d=mm&r=g","caption":"Gessika Julia Carvalho"},"sameAs":["https:\/\/www.tuasaude.com\/news\/"],"url":"https:\/\/www.tuasaude.com\/news\/author\/gessika-julia\/"}]}},"_links":{"self":[{"href":"https:\/\/www.tuasaude.com\/news\/wp-json\/wp\/v2\/posts\/9479","targetHints":{"allow":["GET"]}}],"collection":[{"href":"https:\/\/www.tuasaude.com\/news\/wp-json\/wp\/v2\/posts"}],"about":[{"href":"https:\/\/www.tuasaude.com\/news\/wp-json\/wp\/v2\/types\/post"}],"author":[{"embeddable":true,"href":"https:\/\/www.tuasaude.com\/news\/wp-json\/wp\/v2\/users\/11"}],"replies":[{"embeddable":true,"href":"https:\/\/www.tuasaude.com\/news\/wp-json\/wp\/v2\/comments?post=9479"}],"version-history":[{"count":2,"href":"https:\/\/www.tuasaude.com\/news\/wp-json\/wp\/v2\/posts\/9479\/revisions"}],"predecessor-version":[{"id":9571,"href":"https:\/\/www.tuasaude.com\/news\/wp-json\/wp\/v2\/posts\/9479\/revisions\/9571"}],"wp:featuredmedia":[{"embeddable":true,"href":"https:\/\/www.tuasaude.com\/news\/wp-json\/wp\/v2\/media\/9529"}],"wp:attachment":[{"href":"https:\/\/www.tuasaude.com\/news\/wp-json\/wp\/v2\/media?parent=9479"}],"wp:term":[{"taxonomy":"category","embeddable":true,"href":"https:\/\/www.tuasaude.com\/news\/wp-json\/wp\/v2\/categories?post=9479"},{"taxonomy":"post_tag","embeddable":true,"href":"https:\/\/www.tuasaude.com\/news\/wp-json\/wp\/v2\/tags?post=9479"}],"curies":[{"name":"wp","href":"https:\/\/api.w.org\/{rel}","templated":true}]}}