{"id":9447,"date":"2026-03-16T19:05:00","date_gmt":"2026-03-16T22:05:00","guid":{"rendered":"https:\/\/www.tuasaude.com\/news\/?p=9447"},"modified":"2026-03-15T16:31:12","modified_gmt":"2026-03-15T19:31:12","slug":"o-que-acontece-com-o-seu-cerebro-quando-voce-dorme-menos-de-seis-horas-por-noite","status":"publish","type":"post","link":"https:\/\/www.tuasaude.com\/news\/2026\/03\/16\/o-que-acontece-com-o-seu-cerebro-quando-voce-dorme-menos-de-seis-horas-por-noite\/","title":{"rendered":"O que acontece com o seu c\u00e9rebro quando voc\u00ea dorme menos de seis horas por noite?"},"content":{"rendered":"\n<p>Dormir menos de seis horas por noite pode parecer uma forma de ganhar mais tempo no dia, mas o pre\u00e7o que o c\u00e9rebro paga por esse h\u00e1bito \u00e9 alto. Durante o sono, o c\u00e9rebro realiza processos essenciais como a consolida\u00e7\u00e3o da mem\u00f3ria, a elimina\u00e7\u00e3o de res\u00edduos acumulados ao longo do dia e a restaura\u00e7\u00e3o das conex\u00f5es entre os neur\u00f4nios. Quando esse tempo \u00e9 encurtado de forma cr\u00f4nica, fun\u00e7\u00f5es como a mem\u00f3ria, a concentra\u00e7\u00e3o, a tomada de decis\u00e3o e o equil\u00edbrio emocional s\u00e3o diretamente comprometidas. Entender o que acontece no c\u00e9rebro com a priva\u00e7\u00e3o de sono ajuda a valorizar esse h\u00e1bito fundamental para a sa\u00fade.<\/p>\n\n\n\n<h2 class=\"wp-block-heading\">Como a falta de sono afeta a mem\u00f3ria e o aprendizado?<\/h2>\n\n\n\n<p>O<a href=\"https:\/\/www.tuasaude.com\/sono-rem\/\" target=\"_blank\" rel=\"noreferrer noopener\"> sono \u00e9 o momento em que o c\u00e9rebro transforma <\/a>as experi\u00eancias do dia em mem\u00f3rias duradouras. Esse processo acontece principalmente em uma regi\u00e3o chamada hipocampo, que funciona como um centro de armazenamento tempor\u00e1rio. Quando voc\u00ea dorme menos de seis horas, o hipocampo n\u00e3o tem tempo suficiente para processar e organizar as informa\u00e7\u00f5es recebidas, o que resulta em esquecimentos mais frequentes e dificuldade para reter o que foi aprendido.<\/p>\n\n\n\n<p>Pesquisas de neuroimagem mostram que a priva\u00e7\u00e3o cr\u00f4nica de sono pode levar \u00e0 redu\u00e7\u00e3o do volume do hipocampo ao longo do tempo, acelerando o decl\u00ednio da capacidade de mem\u00f3ria. Esse efeito \u00e9 cumulativo, o que significa que noites consecutivas de sono insuficiente agravam progressivamente o preju\u00edzo cognitivo.<\/p>\n\n\n<div class=\"wp-block-image\">\n<figure class=\"aligncenter size-large\"><img decoding=\"async\" width=\"1024\" height=\"571\" src=\"https:\/\/www.tuasaude.com\/news\/wp-content\/uploads\/2026\/03\/creation_2582390453-1024x571.png\" alt=\"O que acontece com o seu c\u00e9rebro quando voc\u00ea dorme menos de seis horas por noite?\" class=\"wp-image-9534\" srcset=\"https:\/\/www.tuasaude.com\/news\/wp-content\/uploads\/2026\/03\/creation_2582390453-1024x571.png 1024w, https:\/\/www.tuasaude.com\/news\/wp-content\/uploads\/2026\/03\/creation_2582390453-300x167.png 300w, https:\/\/www.tuasaude.com\/news\/wp-content\/uploads\/2026\/03\/creation_2582390453-768x428.png 768w, https:\/\/www.tuasaude.com\/news\/wp-content\/uploads\/2026\/03\/creation_2582390453-750x418.png 750w, https:\/\/www.tuasaude.com\/news\/wp-content\/uploads\/2026\/03\/creation_2582390453-1140x636.png 1140w, https:\/\/www.tuasaude.com\/news\/wp-content\/uploads\/2026\/03\/creation_2582390453.png 1280w\" sizes=\"(max-width: 1024px) 100vw, 1024px\" \/><figcaption class=\"wp-element-caption\">Dormir menos de seis horas por noite pode prejudicar mem\u00f3ria, concentra\u00e7\u00e3o e capacidade de aprendizado.<\/figcaption><\/figure>\n<\/div>\n\n\n<h2 class=\"wp-block-heading\">Revis\u00e3o cient\u00edfica confirma que a priva\u00e7\u00e3o de sono prejudica m\u00faltiplas fun\u00e7\u00f5es cognitivas<\/h2>\n\n\n\n<p>Os danos causados pela falta de sono ao c\u00e9rebro s\u00e3o amplamente documentados pela ci\u00eancia. Segundo a revis\u00e3o <a href=\"https:\/\/pmc.ncbi.nlm.nih.gov\/articles\/PMC10155483\/\" target=\"_blank\" rel=\"noreferrer noopener\">&#8220;The consequences of sleep deprivation on cognitive performance&#8221;<\/a>, publicada na revista <em>Neuropsychiatric Disease and Treatment<\/em> em 2023, a priva\u00e7\u00e3o de sono compromete a consolida\u00e7\u00e3o da mem\u00f3ria no hipocampo, reduz a capacidade de aten\u00e7\u00e3o e prejudica o funcionamento do c\u00f3rtex pr\u00e9-frontal, a regi\u00e3o do c\u00e9rebro respons\u00e1vel pelo planejamento, pela tomada de decis\u00e3o e pelo controle dos impulsos. A revis\u00e3o destaca ainda que a falta de sono prejudica o sistema de limpeza cerebral, favorecendo o ac\u00famulo de prote\u00ednas associadas a doen\u00e7as neurodegenerativas.<\/p>\n\n\n\n<h2 class=\"wp-block-heading\">Efeitos imediatos de dormir menos de seis horas<\/h2>\n\n\n\n<p>Os impactos da priva\u00e7\u00e3o de sono n\u00e3o se limitam ao longo prazo. Mesmo uma \u00fanica noite com menos de seis horas de descanso j\u00e1 produz efeitos percept\u00edveis no dia seguinte. Conhe\u00e7a as consequ\u00eancias mais comuns que o c\u00e9rebro enfrenta ap\u00f3s noites mal dormidas:<\/p>\n\n\n\n<div style=\"display: flex; flex-wrap: wrap; gap: 20px; justify-content: center; font-family: 'Segoe UI', Roboto, Helvetica, sans-serif; padding: 40px; background-color: #f1f5f9;\">\n\n  <div style=\"flex: 1; min-width: 250px; max-width: 280px; background: #ffffff; border: 1px solid #e2e8f0; padding: 25px; border-radius: 20px; box-shadow: 0 10px 25px rgba(0,0,0,0.05); text-align: center;\">\n\n    <div style=\"font-size: 32px; margin-bottom: 15px;\">\ud83e\udde0<\/div>\n\n    <h3 style=\"color: #334155; font-size: 1.1em; margin-bottom: 12px; letter-spacing: 1px;\">CONCENTRA\u00c7\u00c3O<\/h3>\n\n    <p style=\"color: #475569; font-size: 0.95em; line-height: 1.6; margin: 0;\">\n\n      Dormir menos de seis horas pode causar <strong>dificuldade de concentra\u00e7\u00e3o<\/strong> e maior tend\u00eancia a distra\u00e7\u00f5es em tarefas simples.\n\n    <\/p>\n\n  <\/div>\n\n  <div style=\"flex: 1; min-width: 250px; max-width: 280px; background: #ffffff; border: 1px solid #e2e8f0; padding: 25px; border-radius: 20px; box-shadow: 0 10px 25px rgba(0,0,0,0.05); text-align: center;\">\n\n    <div style=\"font-size: 32px; margin-bottom: 15px;\">\u26a1<\/div>\n\n    <h3 style=\"color: #334155; font-size: 1.1em; margin-bottom: 12px; letter-spacing: 1px;\">REA\u00c7\u00c3O<\/h3>\n\n    <p style=\"color: #475569; font-size: 0.95em; line-height: 1.6; margin: 0;\">\n\n      A priva\u00e7\u00e3o de sono torna o <strong>tempo de rea\u00e7\u00e3o mais lento<\/strong>, aumentando o risco de erros e acidentes.\n\n    <\/p>\n\n  <\/div>\n\n  <div style=\"flex: 1; min-width: 250px; max-width: 280px; background: #ffffff; border: 1px solid #e2e8f0; padding: 25px; border-radius: 20px; box-shadow: 0 10px 25px rgba(0,0,0,0.05); text-align: center;\">\n\n    <div style=\"font-size: 32px; margin-bottom: 15px;\">\ud83d\ude20<\/div>\n\n    <h3 style=\"color: #334155; font-size: 1.1em; margin-bottom: 12px; letter-spacing: 1px;\">HUMOR<\/h3>\n\n    <p style=\"color: #475569; font-size: 0.95em; line-height: 1.6; margin: 0;\">\n\n      No dia seguinte, \u00e9 comum surgir <strong>maior irritabilidade<\/strong> e rea\u00e7\u00f5es emocionais mais intensas.\n\n    <\/p>\n\n  <\/div>\n\n  <div style=\"flex: 1; min-width: 250px; max-width: 280px; background: #ffffff; border: 1px solid #e2e8f0; padding: 25px; border-radius: 20px; box-shadow: 0 10px 25px rgba(0,0,0,0.05); text-align: center;\">\n\n    <div style=\"font-size: 32px; margin-bottom: 15px;\">\u2696\ufe0f<\/div>\n\n    <h3 style=\"color: #334155; font-size: 1.1em; margin-bottom: 12px; letter-spacing: 1px;\">DECIS\u00d5ES<\/h3>\n\n    <p style=\"color: #475569; font-size: 0.95em; line-height: 1.6; margin: 0;\">\n\n      O c\u00e9rebro tem mais dificuldade para <strong>avaliar riscos e tomar decis\u00f5es<\/strong> quando est\u00e1 privado de sono.\n\n    <\/p>\n\n  <\/div>\n\n  <div style=\"flex: 1; min-width: 250px; max-width: 280px; background: #ffffff; border: 1px solid #e2e8f0; padding: 25px; border-radius: 20px; box-shadow: 0 10px 25px rgba(0,0,0,0.05); text-align: center;\">\n\n    <div style=\"font-size: 32px; margin-bottom: 15px;\">\ud83c\udf2b\ufe0f<\/div>\n\n    <h3 style=\"color: #334155; font-size: 1.1em; margin-bottom: 12px; letter-spacing: 1px;\">N\u00c9VOA MENTAL<\/h3>\n\n    <p style=\"color: #475569; font-size: 0.95em; line-height: 1.6; margin: 0;\">\n\n      Pensamentos podem ficar <strong>mais lentos e menos claros<\/strong>, gerando a sensa\u00e7\u00e3o de &#8220;mente embaralhada&#8221;.\n\n    <\/p>\n\n  <\/div>\n\n<\/div>\n\n\n\n<h2 class=\"wp-block-heading\">O que acontece quando a priva\u00e7\u00e3o de sono se torna cr\u00f4nica?<\/h2>\n\n\n\n<p>Quando dormir menos de seis horas se torna um padr\u00e3o repetido ao longo de semanas e meses, os efeitos sobre o c\u00e9rebro se aprofundam e podem se tornar mais dif\u00edceis de reverter. As consequ\u00eancias de longo prazo incluem:<\/p>\n\n\n\n<ul class=\"wp-block-list\">\n<li>Aumento dos n\u00edveis de cortisol, o horm\u00f4nio do estresse, que em excesso prejudica as conex\u00f5es entre neur\u00f4nios<\/li>\n\n\n\n<li>Redu\u00e7\u00e3o progressiva da capacidade de mem\u00f3ria e do aprendizado<\/li>\n\n\n\n<li>Maior risco de desenvolver ansiedade, depress\u00e3o e transtornos de humor<\/li>\n\n\n\n<li>Ac\u00famulo de subst\u00e2ncias nocivas no c\u00e9rebro que normalmente seriam eliminadas durante o sono profundo<\/li>\n\n\n\n<li>Maior predisposi\u00e7\u00e3o ao decl\u00ednio cognitivo e a doen\u00e7as neurodegenerativas com o envelhecimento<\/li>\n<\/ul>\n\n\n\n<p>O mais preocupante \u00e9 que muitas pessoas se acostumam a funcionar com poucas horas de sono e deixam de perceber o quanto suas capacidades mentais est\u00e3o comprometidas. Para entender melhor como os ciclos de sono funcionam e por que cada fase \u00e9 importante para o c\u00e9rebro, confira o conte\u00fado completo sobre o <a href=\"https:\/\/www.tuasaude.com\/sono-rem\/\" target=\"_blank\" rel=\"noreferrer noopener\">sono REM<\/a> publicado pelo Tua Sa\u00fade.<\/p>\n\n\n\n<h2 class=\"wp-block-heading\">Como proteger o c\u00e9rebro melhorando a qualidade do sono?<\/h2>\n\n\n\n<p>A recomenda\u00e7\u00e3o de especialistas \u00e9 que adultos durmam entre sete e nove horas por noite para permitir que o c\u00e9rebro complete todos os ciclos de sono necess\u00e1rios. Mais do que a quantidade, a qualidade do sono tamb\u00e9m importa, pois interrup\u00e7\u00f5es frequentes impedem o c\u00e9rebro de atingir as fases mais profundas e restauradoras do descanso.<\/p>\n\n\n\n<p>Manter hor\u00e1rios regulares para dormir e acordar, evitar telas luminosas antes de deitar, reduzir o consumo de cafe\u00edna a partir do meio da tarde e criar um ambiente escuro e silencioso s\u00e3o medidas simples que ajudam a melhorar o sono. Quando a dificuldade para dormir persiste, \u00e9 importante procurar orienta\u00e7\u00e3o m\u00e9dica para investigar poss\u00edveis causas e encontrar o tratamento adequado.<\/p>\n\n\n\n<p><em>Este conte\u00fado tem car\u00e1ter exclusivamente informativo e n\u00e3o substitui a avalia\u00e7\u00e3o, o diagn\u00f3stico ou o tratamento de um m\u00e9dico ou profissional de sa\u00fade qualificado. Diante de qualquer d\u00favida sobre dist\u00farbios do sono ou seus efeitos sobre a sa\u00fade, procure orienta\u00e7\u00e3o m\u00e9dica profissional.<\/em><\/p>\n","protected":false},"excerpt":{"rendered":"<p>Dormir menos de seis horas por noite pode parecer uma forma de ganhar mais tempo no dia, mas o pre\u00e7o que o c\u00e9rebro paga por esse h\u00e1bito \u00e9 alto. Durante o sono, o c\u00e9rebro realiza processos essenciais como a consolida\u00e7\u00e3o da mem\u00f3ria, a elimina\u00e7\u00e3o de res\u00edduos acumulados ao longo do dia e a restaura\u00e7\u00e3o das [&hellip;]<\/p>\n","protected":false},"author":11,"featured_media":9533,"comment_status":"open","ping_status":"open","sticky":false,"template":"","format":"standard","meta":{"_yoast_wpseo_focuskw":"dormir seis horas","_yoast_wpseo_title":"","_yoast_wpseo_metadesc":"Dormir menos de seis horas pode prejudicar mem\u00f3ria, aten\u00e7\u00e3o e decis\u00f5es. Entenda o que acontece no c\u00e9rebro com a priva\u00e7\u00e3o de sono.","jnews-multi-image_gallery":[],"jnews_single_post":{"format":"standard"},"jnews_primary_category":[],"jnews_social_meta":[],"jnews_override_counter":[],"footnotes":""},"categories":[111],"tags":[266,1181,1086,116],"class_list":["post-9447","post","type-post","status-publish","format-standard","has-post-thumbnail","hentry","category-saude","tag-dormir-bem","tag-saude-do-cerebro","tag-saude-do-sono","tag-sono"],"yoast_head":"<!-- This site is optimized with the Yoast SEO plugin v26.7 - https:\/\/yoast.com\/wordpress\/plugins\/seo\/ -->\n<title>O que acontece com o seu c\u00e9rebro quando voc\u00ea dorme menos de seis horas por noite? - Tua Sa\u00fade<\/title>\n<meta name=\"description\" content=\"Dormir menos de seis horas pode prejudicar mem\u00f3ria, aten\u00e7\u00e3o e decis\u00f5es. Entenda o que acontece no c\u00e9rebro com a priva\u00e7\u00e3o de sono.\" \/>\n<meta name=\"robots\" content=\"index, follow, max-snippet:-1, max-image-preview:large, max-video-preview:-1\" \/>\n<link rel=\"canonical\" href=\"https:\/\/www.tuasaude.com\/news\/2026\/03\/16\/o-que-acontece-com-o-seu-cerebro-quando-voce-dorme-menos-de-seis-horas-por-noite\/\" \/>\n<meta property=\"og:locale\" content=\"pt_BR\" \/>\n<meta property=\"og:type\" content=\"article\" \/>\n<meta property=\"og:title\" content=\"O que acontece com o seu c\u00e9rebro quando voc\u00ea dorme menos de seis horas por noite? - Tua Sa\u00fade\" \/>\n<meta property=\"og:description\" content=\"Dormir menos de seis horas pode prejudicar mem\u00f3ria, aten\u00e7\u00e3o e decis\u00f5es. Entenda o que acontece no c\u00e9rebro com a priva\u00e7\u00e3o de sono.\" \/>\n<meta property=\"og:url\" content=\"https:\/\/www.tuasaude.com\/news\/2026\/03\/16\/o-que-acontece-com-o-seu-cerebro-quando-voce-dorme-menos-de-seis-horas-por-noite\/\" \/>\n<meta property=\"og:site_name\" content=\"Tua Sa\u00fade\" \/>\n<meta property=\"article:published_time\" content=\"2026-03-16T22:05:00+00:00\" \/>\n<meta property=\"og:image\" content=\"https:\/\/www.tuasaude.com\/news\/wp-content\/uploads\/2026\/03\/creation_2582390148.png\" \/>\n\t<meta property=\"og:image:width\" content=\"1280\" \/>\n\t<meta property=\"og:image:height\" content=\"714\" \/>\n\t<meta property=\"og:image:type\" content=\"image\/png\" \/>\n<meta name=\"author\" content=\"Gessika Julia Carvalho\" \/>\n<meta name=\"twitter:card\" content=\"summary_large_image\" \/>\n<meta name=\"twitter:label1\" content=\"Escrito por\" \/>\n\t<meta name=\"twitter:data1\" content=\"Gessika Julia Carvalho\" \/>\n\t<meta name=\"twitter:label2\" content=\"Est. tempo de leitura\" \/>\n\t<meta name=\"twitter:data2\" content=\"5 minutos\" \/>\n<!-- \/ Yoast SEO plugin. -->","yoast_head_json":{"title":"O que acontece com o seu c\u00e9rebro quando voc\u00ea dorme menos de seis horas por noite? - Tua Sa\u00fade","description":"Dormir menos de seis horas pode prejudicar mem\u00f3ria, aten\u00e7\u00e3o e decis\u00f5es. Entenda o que acontece no c\u00e9rebro com a priva\u00e7\u00e3o de sono.","robots":{"index":"index","follow":"follow","max-snippet":"max-snippet:-1","max-image-preview":"max-image-preview:large","max-video-preview":"max-video-preview:-1"},"canonical":"https:\/\/www.tuasaude.com\/news\/2026\/03\/16\/o-que-acontece-com-o-seu-cerebro-quando-voce-dorme-menos-de-seis-horas-por-noite\/","og_locale":"pt_BR","og_type":"article","og_title":"O que acontece com o seu c\u00e9rebro quando voc\u00ea dorme menos de seis horas por noite? - Tua Sa\u00fade","og_description":"Dormir menos de seis horas pode prejudicar mem\u00f3ria, aten\u00e7\u00e3o e decis\u00f5es. Entenda o que acontece no c\u00e9rebro com a priva\u00e7\u00e3o de sono.","og_url":"https:\/\/www.tuasaude.com\/news\/2026\/03\/16\/o-que-acontece-com-o-seu-cerebro-quando-voce-dorme-menos-de-seis-horas-por-noite\/","og_site_name":"Tua Sa\u00fade","article_published_time":"2026-03-16T22:05:00+00:00","og_image":[{"width":1280,"height":714,"url":"https:\/\/www.tuasaude.com\/news\/wp-content\/uploads\/2026\/03\/creation_2582390148.png","type":"image\/png"}],"author":"Gessika Julia Carvalho","twitter_card":"summary_large_image","twitter_misc":{"Escrito por":"Gessika Julia Carvalho","Est. tempo de leitura":"5 minutos"},"schema":{"@context":"https:\/\/schema.org","@graph":[{"@type":"Article","@id":"https:\/\/www.tuasaude.com\/news\/2026\/03\/16\/o-que-acontece-com-o-seu-cerebro-quando-voce-dorme-menos-de-seis-horas-por-noite\/#article","isPartOf":{"@id":"https:\/\/www.tuasaude.com\/news\/2026\/03\/16\/o-que-acontece-com-o-seu-cerebro-quando-voce-dorme-menos-de-seis-horas-por-noite\/"},"author":{"name":"Gessika Julia Carvalho","@id":"https:\/\/www.tuasaude.com\/news\/#\/schema\/person\/2e9df841be69ec84f5d20ddb8d273ac2"},"headline":"O que acontece com o seu c\u00e9rebro quando voc\u00ea dorme menos de seis horas por noite?","datePublished":"2026-03-16T22:05:00+00:00","mainEntityOfPage":{"@id":"https:\/\/www.tuasaude.com\/news\/2026\/03\/16\/o-que-acontece-com-o-seu-cerebro-quando-voce-dorme-menos-de-seis-horas-por-noite\/"},"wordCount":960,"commentCount":0,"image":{"@id":"https:\/\/www.tuasaude.com\/news\/2026\/03\/16\/o-que-acontece-com-o-seu-cerebro-quando-voce-dorme-menos-de-seis-horas-por-noite\/#primaryimage"},"thumbnailUrl":"https:\/\/www.tuasaude.com\/news\/wp-content\/uploads\/2026\/03\/creation_2582390148.png","keywords":["dormir bem","sa\u00fade do c\u00e9rebro","sa\u00fade do sono","sono"],"articleSection":["Sa\u00fade"],"inLanguage":"pt-BR","potentialAction":[{"@type":"CommentAction","name":"Comment","target":["https:\/\/www.tuasaude.com\/news\/2026\/03\/16\/o-que-acontece-com-o-seu-cerebro-quando-voce-dorme-menos-de-seis-horas-por-noite\/#respond"]}]},{"@type":"WebPage","@id":"https:\/\/www.tuasaude.com\/news\/2026\/03\/16\/o-que-acontece-com-o-seu-cerebro-quando-voce-dorme-menos-de-seis-horas-por-noite\/","url":"https:\/\/www.tuasaude.com\/news\/2026\/03\/16\/o-que-acontece-com-o-seu-cerebro-quando-voce-dorme-menos-de-seis-horas-por-noite\/","name":"O que acontece com o seu c\u00e9rebro quando voc\u00ea dorme menos de seis horas por noite? - Tua Sa\u00fade","isPartOf":{"@id":"https:\/\/www.tuasaude.com\/news\/#website"},"primaryImageOfPage":{"@id":"https:\/\/www.tuasaude.com\/news\/2026\/03\/16\/o-que-acontece-com-o-seu-cerebro-quando-voce-dorme-menos-de-seis-horas-por-noite\/#primaryimage"},"image":{"@id":"https:\/\/www.tuasaude.com\/news\/2026\/03\/16\/o-que-acontece-com-o-seu-cerebro-quando-voce-dorme-menos-de-seis-horas-por-noite\/#primaryimage"},"thumbnailUrl":"https:\/\/www.tuasaude.com\/news\/wp-content\/uploads\/2026\/03\/creation_2582390148.png","datePublished":"2026-03-16T22:05:00+00:00","author":{"@id":"https:\/\/www.tuasaude.com\/news\/#\/schema\/person\/2e9df841be69ec84f5d20ddb8d273ac2"},"description":"Dormir menos de seis horas pode prejudicar mem\u00f3ria, aten\u00e7\u00e3o e decis\u00f5es. Entenda o que acontece no c\u00e9rebro com a priva\u00e7\u00e3o de sono.","breadcrumb":{"@id":"https:\/\/www.tuasaude.com\/news\/2026\/03\/16\/o-que-acontece-com-o-seu-cerebro-quando-voce-dorme-menos-de-seis-horas-por-noite\/#breadcrumb"},"inLanguage":"pt-BR","potentialAction":[{"@type":"ReadAction","target":["https:\/\/www.tuasaude.com\/news\/2026\/03\/16\/o-que-acontece-com-o-seu-cerebro-quando-voce-dorme-menos-de-seis-horas-por-noite\/"]}]},{"@type":"ImageObject","inLanguage":"pt-BR","@id":"https:\/\/www.tuasaude.com\/news\/2026\/03\/16\/o-que-acontece-com-o-seu-cerebro-quando-voce-dorme-menos-de-seis-horas-por-noite\/#primaryimage","url":"https:\/\/www.tuasaude.com\/news\/wp-content\/uploads\/2026\/03\/creation_2582390148.png","contentUrl":"https:\/\/www.tuasaude.com\/news\/wp-content\/uploads\/2026\/03\/creation_2582390148.png","width":1280,"height":714,"caption":"Dormir entre sete e nove horas por noite ajuda o c\u00e9rebro a consolidar mem\u00f3rias e manter o funcionamento cognitivo saud\u00e1vel."},{"@type":"BreadcrumbList","@id":"https:\/\/www.tuasaude.com\/news\/2026\/03\/16\/o-que-acontece-com-o-seu-cerebro-quando-voce-dorme-menos-de-seis-horas-por-noite\/#breadcrumb","itemListElement":[{"@type":"ListItem","position":1,"name":"In\u00edcio","item":"https:\/\/www.tuasaude.com\/news\/"},{"@type":"ListItem","position":2,"name":"O que acontece com o seu c\u00e9rebro quando voc\u00ea dorme menos de seis horas por noite?"}]},{"@type":"WebSite","@id":"https:\/\/www.tuasaude.com\/news\/#website","url":"https:\/\/www.tuasaude.com\/news\/","name":"Tua Sa\u00fade","description":"Seu site de sa\u00fade","potentialAction":[{"@type":"SearchAction","target":{"@type":"EntryPoint","urlTemplate":"https:\/\/www.tuasaude.com\/news\/?s={search_term_string}"},"query-input":{"@type":"PropertyValueSpecification","valueRequired":true,"valueName":"search_term_string"}}],"inLanguage":"pt-BR"},{"@type":"Person","@id":"https:\/\/www.tuasaude.com\/news\/#\/schema\/person\/2e9df841be69ec84f5d20ddb8d273ac2","name":"Gessika Julia Carvalho","image":{"@type":"ImageObject","inLanguage":"pt-BR","@id":"https:\/\/www.tuasaude.com\/news\/#\/schema\/person\/image\/","url":"https:\/\/secure.gravatar.com\/avatar\/0fcc8769024577fd0bc6a8b766055690f76a8e8f29dfb2a2f89cf04db8d0f2d2?s=96&d=mm&r=g","contentUrl":"https:\/\/secure.gravatar.com\/avatar\/0fcc8769024577fd0bc6a8b766055690f76a8e8f29dfb2a2f89cf04db8d0f2d2?s=96&d=mm&r=g","caption":"Gessika Julia Carvalho"},"sameAs":["https:\/\/www.tuasaude.com\/news\/"],"url":"https:\/\/www.tuasaude.com\/news\/author\/gessika-julia\/"}]}},"_links":{"self":[{"href":"https:\/\/www.tuasaude.com\/news\/wp-json\/wp\/v2\/posts\/9447","targetHints":{"allow":["GET"]}}],"collection":[{"href":"https:\/\/www.tuasaude.com\/news\/wp-json\/wp\/v2\/posts"}],"about":[{"href":"https:\/\/www.tuasaude.com\/news\/wp-json\/wp\/v2\/types\/post"}],"author":[{"embeddable":true,"href":"https:\/\/www.tuasaude.com\/news\/wp-json\/wp\/v2\/users\/11"}],"replies":[{"embeddable":true,"href":"https:\/\/www.tuasaude.com\/news\/wp-json\/wp\/v2\/comments?post=9447"}],"version-history":[{"count":2,"href":"https:\/\/www.tuasaude.com\/news\/wp-json\/wp\/v2\/posts\/9447\/revisions"}],"predecessor-version":[{"id":9573,"href":"https:\/\/www.tuasaude.com\/news\/wp-json\/wp\/v2\/posts\/9447\/revisions\/9573"}],"wp:featuredmedia":[{"embeddable":true,"href":"https:\/\/www.tuasaude.com\/news\/wp-json\/wp\/v2\/media\/9533"}],"wp:attachment":[{"href":"https:\/\/www.tuasaude.com\/news\/wp-json\/wp\/v2\/media?parent=9447"}],"wp:term":[{"taxonomy":"category","embeddable":true,"href":"https:\/\/www.tuasaude.com\/news\/wp-json\/wp\/v2\/categories?post=9447"},{"taxonomy":"post_tag","embeddable":true,"href":"https:\/\/www.tuasaude.com\/news\/wp-json\/wp\/v2\/tags?post=9447"}],"curies":[{"name":"wp","href":"https:\/\/api.w.org\/{rel}","templated":true}]}}