{"id":9441,"date":"2026-03-16T17:55:00","date_gmt":"2026-03-16T20:55:00","guid":{"rendered":"https:\/\/www.tuasaude.com\/news\/?p=9441"},"modified":"2026-03-15T16:31:14","modified_gmt":"2026-03-15T19:31:14","slug":"por-que-precisamos-de-vitamina-d-em-quais-alimentos-podemos-encontra-la","status":"publish","type":"post","link":"https:\/\/www.tuasaude.com\/news\/2026\/03\/16\/por-que-precisamos-de-vitamina-d-em-quais-alimentos-podemos-encontra-la\/","title":{"rendered":"Por que precisamos de vitamina D? Em quais alimentos podemos encontr\u00e1-la?"},"content":{"rendered":"\n<p>A vitamina D \u00e9 diferente da maioria das vitaminas porque age como um horm\u00f4nio no organismo, regulando processos que v\u00e3o muito al\u00e9m da sa\u00fade dos ossos. Ela controla a absor\u00e7\u00e3o de c\u00e1lcio, fortalece o sistema imunol\u00f3gico, influencia o humor e participa da fun\u00e7\u00e3o muscular. Apesar de o sol ser a principal fonte, estima-se que mais de um bilh\u00e3o de pessoas no mundo tenham n\u00edveis insuficientes dessa vitamina, o que pode comprometer a sa\u00fade de diversas formas. Saber quais alimentos ajudam a manter os n\u00edveis adequados \u00e9 essencial, especialmente para quem tem pouca exposi\u00e7\u00e3o solar no dia a dia.<\/p>\n\n\n\n<h2 class=\"wp-block-heading\">O que a vitamina D faz no organismo?<\/h2>\n\n\n\n<p>A <a href=\"https:\/\/www.tuasaude.com\/para-que-serve-a-vitamina-d\/\" target=\"_blank\" rel=\"noreferrer noopener\">principal fun\u00e7\u00e3o da vitamina D \u00e9 facilitar a absor\u00e7\u00e3o de c\u00e1lcio<\/a> e f\u00f3sforo no intestino, dois minerais essenciais para manter os ossos e os dentes fortes. Sem vitamina D suficiente, o c\u00e1lcio consumido na alimenta\u00e7\u00e3o n\u00e3o \u00e9 aproveitado de forma adequada, o que aumenta o risco de enfraquecimento \u00f3sseo, especialmente em idosos e mulheres ap\u00f3s a menopausa.<\/p>\n\n\n\n<p>Al\u00e9m disso, a vitamina D atua na regula\u00e7\u00e3o do sistema imunol\u00f3gico, ajudando as c\u00e9lulas de defesa a responder com mais efici\u00eancia a v\u00edrus e bact\u00e9rias. Pesquisas recentes tamb\u00e9m associam n\u00edveis adequados dessa vitamina a um menor risco de doen\u00e7as cardiovasculares, diabetes tipo 2 e transtornos de humor como a depress\u00e3o.<\/p>\n\n\n<div class=\"wp-block-image\">\n<figure class=\"aligncenter size-large\"><img decoding=\"async\" width=\"1024\" height=\"571\" src=\"https:\/\/www.tuasaude.com\/news\/wp-content\/uploads\/2026\/03\/creation_2582416738-1024x571.png\" alt=\"Por que precisamos de vitamina D? Em quais alimentos podemos encontr\u00e1-la?\" class=\"wp-image-9540\" srcset=\"https:\/\/www.tuasaude.com\/news\/wp-content\/uploads\/2026\/03\/creation_2582416738-1024x571.png 1024w, https:\/\/www.tuasaude.com\/news\/wp-content\/uploads\/2026\/03\/creation_2582416738-300x167.png 300w, https:\/\/www.tuasaude.com\/news\/wp-content\/uploads\/2026\/03\/creation_2582416738-768x428.png 768w, https:\/\/www.tuasaude.com\/news\/wp-content\/uploads\/2026\/03\/creation_2582416738-750x418.png 750w, https:\/\/www.tuasaude.com\/news\/wp-content\/uploads\/2026\/03\/creation_2582416738-1140x636.png 1140w, https:\/\/www.tuasaude.com\/news\/wp-content\/uploads\/2026\/03\/creation_2582416738.png 1280w\" sizes=\"(max-width: 1024px) 100vw, 1024px\" \/><figcaption class=\"wp-element-caption\">Por que precisamos de vitamina D? Em quais alimentos podemos encontr\u00e1-la?<\/figcaption><\/figure>\n<\/div>\n\n\n<h2 class=\"wp-block-heading\">Revis\u00e3o cient\u00edfica refor\u00e7a a import\u00e2ncia da vitamina D para a sa\u00fade geral<\/h2>\n\n\n\n<p>A rela\u00e7\u00e3o entre a defici\u00eancia de vitamina D e o aumento do risco de diversas doen\u00e7as \u00e9 amplamente documentada pela ci\u00eancia. Segundo a revis\u00e3o narrativa <a href=\"https:\/\/pmc.ncbi.nlm.nih.gov\/articles\/PMC10163584\/\" target=\"_blank\" rel=\"noreferrer noopener\">&#8220;The Role of Vitamin D in Health and Disease: A Narrative Review on the Mechanisms Linking Vitamin D with Disease and the Effects of Supplementation&#8221;<\/a>, publicada na revista <em>Nutrients<\/em> em 2023, a defici\u00eancia de vitamina D est\u00e1 associada a infec\u00e7\u00f5es, diabetes tipo 2, hipertens\u00e3o, doen\u00e7as cardiovasculares, doen\u00e7as autoimunes e condi\u00e7\u00f5es neurodegenerativas. A revis\u00e3o destaca que, embora a suplementa\u00e7\u00e3o tenha benef\u00edcios comprovados em pessoas com defici\u00eancia, manter n\u00edveis adequados por meio da exposi\u00e7\u00e3o solar e da alimenta\u00e7\u00e3o continua sendo a estrat\u00e9gia mais recomendada.<\/p>\n\n\n\n<h2 class=\"wp-block-heading\">Alimentos que s\u00e3o fontes naturais de vitamina D<\/h2>\n\n\n\n<p>Embora o sol seja respons\u00e1vel por grande parte da produ\u00e7\u00e3o de vitamina D no corpo, alguns alimentos contribuem de forma significativa para os n\u00edveis dessa vitamina no sangue. Inclu\u00ed-los na alimenta\u00e7\u00e3o \u00e9 especialmente importante para quem tem pouca exposi\u00e7\u00e3o solar. Veja as principais fontes:<\/p>\n\n\n\n<div style=\"display: flex; flex-wrap: wrap; gap: 20px; justify-content: center; font-family: 'Segoe UI', Roboto, Helvetica, sans-serif; padding: 40px; background-color: #f1f5f9;\">\n\n  <div style=\"flex: 1; min-width: 250px; max-width: 280px; background: #ffffff; border: 1px solid #e2e8f0; padding: 25px; border-radius: 20px; box-shadow: 0 10px 25px rgba(0,0,0,0.05); text-align: center;\">\n\n    <div style=\"font-size: 32px; margin-bottom: 15px;\">\ud83d\udc1f<\/div>\n\n    <h3 style=\"color: #334155; font-size: 1.1em; margin-bottom: 12px; letter-spacing: 1px;\">PEIXES GORDUROSOS<\/h3>\n\n    <p style=\"color: #475569; font-size: 0.95em; line-height: 1.6; margin: 0;\">\n      Sardinha, salm\u00e3o e atum est\u00e3o entre as <strong>fontes naturais mais ricas em vitamina D<\/strong>.\n    <\/p>\n\n  <\/div>\n\n  <div style=\"flex: 1; min-width: 250px; max-width: 280px; background: #ffffff; border: 1px solid #e2e8f0; padding: 25px; border-radius: 20px; box-shadow: 0 10px 25px rgba(0,0,0,0.05); text-align: center;\">\n\n    <div style=\"font-size: 32px; margin-bottom: 15px;\">\ud83e\udd5a<\/div>\n\n    <h3 style=\"color: #334155; font-size: 1.1em; margin-bottom: 12px; letter-spacing: 1px;\">GEMA DE OVO<\/h3>\n\n    <p style=\"color: #475569; font-size: 0.95em; line-height: 1.6; margin: 0;\">\n      A gema de ovo \u00e9 uma <strong>fonte acess\u00edvel de vitamina D<\/strong> e pode fazer parte da alimenta\u00e7\u00e3o di\u00e1ria.\n    <\/p>\n\n  <\/div>\n\n  <div style=\"flex: 1; min-width: 250px; max-width: 280px; background: #ffffff; border: 1px solid #e2e8f0; padding: 25px; border-radius: 20px; box-shadow: 0 10px 25px rgba(0,0,0,0.05); text-align: center;\">\n\n    <div style=\"font-size: 32px; margin-bottom: 15px;\">\ud83c\udf44<\/div>\n\n    <h3 style=\"color: #334155; font-size: 1.1em; margin-bottom: 12px; letter-spacing: 1px;\">COGUMELOS<\/h3>\n\n    <p style=\"color: #475569; font-size: 0.95em; line-height: 1.6; margin: 0;\">\n      Cogumelos expostos ao sol produzem <strong>vitamina D de forma semelhante \u00e0 pele humana<\/strong>.\n    <\/p>\n\n  <\/div>\n\n  <div style=\"flex: 1; min-width: 250px; max-width: 280px; background: #ffffff; border: 1px solid #e2e8f0; padding: 25px; border-radius: 20px; box-shadow: 0 10px 25px rgba(0,0,0,0.05); text-align: center;\">\n\n    <div style=\"font-size: 32px; margin-bottom: 15px;\">\ud83e\udd69<\/div>\n\n    <h3 style=\"color: #334155; font-size: 1.1em; margin-bottom: 12px; letter-spacing: 1px;\">F\u00cdGADO BOVINO<\/h3>\n\n    <p style=\"color: #475569; font-size: 0.95em; line-height: 1.6; margin: 0;\">\n      O f\u00edgado bovino oferece <strong>vitamina D junto com ferro e vitamina A<\/strong>.\n    <\/p>\n\n  <\/div>\n\n  <div style=\"flex: 1; min-width: 250px; max-width: 280px; background: #ffffff; border: 1px solid #e2e8f0; padding: 25px; border-radius: 20px; box-shadow: 0 10px 25px rgba(0,0,0,0.05); text-align: center;\">\n\n    <div style=\"font-size: 32px; margin-bottom: 15px;\">\ud83e\udd5b<\/div>\n\n    <h3 style=\"color: #334155; font-size: 1.1em; margin-bottom: 12px; letter-spacing: 1px;\">FORTIFICADOS<\/h3>\n\n    <p style=\"color: #475569; font-size: 0.95em; line-height: 1.6; margin: 0;\">\n      Leite e derivados fortificados recebem <strong>adi\u00e7\u00e3o de vitamina D<\/strong> durante o processamento.\n    <\/p>\n\n  <\/div>\n\n  <div style=\"flex: 1; min-width: 250px; max-width: 280px; background: #ffffff; border: 1px solid #e2e8f0; padding: 25px; border-radius: 20px; box-shadow: 0 10px 25px rgba(0,0,0,0.05); text-align: center;\">\n\n    <div style=\"font-size: 32px; margin-bottom: 15px;\">\ud83e\uddf4<\/div>\n\n    <h3 style=\"color: #334155; font-size: 1.1em; margin-bottom: 12px; letter-spacing: 1px;\">\u00d3LEO DE BACALHAU<\/h3>\n\n    <p style=\"color: #475569; font-size: 0.95em; line-height: 1.6; margin: 0;\">\n      O \u00f3leo de f\u00edgado de bacalhau \u00e9 um dos alimentos com <strong>maior concentra\u00e7\u00e3o de vitamina D<\/strong>.\n    <\/p>\n\n  <\/div>\n\n<\/div>\n\n\n\n<p>A recomenda\u00e7\u00e3o di\u00e1ria de vitamina D para adultos varia entre 600 e 800 UI, podendo ser maior para idosos ou pessoas com defici\u00eancia comprovada. Para quem mora em regi\u00f5es com pouca incid\u00eancia solar ou passa a maior parte do dia em ambientes fechados, a alimenta\u00e7\u00e3o ganha ainda mais import\u00e2ncia.<\/p>\n\n\n\n<h2 class=\"wp-block-heading\">Sinais de que o corpo pode estar com falta de vitamina D<\/h2>\n\n\n\n<p>A defici\u00eancia de vitamina D muitas vezes se desenvolve de forma silenciosa, e seus sintomas s\u00e3o facilmente confundidos com cansa\u00e7o ou estresse do dia a dia. Fique atento aos sinais mais frequentes que podem indicar n\u00edveis baixos dessa vitamina:<\/p>\n\n\n\n<ul class=\"wp-block-list\">\n<li>Cansa\u00e7o persistente e sensa\u00e7\u00e3o de fraqueza muscular<\/li>\n\n\n\n<li>Dores nos ossos e nas articula\u00e7\u00f5es, especialmente nas costas e nas pernas<\/li>\n\n\n\n<li>Infec\u00e7\u00f5es frequentes como gripes e resfriados<\/li>\n\n\n\n<li>Altera\u00e7\u00f5es de humor, irritabilidade ou sintomas depressivos<\/li>\n\n\n\n<li>Cicatriza\u00e7\u00e3o lenta de feridas e recupera\u00e7\u00e3o demorada ap\u00f3s exerc\u00edcios<\/li>\n<\/ul>\n\n\n\n<p>Grupos de maior risco incluem idosos, pessoas com pele escura, gestantes, obesos e quem vive em regi\u00f5es com invernos longos ou pouca luz solar. Para conhecer mais sobre os benef\u00edcios e as formas de reposi\u00e7\u00e3o dessa vitamina, confira o conte\u00fado completo sobre <a href=\"https:\/\/www.tuasaude.com\/para-que-serve-a-vitamina-d\/\" target=\"_blank\" rel=\"noreferrer noopener\">vitamina D<\/a> publicado pelo Tua Sa\u00fade.<\/p>\n\n\n\n<h2 class=\"wp-block-heading\">Quando a suplementa\u00e7\u00e3o de vitamina D \u00e9 indicada?<\/h2>\n\n\n\n<p>Para a maioria das pessoas, a combina\u00e7\u00e3o de exposi\u00e7\u00e3o solar moderada com uma alimenta\u00e7\u00e3o variada \u00e9 suficiente para manter os n\u00edveis de vitamina D dentro do recomendado. No entanto, quando o exame de sangue revela defici\u00eancia, a suplementa\u00e7\u00e3o pode ser necess\u00e1ria. Ela deve sempre ser orientada por um profissional de sa\u00fade, pois o excesso de vitamina D tamb\u00e9m pode ser prejudicial, causando ac\u00famulo de c\u00e1lcio no organismo.<\/p>\n\n\n\n<p>A exposi\u00e7\u00e3o solar recomendada para estimular a produ\u00e7\u00e3o de vitamina D \u00e9 de 15 a 20 minutos por dia, preferencialmente nos bra\u00e7os e nas pernas, em hor\u00e1rios de menor intensidade. Esse h\u00e1bito simples, aliado a uma alimenta\u00e7\u00e3o adequada, pode ser suficiente para prevenir a defici\u00eancia na maioria dos casos.<\/p>\n\n\n\n<p><em>Este conte\u00fado tem car\u00e1ter exclusivamente informativo e n\u00e3o substitui a avalia\u00e7\u00e3o, o diagn\u00f3stico ou o tratamento de um m\u00e9dico ou profissional de sa\u00fade qualificado. Diante de qualquer d\u00favida sobre defici\u00eancia de vitamina D ou necessidade de suplementa\u00e7\u00e3o, procure orienta\u00e7\u00e3o m\u00e9dica profissional.<\/em><\/p>\n","protected":false},"excerpt":{"rendered":"<p>A vitamina D \u00e9 diferente da maioria das vitaminas porque age como um horm\u00f4nio no organismo, regulando processos que v\u00e3o muito al\u00e9m da sa\u00fade dos ossos. Ela controla a absor\u00e7\u00e3o de c\u00e1lcio, fortalece o sistema imunol\u00f3gico, influencia o humor e participa da fun\u00e7\u00e3o muscular. Apesar de o sol ser a principal fonte, estima-se que mais [&hellip;]<\/p>\n","protected":false},"author":11,"featured_media":9539,"comment_status":"open","ping_status":"open","sticky":false,"template":"","format":"standard","meta":{"_yoast_wpseo_focuskw":"alimentos vitamina D","_yoast_wpseo_title":"","_yoast_wpseo_metadesc":"A vitamina D \u00e9 essencial para ossos, imunidade e m\u00fasculos. Veja quais alimentos ajudam a manter n\u00edveis adequados dessa vitamina.","jnews-multi-image_gallery":[],"jnews_single_post":{"format":"standard"},"jnews_primary_category":[],"jnews_social_meta":[],"jnews_override_counter":[],"footnotes":""},"categories":[111],"tags":[133,1271,1414,114],"class_list":["post-9441","post","type-post","status-publish","format-standard","has-post-thumbnail","hentry","category-saude","tag-alimentos","tag-deficiencia-de-vitamina-d","tag-suplementacao-de-vitamina-d","tag-vitamina-d"],"yoast_head":"<!-- This site is optimized with the Yoast SEO plugin v26.7 - https:\/\/yoast.com\/wordpress\/plugins\/seo\/ -->\n<title>Por que precisamos de vitamina D? Em quais alimentos podemos encontr\u00e1-la? - Tua Sa\u00fade<\/title>\n<meta name=\"description\" content=\"A vitamina D \u00e9 essencial para ossos, imunidade e m\u00fasculos. Veja quais alimentos ajudam a manter n\u00edveis adequados dessa vitamina.\" \/>\n<meta name=\"robots\" content=\"index, follow, max-snippet:-1, max-image-preview:large, max-video-preview:-1\" \/>\n<link rel=\"canonical\" href=\"https:\/\/www.tuasaude.com\/news\/2026\/03\/16\/por-que-precisamos-de-vitamina-d-em-quais-alimentos-podemos-encontra-la\/\" \/>\n<meta property=\"og:locale\" content=\"pt_BR\" \/>\n<meta property=\"og:type\" content=\"article\" \/>\n<meta property=\"og:title\" content=\"Por que precisamos de vitamina D? Em quais alimentos podemos encontr\u00e1-la? - Tua Sa\u00fade\" \/>\n<meta property=\"og:description\" content=\"A vitamina D \u00e9 essencial para ossos, imunidade e m\u00fasculos. Veja quais alimentos ajudam a manter n\u00edveis adequados dessa vitamina.\" \/>\n<meta property=\"og:url\" content=\"https:\/\/www.tuasaude.com\/news\/2026\/03\/16\/por-que-precisamos-de-vitamina-d-em-quais-alimentos-podemos-encontra-la\/\" \/>\n<meta property=\"og:site_name\" content=\"Tua Sa\u00fade\" \/>\n<meta property=\"article:published_time\" content=\"2026-03-16T20:55:00+00:00\" \/>\n<meta property=\"og:image\" content=\"https:\/\/www.tuasaude.com\/news\/wp-content\/uploads\/2026\/03\/creation_2582416473.png\" \/>\n\t<meta property=\"og:image:width\" content=\"1280\" \/>\n\t<meta property=\"og:image:height\" content=\"714\" \/>\n\t<meta property=\"og:image:type\" content=\"image\/png\" \/>\n<meta name=\"author\" content=\"Gessika Julia Carvalho\" \/>\n<meta name=\"twitter:card\" content=\"summary_large_image\" \/>\n<meta name=\"twitter:label1\" content=\"Escrito por\" \/>\n\t<meta name=\"twitter:data1\" content=\"Gessika Julia Carvalho\" \/>\n\t<meta name=\"twitter:label2\" content=\"Est. tempo de leitura\" \/>\n\t<meta name=\"twitter:data2\" content=\"6 minutos\" \/>\n<!-- \/ Yoast SEO plugin. -->","yoast_head_json":{"title":"Por que precisamos de vitamina D? Em quais alimentos podemos encontr\u00e1-la? - Tua Sa\u00fade","description":"A vitamina D \u00e9 essencial para ossos, imunidade e m\u00fasculos. Veja quais alimentos ajudam a manter n\u00edveis adequados dessa vitamina.","robots":{"index":"index","follow":"follow","max-snippet":"max-snippet:-1","max-image-preview":"max-image-preview:large","max-video-preview":"max-video-preview:-1"},"canonical":"https:\/\/www.tuasaude.com\/news\/2026\/03\/16\/por-que-precisamos-de-vitamina-d-em-quais-alimentos-podemos-encontra-la\/","og_locale":"pt_BR","og_type":"article","og_title":"Por que precisamos de vitamina D? Em quais alimentos podemos encontr\u00e1-la? - Tua Sa\u00fade","og_description":"A vitamina D \u00e9 essencial para ossos, imunidade e m\u00fasculos. Veja quais alimentos ajudam a manter n\u00edveis adequados dessa vitamina.","og_url":"https:\/\/www.tuasaude.com\/news\/2026\/03\/16\/por-que-precisamos-de-vitamina-d-em-quais-alimentos-podemos-encontra-la\/","og_site_name":"Tua Sa\u00fade","article_published_time":"2026-03-16T20:55:00+00:00","og_image":[{"width":1280,"height":714,"url":"https:\/\/www.tuasaude.com\/news\/wp-content\/uploads\/2026\/03\/creation_2582416473.png","type":"image\/png"}],"author":"Gessika Julia Carvalho","twitter_card":"summary_large_image","twitter_misc":{"Escrito por":"Gessika Julia Carvalho","Est. tempo de leitura":"6 minutos"},"schema":{"@context":"https:\/\/schema.org","@graph":[{"@type":"Article","@id":"https:\/\/www.tuasaude.com\/news\/2026\/03\/16\/por-que-precisamos-de-vitamina-d-em-quais-alimentos-podemos-encontra-la\/#article","isPartOf":{"@id":"https:\/\/www.tuasaude.com\/news\/2026\/03\/16\/por-que-precisamos-de-vitamina-d-em-quais-alimentos-podemos-encontra-la\/"},"author":{"name":"Gessika Julia Carvalho","@id":"https:\/\/www.tuasaude.com\/news\/#\/schema\/person\/2e9df841be69ec84f5d20ddb8d273ac2"},"headline":"Por que precisamos de vitamina D? Em quais alimentos podemos encontr\u00e1-la?","datePublished":"2026-03-16T20:55:00+00:00","mainEntityOfPage":{"@id":"https:\/\/www.tuasaude.com\/news\/2026\/03\/16\/por-que-precisamos-de-vitamina-d-em-quais-alimentos-podemos-encontra-la\/"},"wordCount":970,"commentCount":0,"image":{"@id":"https:\/\/www.tuasaude.com\/news\/2026\/03\/16\/por-que-precisamos-de-vitamina-d-em-quais-alimentos-podemos-encontra-la\/#primaryimage"},"thumbnailUrl":"https:\/\/www.tuasaude.com\/news\/wp-content\/uploads\/2026\/03\/creation_2582416473.png","keywords":["alimentos","defici\u00eancia de vitamina D","Suplementa\u00e7\u00e3o de Vitamina D","vitamina d"],"articleSection":["Sa\u00fade"],"inLanguage":"pt-BR","potentialAction":[{"@type":"CommentAction","name":"Comment","target":["https:\/\/www.tuasaude.com\/news\/2026\/03\/16\/por-que-precisamos-de-vitamina-d-em-quais-alimentos-podemos-encontra-la\/#respond"]}]},{"@type":"WebPage","@id":"https:\/\/www.tuasaude.com\/news\/2026\/03\/16\/por-que-precisamos-de-vitamina-d-em-quais-alimentos-podemos-encontra-la\/","url":"https:\/\/www.tuasaude.com\/news\/2026\/03\/16\/por-que-precisamos-de-vitamina-d-em-quais-alimentos-podemos-encontra-la\/","name":"Por que precisamos de vitamina D? Em quais alimentos podemos encontr\u00e1-la? - Tua Sa\u00fade","isPartOf":{"@id":"https:\/\/www.tuasaude.com\/news\/#website"},"primaryImageOfPage":{"@id":"https:\/\/www.tuasaude.com\/news\/2026\/03\/16\/por-que-precisamos-de-vitamina-d-em-quais-alimentos-podemos-encontra-la\/#primaryimage"},"image":{"@id":"https:\/\/www.tuasaude.com\/news\/2026\/03\/16\/por-que-precisamos-de-vitamina-d-em-quais-alimentos-podemos-encontra-la\/#primaryimage"},"thumbnailUrl":"https:\/\/www.tuasaude.com\/news\/wp-content\/uploads\/2026\/03\/creation_2582416473.png","datePublished":"2026-03-16T20:55:00+00:00","author":{"@id":"https:\/\/www.tuasaude.com\/news\/#\/schema\/person\/2e9df841be69ec84f5d20ddb8d273ac2"},"description":"A vitamina D \u00e9 essencial para ossos, imunidade e m\u00fasculos. Veja quais alimentos ajudam a manter n\u00edveis adequados dessa vitamina.","breadcrumb":{"@id":"https:\/\/www.tuasaude.com\/news\/2026\/03\/16\/por-que-precisamos-de-vitamina-d-em-quais-alimentos-podemos-encontra-la\/#breadcrumb"},"inLanguage":"pt-BR","potentialAction":[{"@type":"ReadAction","target":["https:\/\/www.tuasaude.com\/news\/2026\/03\/16\/por-que-precisamos-de-vitamina-d-em-quais-alimentos-podemos-encontra-la\/"]}]},{"@type":"ImageObject","inLanguage":"pt-BR","@id":"https:\/\/www.tuasaude.com\/news\/2026\/03\/16\/por-que-precisamos-de-vitamina-d-em-quais-alimentos-podemos-encontra-la\/#primaryimage","url":"https:\/\/www.tuasaude.com\/news\/wp-content\/uploads\/2026\/03\/creation_2582416473.png","contentUrl":"https:\/\/www.tuasaude.com\/news\/wp-content\/uploads\/2026\/03\/creation_2582416473.png","width":1280,"height":714,"caption":"Alimentos como salm\u00e3o, sardinha, gema de ovo e cogumelos s\u00e3o fontes naturais importantes dessa vitamina."},{"@type":"BreadcrumbList","@id":"https:\/\/www.tuasaude.com\/news\/2026\/03\/16\/por-que-precisamos-de-vitamina-d-em-quais-alimentos-podemos-encontra-la\/#breadcrumb","itemListElement":[{"@type":"ListItem","position":1,"name":"In\u00edcio","item":"https:\/\/www.tuasaude.com\/news\/"},{"@type":"ListItem","position":2,"name":"Por que precisamos de vitamina D? Em quais alimentos podemos encontr\u00e1-la?"}]},{"@type":"WebSite","@id":"https:\/\/www.tuasaude.com\/news\/#website","url":"https:\/\/www.tuasaude.com\/news\/","name":"Tua Sa\u00fade","description":"Seu site de sa\u00fade","potentialAction":[{"@type":"SearchAction","target":{"@type":"EntryPoint","urlTemplate":"https:\/\/www.tuasaude.com\/news\/?s={search_term_string}"},"query-input":{"@type":"PropertyValueSpecification","valueRequired":true,"valueName":"search_term_string"}}],"inLanguage":"pt-BR"},{"@type":"Person","@id":"https:\/\/www.tuasaude.com\/news\/#\/schema\/person\/2e9df841be69ec84f5d20ddb8d273ac2","name":"Gessika Julia Carvalho","image":{"@type":"ImageObject","inLanguage":"pt-BR","@id":"https:\/\/www.tuasaude.com\/news\/#\/schema\/person\/image\/","url":"https:\/\/secure.gravatar.com\/avatar\/0fcc8769024577fd0bc6a8b766055690f76a8e8f29dfb2a2f89cf04db8d0f2d2?s=96&d=mm&r=g","contentUrl":"https:\/\/secure.gravatar.com\/avatar\/0fcc8769024577fd0bc6a8b766055690f76a8e8f29dfb2a2f89cf04db8d0f2d2?s=96&d=mm&r=g","caption":"Gessika Julia Carvalho"},"sameAs":["https:\/\/www.tuasaude.com\/news\/"],"url":"https:\/\/www.tuasaude.com\/news\/author\/gessika-julia\/"}]}},"_links":{"self":[{"href":"https:\/\/www.tuasaude.com\/news\/wp-json\/wp\/v2\/posts\/9441","targetHints":{"allow":["GET"]}}],"collection":[{"href":"https:\/\/www.tuasaude.com\/news\/wp-json\/wp\/v2\/posts"}],"about":[{"href":"https:\/\/www.tuasaude.com\/news\/wp-json\/wp\/v2\/types\/post"}],"author":[{"embeddable":true,"href":"https:\/\/www.tuasaude.com\/news\/wp-json\/wp\/v2\/users\/11"}],"replies":[{"embeddable":true,"href":"https:\/\/www.tuasaude.com\/news\/wp-json\/wp\/v2\/comments?post=9441"}],"version-history":[{"count":2,"href":"https:\/\/www.tuasaude.com\/news\/wp-json\/wp\/v2\/posts\/9441\/revisions"}],"predecessor-version":[{"id":9576,"href":"https:\/\/www.tuasaude.com\/news\/wp-json\/wp\/v2\/posts\/9441\/revisions\/9576"}],"wp:featuredmedia":[{"embeddable":true,"href":"https:\/\/www.tuasaude.com\/news\/wp-json\/wp\/v2\/media\/9539"}],"wp:attachment":[{"href":"https:\/\/www.tuasaude.com\/news\/wp-json\/wp\/v2\/media?parent=9441"}],"wp:term":[{"taxonomy":"category","embeddable":true,"href":"https:\/\/www.tuasaude.com\/news\/wp-json\/wp\/v2\/categories?post=9441"},{"taxonomy":"post_tag","embeddable":true,"href":"https:\/\/www.tuasaude.com\/news\/wp-json\/wp\/v2\/tags?post=9441"}],"curies":[{"name":"wp","href":"https:\/\/api.w.org\/{rel}","templated":true}]}}