{"id":939,"date":"2026-01-19T08:15:11","date_gmt":"2026-01-19T11:15:11","guid":{"rendered":"https:\/\/www.tuasaude.com\/news\/?p=939"},"modified":"2026-01-19T08:15:12","modified_gmt":"2026-01-19T11:15:12","slug":"como-a-calculadora-do-periodo-fertil-estima-os-dias-mais-ferteis","status":"publish","type":"post","link":"https:\/\/www.tuasaude.com\/news\/2026\/01\/19\/como-a-calculadora-do-periodo-fertil-estima-os-dias-mais-ferteis\/","title":{"rendered":"Como a calculadora do per\u00edodo f\u00e9rtil estima os dias mais f\u00e9rteis?"},"content":{"rendered":"\n<p>A calculadora do <strong><a href=\"https:\/\/www.tuasaude.com\/periodo-fertil\/\" target=\"_blank\" rel=\"noreferrer noopener\">per\u00edodo f\u00e9rtil<\/a><\/strong> \u00e9 uma ferramenta fundamentada na cronobiologia reprodutiva, utilizada para estimar a janela de m\u00e1xima probabilidade de <strong><a href=\"https:\/\/www.tuasaude.com\/teste-de-gravidez-negativo\/\" target=\"_blank\" rel=\"noreferrer noopener\">concep\u00e7\u00e3o<\/a><\/strong>. Ao cruzar a data da \u00faltima menstrua\u00e7\u00e3o com a dura\u00e7\u00e3o m\u00e9dia do ciclo, o c\u00e1lculo identifica o intervalo em que a intera\u00e7\u00e3o entre o gameta feminino e masculino \u00e9 biologicamente vi\u00e1vel. Compreender as bases cient\u00edficas desse processo permite n\u00e3o apenas o planejamento familiar, mas tamb\u00e9m o monitoramento da sa\u00fade end\u00f3crina feminina atrav\u00e9s da observa\u00e7\u00e3o de biomarcadores naturais.<\/p>\n\n\n\n<h2 class=\"wp-block-heading\">Como funciona o c\u00e1lculo do per\u00edodo f\u00e9rtil?<\/h2>\n\n\n\n<p>O c\u00e1lculo baseia-se na const\u00e2ncia da fase l\u00fatea, que dura aproximadamente 14 dias em ciclos regulares. Segundo o estudo exato <strong><a href=\"https:\/\/pubmed.ncbi.nlm.nih.gov\/11082086\/\" target=\"_blank\" rel=\"noreferrer noopener\">&#8220;The timing of the fertile window in the menstrual cycle: day specific estimates from a prospective study&#8221;<\/a><\/strong> (Wilcox, A. J. et al., publicado no <em>BMJ<\/em>), a janela f\u00e9rtil \u00e9 definida como o dia da ovula\u00e7\u00e3o e os cinco dias que a antecedem, totalizando seis dias de potencial reprodutivo.<\/p>\n\n\n\n<p>Essa estimativa t\u00e9cnica considera a sobrevida diferencial dos gametas: enquanto o ov\u00f3cito permanece vi\u00e1vel por cerca de 12 a 24 horas, os espermatozoides podem manter a capacidade de fertiliza\u00e7\u00e3o por at\u00e9 120 horas no muco cervical. Portanto, o c\u00e1lculo matem\u00e1tico projeta o momento da ruptura folicular, garantindo que haja espermatozoides presentes nas trompas de Fal\u00f3pio no momento da ovula\u00e7\u00e3o.<\/p>\n\n\n\n<h2 class=\"wp-block-heading\">Quais s\u00e3o os sinais de ovula\u00e7\u00e3o?<\/h2>\n\n\n\n<p>A detec\u00e7\u00e3o da janela f\u00e9rtil pode ser otimizada pela observa\u00e7\u00e3o de sinais cl\u00ednicos provocados pelo pico de estrog\u00eanio. O estudo exato <strong><a href=\"https:\/\/www.asrm.org\/practice-guidance\/practice-committee-documents\/optimizing-natural-fertility-a-committee-opinion-2021\/\" target=\"_blank\" rel=\"noreferrer noopener\">&#8220;Optimizing Natural Fertility<\/a>&#8220;<\/strong>, corrobora que a monitoriza\u00e7\u00e3o do muco cervical \u00e9 um dos m\u00e9todos mais eficazes para identificar os dias de alta fertilidade em tempo real.<\/p>\n\n\n\n<p>Para confirmar a precis\u00e3o da calculadora, deve-se observar os seguintes indicadores fisiol\u00f3gicos:<\/p>\n\n\n\n<ul class=\"wp-block-list\">\n<li><strong>Muco Cervical tipo &#8220;Clara de Ovo&#8221;:<\/strong> Torna-se el\u00e1stico (filante) e transparente, facilitando a migra\u00e7\u00e3o esperm\u00e1tica.<\/li>\n\n\n\n<li><strong>Temperatura Basal Corp\u00f3rea:<\/strong> Apresenta um aumento de $0,3$ a $0,5$\u00b0C logo ap\u00f3s a ovula\u00e7\u00e3o, devido \u00e0 a\u00e7\u00e3o termog\u00eanica da progesterona.<\/li>\n\n\n\n<li><strong>Horm\u00f4nio Luteinizante (LH):<\/strong> Testes de farm\u00e1cia detectam o pico deste horm\u00f4nio, que ocorre cerca de 24 a 36 horas antes da libera\u00e7\u00e3o do \u00f3vulo.<\/li>\n\n\n\n<li><strong>Posi\u00e7\u00e3o do Colo do \u00datero:<\/strong> Torna-se mais alto, macio e com a abertura (\u00f3stio) mais dilatada durante a fase periovulat\u00f3ria.<\/li>\n<\/ul>\n\n\n<div class=\"wp-block-image\">\n<figure class=\"aligncenter size-large\"><img decoding=\"async\" width=\"1024\" height=\"584\" src=\"https:\/\/www.tuasaude.com\/news\/wp-content\/uploads\/2026\/01\/freepik__the-style-is-candid-image-photography-with-natural__2973-1024x584.jpeg\" alt=\"Como a calculadora do per\u00edodo f\u00e9rtil estima os dias mais f\u00e9rteis?\" class=\"wp-image-1011\" srcset=\"https:\/\/www.tuasaude.com\/news\/wp-content\/uploads\/2026\/01\/freepik__the-style-is-candid-image-photography-with-natural__2973-1024x584.jpeg 1024w, https:\/\/www.tuasaude.com\/news\/wp-content\/uploads\/2026\/01\/freepik__the-style-is-candid-image-photography-with-natural__2973-300x171.jpeg 300w, https:\/\/www.tuasaude.com\/news\/wp-content\/uploads\/2026\/01\/freepik__the-style-is-candid-image-photography-with-natural__2973-768x438.jpeg 768w, https:\/\/www.tuasaude.com\/news\/wp-content\/uploads\/2026\/01\/freepik__the-style-is-candid-image-photography-with-natural__2973-750x428.jpeg 750w, https:\/\/www.tuasaude.com\/news\/wp-content\/uploads\/2026\/01\/freepik__the-style-is-candid-image-photography-with-natural__2973-1140x650.jpeg 1140w, https:\/\/www.tuasaude.com\/news\/wp-content\/uploads\/2026\/01\/freepik__the-style-is-candid-image-photography-with-natural__2973.jpeg 1280w\" sizes=\"(max-width: 1024px) 100vw, 1024px\" \/><figcaption class=\"wp-element-caption\">O c\u00e1lculo baseia-se na const\u00e2ncia da fase l\u00fatea<\/figcaption><\/figure>\n<\/div>\n\n\n<h2 class=\"wp-block-heading\">Como calcular em ciclos irregulares?<\/h2>\n\n\n\n<p>Em ciclos onde a varia\u00e7\u00e3o \u00e9 superior a cinco dias, a aplica\u00e7\u00e3o de f\u00f3rmulas fixas torna-se tecnicamente imprecisa. \u00c9 necess\u00e1rio o registro de pelo menos seis meses de ciclos para identificar os limites da janela f\u00e9rtil atrav\u00e9s da subtra\u00e7\u00e3o de constantes ($18$ dias do ciclo mais curto e $11$ do mais longo).<\/p>\n\n\n\n<p>Essa abordagem amplia a margem de seguran\u00e7a para cobrir a oscila\u00e7\u00e3o da fase folicular, que \u00e9 o per\u00edodo mais vari\u00e1vel do ciclo. Em contextos cl\u00ednicos, pacientes com irregularidade acentuada s\u00e3o frequentemente orientadas a utilizar m\u00e9todos de percep\u00e7\u00e3o da fertilidade combinados, como a observa\u00e7\u00e3o do muco e a citologia hormonal, para evitar falhas nas estimativas matem\u00e1ticas.<\/p>\n\n\n\n<h2 class=\"wp-block-heading\">Quando os testes de ovula\u00e7\u00e3o s\u00e3o \u00fateis?<\/h2>\n\n\n\n<p>Os testes imunocromatogr\u00e1ficos de urina s\u00e3o ferramentas t\u00e9cnicas de alta precis\u00e3o que identificam o pico pr\u00e9-ovulat\u00f3rio de LH. De acordo com o estudo <strong>&#8220;<a href=\"https:\/\/pubmed.ncbi.nlm.nih.gov\/39326629\/#:~:text=Ovulation%20predictor%20kit%20surge%20detection,experience%20despite%20variations%20in%20price.\" target=\"_blank\" rel=\"noreferrer noopener\">Similar accuracy and patient experience with different one-step ovulation predictor kits<\/a>&#8220;<\/strong> (Leiva et al.), esses dispositivos possuem uma concord\u00e2ncia superior a 90% com a ultrassonografia transvaginal para identificar a janela de fertilidade iminente.<\/p>\n\n\n\n<p>Diferente da calculadora, que \u00e9 um modelo preditivo baseado em eventos passados, o teste laboratorial oferece um dado bioqu\u00edmico atual. Ele \u00e9 especialmente recomendado para mulheres com ciclos curtos ou que n\u00e3o apresentam sinais f\u00edsicos claros, permitindo alinhar as rela\u00e7\u00f5es sexuais ao momento exato em que o \u00f3vulo ser\u00e1 liberado pelo fol\u00edculo de Graaf.<\/p>\n\n\n\n<h2 class=\"wp-block-heading\">Como aumentar as chances de engravidar?<\/h2>\n\n\n\n<p>A otimiza\u00e7\u00e3o da fertilidade natural exige n\u00e3o apenas o c\u00e1lculo do tempo, mas a manuten\u00e7\u00e3o de um ambiente sist\u00eamico favor\u00e1vel. A suplementa\u00e7\u00e3o com \u00e1cido f\u00f3lico e a manuten\u00e7\u00e3o de um \u00edndice de massa corporal (IMC) adequado s\u00e3o cruciais para a qualidade ovulat\u00f3ria.<\/p>\n\n\n\n<p>Para maximizar os resultados da calculadora, as seguintes estrat\u00e9gias s\u00e3o fundamentais:<\/p>\n\n\n\n<div style=\"overflow-x:auto; margin: 20px 0;\">\n  <table style=\"width: 100%; border-collapse: collapse; font-family: 'Segoe UI', Arial, sans-serif; border: 1px solid #fce4ec; border-radius: 10px; overflow: hidden; box-shadow: 0 4px 12px rgba(0,0,0,0.05);\">\n    <thead>\n      <tr style=\"background-color: #d81b60; color: white; text-transform: uppercase; font-size: 13px; letter-spacing: 0.5px;\">\n        <th style=\"padding: 18px; text-align: left;\">Estrat\u00e9gia Fundamental<\/th>\n        <th style=\"padding: 18px; text-align: left;\">A\u00e7\u00e3o Recomendada<\/th>\n        <th style=\"padding: 18px; text-align: left;\">Impacto na Fertilidade<\/th>\n      <\/tr>\n    <\/thead>\n    <tbody>\n      <tr style=\"border-bottom: 1px solid #f8bbd0;\">\n        <td style=\"padding: 15px; font-weight: bold; color: #880e4f;\">Frequ\u00eancia Coital<\/td>\n        <td style=\"padding: 15px;\">Rela\u00e7\u00f5es a cada 1 ou 2 dias na janela f\u00e9rtil.<\/td>\n        <td style=\"padding: 15px;\">Garante reserva constante de espermatozoides vi\u00e1veis no trato reprodutivo.<\/td>\n      <\/tr>\n      <tr style=\"background-color: #fff8fa; border-bottom: 1px solid #f8bbd0;\">\n        <td style=\"padding: 15px; font-weight: bold; color: #880e4f;\">Uso de Lubrificantes<\/td>\n        <td style=\"padding: 15px;\">Priorizar op\u00e7\u00f5es hidrossol\u00faveis e &#8220;amig\u00e1veis \u00e0 fertilidade&#8221;.<\/td>\n        <td style=\"padding: 15px;\">Preserva o pH vaginal e evita subst\u00e2ncias que imobilizam os espermatozoides.<\/td>\n      <\/tr>\n      <tr style=\"border-bottom: 1px solid #f8bbd0;\">\n        <td style=\"padding: 15px; font-weight: bold; color: #880e4f;\">Sa\u00fade Metab\u00f3lica<\/td>\n        <td style=\"padding: 15px;\">Controle dos n\u00edveis de glicemia e insulina.<\/td>\n        <td style=\"padding: 15px;\">Evita a inibi\u00e7\u00e3o da ovula\u00e7\u00e3o causada pela resist\u00eancia insul\u00ednica.<\/td>\n      <\/tr>\n      <tr style=\"background-color: #fff8fa;\">\n        <td style=\"padding: 15px; font-weight: bold; color: #880e4f;\">Estilo de Vida<\/td>\n        <td style=\"padding: 15px;\">Cessa\u00e7\u00e3o do tabagismo e limita\u00e7\u00e3o do \u00e1lcool.<\/td>\n        <td style=\"padding: 15px;\">Melhora a qualidade dos \u00f3vulos e aumenta a taxa de fecundidade mensal.<\/td>\n      <\/tr>\n    <\/tbody>\n  <\/table>\n<\/div>\n\n\n\n<p><strong>Nota:<\/strong> \u00c9 indispens\u00e1vel buscar orienta\u00e7\u00e3o m\u00e9dica profissional para realizar exames de pr\u00e9-natal e investigar poss\u00edveis causas de infertilidade caso a concep\u00e7\u00e3o n\u00e3o ocorra ap\u00f3s 12 meses de tentativas.<\/p>\n","protected":false},"excerpt":{"rendered":"<p>A calculadora do per\u00edodo f\u00e9rtil \u00e9 uma ferramenta fundamentada na cronobiologia reprodutiva, utilizada para estimar a janela de m\u00e1xima probabilidade de concep\u00e7\u00e3o. Ao cruzar a data da \u00faltima menstrua\u00e7\u00e3o com a dura\u00e7\u00e3o m\u00e9dia do ciclo, o c\u00e1lculo identifica o intervalo em que a intera\u00e7\u00e3o entre o gameta feminino e masculino \u00e9 biologicamente vi\u00e1vel. Compreender as [&hellip;]<\/p>\n","protected":false},"author":9,"featured_media":1010,"comment_status":"open","ping_status":"open","sticky":false,"template":"","format":"standard","meta":{"_yoast_wpseo_focuskw":"per\u00edodo f\u00e9rtil","_yoast_wpseo_title":"","_yoast_wpseo_metadesc":"Entender como funciona a calculadora do per\u00edodo f\u00e9rtil ajuda no planejamento da gravidez e no monitoramento da sa\u00fade reprodutiva.","jnews-multi-image_gallery":[],"jnews_single_post":{"format":"standard"},"jnews_primary_category":[],"jnews_social_meta":[],"jnews_override_counter":[],"footnotes":""},"categories":[111],"tags":[319,215,320,318],"class_list":["post-939","post","type-post","status-publish","format-standard","has-post-thumbnail","hentry","category-saude","tag-calculadora-periodo-fertil","tag-menstruacao","tag-ovulacao","tag-periodo-fertil"],"yoast_head":"<!-- This site is optimized with the Yoast SEO plugin v26.7 - https:\/\/yoast.com\/wordpress\/plugins\/seo\/ -->\n<title>Como a calculadora do per\u00edodo f\u00e9rtil estima os dias mais f\u00e9rteis? - Tua Sa\u00fade<\/title>\n<meta name=\"description\" content=\"Entender como funciona a calculadora do per\u00edodo f\u00e9rtil ajuda no planejamento da gravidez e no monitoramento da sa\u00fade reprodutiva.\" \/>\n<meta name=\"robots\" content=\"index, follow, max-snippet:-1, max-image-preview:large, max-video-preview:-1\" \/>\n<link rel=\"canonical\" href=\"https:\/\/www.tuasaude.com\/news\/2026\/01\/19\/como-a-calculadora-do-periodo-fertil-estima-os-dias-mais-ferteis\/\" \/>\n<meta property=\"og:locale\" content=\"pt_BR\" \/>\n<meta property=\"og:type\" content=\"article\" \/>\n<meta property=\"og:title\" content=\"Como a calculadora do per\u00edodo f\u00e9rtil estima os dias mais f\u00e9rteis? - Tua Sa\u00fade\" \/>\n<meta property=\"og:description\" content=\"Entender como funciona a calculadora do per\u00edodo f\u00e9rtil ajuda no planejamento da gravidez e no monitoramento da sa\u00fade reprodutiva.\" \/>\n<meta property=\"og:url\" content=\"https:\/\/www.tuasaude.com\/news\/2026\/01\/19\/como-a-calculadora-do-periodo-fertil-estima-os-dias-mais-ferteis\/\" \/>\n<meta property=\"og:site_name\" content=\"Tua Sa\u00fade\" \/>\n<meta property=\"article:published_time\" content=\"2026-01-19T11:15:11+00:00\" \/>\n<meta property=\"article:modified_time\" content=\"2026-01-19T11:15:12+00:00\" \/>\n<meta property=\"og:image\" content=\"https:\/\/www.tuasaude.com\/news\/wp-content\/uploads\/2026\/01\/freepik__the-style-is-candid-image-photography-with-natural__2972.jpeg\" \/>\n\t<meta property=\"og:image:width\" content=\"1280\" \/>\n\t<meta property=\"og:image:height\" content=\"730\" \/>\n\t<meta property=\"og:image:type\" content=\"image\/jpeg\" \/>\n<meta name=\"author\" content=\"Roberta Patriota\" \/>\n<meta name=\"twitter:card\" content=\"summary_large_image\" \/>\n<meta name=\"twitter:label1\" content=\"Escrito por\" \/>\n\t<meta name=\"twitter:data1\" content=\"Roberta Patriota\" \/>\n\t<meta name=\"twitter:label2\" content=\"Est. tempo de leitura\" \/>\n\t<meta name=\"twitter:data2\" content=\"5 minutos\" \/>\n<!-- \/ Yoast SEO plugin. -->","yoast_head_json":{"title":"Como a calculadora do per\u00edodo f\u00e9rtil estima os dias mais f\u00e9rteis? - Tua Sa\u00fade","description":"Entender como funciona a calculadora do per\u00edodo f\u00e9rtil ajuda no planejamento da gravidez e no monitoramento da sa\u00fade reprodutiva.","robots":{"index":"index","follow":"follow","max-snippet":"max-snippet:-1","max-image-preview":"max-image-preview:large","max-video-preview":"max-video-preview:-1"},"canonical":"https:\/\/www.tuasaude.com\/news\/2026\/01\/19\/como-a-calculadora-do-periodo-fertil-estima-os-dias-mais-ferteis\/","og_locale":"pt_BR","og_type":"article","og_title":"Como a calculadora do per\u00edodo f\u00e9rtil estima os dias mais f\u00e9rteis? - Tua Sa\u00fade","og_description":"Entender como funciona a calculadora do per\u00edodo f\u00e9rtil ajuda no planejamento da gravidez e no monitoramento da sa\u00fade reprodutiva.","og_url":"https:\/\/www.tuasaude.com\/news\/2026\/01\/19\/como-a-calculadora-do-periodo-fertil-estima-os-dias-mais-ferteis\/","og_site_name":"Tua Sa\u00fade","article_published_time":"2026-01-19T11:15:11+00:00","article_modified_time":"2026-01-19T11:15:12+00:00","og_image":[{"width":1280,"height":730,"url":"https:\/\/www.tuasaude.com\/news\/wp-content\/uploads\/2026\/01\/freepik__the-style-is-candid-image-photography-with-natural__2972.jpeg","type":"image\/jpeg"}],"author":"Roberta Patriota","twitter_card":"summary_large_image","twitter_misc":{"Escrito por":"Roberta Patriota","Est. tempo de leitura":"5 minutos"},"schema":{"@context":"https:\/\/schema.org","@graph":[{"@type":"Article","@id":"https:\/\/www.tuasaude.com\/news\/2026\/01\/19\/como-a-calculadora-do-periodo-fertil-estima-os-dias-mais-ferteis\/#article","isPartOf":{"@id":"https:\/\/www.tuasaude.com\/news\/2026\/01\/19\/como-a-calculadora-do-periodo-fertil-estima-os-dias-mais-ferteis\/"},"author":{"name":"Roberta Patriota","@id":"https:\/\/www.tuasaude.com\/news\/#\/schema\/person\/27adc41011393316b12ef997ca893e44"},"headline":"Como a calculadora do per\u00edodo f\u00e9rtil estima os dias mais f\u00e9rteis?","datePublished":"2026-01-19T11:15:11+00:00","dateModified":"2026-01-19T11:15:12+00:00","mainEntityOfPage":{"@id":"https:\/\/www.tuasaude.com\/news\/2026\/01\/19\/como-a-calculadora-do-periodo-fertil-estima-os-dias-mais-ferteis\/"},"wordCount":891,"commentCount":0,"image":{"@id":"https:\/\/www.tuasaude.com\/news\/2026\/01\/19\/como-a-calculadora-do-periodo-fertil-estima-os-dias-mais-ferteis\/#primaryimage"},"thumbnailUrl":"https:\/\/www.tuasaude.com\/news\/wp-content\/uploads\/2026\/01\/freepik__the-style-is-candid-image-photography-with-natural__2972.jpeg","keywords":["calculadora per\u00edodo f\u00e9rtil","menstrua\u00e7\u00e3o","ovula\u00e7\u00e3o","per\u00edodo f\u00e9rtil"],"articleSection":["Sa\u00fade"],"inLanguage":"pt-BR","potentialAction":[{"@type":"CommentAction","name":"Comment","target":["https:\/\/www.tuasaude.com\/news\/2026\/01\/19\/como-a-calculadora-do-periodo-fertil-estima-os-dias-mais-ferteis\/#respond"]}]},{"@type":"WebPage","@id":"https:\/\/www.tuasaude.com\/news\/2026\/01\/19\/como-a-calculadora-do-periodo-fertil-estima-os-dias-mais-ferteis\/","url":"https:\/\/www.tuasaude.com\/news\/2026\/01\/19\/como-a-calculadora-do-periodo-fertil-estima-os-dias-mais-ferteis\/","name":"Como a calculadora do per\u00edodo f\u00e9rtil estima os dias mais f\u00e9rteis? - Tua Sa\u00fade","isPartOf":{"@id":"https:\/\/www.tuasaude.com\/news\/#website"},"primaryImageOfPage":{"@id":"https:\/\/www.tuasaude.com\/news\/2026\/01\/19\/como-a-calculadora-do-periodo-fertil-estima-os-dias-mais-ferteis\/#primaryimage"},"image":{"@id":"https:\/\/www.tuasaude.com\/news\/2026\/01\/19\/como-a-calculadora-do-periodo-fertil-estima-os-dias-mais-ferteis\/#primaryimage"},"thumbnailUrl":"https:\/\/www.tuasaude.com\/news\/wp-content\/uploads\/2026\/01\/freepik__the-style-is-candid-image-photography-with-natural__2972.jpeg","datePublished":"2026-01-19T11:15:11+00:00","dateModified":"2026-01-19T11:15:12+00:00","author":{"@id":"https:\/\/www.tuasaude.com\/news\/#\/schema\/person\/27adc41011393316b12ef997ca893e44"},"description":"Entender como funciona a calculadora do per\u00edodo f\u00e9rtil ajuda no planejamento da gravidez e no monitoramento da sa\u00fade reprodutiva.","breadcrumb":{"@id":"https:\/\/www.tuasaude.com\/news\/2026\/01\/19\/como-a-calculadora-do-periodo-fertil-estima-os-dias-mais-ferteis\/#breadcrumb"},"inLanguage":"pt-BR","potentialAction":[{"@type":"ReadAction","target":["https:\/\/www.tuasaude.com\/news\/2026\/01\/19\/como-a-calculadora-do-periodo-fertil-estima-os-dias-mais-ferteis\/"]}]},{"@type":"ImageObject","inLanguage":"pt-BR","@id":"https:\/\/www.tuasaude.com\/news\/2026\/01\/19\/como-a-calculadora-do-periodo-fertil-estima-os-dias-mais-ferteis\/#primaryimage","url":"https:\/\/www.tuasaude.com\/news\/wp-content\/uploads\/2026\/01\/freepik__the-style-is-candid-image-photography-with-natural__2972.jpeg","contentUrl":"https:\/\/www.tuasaude.com\/news\/wp-content\/uploads\/2026\/01\/freepik__the-style-is-candid-image-photography-with-natural__2972.jpeg","width":1280,"height":730,"caption":"O c\u00e1lculo baseia-se na const\u00e2ncia da fase l\u00fatea"},{"@type":"BreadcrumbList","@id":"https:\/\/www.tuasaude.com\/news\/2026\/01\/19\/como-a-calculadora-do-periodo-fertil-estima-os-dias-mais-ferteis\/#breadcrumb","itemListElement":[{"@type":"ListItem","position":1,"name":"In\u00edcio","item":"https:\/\/www.tuasaude.com\/news\/"},{"@type":"ListItem","position":2,"name":"Como a calculadora do per\u00edodo f\u00e9rtil estima os dias mais f\u00e9rteis?"}]},{"@type":"WebSite","@id":"https:\/\/www.tuasaude.com\/news\/#website","url":"https:\/\/www.tuasaude.com\/news\/","name":"Tua Sa\u00fade","description":"Seu site de sa\u00fade","potentialAction":[{"@type":"SearchAction","target":{"@type":"EntryPoint","urlTemplate":"https:\/\/www.tuasaude.com\/news\/?s={search_term_string}"},"query-input":{"@type":"PropertyValueSpecification","valueRequired":true,"valueName":"search_term_string"}}],"inLanguage":"pt-BR"},{"@type":"Person","@id":"https:\/\/www.tuasaude.com\/news\/#\/schema\/person\/27adc41011393316b12ef997ca893e44","name":"Roberta Patriota","image":{"@type":"ImageObject","inLanguage":"pt-BR","@id":"https:\/\/www.tuasaude.com\/news\/#\/schema\/person\/image\/","url":"https:\/\/secure.gravatar.com\/avatar\/40fc934d21bfa38a60909bb2e5f2ec503dcd4d849aa772e107feb32efe75c210?s=96&d=mm&r=g","contentUrl":"https:\/\/secure.gravatar.com\/avatar\/40fc934d21bfa38a60909bb2e5f2ec503dcd4d849aa772e107feb32efe75c210?s=96&d=mm&r=g","caption":"Roberta Patriota"},"sameAs":["https:\/\/www.tuasaude.com\/news\/"],"url":"https:\/\/www.tuasaude.com\/news\/author\/roberta-patriota\/"}]}},"_links":{"self":[{"href":"https:\/\/www.tuasaude.com\/news\/wp-json\/wp\/v2\/posts\/939","targetHints":{"allow":["GET"]}}],"collection":[{"href":"https:\/\/www.tuasaude.com\/news\/wp-json\/wp\/v2\/posts"}],"about":[{"href":"https:\/\/www.tuasaude.com\/news\/wp-json\/wp\/v2\/types\/post"}],"author":[{"embeddable":true,"href":"https:\/\/www.tuasaude.com\/news\/wp-json\/wp\/v2\/users\/9"}],"replies":[{"embeddable":true,"href":"https:\/\/www.tuasaude.com\/news\/wp-json\/wp\/v2\/comments?post=939"}],"version-history":[{"count":2,"href":"https:\/\/www.tuasaude.com\/news\/wp-json\/wp\/v2\/posts\/939\/revisions"}],"predecessor-version":[{"id":1018,"href":"https:\/\/www.tuasaude.com\/news\/wp-json\/wp\/v2\/posts\/939\/revisions\/1018"}],"wp:featuredmedia":[{"embeddable":true,"href":"https:\/\/www.tuasaude.com\/news\/wp-json\/wp\/v2\/media\/1010"}],"wp:attachment":[{"href":"https:\/\/www.tuasaude.com\/news\/wp-json\/wp\/v2\/media?parent=939"}],"wp:term":[{"taxonomy":"category","embeddable":true,"href":"https:\/\/www.tuasaude.com\/news\/wp-json\/wp\/v2\/categories?post=939"},{"taxonomy":"post_tag","embeddable":true,"href":"https:\/\/www.tuasaude.com\/news\/wp-json\/wp\/v2\/tags?post=939"}],"curies":[{"name":"wp","href":"https:\/\/api.w.org\/{rel}","templated":true}]}}