{"id":921,"date":"2026-01-18T14:00:00","date_gmt":"2026-01-18T17:00:00","guid":{"rendered":"https:\/\/www.tuasaude.com\/news\/?p=921"},"modified":"2026-01-18T06:53:22","modified_gmt":"2026-01-18T09:53:22","slug":"quando-a-queda-de-plaquetas-se-torna-um-risco-imediato-a-saude","status":"publish","type":"post","link":"https:\/\/www.tuasaude.com\/news\/2026\/01\/18\/quando-a-queda-de-plaquetas-se-torna-um-risco-imediato-a-saude\/","title":{"rendered":"Quando a queda de plaquetas se torna um risco imediato \u00e0 sa\u00fade?"},"content":{"rendered":"\n<p>Ter <strong><a href=\"https:\/\/www.tuasaude.com\/plaquetas-baixas\/\" target=\"_blank\" rel=\"noreferrer noopener\">plaquetas baixas<\/a><\/strong>, condi\u00e7\u00e3o clinicamente chamada de trombocitopenia, \u00e9 perigoso porque compromete a hemostasia prim\u00e1ria, elevando o risco de hemorragias espont\u00e2neas. Quando os n\u00edveis caem abaixo de 150.000 unidades por microlitro, o organismo perde sua capacidade de selar les\u00f5es vasculares de forma eficiente. Entender os limiares de risco cl\u00ednico e os mecanismos fisiopatol\u00f3gicos \u00e9 fundamental para evitar complica\u00e7\u00f5es graves, como sangramentos em \u00f3rg\u00e3os vitais ou no sistema nervoso central.<\/p>\n\n\n\n<h2 class=\"wp-block-heading\">Qual \u00e9 a fun\u00e7\u00e3o das plaquetas?<\/h2>\n\n\n\n<p>As <strong><a href=\"https:\/\/www.tuasaude.com\/funcao-das-plaquetas\/\" target=\"_blank\" rel=\"noreferrer noopener\">plaquetas<\/a><\/strong> s\u00e3o fragmentos citoplasm\u00e1ticos derivados dos megacari\u00f3citos na medula \u00f3ssea, essenciais para o in\u00edcio da coagula\u00e7\u00e3o. Segundo o estudo exato <strong>&#8220;<a href=\"https:\/\/www.sciencedirect.com\/book\/edited-volume\/9780128134566\/platelets\" target=\"_blank\" rel=\"noreferrer noopener\">Platelets<\/a>&#8220;<\/strong> (Michelson, A. D.), elas aderem ao col\u00e1geno exposto em vasos lesionados, ativando uma cascata de sinaliza\u00e7\u00e3o que resulta na forma\u00e7\u00e3o do tamp\u00e3o hemost\u00e1tico.<\/p>\n\n\n\n<p>Sem a quantidade m\u00ednima funcional, o tempo de sangramento torna-se prolongado, pois a rede de fibrina n\u00e3o consegue se ancorar corretamente. Informa\u00e7\u00f5es t\u00e9cnicas da <strong><a href=\"https:\/\/www.who.int\/publications\/i\/item\/9789241547871\" target=\"_blank\" rel=\"noreferrer noopener\">Organiza\u00e7\u00e3o Mundial da Sa\u00fade (OMS)<\/a><\/strong> refor\u00e7am que a integridade do endot\u00e9lio depende dessa intera\u00e7\u00e3o constante entre as plaquetas e as paredes dos vasos sangu\u00edneos.<\/p>\n\n\n\n<h2 class=\"wp-block-heading\">Quais os riscos de n\u00edveis muito baixos?<\/h2>\n\n\n\n<p>O risco cl\u00ednico \u00e9 estratificado de acordo com a <strong><a href=\"https:\/\/www.tuasaude.com\/plaquetas\/\" target=\"_blank\" rel=\"noreferrer noopener\">contagem<\/a><\/strong> celular, sendo que n\u00edveis abaixo de 20.000\/\u00b5L representam perigo iminente de hemorragia espont\u00e2nea. De acordo com o estudo exato <strong>&#8220;<a href=\"https:\/\/www.aafp.org\/pubs\/afp\/issues\/2012\/0315\/p612.html\" target=\"_blank\" rel=\"noreferrer noopener\">Thrombocytopenia<\/a>&#8220;<\/strong> (Gauer &amp; Braun), o risco de sangramento intracraniano aumenta exponencialmente em contagens severas.<\/p>\n\n\n\n<p>Al\u00e9m dos riscos internos, a trombocitopenia severa impede procedimentos cir\u00fargicos simples e tratamentos odontol\u00f3gicos. O manejo t\u00e9cnico exige monitoramento constante, pois a queda r\u00e1pida nos n\u00edveis pode indicar condi\u00e7\u00f5es agudas graves, como a P\u00farpura Trombocitop\u00eanica Idiop\u00e1tica (PTI) ou quadros infecciosos sist\u00eamicos.<\/p>\n\n\n<div class=\"wp-block-image\">\n<figure class=\"aligncenter size-large\"><img decoding=\"async\" width=\"1024\" height=\"585\" src=\"https:\/\/www.tuasaude.com\/news\/wp-content\/uploads\/2026\/01\/freepik__35mm-film-photography-pessoa-europeia-adulta-em-la__2995-1024x585.jpeg\" alt=\"Quando a queda de plaquetas se torna um risco imediato \u00e0 sa\u00fade?\" class=\"wp-image-1044\"\/><figcaption class=\"wp-element-caption\">As plaquetas s\u00e3o fragmentos citoplasm\u00e1ticos derivados dos megacari\u00f3citos na medula \u00f3ssea<\/figcaption><\/figure>\n<\/div>\n\n\n<h2 class=\"wp-block-heading\">Quais sintomas indicam perigo imediato?<\/h2>\n\n\n\n<p>A manifesta\u00e7\u00e3o cl\u00ednica da baixa de plaquetas costuma aparecer na pele e nas mucosas atrav\u00e9s de extravasamentos sangu\u00edneos. A presen\u00e7a de pet\u00e9quias indica falha na integridade capilar devido \u00e0 escassez de tromb\u00f3citos.<\/p>\n\n\n\n<p>Os sinais de alerta que exigem avalia\u00e7\u00e3o m\u00e9dica urgente incluem:<\/p>\n\n\n\n<div style=\"overflow-x:auto; margin: 20px 0;\">\n  <table style=\"width: 100%; border-collapse: collapse; font-family: 'Segoe UI', Tahoma, sans-serif; border: 2px solid #d32f2f; border-radius: 12px; overflow: hidden; box-shadow: 0 6px 15px rgba(211, 47, 47, 0.15);\">\n    <thead>\n      <tr style=\"background-color: #d32f2f; color: white; text-transform: uppercase;\">\n        <th style=\"padding: 18px; text-align: left; letter-spacing: 1px;\">Sinal de Alerta<\/th>\n        <th style=\"padding: 18px; text-align: left; letter-spacing: 1px;\">Descri\u00e7\u00e3o Cl\u00ednica<\/th>\n        <th style=\"padding: 18px; text-align: left; letter-spacing: 1px;\">Risco Associado<\/th>\n      <\/tr>\n    <\/thead>\n    <tbody>\n      <tr style=\"border-bottom: 1px solid #ffcdd2;\">\n        <td style=\"padding: 15px; font-weight: bold; color: #b71c1c;\">Pet\u00e9quias e Equimoses<\/td>\n        <td style=\"padding: 15px;\">Manchas vermelhas puntiformes ou hematomas sem causa traum\u00e1tica.<\/td>\n        <td style=\"padding: 15px;\">Fragilidade capilar ou queda severa de plaquetas.<\/td>\n      <\/tr>\n      <tr style=\"background-color: #fff5f5; border-bottom: 1px solid #ffcdd2;\">\n        <td style=\"padding: 15px; font-weight: bold; color: #b71c1c;\">Gengivorragia e Epistaxe<\/td>\n        <td style=\"padding: 15px;\">Sangramento persistente em gengivas ou nariz de dif\u00edcil estancamento.<\/td>\n        <td style=\"padding: 15px;\">Hemorragia de mucosas por dist\u00farbio de coagula\u00e7\u00e3o.<\/td>\n      <\/tr>\n      <tr style=\"border-bottom: 1px solid #ffcdd2;\">\n        <td style=\"padding: 15px; font-weight: bold; color: #b71c1c;\">Hemat\u00faria<\/td>\n        <td style=\"padding: 15px;\">Presen\u00e7a vis\u00edvel ou microsc\u00f3pica de sangue na urina.<\/td>\n        <td style=\"padding: 15px;\">Comprometimento e sangramento no trato urin\u00e1rio.<\/td>\n      <\/tr>\n      <tr style=\"background-color: #fff5f5; border-bottom: 1px solid #ffcdd2;\">\n        <td style=\"padding: 15px; font-weight: bold; color: #b71c1c;\">Melena ou Hemat\u00eamese<\/td>\n        <td style=\"padding: 15px;\">Sangue nas fezes (escuro\/odor forte) ou v\u00f4mito com sangue.<\/td>\n        <td style=\"padding: 15px;\">Hemorragia gastrointestinal grave.<\/td>\n      <\/tr>\n      <tr>\n        <td style=\"padding: 15px; font-weight: bold; color: #b71c1c;\">Cefaleia S\u00fabita e Intensa<\/td>\n        <td style=\"padding: 15px;\">Dor de cabe\u00e7a fort\u00edssima que surge de forma abrupta.<\/td>\n        <td style=\"padding: 15px;\">Risco iminente de sangramento intracraniano (AVC hemorr\u00e1gico).<\/td>\n      <\/tr>\n    <\/tbody>\n  <\/table>\n<\/div>\n\n\n\n<h2 class=\"wp-block-heading\">Quais s\u00e3o as causas principais das plaquetas baixas?<\/h2>\n\n\n\n<p>As causas s\u00e3o divididas entre baixa produ\u00e7\u00e3o na medula ou destrui\u00e7\u00e3o perif\u00e9rica acelerada. Estudos apontam que infec\u00e7\u00f5es virais como Dengue e HIV, al\u00e9m do uso de f\u00e1rmacos como heparina e quinidina, s\u00e3o gatilhos frequentes para a queda s\u00fabita.<\/p>\n\n\n\n<p>Fatores nutricionais e patol\u00f3gicos tamb\u00e9m desempenham pap\u00e9is decisivos:<\/p>\n\n\n\n<ul class=\"wp-block-list\">\n<li><strong>Mielossupress\u00e3o:<\/strong> causada por quimioterapia ou infiltra\u00e7\u00e3o de doen\u00e7as como a leucemia.<\/li>\n\n\n\n<li><strong>Sequestro espl\u00eanico:<\/strong> aumento do ba\u00e7o que ret\u00e9m as plaquetas, comum em doen\u00e7as hep\u00e1ticas.<\/li>\n\n\n\n<li><strong>Defici\u00eancias vitam\u00ednicas:<\/strong> falta de Vitamina B12 e \u00c1cido F\u00f3lico essenciais para a produ\u00e7\u00e3o celular.<\/li>\n\n\n\n<li><strong>Destrui\u00e7\u00e3o autoimune:<\/strong> quando anticorpos atacam erroneamente as pr\u00f3prias plaquetas do paciente.<\/li>\n<\/ul>\n\n\n\n<h2 class=\"wp-block-heading\">Como reduzir os riscos \u00e0 sa\u00fade?<\/h2>\n\n\n\n<p>Para pacientes com diagn\u00f3stico de trombocitopenia, o manejo envolve a preven\u00e7\u00e3o de traumas e a revis\u00e3o rigorosa de subst\u00e2ncias anticoagulantes. Recomenda-se evitar o uso de Aspirina (AAS) e outros anti-inflamat\u00f3rios n\u00e3o esteroides.<\/p>\n\n\n\n<p>Medidas de prote\u00e7\u00e3o para evitar complica\u00e7\u00f5es hemorr\u00e1gicas incluem:<\/p>\n\n\n\n<ul class=\"wp-block-list\">\n<li><strong>Substitui\u00e7\u00e3o de atividades:<\/strong> trocar esportes de alto impacto por exerc\u00edcios de baixo risco.<\/li>\n\n\n\n<li><strong>Cuidados com a higiene:<\/strong> uso de escovas de dente extramacias e barbeadores el\u00e9tricos.<\/li>\n\n\n\n<li><strong>Suporte nutricional:<\/strong> corre\u00e7\u00e3o de defici\u00eancias de folato e B12 sob supervis\u00e3o t\u00e9cnica.<\/li>\n\n\n\n<li><strong>Monitoramento laboratorial:<\/strong> realiza\u00e7\u00e3o frequente de hemogramas para ajuste de conduta m\u00e9dica.<\/li>\n<\/ul>\n\n\n\n<p><strong>Nota: <\/strong>\u00c9 indispens\u00e1vel buscar orienta\u00e7\u00e3o m\u00e9dica profissional para realizar um diagn\u00f3stico diferencial e determinar o tratamento espec\u00edfico para a causa da sua baixa de plaquetas.<\/p>\n","protected":false},"excerpt":{"rendered":"<p>Ter plaquetas baixas, condi\u00e7\u00e3o clinicamente chamada de trombocitopenia, \u00e9 perigoso porque compromete a hemostasia prim\u00e1ria, elevando o risco de hemorragias espont\u00e2neas. Quando os n\u00edveis caem abaixo de 150.000 unidades por microlitro, o organismo perde sua capacidade de selar les\u00f5es vasculares de forma eficiente. Entender os limiares de risco cl\u00ednico e os mecanismos fisiopatol\u00f3gicos \u00e9 fundamental [&hellip;]<\/p>\n","protected":false},"author":9,"featured_media":1045,"comment_status":"open","ping_status":"open","sticky":false,"template":"","format":"standard","meta":{"_yoast_wpseo_focuskw":"plaquetas","_yoast_wpseo_title":"","_yoast_wpseo_metadesc":"Quando as plaquetas est\u00e3o baixas, o corpo perde a capacidade de estancar sangramentos. Veja os sinais de alerta e os riscos envolvidos.","jnews-multi-image_gallery":[],"jnews_single_post":{"format":"standard"},"jnews_primary_category":[],"jnews_social_meta":[],"jnews_override_counter":[],"footnotes":""},"categories":[111],"tags":[307,306,308,136],"class_list":["post-921","post","type-post","status-publish","format-standard","has-post-thumbnail","hentry","category-saude","tag-plaquetas","tag-plaquetas-baixas","tag-riscos-associados-a-queda-de-plaquetas","tag-saude"],"yoast_head":"<!-- This site is optimized with the Yoast SEO plugin v26.7 - https:\/\/yoast.com\/wordpress\/plugins\/seo\/ -->\n<title>Quando a queda de plaquetas se torna um risco imediato \u00e0 sa\u00fade? - Tua Sa\u00fade<\/title>\n<meta name=\"description\" content=\"Quando as plaquetas est\u00e3o baixas, o corpo perde a capacidade de estancar sangramentos. Veja os sinais de alerta e os riscos envolvidos.\" \/>\n<meta name=\"robots\" content=\"index, follow, max-snippet:-1, max-image-preview:large, max-video-preview:-1\" \/>\n<link rel=\"canonical\" href=\"https:\/\/www.tuasaude.com\/news\/2026\/01\/18\/quando-a-queda-de-plaquetas-se-torna-um-risco-imediato-a-saude\/\" \/>\n<meta property=\"og:locale\" content=\"pt_BR\" \/>\n<meta property=\"og:type\" content=\"article\" \/>\n<meta property=\"og:title\" content=\"Quando a queda de plaquetas se torna um risco imediato \u00e0 sa\u00fade? - Tua Sa\u00fade\" \/>\n<meta property=\"og:description\" content=\"Quando as plaquetas est\u00e3o baixas, o corpo perde a capacidade de estancar sangramentos. Veja os sinais de alerta e os riscos envolvidos.\" \/>\n<meta property=\"og:url\" content=\"https:\/\/www.tuasaude.com\/news\/2026\/01\/18\/quando-a-queda-de-plaquetas-se-torna-um-risco-imediato-a-saude\/\" \/>\n<meta property=\"og:site_name\" content=\"Tua Sa\u00fade\" \/>\n<meta property=\"article:published_time\" content=\"2026-01-18T17:00:00+00:00\" \/>\n<meta property=\"og:image\" content=\"https:\/\/www.tuasaude.com\/news\/wp-content\/uploads\/2026\/01\/freepik__35mm-film-photography-visualizao-microscpica-reali__2994-scaled-e1768642696475.jpeg\" \/>\n\t<meta property=\"og:image:width\" content=\"1280\" \/>\n\t<meta property=\"og:image:height\" content=\"732\" \/>\n\t<meta property=\"og:image:type\" content=\"image\/jpeg\" \/>\n<meta name=\"author\" content=\"Roberta Patriota\" \/>\n<meta name=\"twitter:card\" content=\"summary_large_image\" \/>\n<meta name=\"twitter:label1\" content=\"Escrito por\" \/>\n\t<meta name=\"twitter:data1\" content=\"Roberta Patriota\" \/>\n\t<meta name=\"twitter:label2\" content=\"Est. tempo de leitura\" \/>\n\t<meta name=\"twitter:data2\" content=\"4 minutos\" \/>\n<!-- \/ Yoast SEO plugin. -->","yoast_head_json":{"title":"Quando a queda de plaquetas se torna um risco imediato \u00e0 sa\u00fade? - Tua Sa\u00fade","description":"Quando as plaquetas est\u00e3o baixas, o corpo perde a capacidade de estancar sangramentos. Veja os sinais de alerta e os riscos envolvidos.","robots":{"index":"index","follow":"follow","max-snippet":"max-snippet:-1","max-image-preview":"max-image-preview:large","max-video-preview":"max-video-preview:-1"},"canonical":"https:\/\/www.tuasaude.com\/news\/2026\/01\/18\/quando-a-queda-de-plaquetas-se-torna-um-risco-imediato-a-saude\/","og_locale":"pt_BR","og_type":"article","og_title":"Quando a queda de plaquetas se torna um risco imediato \u00e0 sa\u00fade? - Tua Sa\u00fade","og_description":"Quando as plaquetas est\u00e3o baixas, o corpo perde a capacidade de estancar sangramentos. Veja os sinais de alerta e os riscos envolvidos.","og_url":"https:\/\/www.tuasaude.com\/news\/2026\/01\/18\/quando-a-queda-de-plaquetas-se-torna-um-risco-imediato-a-saude\/","og_site_name":"Tua Sa\u00fade","article_published_time":"2026-01-18T17:00:00+00:00","og_image":[{"width":1280,"height":732,"url":"https:\/\/www.tuasaude.com\/news\/wp-content\/uploads\/2026\/01\/freepik__35mm-film-photography-visualizao-microscpica-reali__2994-scaled-e1768642696475.jpeg","type":"image\/jpeg"}],"author":"Roberta Patriota","twitter_card":"summary_large_image","twitter_misc":{"Escrito por":"Roberta Patriota","Est. tempo de leitura":"4 minutos"},"schema":{"@context":"https:\/\/schema.org","@graph":[{"@type":"Article","@id":"https:\/\/www.tuasaude.com\/news\/2026\/01\/18\/quando-a-queda-de-plaquetas-se-torna-um-risco-imediato-a-saude\/#article","isPartOf":{"@id":"https:\/\/www.tuasaude.com\/news\/2026\/01\/18\/quando-a-queda-de-plaquetas-se-torna-um-risco-imediato-a-saude\/"},"author":{"name":"Roberta Patriota","@id":"https:\/\/www.tuasaude.com\/news\/#\/schema\/person\/27adc41011393316b12ef997ca893e44"},"headline":"Quando a queda de plaquetas se torna um risco imediato \u00e0 sa\u00fade?","datePublished":"2026-01-18T17:00:00+00:00","mainEntityOfPage":{"@id":"https:\/\/www.tuasaude.com\/news\/2026\/01\/18\/quando-a-queda-de-plaquetas-se-torna-um-risco-imediato-a-saude\/"},"wordCount":765,"commentCount":0,"image":{"@id":"https:\/\/www.tuasaude.com\/news\/2026\/01\/18\/quando-a-queda-de-plaquetas-se-torna-um-risco-imediato-a-saude\/#primaryimage"},"thumbnailUrl":"https:\/\/www.tuasaude.com\/news\/wp-content\/uploads\/2026\/01\/freepik__35mm-film-photography-visualizao-microscpica-reali__2994-scaled-e1768642696475.jpeg","keywords":["plaquetas","Plaquetas baixas","riscos associados a queda de plaquetas","sa\u00fade"],"articleSection":["Sa\u00fade"],"inLanguage":"pt-BR","potentialAction":[{"@type":"CommentAction","name":"Comment","target":["https:\/\/www.tuasaude.com\/news\/2026\/01\/18\/quando-a-queda-de-plaquetas-se-torna-um-risco-imediato-a-saude\/#respond"]}]},{"@type":"WebPage","@id":"https:\/\/www.tuasaude.com\/news\/2026\/01\/18\/quando-a-queda-de-plaquetas-se-torna-um-risco-imediato-a-saude\/","url":"https:\/\/www.tuasaude.com\/news\/2026\/01\/18\/quando-a-queda-de-plaquetas-se-torna-um-risco-imediato-a-saude\/","name":"Quando a queda de plaquetas se torna um risco imediato \u00e0 sa\u00fade? - Tua Sa\u00fade","isPartOf":{"@id":"https:\/\/www.tuasaude.com\/news\/#website"},"primaryImageOfPage":{"@id":"https:\/\/www.tuasaude.com\/news\/2026\/01\/18\/quando-a-queda-de-plaquetas-se-torna-um-risco-imediato-a-saude\/#primaryimage"},"image":{"@id":"https:\/\/www.tuasaude.com\/news\/2026\/01\/18\/quando-a-queda-de-plaquetas-se-torna-um-risco-imediato-a-saude\/#primaryimage"},"thumbnailUrl":"https:\/\/www.tuasaude.com\/news\/wp-content\/uploads\/2026\/01\/freepik__35mm-film-photography-visualizao-microscpica-reali__2994-scaled-e1768642696475.jpeg","datePublished":"2026-01-18T17:00:00+00:00","author":{"@id":"https:\/\/www.tuasaude.com\/news\/#\/schema\/person\/27adc41011393316b12ef997ca893e44"},"description":"Quando as plaquetas est\u00e3o baixas, o corpo perde a capacidade de estancar sangramentos. Veja os sinais de alerta e os riscos envolvidos.","breadcrumb":{"@id":"https:\/\/www.tuasaude.com\/news\/2026\/01\/18\/quando-a-queda-de-plaquetas-se-torna-um-risco-imediato-a-saude\/#breadcrumb"},"inLanguage":"pt-BR","potentialAction":[{"@type":"ReadAction","target":["https:\/\/www.tuasaude.com\/news\/2026\/01\/18\/quando-a-queda-de-plaquetas-se-torna-um-risco-imediato-a-saude\/"]}]},{"@type":"ImageObject","inLanguage":"pt-BR","@id":"https:\/\/www.tuasaude.com\/news\/2026\/01\/18\/quando-a-queda-de-plaquetas-se-torna-um-risco-imediato-a-saude\/#primaryimage","url":"https:\/\/www.tuasaude.com\/news\/wp-content\/uploads\/2026\/01\/freepik__35mm-film-photography-visualizao-microscpica-reali__2994-scaled-e1768642696475.jpeg","contentUrl":"https:\/\/www.tuasaude.com\/news\/wp-content\/uploads\/2026\/01\/freepik__35mm-film-photography-visualizao-microscpica-reali__2994-scaled-e1768642696475.jpeg","width":1280,"height":732,"caption":"As plaquetas s\u00e3o fragmentos citoplasm\u00e1ticos derivados dos megacari\u00f3citos na medula \u00f3ssea"},{"@type":"BreadcrumbList","@id":"https:\/\/www.tuasaude.com\/news\/2026\/01\/18\/quando-a-queda-de-plaquetas-se-torna-um-risco-imediato-a-saude\/#breadcrumb","itemListElement":[{"@type":"ListItem","position":1,"name":"In\u00edcio","item":"https:\/\/www.tuasaude.com\/news\/"},{"@type":"ListItem","position":2,"name":"Quando a queda de plaquetas se torna um risco imediato \u00e0 sa\u00fade?"}]},{"@type":"WebSite","@id":"https:\/\/www.tuasaude.com\/news\/#website","url":"https:\/\/www.tuasaude.com\/news\/","name":"Tua Sa\u00fade","description":"Seu site de sa\u00fade","potentialAction":[{"@type":"SearchAction","target":{"@type":"EntryPoint","urlTemplate":"https:\/\/www.tuasaude.com\/news\/?s={search_term_string}"},"query-input":{"@type":"PropertyValueSpecification","valueRequired":true,"valueName":"search_term_string"}}],"inLanguage":"pt-BR"},{"@type":"Person","@id":"https:\/\/www.tuasaude.com\/news\/#\/schema\/person\/27adc41011393316b12ef997ca893e44","name":"Roberta Patriota","image":{"@type":"ImageObject","inLanguage":"pt-BR","@id":"https:\/\/www.tuasaude.com\/news\/#\/schema\/person\/image\/","url":"https:\/\/secure.gravatar.com\/avatar\/40fc934d21bfa38a60909bb2e5f2ec503dcd4d849aa772e107feb32efe75c210?s=96&d=mm&r=g","contentUrl":"https:\/\/secure.gravatar.com\/avatar\/40fc934d21bfa38a60909bb2e5f2ec503dcd4d849aa772e107feb32efe75c210?s=96&d=mm&r=g","caption":"Roberta Patriota"},"sameAs":["https:\/\/www.tuasaude.com\/news\/"],"url":"https:\/\/www.tuasaude.com\/news\/author\/roberta-patriota\/"}]}},"_links":{"self":[{"href":"https:\/\/www.tuasaude.com\/news\/wp-json\/wp\/v2\/posts\/921","targetHints":{"allow":["GET"]}}],"collection":[{"href":"https:\/\/www.tuasaude.com\/news\/wp-json\/wp\/v2\/posts"}],"about":[{"href":"https:\/\/www.tuasaude.com\/news\/wp-json\/wp\/v2\/types\/post"}],"author":[{"embeddable":true,"href":"https:\/\/www.tuasaude.com\/news\/wp-json\/wp\/v2\/users\/9"}],"replies":[{"embeddable":true,"href":"https:\/\/www.tuasaude.com\/news\/wp-json\/wp\/v2\/comments?post=921"}],"version-history":[{"count":2,"href":"https:\/\/www.tuasaude.com\/news\/wp-json\/wp\/v2\/posts\/921\/revisions"}],"predecessor-version":[{"id":1051,"href":"https:\/\/www.tuasaude.com\/news\/wp-json\/wp\/v2\/posts\/921\/revisions\/1051"}],"wp:featuredmedia":[{"embeddable":true,"href":"https:\/\/www.tuasaude.com\/news\/wp-json\/wp\/v2\/media\/1045"}],"wp:attachment":[{"href":"https:\/\/www.tuasaude.com\/news\/wp-json\/wp\/v2\/media?parent=921"}],"wp:term":[{"taxonomy":"category","embeddable":true,"href":"https:\/\/www.tuasaude.com\/news\/wp-json\/wp\/v2\/categories?post=921"},{"taxonomy":"post_tag","embeddable":true,"href":"https:\/\/www.tuasaude.com\/news\/wp-json\/wp\/v2\/tags?post=921"}],"curies":[{"name":"wp","href":"https:\/\/api.w.org\/{rel}","templated":true}]}}