{"id":919,"date":"2026-01-18T13:00:00","date_gmt":"2026-01-18T16:00:00","guid":{"rendered":"https:\/\/www.tuasaude.com\/news\/?p=919"},"modified":"2026-01-18T06:53:07","modified_gmt":"2026-01-18T09:53:07","slug":"quando-a-depressao-e-tratada-a-vida-pode-ganhar-novo-folego","status":"publish","type":"post","link":"https:\/\/www.tuasaude.com\/news\/2026\/01\/18\/quando-a-depressao-e-tratada-a-vida-pode-ganhar-novo-folego\/","title":{"rendered":"Quando a depress\u00e3o \u00e9 tratada, a vida pode ganhar novo f\u00f4lego"},"content":{"rendered":"\n<p>Sair da <strong><a href=\"https:\/\/www.tuasaude.com\/remedio-caseiro-para-depressao\/\" target=\"_blank\" rel=\"noreferrer noopener\">depress\u00e3o<\/a><\/strong> \u00e9 um processo fundamentado na neuroplasticidade e na regula\u00e7\u00e3o neuroqu\u00edmica, envolvendo interven\u00e7\u00f5es que visam restaurar a funcionalidade das \u00e1reas cerebrais afetadas. Embora a medicina utilize o termo remiss\u00e3o para a aus\u00eancia de sintomas, o restabelecimento da qualidade de vida \u00e9 poss\u00edvel atrav\u00e9s de estrat\u00e9gias multidisciplinares. Compreender as bases cient\u00edficas desse processo \u00e9 o primeiro passo para transformar o curso da condi\u00e7\u00e3o e consolidar uma <strong><a href=\"https:\/\/www.tuasaude.com\/medico-responde\/e-possivel-curar-a-depressao\/\" target=\"_blank\" rel=\"noreferrer noopener\">recupera\u00e7\u00e3o<\/a><\/strong> duradoura.<\/p>\n\n\n\n<h2 class=\"wp-block-heading\">A depress\u00e3o tem cura?<\/h2>\n\n\n\n<p>A depress\u00e3o \u00e9 clinicamente trat\u00e1vel e a remiss\u00e3o completa \u00e9 o objetivo principal das interven\u00e7\u00f5es modernas. Segundo o estudo exato <strong>&#8220;<a href=\"https:\/\/pubmed.ncbi.nlm.nih.gov\/10468323\/\" target=\"_blank\" rel=\"noreferrer noopener\">Antidepressants and the brain<\/a>&#8220;<\/strong>, o tratamento adequado pode reverter altera\u00e7\u00f5es estruturais no hipocampo, promovendo a neurog\u00eanese e a recupera\u00e7\u00e3o cognitiva.<\/p>\n\n\n\n<p>A ideia de cura \u00e9 sustentada pela capacidade do c\u00e9rebro de se reorganizar sob est\u00edmulos terap\u00eauticos corretos. Pesquisas indicam que pacientes que atingem a remiss\u00e3o total e mant\u00eam h\u00e1bitos preventivos apresentam riscos significativamente menores de novos epis\u00f3dios, caracterizando uma estabilidade prolongada e funcional.<\/p>\n\n\n\n<h2 class=\"wp-block-heading\">Qual o papel da psicoterapia?<\/h2>\n\n\n\n<p>A Terapia Cognitivo-Comportamental (TCC) \u00e9 a abordagem com maior evid\u00eancia cient\u00edfica para tratar a depress\u00e3o. O estudo exato <strong>&#8220;<a href=\"https:\/\/pubmed.ncbi.nlm.nih.gov\/23459093\/\" target=\"_blank\" rel=\"noreferrer noopener\">The Efficacy of Cognitive Behavioral Therapy: A Review of Meta-analyses<\/a>&#8220;<\/strong> (Hofmann et al.) confirma que a TCC \u00e9 t\u00e3o eficaz quanto medicamentos em casos leves e moderados, reduzindo drasticamente as taxas de reca\u00edda.<\/p>\n\n\n\n<p>Essa t\u00e9cnica atua na reestrutura\u00e7\u00e3o de esquemas mentais disfuncionais e na ativa\u00e7\u00e3o comportamental. Ao modificar a forma como o indiv\u00edduo processa informa\u00e7\u00f5es negativas, a psicoterapia altera a ativa\u00e7\u00e3o da am\u00edgdala e do c\u00f3rtex pr\u00e9-frontal, \u00e1reas cruciais para a regula\u00e7\u00e3o das emo\u00e7\u00f5es e tomada de decis\u00e3o.<\/p>\n\n\n\n<h2 class=\"wp-block-heading\">Como os h\u00e1bitos saud\u00e1veis ajudam?<\/h2>\n\n\n\n<p>Mudan\u00e7as no estilo de vida geram um impacto biol\u00f3gico direto na redu\u00e7\u00e3o da inflama\u00e7\u00e3o sist\u00eamica, que est\u00e1 associada ao agravamento da depress\u00e3o. A pr\u00e1tica de atividades f\u00edsicas, por exemplo, estimula a libera\u00e7\u00e3o do fator neurotr\u00f3fico derivado do c\u00e9rebro (BDNF), essencial para a sobreviv\u00eancia dos neur\u00f4nios.<\/p>\n\n\n\n<p>Estrat\u00e9gias baseadas em evid\u00eancias para suporte metab\u00f3lico e neurol\u00f3gico incluem:<\/p>\n\n\n\n<ul class=\"wp-block-list\">\n<li><strong>Exerc\u00edcio aer\u00f3bico:<\/strong> O estudo <strong>&#8220;Exercise as a treatment for depression&#8221;<\/strong> (Craft &amp; Perna) demonstra efic\u00e1cia similar a antidepressivos em alguns grupos.<\/li>\n\n\n\n<li><strong>Higiene do sono:<\/strong> Regula o ritmo circadiano, essencial para a produ\u00e7\u00e3o de melatonina e repara\u00e7\u00e3o celular.<\/li>\n\n\n\n<li><strong>Dieta anti-inflamat\u00f3ria:<\/strong> O consumo de \u00f4mega-3 auxilia na fluidez das membranas neuronais e na comunica\u00e7\u00e3o sin\u00e1ptica.<\/li>\n\n\n\n<li><strong>Exposi\u00e7\u00e3o \u00e0 luz solar:<\/strong> Fundamental para a s\u00edntese de vitamina D e regula\u00e7\u00e3o dos n\u00edveis de serotonina.<\/li>\n<\/ul>\n\n\n<div class=\"wp-block-image\">\n<figure class=\"aligncenter size-large\"><img decoding=\"async\" width=\"1024\" height=\"585\" src=\"https:\/\/www.tuasaude.com\/news\/wp-content\/uploads\/2026\/01\/freepik__35mm-film-photography-pessoa-americana-adulta-cami__2985-1024x585.jpeg\" alt=\"Quando a depress\u00e3o \u00e9 tratada, a vida pode ganhar novo f\u00f4lego\" class=\"wp-image-1036\" srcset=\"https:\/\/www.tuasaude.com\/news\/wp-content\/uploads\/2026\/01\/freepik__35mm-film-photography-pessoa-americana-adulta-cami__2985-1024x585.jpeg 1024w, https:\/\/www.tuasaude.com\/news\/wp-content\/uploads\/2026\/01\/freepik__35mm-film-photography-pessoa-americana-adulta-cami__2985-300x171.jpeg 300w, https:\/\/www.tuasaude.com\/news\/wp-content\/uploads\/2026\/01\/freepik__35mm-film-photography-pessoa-americana-adulta-cami__2985-768x439.jpeg 768w, https:\/\/www.tuasaude.com\/news\/wp-content\/uploads\/2026\/01\/freepik__35mm-film-photography-pessoa-americana-adulta-cami__2985-750x428.jpeg 750w, https:\/\/www.tuasaude.com\/news\/wp-content\/uploads\/2026\/01\/freepik__35mm-film-photography-pessoa-americana-adulta-cami__2985-1140x651.jpeg 1140w, https:\/\/www.tuasaude.com\/news\/wp-content\/uploads\/2026\/01\/freepik__35mm-film-photography-pessoa-americana-adulta-cami__2985.jpeg 1280w\" sizes=\"(max-width: 1024px) 100vw, 1024px\" \/><figcaption class=\"wp-element-caption\">A depress\u00e3o \u00e9 clinicamente trat\u00e1vel e a remiss\u00e3o completa \u00e9 o objetivo principal das interven\u00e7\u00f5es modernas<\/figcaption><\/figure>\n<\/div>\n\n\n<h2 class=\"wp-block-heading\">Quando os medicamentos s\u00e3o necess\u00e1rios?<\/h2>\n\n\n\n<p>Os antidepressivos s\u00e3o ferramentas t\u00e9cnicas essenciais para corrigir a hipofun\u00e7\u00e3o de neurotransmissores como serotonina, noradrenalina e dopamina. O estudo exato <strong>&#8220;<a href=\"https:\/\/www.thelancet.com\/journals\/lancet\/article\/PIIS0140-6736(17)32802-7\/fulltext\" target=\"_blank\" rel=\"noreferrer noopener\">Comparative efficacy and acceptability of 21 antidepressant drugs for the acute treatment of adults with major depressive disorder: a systematic review and network meta-analysis<\/a>&#8220;<\/strong> (Cipriani et al.) comprova que os f\u00e1rmacos s\u00e3o mais eficazes que o placebo no tratamento de adultos com depress\u00e3o maior.<\/p>\n\n\n\n<p>A indica\u00e7\u00e3o medicamentosa visa &#8220;preparar o terreno&#8221; biol\u00f3gico, permitindo que o paciente tenha energia para engajar na psicoterapia e nas mudan\u00e7as de h\u00e1bito. De acordo com o <strong><a href=\"https:\/\/www.gov.br\/conitec\/pt-br\/assuntos\/avaliacao-de-tecnologias-em-saude\/protocolos-clinicos-e-diretrizes-terapeuticas\" target=\"_blank\" rel=\"noreferrer noopener\">Minist\u00e9rio da Sa\u00fade<\/a><\/strong>, o uso deve ser cont\u00ednuo e supervisionado para garantir que a plasticidade sin\u00e1ptica seja mantida at\u00e9 a estabiliza\u00e7\u00e3o do quadro.<\/p>\n\n\n\n<h2 class=\"wp-block-heading\">Como construir uma rede de apoio?<\/h2>\n\n\n\n<p>O suporte social atua como um modulador do estresse, reduzindo os n\u00edveis de cortisol que, em excesso, \u00e9 t\u00f3xico para os neur\u00f4nios. Estudos indicam que v\u00ednculos fortes aceleram o tempo de resposta ao tratamento cl\u00ednico.<\/p>\n\n\n\n<p>A constru\u00e7\u00e3o de conex\u00f5es significativas oferece benef\u00edcios pr\u00e1ticos e emocionais:<\/p>\n\n\n\n<div style=\"overflow-x:auto; margin: 20px 0;\">\n  <table style=\"width: 100%; border-collapse: collapse; font-family: 'Segoe UI', Arial, sans-serif; border: 1px solid #e3f2fd; border-radius: 10px; overflow: hidden; box-shadow: 0 4px 15px rgba(0,0,0,0.1);\">\n    <thead>\n      <tr style=\"background-color: #1976d2; color: white; text-transform: uppercase; font-size: 13px; letter-spacing: 0.5px;\">\n        <th style=\"padding: 18px; text-align: left;\">Pilar da Rede de Apoio<\/th>\n        <th style=\"padding: 18px; text-align: left;\">A\u00e7\u00e3o Pr\u00e1tica<\/th>\n        <th style=\"padding: 18px; text-align: left;\">Impacto no Tratamento<\/th>\n      <\/tr>\n    <\/thead>\n    <tbody>\n      <tr style=\"border-bottom: 1px solid #eee;\">\n        <td style=\"padding: 15px; font-weight: bold; color: #1565c0;\">Valida\u00e7\u00e3o de Sentimentos<\/td>\n        <td style=\"padding: 15px;\">Escuta ativa sem julgamentos sobre a condi\u00e7\u00e3o cl\u00ednica.<\/td>\n        <td style=\"padding: 15px;\">Redu\u00e7\u00e3o do cortisol e quebra do estigma\/culpa.<\/td>\n      <\/tr>\n      <tr style=\"background-color: #f8fbff; border-bottom: 1px solid #eee;\">\n        <td style=\"padding: 15px; font-weight: bold; color: #1565c0;\">Monitoramento M\u00fatuo<\/td>\n        <td style=\"padding: 15px;\">Observa\u00e7\u00e3o pr\u00f3xima de mudan\u00e7as no sono, apetite ou fala.<\/td>\n        <td style=\"padding: 15px;\">Identifica\u00e7\u00e3o precoce de reca\u00eddas ou resposta ao rem\u00e9dio.<\/td>\n      <\/tr>\n      <tr style=\"border-bottom: 1px solid #eee;\">\n        <td style=\"padding: 15px; font-weight: bold; color: #1565c0;\">Est\u00edmulo \u00e0 Rotina<\/td>\n        <td style=\"padding: 15px;\">Convites para caminhadas, refei\u00e7\u00f5es ou atividades externas.<\/td>\n        <td style=\"padding: 15px;\">Manuten\u00e7\u00e3o do autocuidado e ressocializa\u00e7\u00e3o gradativa.<\/td>\n      <\/tr>\n      <tr style=\"background-color: #f8fbff;\">\n        <td style=\"padding: 15px; font-weight: bold; color: #1565c0;\">Seguran\u00e7a Emocional<\/td>\n        <td style=\"padding: 15px;\">Cria\u00e7\u00e3o de um ambiente dom\u00e9stico previs\u00edvel e acolhedor.<\/td>\n        <td style=\"padding: 15px;\">Desativa\u00e7\u00e3o do sistema de alerta (am\u00edgdala) cerebral.<\/td>\n      <\/tr>\n    <\/tbody>\n  <\/table>\n<\/div>\n\n\n\n<p><strong>Nota:<\/strong> \u00c9 indispens\u00e1vel buscar orienta\u00e7\u00e3o m\u00e9dica profissional para obter um diagn\u00f3stico preciso e definir o plano terap\u00eautico mais adequado para o seu caso.<\/p>\n\n\n\n<hr class=\"wp-block-separator has-alpha-channel-opacity\"\/>\n","protected":false},"excerpt":{"rendered":"<p>Sair da depress\u00e3o \u00e9 um processo fundamentado na neuroplasticidade e na regula\u00e7\u00e3o neuroqu\u00edmica, envolvendo interven\u00e7\u00f5es que visam restaurar a funcionalidade das \u00e1reas cerebrais afetadas. Embora a medicina utilize o termo remiss\u00e3o para a aus\u00eancia de sintomas, o restabelecimento da qualidade de vida \u00e9 poss\u00edvel atrav\u00e9s de estrat\u00e9gias multidisciplinares. Compreender as bases cient\u00edficas desse processo \u00e9 [&hellip;]<\/p>\n","protected":false},"author":9,"featured_media":1027,"comment_status":"open","ping_status":"open","sticky":false,"template":"","format":"standard","meta":{"_yoast_wpseo_focuskw":"depress\u00e3o","_yoast_wpseo_title":"","_yoast_wpseo_metadesc":"Com cuidado cont\u00ednuo, h\u00e1bitos saud\u00e1veis e apoio emocional, o c\u00e9rebro pode se adaptar e os sintomas da depress\u00e3o podem diminuir.","jnews-multi-image_gallery":[],"jnews_single_post":{"format":"standard"},"jnews_primary_category":[],"jnews_social_meta":[],"jnews_override_counter":[],"footnotes":""},"categories":[111],"tags":[302,304,305,303],"class_list":["post-919","post","type-post","status-publish","format-standard","has-post-thumbnail","hentry","category-saude","tag-depressao","tag-habitos-que-ajudam-a-prevenir-a-depressao","tag-saude-mental","tag-sintomas-de-depressao"],"yoast_head":"<!-- This site is optimized with the Yoast SEO plugin v26.7 - https:\/\/yoast.com\/wordpress\/plugins\/seo\/ -->\n<title>Quando a depress\u00e3o \u00e9 tratada, a vida pode ganhar novo f\u00f4lego - Tua Sa\u00fade<\/title>\n<meta name=\"description\" content=\"Com cuidado cont\u00ednuo, h\u00e1bitos saud\u00e1veis e apoio emocional, o c\u00e9rebro pode se adaptar e os sintomas da depress\u00e3o podem diminuir.\" \/>\n<meta name=\"robots\" content=\"index, follow, max-snippet:-1, max-image-preview:large, max-video-preview:-1\" \/>\n<link rel=\"canonical\" href=\"https:\/\/www.tuasaude.com\/news\/2026\/01\/18\/quando-a-depressao-e-tratada-a-vida-pode-ganhar-novo-folego\/\" \/>\n<meta property=\"og:locale\" content=\"pt_BR\" \/>\n<meta property=\"og:type\" content=\"article\" \/>\n<meta property=\"og:title\" content=\"Quando a depress\u00e3o \u00e9 tratada, a vida pode ganhar novo f\u00f4lego - Tua Sa\u00fade\" \/>\n<meta property=\"og:description\" content=\"Com cuidado cont\u00ednuo, h\u00e1bitos saud\u00e1veis e apoio emocional, o c\u00e9rebro pode se adaptar e os sintomas da depress\u00e3o podem diminuir.\" \/>\n<meta property=\"og:url\" content=\"https:\/\/www.tuasaude.com\/news\/2026\/01\/18\/quando-a-depressao-e-tratada-a-vida-pode-ganhar-novo-folego\/\" \/>\n<meta property=\"og:site_name\" content=\"Tua Sa\u00fade\" \/>\n<meta property=\"article:published_time\" content=\"2026-01-18T16:00:00+00:00\" \/>\n<meta property=\"og:image\" content=\"https:\/\/www.tuasaude.com\/news\/wp-content\/uploads\/2026\/01\/freepik__35mm-film-photography-pessoa-americana-adulta-sent__2984.jpeg\" \/>\n\t<meta property=\"og:image:width\" content=\"1280\" \/>\n\t<meta property=\"og:image:height\" content=\"731\" \/>\n\t<meta property=\"og:image:type\" content=\"image\/jpeg\" \/>\n<meta name=\"author\" content=\"Roberta Patriota\" \/>\n<meta name=\"twitter:card\" content=\"summary_large_image\" \/>\n<meta name=\"twitter:label1\" content=\"Escrito por\" \/>\n\t<meta name=\"twitter:data1\" content=\"Roberta Patriota\" \/>\n\t<meta name=\"twitter:label2\" content=\"Est. tempo de leitura\" \/>\n\t<meta name=\"twitter:data2\" content=\"5 minutos\" \/>\n<!-- \/ Yoast SEO plugin. -->","yoast_head_json":{"title":"Quando a depress\u00e3o \u00e9 tratada, a vida pode ganhar novo f\u00f4lego - Tua Sa\u00fade","description":"Com cuidado cont\u00ednuo, h\u00e1bitos saud\u00e1veis e apoio emocional, o c\u00e9rebro pode se adaptar e os sintomas da depress\u00e3o podem diminuir.","robots":{"index":"index","follow":"follow","max-snippet":"max-snippet:-1","max-image-preview":"max-image-preview:large","max-video-preview":"max-video-preview:-1"},"canonical":"https:\/\/www.tuasaude.com\/news\/2026\/01\/18\/quando-a-depressao-e-tratada-a-vida-pode-ganhar-novo-folego\/","og_locale":"pt_BR","og_type":"article","og_title":"Quando a depress\u00e3o \u00e9 tratada, a vida pode ganhar novo f\u00f4lego - Tua Sa\u00fade","og_description":"Com cuidado cont\u00ednuo, h\u00e1bitos saud\u00e1veis e apoio emocional, o c\u00e9rebro pode se adaptar e os sintomas da depress\u00e3o podem diminuir.","og_url":"https:\/\/www.tuasaude.com\/news\/2026\/01\/18\/quando-a-depressao-e-tratada-a-vida-pode-ganhar-novo-folego\/","og_site_name":"Tua Sa\u00fade","article_published_time":"2026-01-18T16:00:00+00:00","og_image":[{"width":1280,"height":731,"url":"https:\/\/www.tuasaude.com\/news\/wp-content\/uploads\/2026\/01\/freepik__35mm-film-photography-pessoa-americana-adulta-sent__2984.jpeg","type":"image\/jpeg"}],"author":"Roberta Patriota","twitter_card":"summary_large_image","twitter_misc":{"Escrito por":"Roberta Patriota","Est. tempo de leitura":"5 minutos"},"schema":{"@context":"https:\/\/schema.org","@graph":[{"@type":"Article","@id":"https:\/\/www.tuasaude.com\/news\/2026\/01\/18\/quando-a-depressao-e-tratada-a-vida-pode-ganhar-novo-folego\/#article","isPartOf":{"@id":"https:\/\/www.tuasaude.com\/news\/2026\/01\/18\/quando-a-depressao-e-tratada-a-vida-pode-ganhar-novo-folego\/"},"author":{"name":"Roberta Patriota","@id":"https:\/\/www.tuasaude.com\/news\/#\/schema\/person\/27adc41011393316b12ef997ca893e44"},"headline":"Quando a depress\u00e3o \u00e9 tratada, a vida pode ganhar novo f\u00f4lego","datePublished":"2026-01-18T16:00:00+00:00","mainEntityOfPage":{"@id":"https:\/\/www.tuasaude.com\/news\/2026\/01\/18\/quando-a-depressao-e-tratada-a-vida-pode-ganhar-novo-folego\/"},"wordCount":807,"commentCount":0,"image":{"@id":"https:\/\/www.tuasaude.com\/news\/2026\/01\/18\/quando-a-depressao-e-tratada-a-vida-pode-ganhar-novo-folego\/#primaryimage"},"thumbnailUrl":"https:\/\/www.tuasaude.com\/news\/wp-content\/uploads\/2026\/01\/freepik__35mm-film-photography-pessoa-americana-adulta-sent__2984.jpeg","keywords":["depress\u00e3o","h\u00e1bitos que ajudam a prevenir a depress\u00e3o","sa\u00fade mental","sintomas de depress\u00e3o"],"articleSection":["Sa\u00fade"],"inLanguage":"pt-BR","potentialAction":[{"@type":"CommentAction","name":"Comment","target":["https:\/\/www.tuasaude.com\/news\/2026\/01\/18\/quando-a-depressao-e-tratada-a-vida-pode-ganhar-novo-folego\/#respond"]}]},{"@type":"WebPage","@id":"https:\/\/www.tuasaude.com\/news\/2026\/01\/18\/quando-a-depressao-e-tratada-a-vida-pode-ganhar-novo-folego\/","url":"https:\/\/www.tuasaude.com\/news\/2026\/01\/18\/quando-a-depressao-e-tratada-a-vida-pode-ganhar-novo-folego\/","name":"Quando a depress\u00e3o \u00e9 tratada, a vida pode ganhar novo f\u00f4lego - Tua Sa\u00fade","isPartOf":{"@id":"https:\/\/www.tuasaude.com\/news\/#website"},"primaryImageOfPage":{"@id":"https:\/\/www.tuasaude.com\/news\/2026\/01\/18\/quando-a-depressao-e-tratada-a-vida-pode-ganhar-novo-folego\/#primaryimage"},"image":{"@id":"https:\/\/www.tuasaude.com\/news\/2026\/01\/18\/quando-a-depressao-e-tratada-a-vida-pode-ganhar-novo-folego\/#primaryimage"},"thumbnailUrl":"https:\/\/www.tuasaude.com\/news\/wp-content\/uploads\/2026\/01\/freepik__35mm-film-photography-pessoa-americana-adulta-sent__2984.jpeg","datePublished":"2026-01-18T16:00:00+00:00","author":{"@id":"https:\/\/www.tuasaude.com\/news\/#\/schema\/person\/27adc41011393316b12ef997ca893e44"},"description":"Com cuidado cont\u00ednuo, h\u00e1bitos saud\u00e1veis e apoio emocional, o c\u00e9rebro pode se adaptar e os sintomas da depress\u00e3o podem diminuir.","breadcrumb":{"@id":"https:\/\/www.tuasaude.com\/news\/2026\/01\/18\/quando-a-depressao-e-tratada-a-vida-pode-ganhar-novo-folego\/#breadcrumb"},"inLanguage":"pt-BR","potentialAction":[{"@type":"ReadAction","target":["https:\/\/www.tuasaude.com\/news\/2026\/01\/18\/quando-a-depressao-e-tratada-a-vida-pode-ganhar-novo-folego\/"]}]},{"@type":"ImageObject","inLanguage":"pt-BR","@id":"https:\/\/www.tuasaude.com\/news\/2026\/01\/18\/quando-a-depressao-e-tratada-a-vida-pode-ganhar-novo-folego\/#primaryimage","url":"https:\/\/www.tuasaude.com\/news\/wp-content\/uploads\/2026\/01\/freepik__35mm-film-photography-pessoa-americana-adulta-sent__2984.jpeg","contentUrl":"https:\/\/www.tuasaude.com\/news\/wp-content\/uploads\/2026\/01\/freepik__35mm-film-photography-pessoa-americana-adulta-sent__2984.jpeg","width":1280,"height":731,"caption":"A depress\u00e3o \u00e9 clinicamente trat\u00e1vel e a remiss\u00e3o completa \u00e9 o objetivo principal das interven\u00e7\u00f5es modernas"},{"@type":"BreadcrumbList","@id":"https:\/\/www.tuasaude.com\/news\/2026\/01\/18\/quando-a-depressao-e-tratada-a-vida-pode-ganhar-novo-folego\/#breadcrumb","itemListElement":[{"@type":"ListItem","position":1,"name":"In\u00edcio","item":"https:\/\/www.tuasaude.com\/news\/"},{"@type":"ListItem","position":2,"name":"Quando a depress\u00e3o \u00e9 tratada, a vida pode ganhar novo f\u00f4lego"}]},{"@type":"WebSite","@id":"https:\/\/www.tuasaude.com\/news\/#website","url":"https:\/\/www.tuasaude.com\/news\/","name":"Tua Sa\u00fade","description":"Seu site de sa\u00fade","potentialAction":[{"@type":"SearchAction","target":{"@type":"EntryPoint","urlTemplate":"https:\/\/www.tuasaude.com\/news\/?s={search_term_string}"},"query-input":{"@type":"PropertyValueSpecification","valueRequired":true,"valueName":"search_term_string"}}],"inLanguage":"pt-BR"},{"@type":"Person","@id":"https:\/\/www.tuasaude.com\/news\/#\/schema\/person\/27adc41011393316b12ef997ca893e44","name":"Roberta Patriota","image":{"@type":"ImageObject","inLanguage":"pt-BR","@id":"https:\/\/www.tuasaude.com\/news\/#\/schema\/person\/image\/","url":"https:\/\/secure.gravatar.com\/avatar\/40fc934d21bfa38a60909bb2e5f2ec503dcd4d849aa772e107feb32efe75c210?s=96&d=mm&r=g","contentUrl":"https:\/\/secure.gravatar.com\/avatar\/40fc934d21bfa38a60909bb2e5f2ec503dcd4d849aa772e107feb32efe75c210?s=96&d=mm&r=g","caption":"Roberta Patriota"},"sameAs":["https:\/\/www.tuasaude.com\/news\/"],"url":"https:\/\/www.tuasaude.com\/news\/author\/roberta-patriota\/"}]}},"_links":{"self":[{"href":"https:\/\/www.tuasaude.com\/news\/wp-json\/wp\/v2\/posts\/919","targetHints":{"allow":["GET"]}}],"collection":[{"href":"https:\/\/www.tuasaude.com\/news\/wp-json\/wp\/v2\/posts"}],"about":[{"href":"https:\/\/www.tuasaude.com\/news\/wp-json\/wp\/v2\/types\/post"}],"author":[{"embeddable":true,"href":"https:\/\/www.tuasaude.com\/news\/wp-json\/wp\/v2\/users\/9"}],"replies":[{"embeddable":true,"href":"https:\/\/www.tuasaude.com\/news\/wp-json\/wp\/v2\/comments?post=919"}],"version-history":[{"count":2,"href":"https:\/\/www.tuasaude.com\/news\/wp-json\/wp\/v2\/posts\/919\/revisions"}],"predecessor-version":[{"id":1052,"href":"https:\/\/www.tuasaude.com\/news\/wp-json\/wp\/v2\/posts\/919\/revisions\/1052"}],"wp:featuredmedia":[{"embeddable":true,"href":"https:\/\/www.tuasaude.com\/news\/wp-json\/wp\/v2\/media\/1027"}],"wp:attachment":[{"href":"https:\/\/www.tuasaude.com\/news\/wp-json\/wp\/v2\/media?parent=919"}],"wp:term":[{"taxonomy":"category","embeddable":true,"href":"https:\/\/www.tuasaude.com\/news\/wp-json\/wp\/v2\/categories?post=919"},{"taxonomy":"post_tag","embeddable":true,"href":"https:\/\/www.tuasaude.com\/news\/wp-json\/wp\/v2\/tags?post=919"}],"curies":[{"name":"wp","href":"https:\/\/api.w.org\/{rel}","templated":true}]}}