{"id":9178,"date":"2026-03-15T10:00:00","date_gmt":"2026-03-15T13:00:00","guid":{"rendered":"https:\/\/www.tuasaude.com\/news\/?p=9178"},"modified":"2026-03-15T00:48:13","modified_gmt":"2026-03-15T03:48:13","slug":"8-alimentos-para-incluir-no-cafe-da-manha-e-manter-a-energia-o-dia-todo","status":"publish","type":"post","link":"https:\/\/www.tuasaude.com\/news\/2026\/03\/15\/8-alimentos-para-incluir-no-cafe-da-manha-e-manter-a-energia-o-dia-todo\/","title":{"rendered":"8 alimentos para incluir no caf\u00e9 da manh\u00e3 e manter a energia o dia todo"},"content":{"rendered":"\n<p>A primeira refei\u00e7\u00e3o do dia tem um papel direto na forma como o corpo vai funcionar nas horas seguintes. Escolhas como p\u00e3o branco com margarina e caf\u00e9 ado\u00e7ado podem at\u00e9 parecer pr\u00e1ticas, mas geram picos r\u00e1pidos de a\u00e7\u00facar no sangue seguidos de quedas que drenam a disposi\u00e7\u00e3o. Por outro lado, incluir no caf\u00e9 da manh\u00e3 alimentos ricos em <strong><a href=\"https:\/\/www.tuasaude.com\/beneficios-das-proteinas\/\" target=\"_blank\" rel=\"noreferrer noopener\">prote\u00ednas<\/a><\/strong>, gorduras saud\u00e1veis e carboidratos de absor\u00e7\u00e3o lenta ajuda a manter a glicemia est\u00e1vel e fornece energia cont\u00ednua para o c\u00e9rebro e os m\u00fasculos, evitando aquela queda que costuma aparecer no meio da manh\u00e3.<\/p>\n\n\n\n<h2 class=\"wp-block-heading\">Como a composi\u00e7\u00e3o do caf\u00e9 da manh\u00e3 influencia sua disposi\u00e7\u00e3o?<\/h2>\n\n\n\n<p>Quando o caf\u00e9 da manh\u00e3 \u00e9 baseado apenas em <strong><a href=\"https:\/\/www.tuasaude.com\/carboidratos\/\" target=\"_blank\" rel=\"noreferrer noopener\">carboidratos <\/a><\/strong>simples, como p\u00e3o branco e biscoitos, a glicose no sangue sobe rapidamente e cai com a mesma velocidade. Esse efeito gera cansa\u00e7o, dificuldade de concentra\u00e7\u00e3o e fome antes mesmo do almo\u00e7o. J\u00e1 uma refei\u00e7\u00e3o que combina prote\u00ednas, fibras e gorduras boas retarda a absor\u00e7\u00e3o dos a\u00e7\u00facares e prolonga a sensa\u00e7\u00e3o de saciedade e energia.<\/p>\n\n\n\n<p>Al\u00e9m disso, o caf\u00e9 da manh\u00e3 interfere no humor e na capacidade de racioc\u00ednio ao longo do dia. Pessoas que fazem essa refei\u00e7\u00e3o com<strong>\u00a0<a href=\"https:\/\/www.tuasaude.com\/o-que-comer-no-cafe-da-manha-para-emagrecer\/\" target=\"_blank\" rel=\"noreferrer noopener\">alimentos nutritivos e equilibrados<\/a><\/strong>\u00a0tendem a ter mais disposi\u00e7\u00e3o f\u00edsica e mental, enquanto pular a refei\u00e7\u00e3o ou faz\u00ea-la de forma inadequada pode reduzir o rendimento nas atividades di\u00e1rias.<\/p>\n\n\n<div class=\"wp-block-image\">\n<figure class=\"aligncenter size-large\"><img decoding=\"async\" width=\"1024\" height=\"571\" src=\"https:\/\/www.tuasaude.com\/news\/wp-content\/uploads\/2026\/03\/creation_2578052018-1024x571.png\" alt=\"8 alimentos para incluir no caf\u00e9 da manh\u00e3 e manter a energia o dia todo\" class=\"wp-image-9285\" srcset=\"https:\/\/www.tuasaude.com\/news\/wp-content\/uploads\/2026\/03\/creation_2578052018-1024x571.png 1024w, https:\/\/www.tuasaude.com\/news\/wp-content\/uploads\/2026\/03\/creation_2578052018-300x167.png 300w, https:\/\/www.tuasaude.com\/news\/wp-content\/uploads\/2026\/03\/creation_2578052018-768x428.png 768w, https:\/\/www.tuasaude.com\/news\/wp-content\/uploads\/2026\/03\/creation_2578052018-750x418.png 750w, https:\/\/www.tuasaude.com\/news\/wp-content\/uploads\/2026\/03\/creation_2578052018-1140x636.png 1140w, https:\/\/www.tuasaude.com\/news\/wp-content\/uploads\/2026\/03\/creation_2578052018.png 1280w\" sizes=\"(max-width: 1024px) 100vw, 1024px\" \/><figcaption class=\"wp-element-caption\">Um caf\u00e9 da manh\u00e3 equilibrado com prote\u00ednas, fibras e gorduras saud\u00e1veis ajuda a manter a energia est\u00e1vel ao longo da manh\u00e3.<\/figcaption><\/figure>\n<\/div>\n\n\n<h2 class=\"wp-block-heading\">Os 8 melhores alimentos para um caf\u00e9 da manh\u00e3 com energia duradoura<\/h2>\n\n\n\n<p>Alguns alimentos se destacam por oferecer uma combina\u00e7\u00e3o ideal de nutrientes que sustentam o corpo ao longo de toda a manh\u00e3. Veja quais s\u00e3o e por que funcionam t\u00e3o bem:<\/p>\n\n\n\n<ul class=\"wp-block-list\">\n<li><strong>Ovos:<\/strong>&nbsp;s\u00e3o uma das melhores fontes de prote\u00edna para o caf\u00e9 da manh\u00e3. Podem ser preparados mexidos, cozidos ou em omelete e ajudam a manter a saciedade por mais tempo.<\/li>\n\n\n\n<li><strong>Aveia:<\/strong>&nbsp;rica em fibras sol\u00faveis, libera energia de forma gradual e evita os picos de glicose que causam cansa\u00e7o. Combina bem com frutas e sementes.<\/li>\n\n\n\n<li><strong>Banana:<\/strong>&nbsp;fonte de pot\u00e1ssio e carboidratos naturais, fornece energia r\u00e1pida sem causar a mesma queda provocada por alimentos ultraprocessados.<\/li>\n\n\n\n<li><strong>Abacate:<\/strong>&nbsp;suas gorduras saud\u00e1veis prolongam a sensa\u00e7\u00e3o de saciedade e ajudam na absor\u00e7\u00e3o de vitaminas importantes para o funcionamento do corpo.<\/li>\n\n\n\n<li><strong>Iogurte natural:<\/strong>&nbsp;al\u00e9m de ser fonte de prote\u00edna, cont\u00e9m bact\u00e9rias ben\u00e9ficas que favorecem a sa\u00fade do intestino, o que reflete diretamente na disposi\u00e7\u00e3o e no bem-estar geral.<\/li>\n\n\n\n<li><strong>Frutas vermelhas:<\/strong>&nbsp;morango, mirtilo e framboesa s\u00e3o ricas em antioxidantes e fibras, com baixo teor de a\u00e7\u00facar. Combinam perfeitamente com iogurte ou aveia.<\/li>\n\n\n\n<li><strong>Castanhas:<\/strong>&nbsp;nozes, am\u00eandoas e castanha-do-par\u00e1 fornecem gorduras boas, magn\u00e9sio e vitamina E. Uma pequena por\u00e7\u00e3o j\u00e1 \u00e9 suficiente para complementar a refei\u00e7\u00e3o.<\/li>\n\n\n\n<li><strong>Manteiga de amendoim:<\/strong>&nbsp;com gorduras saud\u00e1veis e prote\u00ednas, \u00e9 uma op\u00e7\u00e3o pr\u00e1tica para acompanhar frutas, p\u00e3es integrais ou torradas. Prefira vers\u00f5es sem a\u00e7\u00facar adicionado.<\/li>\n<\/ul>\n\n\n\n<h2 class=\"wp-block-heading\">Revis\u00e3o cient\u00edfica confirma que a composi\u00e7\u00e3o do caf\u00e9 da manh\u00e3 afeta o metabolismo<\/h2>\n\n\n\n<p>A rela\u00e7\u00e3o entre o que se come pela manh\u00e3 e a forma como o corpo regula a energia ao longo do dia j\u00e1 foi comprovada pela ci\u00eancia. Segundo a revis\u00e3o\u00a0<a href=\"https:\/\/pmc.ncbi.nlm.nih.gov\/articles\/PMC4863265\/\" target=\"_blank\" rel=\"noreferrer noopener\"><strong>&#8220;Efeitos do consumo e da composi\u00e7\u00e3o do caf\u00e9 da manh\u00e3 no bem-estar metab\u00f3lico com foco no metabolismo de carboidratos&#8221;<\/strong><\/a>, publicada no peri\u00f3dico\u00a0<em>Advances in Nutrition<\/em>, tomar o caf\u00e9 da manh\u00e3 melhora as respostas de glicose e insulina ao longo de todo o dia quando comparado a pular a refei\u00e7\u00e3o. Os pesquisadores tamb\u00e9m conclu\u00edram que substituir parcialmente os carboidratos de r\u00e1pida absor\u00e7\u00e3o por gr\u00e3os integrais, fibras, prote\u00ednas e gorduras boas no desjejum pode ser uma estrat\u00e9gia eficaz para manter o metabolismo equilibrado e prevenir oscila\u00e7\u00f5es de energia.<\/p>\n\n\n\n<h2 class=\"wp-block-heading\">Combina\u00e7\u00f5es pr\u00e1ticas para montar um caf\u00e9 da manh\u00e3 completo<\/h2>\n\n\n\n<p>N\u00e3o \u00e9 necess\u00e1rio usar todos os oito alimentos de uma s\u00f3 vez. O segredo est\u00e1 em combinar pelo menos uma fonte de prote\u00edna, uma de gordura saud\u00e1vel e uma de carboidrato de absor\u00e7\u00e3o lenta em cada refei\u00e7\u00e3o. Algumas combina\u00e7\u00f5es simples e eficientes incluem:<\/p>\n\n\n<div class=\"wp-block-image\">\n<figure class=\"aligncenter size-large\"><img decoding=\"async\" width=\"1024\" height=\"184\" src=\"https:\/\/www.tuasaude.com\/news\/wp-content\/uploads\/2026\/03\/convertido-4-4-1024x184.jpg\" alt=\"\" class=\"wp-image-9391\" srcset=\"https:\/\/www.tuasaude.com\/news\/wp-content\/uploads\/2026\/03\/convertido-4-4-1024x184.jpg 1024w, https:\/\/www.tuasaude.com\/news\/wp-content\/uploads\/2026\/03\/convertido-4-4-300x54.jpg 300w, https:\/\/www.tuasaude.com\/news\/wp-content\/uploads\/2026\/03\/convertido-4-4-768x138.jpg 768w, https:\/\/www.tuasaude.com\/news\/wp-content\/uploads\/2026\/03\/convertido-4-4-750x135.jpg 750w, https:\/\/www.tuasaude.com\/news\/wp-content\/uploads\/2026\/03\/convertido-4-4-1140x205.jpg 1140w, https:\/\/www.tuasaude.com\/news\/wp-content\/uploads\/2026\/03\/convertido-4-4.jpg 1280w\" sizes=\"(max-width: 1024px) 100vw, 1024px\" \/><\/figure>\n<\/div>\n\n\n<p>Essas op\u00e7\u00f5es s\u00e3o r\u00e1pidas de preparar e fornecem os nutrientes necess\u00e1rios para come\u00e7ar o dia com disposi\u00e7\u00e3o. Caso voc\u00ea tenha alguma restri\u00e7\u00e3o alimentar, condi\u00e7\u00e3o de sa\u00fade espec\u00edfica ou queira montar um plano alimentar personalizado, o ideal \u00e9 procurar um nutricionista para receber orienta\u00e7\u00e3o adequada \u00e0s suas necessidades.<\/p>\n\n\n\n<p><em>Este conte\u00fado \u00e9 meramente informativo e n\u00e3o substitui a avalia\u00e7\u00e3o, o diagn\u00f3stico ou o tratamento realizado por um m\u00e9dico ou nutricionista. Em caso de d\u00favidas sobre sua alimenta\u00e7\u00e3o, consulte um profissional de sa\u00fade.<\/em><\/p>\n","protected":false},"excerpt":{"rendered":"<p>A primeira refei\u00e7\u00e3o do dia tem um papel direto na forma como o corpo vai funcionar nas horas seguintes. Escolhas como p\u00e3o branco com margarina e caf\u00e9 ado\u00e7ado podem at\u00e9 parecer pr\u00e1ticas, mas geram picos r\u00e1pidos de a\u00e7\u00facar no sangue seguidos de quedas que drenam a disposi\u00e7\u00e3o. Por outro lado, incluir no caf\u00e9 da manh\u00e3 [&hellip;]<\/p>\n","protected":false},"author":9,"featured_media":9284,"comment_status":"open","ping_status":"open","sticky":false,"template":"","format":"standard","meta":{"_yoast_wpseo_focuskw":"alimentos para caf\u00e9 da manh\u00e3 com energia","_yoast_wpseo_title":"","_yoast_wpseo_metadesc":"Alguns alimentos ajudam a manter a energia est\u00e1vel ao longo da manh\u00e3. Veja quais incluir no caf\u00e9 da manh\u00e3 para evitar cansa\u00e7o precoce.","jnews-multi-image_gallery":[],"jnews_single_post":{"format":"standard"},"jnews_primary_category":[],"jnews_social_meta":[],"jnews_override_counter":[],"footnotes":""},"categories":[111],"tags":[2584,2585,2586,2411],"class_list":["post-9178","post","type-post","status-publish","format-standard","has-post-thumbnail","hentry","category-saude","tag-alimentos-para-cafe-da-manha-com-energia","tag-alimentos-que-dao-energia-pela-manha","tag-cafe-da-manha-nutritivo","tag-cafe-da-manha-saudavel"],"yoast_head":"<!-- This site is optimized with the Yoast SEO plugin v26.7 - https:\/\/yoast.com\/wordpress\/plugins\/seo\/ -->\n<title>8 alimentos para incluir no caf\u00e9 da manh\u00e3 e manter a energia o dia todo - Tua Sa\u00fade<\/title>\n<meta name=\"description\" content=\"Alguns alimentos ajudam a manter a energia est\u00e1vel ao longo da manh\u00e3. Veja quais incluir no caf\u00e9 da manh\u00e3 para evitar cansa\u00e7o precoce.\" \/>\n<meta name=\"robots\" content=\"index, follow, max-snippet:-1, max-image-preview:large, max-video-preview:-1\" \/>\n<link rel=\"canonical\" href=\"https:\/\/www.tuasaude.com\/news\/2026\/03\/15\/8-alimentos-para-incluir-no-cafe-da-manha-e-manter-a-energia-o-dia-todo\/\" \/>\n<meta property=\"og:locale\" content=\"pt_BR\" \/>\n<meta property=\"og:type\" content=\"article\" \/>\n<meta property=\"og:title\" content=\"8 alimentos para incluir no caf\u00e9 da manh\u00e3 e manter a energia o dia todo - Tua Sa\u00fade\" \/>\n<meta property=\"og:description\" content=\"Alguns alimentos ajudam a manter a energia est\u00e1vel ao longo da manh\u00e3. Veja quais incluir no caf\u00e9 da manh\u00e3 para evitar cansa\u00e7o precoce.\" \/>\n<meta property=\"og:url\" content=\"https:\/\/www.tuasaude.com\/news\/2026\/03\/15\/8-alimentos-para-incluir-no-cafe-da-manha-e-manter-a-energia-o-dia-todo\/\" \/>\n<meta property=\"og:site_name\" content=\"Tua Sa\u00fade\" \/>\n<meta property=\"article:published_time\" content=\"2026-03-15T13:00:00+00:00\" \/>\n<meta property=\"og:image\" content=\"https:\/\/www.tuasaude.com\/news\/wp-content\/uploads\/2026\/03\/creation_2578051631.png\" \/>\n\t<meta property=\"og:image:width\" content=\"1280\" \/>\n\t<meta property=\"og:image:height\" content=\"714\" \/>\n\t<meta property=\"og:image:type\" content=\"image\/png\" \/>\n<meta name=\"author\" content=\"Roberta Patriota\" \/>\n<meta name=\"twitter:card\" content=\"summary_large_image\" \/>\n<meta name=\"twitter:label1\" content=\"Escrito por\" \/>\n\t<meta name=\"twitter:data1\" content=\"Roberta Patriota\" \/>\n\t<meta name=\"twitter:label2\" content=\"Est. tempo de leitura\" \/>\n\t<meta name=\"twitter:data2\" content=\"5 minutos\" \/>\n<!-- \/ Yoast SEO plugin. -->","yoast_head_json":{"title":"8 alimentos para incluir no caf\u00e9 da manh\u00e3 e manter a energia o dia todo - Tua Sa\u00fade","description":"Alguns alimentos ajudam a manter a energia est\u00e1vel ao longo da manh\u00e3. Veja quais incluir no caf\u00e9 da manh\u00e3 para evitar cansa\u00e7o precoce.","robots":{"index":"index","follow":"follow","max-snippet":"max-snippet:-1","max-image-preview":"max-image-preview:large","max-video-preview":"max-video-preview:-1"},"canonical":"https:\/\/www.tuasaude.com\/news\/2026\/03\/15\/8-alimentos-para-incluir-no-cafe-da-manha-e-manter-a-energia-o-dia-todo\/","og_locale":"pt_BR","og_type":"article","og_title":"8 alimentos para incluir no caf\u00e9 da manh\u00e3 e manter a energia o dia todo - Tua Sa\u00fade","og_description":"Alguns alimentos ajudam a manter a energia est\u00e1vel ao longo da manh\u00e3. Veja quais incluir no caf\u00e9 da manh\u00e3 para evitar cansa\u00e7o precoce.","og_url":"https:\/\/www.tuasaude.com\/news\/2026\/03\/15\/8-alimentos-para-incluir-no-cafe-da-manha-e-manter-a-energia-o-dia-todo\/","og_site_name":"Tua Sa\u00fade","article_published_time":"2026-03-15T13:00:00+00:00","og_image":[{"width":1280,"height":714,"url":"https:\/\/www.tuasaude.com\/news\/wp-content\/uploads\/2026\/03\/creation_2578051631.png","type":"image\/png"}],"author":"Roberta Patriota","twitter_card":"summary_large_image","twitter_misc":{"Escrito por":"Roberta Patriota","Est. tempo de leitura":"5 minutos"},"schema":{"@context":"https:\/\/schema.org","@graph":[{"@type":"Article","@id":"https:\/\/www.tuasaude.com\/news\/2026\/03\/15\/8-alimentos-para-incluir-no-cafe-da-manha-e-manter-a-energia-o-dia-todo\/#article","isPartOf":{"@id":"https:\/\/www.tuasaude.com\/news\/2026\/03\/15\/8-alimentos-para-incluir-no-cafe-da-manha-e-manter-a-energia-o-dia-todo\/"},"author":{"name":"Roberta Patriota","@id":"https:\/\/www.tuasaude.com\/news\/#\/schema\/person\/27adc41011393316b12ef997ca893e44"},"headline":"8 alimentos para incluir no caf\u00e9 da manh\u00e3 e manter a energia o dia todo","datePublished":"2026-03-15T13:00:00+00:00","mainEntityOfPage":{"@id":"https:\/\/www.tuasaude.com\/news\/2026\/03\/15\/8-alimentos-para-incluir-no-cafe-da-manha-e-manter-a-energia-o-dia-todo\/"},"wordCount":862,"commentCount":0,"image":{"@id":"https:\/\/www.tuasaude.com\/news\/2026\/03\/15\/8-alimentos-para-incluir-no-cafe-da-manha-e-manter-a-energia-o-dia-todo\/#primaryimage"},"thumbnailUrl":"https:\/\/www.tuasaude.com\/news\/wp-content\/uploads\/2026\/03\/creation_2578051631.png","keywords":["alimentos para caf\u00e9 da manh\u00e3 com energia","alimentos que d\u00e3o energia pela manh\u00e3","caf\u00e9 da manh\u00e3 nutritivo","caf\u00e9 da manh\u00e3 saud\u00e1vel"],"articleSection":["Sa\u00fade"],"inLanguage":"pt-BR","potentialAction":[{"@type":"CommentAction","name":"Comment","target":["https:\/\/www.tuasaude.com\/news\/2026\/03\/15\/8-alimentos-para-incluir-no-cafe-da-manha-e-manter-a-energia-o-dia-todo\/#respond"]}]},{"@type":"WebPage","@id":"https:\/\/www.tuasaude.com\/news\/2026\/03\/15\/8-alimentos-para-incluir-no-cafe-da-manha-e-manter-a-energia-o-dia-todo\/","url":"https:\/\/www.tuasaude.com\/news\/2026\/03\/15\/8-alimentos-para-incluir-no-cafe-da-manha-e-manter-a-energia-o-dia-todo\/","name":"8 alimentos para incluir no caf\u00e9 da manh\u00e3 e manter a energia o dia todo - Tua Sa\u00fade","isPartOf":{"@id":"https:\/\/www.tuasaude.com\/news\/#website"},"primaryImageOfPage":{"@id":"https:\/\/www.tuasaude.com\/news\/2026\/03\/15\/8-alimentos-para-incluir-no-cafe-da-manha-e-manter-a-energia-o-dia-todo\/#primaryimage"},"image":{"@id":"https:\/\/www.tuasaude.com\/news\/2026\/03\/15\/8-alimentos-para-incluir-no-cafe-da-manha-e-manter-a-energia-o-dia-todo\/#primaryimage"},"thumbnailUrl":"https:\/\/www.tuasaude.com\/news\/wp-content\/uploads\/2026\/03\/creation_2578051631.png","datePublished":"2026-03-15T13:00:00+00:00","author":{"@id":"https:\/\/www.tuasaude.com\/news\/#\/schema\/person\/27adc41011393316b12ef997ca893e44"},"description":"Alguns alimentos ajudam a manter a energia est\u00e1vel ao longo da manh\u00e3. Veja quais incluir no caf\u00e9 da manh\u00e3 para evitar cansa\u00e7o precoce.","breadcrumb":{"@id":"https:\/\/www.tuasaude.com\/news\/2026\/03\/15\/8-alimentos-para-incluir-no-cafe-da-manha-e-manter-a-energia-o-dia-todo\/#breadcrumb"},"inLanguage":"pt-BR","potentialAction":[{"@type":"ReadAction","target":["https:\/\/www.tuasaude.com\/news\/2026\/03\/15\/8-alimentos-para-incluir-no-cafe-da-manha-e-manter-a-energia-o-dia-todo\/"]}]},{"@type":"ImageObject","inLanguage":"pt-BR","@id":"https:\/\/www.tuasaude.com\/news\/2026\/03\/15\/8-alimentos-para-incluir-no-cafe-da-manha-e-manter-a-energia-o-dia-todo\/#primaryimage","url":"https:\/\/www.tuasaude.com\/news\/wp-content\/uploads\/2026\/03\/creation_2578051631.png","contentUrl":"https:\/\/www.tuasaude.com\/news\/wp-content\/uploads\/2026\/03\/creation_2578051631.png","width":1280,"height":714,"caption":"Alimentos como ovos, aveia, iogurte natural, banana e castanhas ajudam a evitar picos e quedas de a\u00e7\u00facar no sangue."},{"@type":"BreadcrumbList","@id":"https:\/\/www.tuasaude.com\/news\/2026\/03\/15\/8-alimentos-para-incluir-no-cafe-da-manha-e-manter-a-energia-o-dia-todo\/#breadcrumb","itemListElement":[{"@type":"ListItem","position":1,"name":"In\u00edcio","item":"https:\/\/www.tuasaude.com\/news\/"},{"@type":"ListItem","position":2,"name":"8 alimentos para incluir no caf\u00e9 da manh\u00e3 e manter a energia o dia todo"}]},{"@type":"WebSite","@id":"https:\/\/www.tuasaude.com\/news\/#website","url":"https:\/\/www.tuasaude.com\/news\/","name":"Tua Sa\u00fade","description":"Seu site de sa\u00fade","potentialAction":[{"@type":"SearchAction","target":{"@type":"EntryPoint","urlTemplate":"https:\/\/www.tuasaude.com\/news\/?s={search_term_string}"},"query-input":{"@type":"PropertyValueSpecification","valueRequired":true,"valueName":"search_term_string"}}],"inLanguage":"pt-BR"},{"@type":"Person","@id":"https:\/\/www.tuasaude.com\/news\/#\/schema\/person\/27adc41011393316b12ef997ca893e44","name":"Roberta Patriota","image":{"@type":"ImageObject","inLanguage":"pt-BR","@id":"https:\/\/www.tuasaude.com\/news\/#\/schema\/person\/image\/","url":"https:\/\/secure.gravatar.com\/avatar\/40fc934d21bfa38a60909bb2e5f2ec503dcd4d849aa772e107feb32efe75c210?s=96&d=mm&r=g","contentUrl":"https:\/\/secure.gravatar.com\/avatar\/40fc934d21bfa38a60909bb2e5f2ec503dcd4d849aa772e107feb32efe75c210?s=96&d=mm&r=g","caption":"Roberta Patriota"},"sameAs":["https:\/\/www.tuasaude.com\/news\/"],"url":"https:\/\/www.tuasaude.com\/news\/author\/roberta-patriota\/"}]}},"_links":{"self":[{"href":"https:\/\/www.tuasaude.com\/news\/wp-json\/wp\/v2\/posts\/9178","targetHints":{"allow":["GET"]}}],"collection":[{"href":"https:\/\/www.tuasaude.com\/news\/wp-json\/wp\/v2\/posts"}],"about":[{"href":"https:\/\/www.tuasaude.com\/news\/wp-json\/wp\/v2\/types\/post"}],"author":[{"embeddable":true,"href":"https:\/\/www.tuasaude.com\/news\/wp-json\/wp\/v2\/users\/9"}],"replies":[{"embeddable":true,"href":"https:\/\/www.tuasaude.com\/news\/wp-json\/wp\/v2\/comments?post=9178"}],"version-history":[{"count":3,"href":"https:\/\/www.tuasaude.com\/news\/wp-json\/wp\/v2\/posts\/9178\/revisions"}],"predecessor-version":[{"id":9392,"href":"https:\/\/www.tuasaude.com\/news\/wp-json\/wp\/v2\/posts\/9178\/revisions\/9392"}],"wp:featuredmedia":[{"embeddable":true,"href":"https:\/\/www.tuasaude.com\/news\/wp-json\/wp\/v2\/media\/9284"}],"wp:attachment":[{"href":"https:\/\/www.tuasaude.com\/news\/wp-json\/wp\/v2\/media?parent=9178"}],"wp:term":[{"taxonomy":"category","embeddable":true,"href":"https:\/\/www.tuasaude.com\/news\/wp-json\/wp\/v2\/categories?post=9178"},{"taxonomy":"post_tag","embeddable":true,"href":"https:\/\/www.tuasaude.com\/news\/wp-json\/wp\/v2\/tags?post=9178"}],"curies":[{"name":"wp","href":"https:\/\/api.w.org\/{rel}","templated":true}]}}