{"id":9147,"date":"2026-03-15T17:05:00","date_gmt":"2026-03-15T20:05:00","guid":{"rendered":"https:\/\/www.tuasaude.com\/news\/?p=9147"},"modified":"2026-03-14T17:24:36","modified_gmt":"2026-03-14T20:24:36","slug":"7-alimentos-ricos-em-fibras-que-ajudam-a-equilibrar-a-flora-intestinal","status":"publish","type":"post","link":"https:\/\/www.tuasaude.com\/news\/2026\/03\/15\/7-alimentos-ricos-em-fibras-que-ajudam-a-equilibrar-a-flora-intestinal\/","title":{"rendered":"7 alimentos ricos em fibras que ajudam a equilibrar a flora intestinal"},"content":{"rendered":"\n<p>As fibras prebi\u00f3ticas s\u00e3o o principal alimento das bact\u00e9rias ben\u00e9ficas que vivem no intestino. Quando a alimenta\u00e7\u00e3o \u00e9 pobre em fibras, essas bact\u00e9rias perdem for\u00e7a e a flora intestinal fica desregulada, o que pode afetar a digest\u00e3o, a imunidade e at\u00e9 o humor, j\u00e1 que o intestino \u00e9 respons\u00e1vel por produzir cerca de 90% da serotonina do organismo. Incluir alimentos ricos em fibras na rotina \u00e9 uma das formas mais simples e eficazes de fortalecer a microbiota e manter o intestino funcionando de forma saud\u00e1vel.<\/p>\n\n\n\n<h2 class=\"wp-block-heading\">Como as fibras atuam no equil\u00edbrio da flora intestinal?<\/h2>\n\n\n\n<p>As fibras chegam ao intestino grosso praticamente intactas, pois n\u00e3o s\u00e3o digeridas pelo est\u00f4mago nem pelo intestino delgado. Ao alcan\u00e7ar o c\u00f3lon, elas servem de alimento para bact\u00e9rias ben\u00e9ficas como as dos g\u00eaneros Bifidobacterium e Lactobacillus, que se multiplicam e produzem subst\u00e2ncias protetoras para a parede intestinal.<\/p>\n\n\n\n<p>Entre essas subst\u00e2ncias est\u00e3o os \u00e1cidos graxos de cadeia curta, que ajudam a manter o ambiente intestinal saud\u00e1vel, reduzem processos inflamat\u00f3rios e fortalecem a barreira do intestino contra microrganismos prejudiciais. Para saber mais sobre o papel da flora intestinal na sa\u00fade, confira o conte\u00fado do <a href=\"https:\/\/www.tuasaude.com\/flora-intestinal\/\" target=\"_blank\" rel=\"noreferrer noopener\">Tua Sa\u00fade sobre a flora intestinal e como cuidar dela<\/a>.<\/p>\n\n\n<div class=\"wp-block-image\">\n<figure class=\"aligncenter size-large\"><img decoding=\"async\" width=\"1024\" height=\"571\" src=\"https:\/\/www.tuasaude.com\/news\/wp-content\/uploads\/2026\/03\/creation_2577966390-1024x571.png\" alt=\"7 alimentos ricos em fibras que ajudam a equilibrar a flora intestinal\" class=\"wp-image-9225\" srcset=\"https:\/\/www.tuasaude.com\/news\/wp-content\/uploads\/2026\/03\/creation_2577966390-1024x571.png 1024w, https:\/\/www.tuasaude.com\/news\/wp-content\/uploads\/2026\/03\/creation_2577966390-300x167.png 300w, https:\/\/www.tuasaude.com\/news\/wp-content\/uploads\/2026\/03\/creation_2577966390-768x428.png 768w, https:\/\/www.tuasaude.com\/news\/wp-content\/uploads\/2026\/03\/creation_2577966390-750x418.png 750w, https:\/\/www.tuasaude.com\/news\/wp-content\/uploads\/2026\/03\/creation_2577966390-1140x636.png 1140w, https:\/\/www.tuasaude.com\/news\/wp-content\/uploads\/2026\/03\/creation_2577966390.png 1280w\" sizes=\"(max-width: 1024px) 100vw, 1024px\" \/><figcaption class=\"wp-element-caption\">7 alimentos ricos em fibras que ajudam a equilibrar a flora intestinal<\/figcaption><\/figure>\n<\/div>\n\n\n<h2 class=\"wp-block-heading\">Sete alimentos ricos em fibras para fortalecer a microbiota<\/h2>\n\n\n\n<p>Os alimentos a seguir s\u00e3o fontes acess\u00edveis de fibras prebi\u00f3ticas e sol\u00faveis que favorecem o crescimento das bact\u00e9rias boas do intestino. Inclu\u00ed-los com regularidade na alimenta\u00e7\u00e3o j\u00e1 faz diferen\u00e7a na sa\u00fade intestinal:<\/p>\n\n\n\n<div style=\"display: flex; flex-wrap: wrap; gap: 20px; justify-content: center; font-family: 'Segoe UI', Roboto, Helvetica, sans-serif; padding: 40px; background-color: #f1f5f9;\">\n\n  <div style=\"flex: 1; min-width: 250px; max-width: 280px; background: #ffffff; border: 1px solid #e2e8f0; padding: 25px; border-radius: 20px; box-shadow: 0 10px 25px rgba(0,0,0,0.05); text-align: center;\">\n    <div style=\"font-size: 32px; margin-bottom: 15px;\">\ud83c\udf3e<\/div>\n    <h3 style=\"color: #334155; font-size: 1.1em; margin-bottom: 12px; letter-spacing: 1px;\">AVEIA<\/h3>\n    <p style=\"color: #475569; font-size: 0.95em; line-height: 1.6; margin: 0;\">\n      Rica em <strong>betaglucana<\/strong>, uma fibra sol\u00favel que alimenta bact\u00e9rias ben\u00e9ficas.\n    <\/p>\n  <\/div>\n\n  <div style=\"flex: 1; min-width: 250px; max-width: 280px; background: #ffffff; border: 1px solid #e2e8f0; padding: 25px; border-radius: 20px; box-shadow: 0 10px 25px rgba(0,0,0,0.05); text-align: center;\">\n    <div style=\"font-size: 32px; margin-bottom: 15px;\">\ud83c\udf4c<\/div>\n    <h3 style=\"color: #334155; font-size: 1.1em; margin-bottom: 12px; letter-spacing: 1px;\">BANANA VERDE<\/h3>\n    <p style=\"color: #475569; font-size: 0.95em; line-height: 1.6; margin: 0;\">\n      Fonte de <strong>amido resistente<\/strong>, que serve de alimento direto para a microbiota.\n    <\/p>\n  <\/div>\n\n  <div style=\"flex: 1; min-width: 250px; max-width: 280px; background: #ffffff; border: 1px solid #e2e8f0; padding: 25px; border-radius: 20px; box-shadow: 0 10px 25px rgba(0,0,0,0.05); text-align: center;\">\n    <div style=\"font-size: 32px; margin-bottom: 15px;\">\ud83e\uddc4<\/div>\n    <h3 style=\"color: #334155; font-size: 1.1em; margin-bottom: 12px; letter-spacing: 1px;\">ALHO<\/h3>\n    <p style=\"color: #475569; font-size: 0.95em; line-height: 1.6; margin: 0;\">\n      Possui <strong>frutanos prebi\u00f3ticos<\/strong> que estimulam bact\u00e9rias ben\u00e9ficas.\n    <\/p>\n  <\/div>\n\n  <div style=\"flex: 1; min-width: 250px; max-width: 280px; background: #ffffff; border: 1px solid #e2e8f0; padding: 25px; border-radius: 20px; box-shadow: 0 10px 25px rgba(0,0,0,0.05); text-align: center;\">\n    <div style=\"font-size: 32px; margin-bottom: 15px;\">\ud83e\uddc5<\/div>\n    <h3 style=\"color: #334155; font-size: 1.1em; margin-bottom: 12px; letter-spacing: 1px;\">CEBOLA<\/h3>\n    <p style=\"color: #475569; font-size: 0.95em; line-height: 1.6; margin: 0;\">\n      Fonte de <strong>inulina e frutanos<\/strong> que favorecem a microbiota intestinal.\n    <\/p>\n  <\/div>\n\n  <div style=\"flex: 1; min-width: 250px; max-width: 280px; background: #ffffff; border: 1px solid #e2e8f0; padding: 25px; border-radius: 20px; box-shadow: 0 10px 25px rgba(0,0,0,0.05); text-align: center;\">\n    <div style=\"font-size: 32px; margin-bottom: 15px;\">\ud83e\uded8<\/div>\n    <h3 style=\"color: #334155; font-size: 1.1em; margin-bottom: 12px; letter-spacing: 1px;\">FEIJ\u00c3O<\/h3>\n    <p style=\"color: #475569; font-size: 0.95em; line-height: 1.6; margin: 0;\">\n      Combina <strong>fibras sol\u00faveis e insol\u00faveis<\/strong> que nutrem as bact\u00e9rias intestinais.\n    <\/p>\n  <\/div>\n\n  <div style=\"flex: 1; min-width: 250px; max-width: 280px; background: #ffffff; border: 1px solid #e2e8f0; padding: 25px; border-radius: 20px; box-shadow: 0 10px 25px rgba(0,0,0,0.05); text-align: center;\">\n    <div style=\"font-size: 32px; margin-bottom: 15px;\">\ud83c\udf31<\/div>\n    <h3 style=\"color: #334155; font-size: 1.1em; margin-bottom: 12px; letter-spacing: 1px;\">LINHA\u00c7A<\/h3>\n    <p style=\"color: #475569; font-size: 0.95em; line-height: 1.6; margin: 0;\">\n      Rica em <strong>fibras sol\u00faveis<\/strong> que formam um gel protetor no intestino.\n    <\/p>\n  <\/div>\n\n  <div style=\"flex: 1; min-width: 250px; max-width: 280px; background: #ffffff; border: 1px solid #e2e8f0; padding: 25px; border-radius: 20px; box-shadow: 0 10px 25px rgba(0,0,0,0.05); text-align: center;\">\n    <div style=\"font-size: 32px; margin-bottom: 15px;\">\ud83c\udf4e<\/div>\n    <h3 style=\"color: #334155; font-size: 1.1em; margin-bottom: 12px; letter-spacing: 1px;\">MA\u00c7\u00c3<\/h3>\n    <p style=\"color: #475569; font-size: 0.95em; line-height: 1.6; margin: 0;\">\n      Cont\u00e9m <strong>pectina<\/strong>, fibra com efeito prebi\u00f3tico importante para o c\u00f3lon.\n    <\/p>\n  <\/div>\n\n<\/div>\n\n\n\n<h2 class=\"wp-block-heading\">Revis\u00e3o cient\u00edfica refor\u00e7a o papel das fibras na sa\u00fade intestinal<\/h2>\n\n\n\n<p>Os benef\u00edcios das fibras para a flora intestinal s\u00e3o amplamente sustentados pela ci\u00eancia. Segundo a revis\u00e3o <em><a href=\"https:\/\/pmc.ncbi.nlm.nih.gov\/articles\/PMC9787832\/\" target=\"_blank\" rel=\"noreferrer noopener\">&#8220;Dietary Fiber Intake and Gut Microbiota in Human Health&#8221;<\/a><\/em>, publicada na revista <strong>Microorganisms<\/strong> em 2022, o consumo regular de diferentes tipos de fibras promove mudan\u00e7as positivas na composi\u00e7\u00e3o da microbiota, com aumento de bact\u00e9rias ben\u00e9ficas e maior produ\u00e7\u00e3o de \u00e1cidos graxos de cadeia curta. A revis\u00e3o tamb\u00e9m mostrou que fibras como inulina, frutooligossacar\u00eddeos e galactooligossacar\u00eddeos apresentam efeito especialmente favor\u00e1vel sobre popula\u00e7\u00f5es de Bifidobacterium e Lactobacillus. <\/p>\n\n\n\n<h2 class=\"wp-block-heading\">Sinais de que a flora intestinal pode estar desequilibrada<\/h2>\n\n\n\n<p>A microbiota envia sinais quando n\u00e3o est\u00e1 funcionando bem. Alguns dos ind\u00edcios mais comuns de desequil\u00edbrio incluem:<\/p>\n\n\n\n<ul class=\"wp-block-list\">\n<li>Incha\u00e7o abdominal e excesso de gases, especialmente ap\u00f3s as refei\u00e7\u00f5es.<\/li>\n\n\n\n<li>Altern\u00e2ncia entre pris\u00e3o de ventre e epis\u00f3dios de diarreia sem causa aparente.<\/li>\n\n\n\n<li>Cansa\u00e7o frequente e dificuldade de concentra\u00e7\u00e3o ao longo do dia.<\/li>\n\n\n\n<li>Infec\u00e7\u00f5es recorrentes, como candid\u00edase ou infec\u00e7\u00f5es urin\u00e1rias, que podem indicar imunidade comprometida.<\/li>\n\n\n\n<li>Mudan\u00e7as de humor, irritabilidade ou des\u00e2nimo persistente.<\/li>\n<\/ul>\n\n\n\n<h2 class=\"wp-block-heading\">Quando procurar avalia\u00e7\u00e3o profissional sobre a sa\u00fade intestinal?<\/h2>\n\n\n\n<p>Se os <a href=\"https:\/\/www.tuasaude.com\/flora-intestinal\/\" target=\"_blank\" rel=\"noreferrer noopener\">sintomas de desequil\u00edbrio da flora intestinal persistirem <\/a>mesmo com uma alimenta\u00e7\u00e3o rica em fibras, \u00e9 importante consultar um m\u00e9dico ou nutricionista. Exames espec\u00edficos podem ajudar a identificar altera\u00e7\u00f5es na microbiota e orientar o uso de probi\u00f3ticos ou ajustes alimentares mais direcionados.<\/p>\n\n\n\n<p>A alimenta\u00e7\u00e3o \u00e9 o primeiro passo para cuidar do intestino, mas o acompanhamento profissional \u00e9 indispens\u00e1vel para garantir que as estrat\u00e9gias adotadas sejam adequadas \u00e0s necessidades individuais de cada pessoa.<\/p>\n\n\n\n<p><em>Este conte\u00fado \u00e9 apenas informativo e n\u00e3o substitui a avalia\u00e7\u00e3o, o diagn\u00f3stico ou o tratamento de um m\u00e9dico. Consulte sempre um profissional de sa\u00fade qualificado antes de tomar decis\u00f5es sobre sua sa\u00fade.<\/em><\/p>\n","protected":false},"excerpt":{"rendered":"<p>As fibras prebi\u00f3ticas s\u00e3o o principal alimento das bact\u00e9rias ben\u00e9ficas que vivem no intestino. Quando a alimenta\u00e7\u00e3o \u00e9 pobre em fibras, essas bact\u00e9rias perdem for\u00e7a e a flora intestinal fica desregulada, o que pode afetar a digest\u00e3o, a imunidade e at\u00e9 o humor, j\u00e1 que o intestino \u00e9 respons\u00e1vel por produzir cerca de 90% da [&hellip;]<\/p>\n","protected":false},"author":11,"featured_media":9224,"comment_status":"open","ping_status":"open","sticky":false,"template":"","format":"standard","meta":{"_yoast_wpseo_focuskw":"alimentos ricos em fibras","_yoast_wpseo_title":"","_yoast_wpseo_metadesc":"Alimentos ricos em fibras ajudam a fortalecer a flora intestinal e melhorar a digest\u00e3o. Veja sete op\u00e7\u00f5es f\u00e1ceis de incluir na alimenta\u00e7\u00e3o.","jnews-multi-image_gallery":[],"jnews_single_post":{"format":"standard"},"jnews_primary_category":[],"jnews_social_meta":[],"jnews_override_counter":[],"footnotes":""},"categories":[111],"tags":[133,1132,2560,299],"class_list":["post-9147","post","type-post","status-publish","format-standard","has-post-thumbnail","hentry","category-saude","tag-alimentos","tag-fibras","tag-flora-intestinal","tag-saude-intestinal"],"yoast_head":"<!-- This site is optimized with the Yoast SEO plugin v26.7 - https:\/\/yoast.com\/wordpress\/plugins\/seo\/ -->\n<title>7 alimentos ricos em fibras que ajudam a equilibrar a flora intestinal - Tua Sa\u00fade<\/title>\n<meta name=\"description\" content=\"Alimentos ricos em fibras ajudam a fortalecer a flora intestinal e melhorar a digest\u00e3o. Veja sete op\u00e7\u00f5es f\u00e1ceis de incluir na alimenta\u00e7\u00e3o.\" \/>\n<meta name=\"robots\" content=\"index, follow, max-snippet:-1, max-image-preview:large, max-video-preview:-1\" \/>\n<link rel=\"canonical\" href=\"https:\/\/www.tuasaude.com\/news\/2026\/03\/15\/7-alimentos-ricos-em-fibras-que-ajudam-a-equilibrar-a-flora-intestinal\/\" \/>\n<meta property=\"og:locale\" content=\"pt_BR\" \/>\n<meta property=\"og:type\" content=\"article\" \/>\n<meta property=\"og:title\" content=\"7 alimentos ricos em fibras que ajudam a equilibrar a flora intestinal - Tua Sa\u00fade\" \/>\n<meta property=\"og:description\" content=\"Alimentos ricos em fibras ajudam a fortalecer a flora intestinal e melhorar a digest\u00e3o. Veja sete op\u00e7\u00f5es f\u00e1ceis de incluir na alimenta\u00e7\u00e3o.\" \/>\n<meta property=\"og:url\" content=\"https:\/\/www.tuasaude.com\/news\/2026\/03\/15\/7-alimentos-ricos-em-fibras-que-ajudam-a-equilibrar-a-flora-intestinal\/\" \/>\n<meta property=\"og:site_name\" content=\"Tua Sa\u00fade\" \/>\n<meta property=\"article:published_time\" content=\"2026-03-15T20:05:00+00:00\" \/>\n<meta property=\"og:image\" content=\"https:\/\/www.tuasaude.com\/news\/wp-content\/uploads\/2026\/03\/creation_2577966013.png\" \/>\n\t<meta property=\"og:image:width\" content=\"1280\" \/>\n\t<meta property=\"og:image:height\" content=\"714\" \/>\n\t<meta property=\"og:image:type\" content=\"image\/png\" \/>\n<meta name=\"author\" content=\"Gessika Julia Carvalho\" \/>\n<meta name=\"twitter:card\" content=\"summary_large_image\" \/>\n<meta name=\"twitter:label1\" content=\"Escrito por\" \/>\n\t<meta name=\"twitter:data1\" content=\"Gessika Julia Carvalho\" \/>\n\t<meta name=\"twitter:label2\" content=\"Est. tempo de leitura\" \/>\n\t<meta name=\"twitter:data2\" content=\"4 minutos\" \/>\n<!-- \/ Yoast SEO plugin. -->","yoast_head_json":{"title":"7 alimentos ricos em fibras que ajudam a equilibrar a flora intestinal - Tua Sa\u00fade","description":"Alimentos ricos em fibras ajudam a fortalecer a flora intestinal e melhorar a digest\u00e3o. Veja sete op\u00e7\u00f5es f\u00e1ceis de incluir na alimenta\u00e7\u00e3o.","robots":{"index":"index","follow":"follow","max-snippet":"max-snippet:-1","max-image-preview":"max-image-preview:large","max-video-preview":"max-video-preview:-1"},"canonical":"https:\/\/www.tuasaude.com\/news\/2026\/03\/15\/7-alimentos-ricos-em-fibras-que-ajudam-a-equilibrar-a-flora-intestinal\/","og_locale":"pt_BR","og_type":"article","og_title":"7 alimentos ricos em fibras que ajudam a equilibrar a flora intestinal - Tua Sa\u00fade","og_description":"Alimentos ricos em fibras ajudam a fortalecer a flora intestinal e melhorar a digest\u00e3o. Veja sete op\u00e7\u00f5es f\u00e1ceis de incluir na alimenta\u00e7\u00e3o.","og_url":"https:\/\/www.tuasaude.com\/news\/2026\/03\/15\/7-alimentos-ricos-em-fibras-que-ajudam-a-equilibrar-a-flora-intestinal\/","og_site_name":"Tua Sa\u00fade","article_published_time":"2026-03-15T20:05:00+00:00","og_image":[{"width":1280,"height":714,"url":"https:\/\/www.tuasaude.com\/news\/wp-content\/uploads\/2026\/03\/creation_2577966013.png","type":"image\/png"}],"author":"Gessika Julia Carvalho","twitter_card":"summary_large_image","twitter_misc":{"Escrito por":"Gessika Julia Carvalho","Est. tempo de leitura":"4 minutos"},"schema":{"@context":"https:\/\/schema.org","@graph":[{"@type":"Article","@id":"https:\/\/www.tuasaude.com\/news\/2026\/03\/15\/7-alimentos-ricos-em-fibras-que-ajudam-a-equilibrar-a-flora-intestinal\/#article","isPartOf":{"@id":"https:\/\/www.tuasaude.com\/news\/2026\/03\/15\/7-alimentos-ricos-em-fibras-que-ajudam-a-equilibrar-a-flora-intestinal\/"},"author":{"name":"Gessika Julia Carvalho","@id":"https:\/\/www.tuasaude.com\/news\/#\/schema\/person\/2e9df841be69ec84f5d20ddb8d273ac2"},"headline":"7 alimentos ricos em fibras que ajudam a equilibrar a flora intestinal","datePublished":"2026-03-15T20:05:00+00:00","mainEntityOfPage":{"@id":"https:\/\/www.tuasaude.com\/news\/2026\/03\/15\/7-alimentos-ricos-em-fibras-que-ajudam-a-equilibrar-a-flora-intestinal\/"},"wordCount":715,"commentCount":0,"image":{"@id":"https:\/\/www.tuasaude.com\/news\/2026\/03\/15\/7-alimentos-ricos-em-fibras-que-ajudam-a-equilibrar-a-flora-intestinal\/#primaryimage"},"thumbnailUrl":"https:\/\/www.tuasaude.com\/news\/wp-content\/uploads\/2026\/03\/creation_2577966013.png","keywords":["alimentos","fibras","flora intestinal","sa\u00fade intestinal"],"articleSection":["Sa\u00fade"],"inLanguage":"pt-BR","potentialAction":[{"@type":"CommentAction","name":"Comment","target":["https:\/\/www.tuasaude.com\/news\/2026\/03\/15\/7-alimentos-ricos-em-fibras-que-ajudam-a-equilibrar-a-flora-intestinal\/#respond"]}]},{"@type":"WebPage","@id":"https:\/\/www.tuasaude.com\/news\/2026\/03\/15\/7-alimentos-ricos-em-fibras-que-ajudam-a-equilibrar-a-flora-intestinal\/","url":"https:\/\/www.tuasaude.com\/news\/2026\/03\/15\/7-alimentos-ricos-em-fibras-que-ajudam-a-equilibrar-a-flora-intestinal\/","name":"7 alimentos ricos em fibras que ajudam a equilibrar a flora intestinal - Tua Sa\u00fade","isPartOf":{"@id":"https:\/\/www.tuasaude.com\/news\/#website"},"primaryImageOfPage":{"@id":"https:\/\/www.tuasaude.com\/news\/2026\/03\/15\/7-alimentos-ricos-em-fibras-que-ajudam-a-equilibrar-a-flora-intestinal\/#primaryimage"},"image":{"@id":"https:\/\/www.tuasaude.com\/news\/2026\/03\/15\/7-alimentos-ricos-em-fibras-que-ajudam-a-equilibrar-a-flora-intestinal\/#primaryimage"},"thumbnailUrl":"https:\/\/www.tuasaude.com\/news\/wp-content\/uploads\/2026\/03\/creation_2577966013.png","datePublished":"2026-03-15T20:05:00+00:00","author":{"@id":"https:\/\/www.tuasaude.com\/news\/#\/schema\/person\/2e9df841be69ec84f5d20ddb8d273ac2"},"description":"Alimentos ricos em fibras ajudam a fortalecer a flora intestinal e melhorar a digest\u00e3o. Veja sete op\u00e7\u00f5es f\u00e1ceis de incluir na alimenta\u00e7\u00e3o.","breadcrumb":{"@id":"https:\/\/www.tuasaude.com\/news\/2026\/03\/15\/7-alimentos-ricos-em-fibras-que-ajudam-a-equilibrar-a-flora-intestinal\/#breadcrumb"},"inLanguage":"pt-BR","potentialAction":[{"@type":"ReadAction","target":["https:\/\/www.tuasaude.com\/news\/2026\/03\/15\/7-alimentos-ricos-em-fibras-que-ajudam-a-equilibrar-a-flora-intestinal\/"]}]},{"@type":"ImageObject","inLanguage":"pt-BR","@id":"https:\/\/www.tuasaude.com\/news\/2026\/03\/15\/7-alimentos-ricos-em-fibras-que-ajudam-a-equilibrar-a-flora-intestinal\/#primaryimage","url":"https:\/\/www.tuasaude.com\/news\/wp-content\/uploads\/2026\/03\/creation_2577966013.png","contentUrl":"https:\/\/www.tuasaude.com\/news\/wp-content\/uploads\/2026\/03\/creation_2577966013.png","width":1280,"height":714,"caption":"Alimentos como aveia, banana verde, alho, cebola, feij\u00e3o, linha\u00e7a e ma\u00e7\u00e3 s\u00e3o boas fontes de fibras que fortalecem a microbiota."},{"@type":"BreadcrumbList","@id":"https:\/\/www.tuasaude.com\/news\/2026\/03\/15\/7-alimentos-ricos-em-fibras-que-ajudam-a-equilibrar-a-flora-intestinal\/#breadcrumb","itemListElement":[{"@type":"ListItem","position":1,"name":"In\u00edcio","item":"https:\/\/www.tuasaude.com\/news\/"},{"@type":"ListItem","position":2,"name":"7 alimentos ricos em fibras que ajudam a equilibrar a flora intestinal"}]},{"@type":"WebSite","@id":"https:\/\/www.tuasaude.com\/news\/#website","url":"https:\/\/www.tuasaude.com\/news\/","name":"Tua Sa\u00fade","description":"Seu site de sa\u00fade","potentialAction":[{"@type":"SearchAction","target":{"@type":"EntryPoint","urlTemplate":"https:\/\/www.tuasaude.com\/news\/?s={search_term_string}"},"query-input":{"@type":"PropertyValueSpecification","valueRequired":true,"valueName":"search_term_string"}}],"inLanguage":"pt-BR"},{"@type":"Person","@id":"https:\/\/www.tuasaude.com\/news\/#\/schema\/person\/2e9df841be69ec84f5d20ddb8d273ac2","name":"Gessika Julia Carvalho","image":{"@type":"ImageObject","inLanguage":"pt-BR","@id":"https:\/\/www.tuasaude.com\/news\/#\/schema\/person\/image\/","url":"https:\/\/secure.gravatar.com\/avatar\/0fcc8769024577fd0bc6a8b766055690f76a8e8f29dfb2a2f89cf04db8d0f2d2?s=96&d=mm&r=g","contentUrl":"https:\/\/secure.gravatar.com\/avatar\/0fcc8769024577fd0bc6a8b766055690f76a8e8f29dfb2a2f89cf04db8d0f2d2?s=96&d=mm&r=g","caption":"Gessika Julia Carvalho"},"sameAs":["https:\/\/www.tuasaude.com\/news\/"],"url":"https:\/\/www.tuasaude.com\/news\/author\/gessika-julia\/"}]}},"_links":{"self":[{"href":"https:\/\/www.tuasaude.com\/news\/wp-json\/wp\/v2\/posts\/9147","targetHints":{"allow":["GET"]}}],"collection":[{"href":"https:\/\/www.tuasaude.com\/news\/wp-json\/wp\/v2\/posts"}],"about":[{"href":"https:\/\/www.tuasaude.com\/news\/wp-json\/wp\/v2\/types\/post"}],"author":[{"embeddable":true,"href":"https:\/\/www.tuasaude.com\/news\/wp-json\/wp\/v2\/users\/11"}],"replies":[{"embeddable":true,"href":"https:\/\/www.tuasaude.com\/news\/wp-json\/wp\/v2\/comments?post=9147"}],"version-history":[{"count":2,"href":"https:\/\/www.tuasaude.com\/news\/wp-json\/wp\/v2\/posts\/9147\/revisions"}],"predecessor-version":[{"id":9260,"href":"https:\/\/www.tuasaude.com\/news\/wp-json\/wp\/v2\/posts\/9147\/revisions\/9260"}],"wp:featuredmedia":[{"embeddable":true,"href":"https:\/\/www.tuasaude.com\/news\/wp-json\/wp\/v2\/media\/9224"}],"wp:attachment":[{"href":"https:\/\/www.tuasaude.com\/news\/wp-json\/wp\/v2\/media?parent=9147"}],"wp:term":[{"taxonomy":"category","embeddable":true,"href":"https:\/\/www.tuasaude.com\/news\/wp-json\/wp\/v2\/categories?post=9147"},{"taxonomy":"post_tag","embeddable":true,"href":"https:\/\/www.tuasaude.com\/news\/wp-json\/wp\/v2\/tags?post=9147"}],"curies":[{"name":"wp","href":"https:\/\/api.w.org\/{rel}","templated":true}]}}