{"id":9123,"date":"2026-03-15T09:40:00","date_gmt":"2026-03-15T12:40:00","guid":{"rendered":"https:\/\/www.tuasaude.com\/news\/?p=9123"},"modified":"2026-03-14T17:59:07","modified_gmt":"2026-03-14T20:59:07","slug":"caimbras-noturnas-nas-pernas-veja-o-que-as-causa-e-como-tratar-o-problema","status":"publish","type":"post","link":"https:\/\/www.tuasaude.com\/news\/2026\/03\/15\/caimbras-noturnas-nas-pernas-veja-o-que-as-causa-e-como-tratar-o-problema\/","title":{"rendered":"C\u00e2imbras noturnas nas pernas: veja o que as causa e como tratar o problema"},"content":{"rendered":"\n<p>Acordar no meio da noite com uma contra\u00e7\u00e3o intensa e dolorosa na panturrilha \u00e9 uma experi\u00eancia que assusta e afeta diretamente a qualidade do sono. As c\u00e2imbras noturnas s\u00e3o contra\u00e7\u00f5es musculares involunt\u00e1rias que atingem principalmente as pernas e podem durar de alguns segundos a v\u00e1rios minutos. As causas v\u00e3o desde a desidrata\u00e7\u00e3o e a falta de minerais at\u00e9 problemas circulat\u00f3rios, e identificar a origem \u00e9 o primeiro passo para conseguir noites mais tranquilas.<\/p>\n\n\n\n<h2 class=\"wp-block-heading\">Principais causas das c\u00e2imbras noturnas nas pernas<\/h2>\n\n\n\n<p>As c\u00e2imbras que aparecem durante o sono podem ter diferentes origens, e muitas vezes mais de um fator contribui ao mesmo tempo. Conhecer os gatilhos mais comuns ajuda a entender o problema e a buscar as medidas certas:<\/p>\n\n\n\n<div style=\"display: flex; flex-wrap: wrap; gap: 20px; justify-content: center; font-family: 'Segoe UI', Roboto, Helvetica, sans-serif; padding: 40px; background-color: #f1f5f9;\">\n\n  <div style=\"flex: 1; min-width: 250px; max-width: 280px; background: #ffffff; border: 1px solid #e2e8f0; padding: 25px; border-radius: 20px; box-shadow: 0 10px 25px rgba(0,0,0,0.05); text-align: center;\">\n\n    <div style=\"font-size: 32px; margin-bottom: 15px;\">\ud83d\udca7<\/div>\n\n    <h3 style=\"color: #334155; font-size: 1.1em; margin-bottom: 12px; letter-spacing: 1px;\">DESIDRATA\u00c7\u00c3O<\/h3>\n\n    <p style=\"color: #475569; font-size: 0.95em; line-height: 1.6; margin: 0;\">\n      Beber <strong>pouca \u00e1gua ao longo do dia<\/strong> pode prejudicar o equil\u00edbrio de l\u00edquidos e favorecer c\u00e2imbras.\n    <\/p>\n\n  <\/div>\n\n  <div style=\"flex: 1; min-width: 250px; max-width: 280px; background: #ffffff; border: 1px solid #e2e8f0; padding: 25px; border-radius: 20px; box-shadow: 0 10px 25px rgba(0,0,0,0.05); text-align: center;\">\n\n    <div style=\"font-size: 32px; margin-bottom: 15px;\">\ud83e\uddc2<\/div>\n\n    <h3 style=\"color: #334155; font-size: 1.1em; margin-bottom: 12px; letter-spacing: 1px;\">MINERAIS BAIXOS<\/h3>\n\n    <p style=\"color: #475569; font-size: 0.95em; line-height: 1.6; margin: 0;\">\n      A defici\u00eancia de <strong>magn\u00e9sio, pot\u00e1ssio e c\u00e1lcio<\/strong> compromete a fun\u00e7\u00e3o muscular.\n    <\/p>\n\n  <\/div>\n\n  <div style=\"flex: 1; min-width: 250px; max-width: 280px; background: #ffffff; border: 1px solid #e2e8f0; padding: 25px; border-radius: 20px; box-shadow: 0 10px 25px rgba(0,0,0,0.05); text-align: center;\">\n\n    <div style=\"font-size: 32px; margin-bottom: 15px;\">\ud83d\udecb\ufe0f<\/div>\n\n    <h3 style=\"color: #334155; font-size: 1.1em; margin-bottom: 12px; letter-spacing: 1px;\">SEDENTARISMO<\/h3>\n\n    <p style=\"color: #475569; font-size: 0.95em; line-height: 1.6; margin: 0;\">\n      A <strong>falta de atividade f\u00edsica<\/strong> enfraquece a musculatura e favorece contra\u00e7\u00f5es involunt\u00e1rias.\n    <\/p>\n\n  <\/div>\n\n  <div style=\"flex: 1; min-width: 250px; max-width: 280px; background: #ffffff; border: 1px solid #e2e8f0; padding: 25px; border-radius: 20px; box-shadow: 0 10px 25px rgba(0,0,0,0.05); text-align: center;\">\n\n    <div style=\"font-size: 32px; margin-bottom: 15px;\">\ud83c\udfc3<\/div>\n\n    <h3 style=\"color: #334155; font-size: 1.1em; margin-bottom: 12px; letter-spacing: 1px;\">EXERC\u00cdCIO INTENSO<\/h3>\n\n    <p style=\"color: #475569; font-size: 0.95em; line-height: 1.6; margin: 0;\">\n      <strong>Esfor\u00e7o f\u00edsico excessivo<\/strong> pode causar fadiga muscular que aparece como c\u00e2imbra durante o sono.\n    <\/p>\n\n  <\/div>\n\n  <div style=\"flex: 1; min-width: 250px; max-width: 280px; background: #ffffff; border: 1px solid #e2e8f0; padding: 25px; border-radius: 20px; box-shadow: 0 10px 25px rgba(0,0,0,0.05); text-align: center;\">\n\n    <div style=\"font-size: 32px; margin-bottom: 15px;\">\ud83e\uddb5<\/div>\n\n    <h3 style=\"color: #334155; font-size: 1.1em; margin-bottom: 12px; letter-spacing: 1px;\">CIRCULA\u00c7\u00c3O<\/h3>\n\n    <p style=\"color: #475569; font-size: 0.95em; line-height: 1.6; margin: 0;\">\n      Problemas de <strong>circula\u00e7\u00e3o nas pernas<\/strong>, como varizes, aumentam o risco de c\u00e2imbras noturnas.\n    <\/p>\n\n  <\/div>\n\n  <div style=\"flex: 1; min-width: 250px; max-width: 280px; background: #ffffff; border: 1px solid #e2e8f0; padding: 25px; border-radius: 20px; box-shadow: 0 10px 25px rgba(0,0,0,0.05); text-align: center;\">\n\n    <div style=\"font-size: 32px; margin-bottom: 15px;\">\ud83d\udc8a<\/div>\n\n    <h3 style=\"color: #334155; font-size: 1.1em; margin-bottom: 12px; letter-spacing: 1px;\">MEDICAMENTOS<\/h3>\n\n    <p style=\"color: #475569; font-size: 0.95em; line-height: 1.6; margin: 0;\">\n      Alguns <strong>rem\u00e9dios como diur\u00e9ticos e estatinas<\/strong> podem favorecer o aparecimento de c\u00e2imbras.\n    <\/p>\n\n  <\/div>\n\n<\/div>\n\n\n\n<p>Para conhecer mais detalhes sobre o problema, confira o conte\u00fado do <a href=\"https:\/\/www.tuasaude.com\/caimbra\/\" target=\"_blank\" rel=\"noreferrer noopener\">Tua Sa\u00fade sobre c\u00e2imbras e o que fazer para aliviar<\/a>.<\/p>\n\n\n\n<h2 class=\"wp-block-heading\">Estudo identifica fatores associados \u00e0s c\u00e2imbras noturnas na popula\u00e7\u00e3o<\/h2>\n\n\n\n<p>A rela\u00e7\u00e3o entre c\u00e2imbras noturnas e diferentes condi\u00e7\u00f5es de sa\u00fade \u00e9 respaldada por pesquisas de grande porte. Segundo o estudo<a href=\"https:\/\/pmc.ncbi.nlm.nih.gov\/articles\/PMC5460850\/\" target=\"_blank\" rel=\"noreferrer noopener\"> <em>&#8220;Nocturnal leg cramps: Prevalence and associations with demographics, sleep disturbance symptoms, medical conditions, and cardiometabolic risk factors&#8221;<\/em><\/a>, publicado na revista <strong>PLOS ONE<\/strong> em 2017, as c\u00e2imbras noturnas est\u00e3o associadas a dist\u00farbios do sono, doen\u00e7as vasculares, diabetes e uso de determinados medicamentos. A pesquisa analisou dados de milhares de adultos nos Estados Unidos e concluiu que a frequ\u00eancia das c\u00e2imbras aumenta com a idade e est\u00e1 ligada a m\u00faltiplos fatores de risco modific\u00e1veis, refor\u00e7ando a import\u00e2ncia de investigar as causas individualmente.<\/p>\n\n\n\n<h2 class=\"wp-block-heading\">Como tratar e prevenir as c\u00e2imbras noturnas?<\/h2>\n\n\n\n<p>O tratamento das c\u00e2imbras noturnas come\u00e7a pela identifica\u00e7\u00e3o do fator predominante e pela ado\u00e7\u00e3o de medidas simples que podem ser incorporadas \u00e0 rotina di\u00e1ria:<\/p>\n\n\n\n<ul class=\"wp-block-list\">\n<li>Manter uma boa hidrata\u00e7\u00e3o ao longo do dia, bebendo \u00e1gua de forma regular e n\u00e3o apenas quando sentir sede.<\/li>\n\n\n\n<li>Incluir alimentos ricos em pot\u00e1ssio, magn\u00e9sio e c\u00e1lcio na alimenta\u00e7\u00e3o, como banana, abacate, sementes de ab\u00f3bora, castanhas, leite e folhas verde-escuras.<\/li>\n\n\n\n<li>Alongar a panturrilha antes de dormir, apoiando as m\u00e3os na parede e esticando uma perna para tr\u00e1s com o calcanhar no ch\u00e3o por 30 segundos de cada lado.<\/li>\n\n\n\n<li>Praticar atividade f\u00edsica regular e moderada para fortalecer a musculatura e melhorar a circula\u00e7\u00e3o nas pernas.<\/li>\n\n\n\n<li>Evitar ficar muito tempo na mesma posi\u00e7\u00e3o, seja sentado ou em p\u00e9, ao longo do dia.<\/li>\n<\/ul>\n\n\n\n<p>Durante uma crise, alongar o m\u00fasculo afetado e massagear a regi\u00e3o com movimentos firmes s\u00e3o as formas mais r\u00e1pidas de aliviar a dor e encurtar a dura\u00e7\u00e3o da contra\u00e7\u00e3o.<\/p>\n\n\n<div class=\"wp-block-image\">\n<figure class=\"aligncenter size-large\"><img decoding=\"async\" width=\"1024\" height=\"571\" src=\"https:\/\/www.tuasaude.com\/news\/wp-content\/uploads\/2026\/03\/creation_2578052899-1024x571.png\" alt=\"C\u00e2imbras noturnas nas pernas: veja o que as causa e como tratar o problema\" class=\"wp-image-9287\" srcset=\"https:\/\/www.tuasaude.com\/news\/wp-content\/uploads\/2026\/03\/creation_2578052899-1024x571.png 1024w, https:\/\/www.tuasaude.com\/news\/wp-content\/uploads\/2026\/03\/creation_2578052899-300x167.png 300w, https:\/\/www.tuasaude.com\/news\/wp-content\/uploads\/2026\/03\/creation_2578052899-768x428.png 768w, https:\/\/www.tuasaude.com\/news\/wp-content\/uploads\/2026\/03\/creation_2578052899-750x418.png 750w, https:\/\/www.tuasaude.com\/news\/wp-content\/uploads\/2026\/03\/creation_2578052899-1140x636.png 1140w, https:\/\/www.tuasaude.com\/news\/wp-content\/uploads\/2026\/03\/creation_2578052899.png 1280w\" sizes=\"(max-width: 1024px) 100vw, 1024px\" \/><figcaption class=\"wp-element-caption\">C\u00e2imbras noturnas nas pernas: veja o que as causa e como tratar o problema<\/figcaption><\/figure>\n<\/div>\n\n\n<h2 class=\"wp-block-heading\">Quando as c\u00e2imbras noturnas exigem avalia\u00e7\u00e3o m\u00e9dica?<\/h2>\n\n\n\n<p><a href=\"https:\/\/www.tuasaude.com\/caimbra\/\" target=\"_blank\" rel=\"noreferrer noopener\">C\u00e2imbras ocasionais s\u00e3o comuns <\/a>e geralmente melhoram com ajustes na hidrata\u00e7\u00e3o e na alimenta\u00e7\u00e3o. Por\u00e9m, quando se tornam muito frequentes, muito intensas ou acompanhadas de incha\u00e7o, dorm\u00eancia, fraqueza nas pernas ou altera\u00e7\u00f5es na cor da pele, \u00e9 fundamental procurar um m\u00e9dico para investigar poss\u00edveis causas vasculares, neurol\u00f3gicas ou metab\u00f3licas.<\/p>\n\n\n\n<p>Idosos, gestantes, pessoas com diabetes, insufici\u00eancia renal ou que fazem uso cont\u00ednuo de diur\u00e9ticos devem manter aten\u00e7\u00e3o especial e acompanhamento profissional. As medidas preventivas s\u00e3o eficazes na maioria dos casos, mas o diagn\u00f3stico correto \u00e9 indispens\u00e1vel quando o problema persiste.<\/p>\n\n\n\n<p><em>Este conte\u00fado \u00e9 apenas informativo e n\u00e3o substitui a avalia\u00e7\u00e3o, o diagn\u00f3stico ou o tratamento de um m\u00e9dico. Consulte sempre um profissional de sa\u00fade qualificado antes de tomar decis\u00f5es sobre sua sa\u00fade.<\/em><\/p>\n","protected":false},"excerpt":{"rendered":"<p>Acordar no meio da noite com uma contra\u00e7\u00e3o intensa e dolorosa na panturrilha \u00e9 uma experi\u00eancia que assusta e afeta diretamente a qualidade do sono. As c\u00e2imbras noturnas s\u00e3o contra\u00e7\u00f5es musculares involunt\u00e1rias que atingem principalmente as pernas e podem durar de alguns segundos a v\u00e1rios minutos. As causas v\u00e3o desde a desidrata\u00e7\u00e3o e a falta [&hellip;]<\/p>\n","protected":false},"author":11,"featured_media":9286,"comment_status":"open","ping_status":"open","sticky":false,"template":"","format":"standard","meta":{"_yoast_wpseo_focuskw":"c\u00e2imbras noturnas nas pernas","_yoast_wpseo_title":"","_yoast_wpseo_metadesc":"C\u00e2imbras noturnas nas pernas podem surgir por desidrata\u00e7\u00e3o, falta de minerais ou circula\u00e7\u00e3o ruim. Entenda as causas e o que ajuda a prevenir.","jnews-multi-image_gallery":[],"jnews_single_post":{"format":"standard"},"jnews_primary_category":[],"jnews_social_meta":[],"jnews_override_counter":[],"footnotes":""},"categories":[111],"tags":[2549,2548,2547,136],"class_list":["post-9123","post","type-post","status-publish","format-standard","has-post-thumbnail","hentry","category-saude","tag-caimbra-nas-pernas","tag-caimbras","tag-caimbras-noturnas","tag-saude"],"yoast_head":"<!-- This site is optimized with the Yoast SEO plugin v26.7 - https:\/\/yoast.com\/wordpress\/plugins\/seo\/ -->\n<title>C\u00e2imbras noturnas nas pernas: veja o que as causa e como tratar o problema - Tua Sa\u00fade<\/title>\n<meta name=\"description\" content=\"C\u00e2imbras noturnas nas pernas podem surgir por desidrata\u00e7\u00e3o, falta de minerais ou circula\u00e7\u00e3o ruim. Entenda as causas e o que ajuda a prevenir.\" \/>\n<meta name=\"robots\" content=\"index, follow, max-snippet:-1, max-image-preview:large, max-video-preview:-1\" \/>\n<link rel=\"canonical\" href=\"https:\/\/www.tuasaude.com\/news\/2026\/03\/15\/caimbras-noturnas-nas-pernas-veja-o-que-as-causa-e-como-tratar-o-problema\/\" \/>\n<meta property=\"og:locale\" content=\"pt_BR\" \/>\n<meta property=\"og:type\" content=\"article\" \/>\n<meta property=\"og:title\" content=\"C\u00e2imbras noturnas nas pernas: veja o que as causa e como tratar o problema - Tua Sa\u00fade\" \/>\n<meta property=\"og:description\" content=\"C\u00e2imbras noturnas nas pernas podem surgir por desidrata\u00e7\u00e3o, falta de minerais ou circula\u00e7\u00e3o ruim. Entenda as causas e o que ajuda a prevenir.\" \/>\n<meta property=\"og:url\" content=\"https:\/\/www.tuasaude.com\/news\/2026\/03\/15\/caimbras-noturnas-nas-pernas-veja-o-que-as-causa-e-como-tratar-o-problema\/\" \/>\n<meta property=\"og:site_name\" content=\"Tua Sa\u00fade\" \/>\n<meta property=\"article:published_time\" content=\"2026-03-15T12:40:00+00:00\" \/>\n<meta property=\"og:image\" content=\"https:\/\/www.tuasaude.com\/news\/wp-content\/uploads\/2026\/03\/creation_2578052577.png\" \/>\n\t<meta property=\"og:image:width\" content=\"1280\" \/>\n\t<meta property=\"og:image:height\" content=\"714\" \/>\n\t<meta property=\"og:image:type\" content=\"image\/png\" \/>\n<meta name=\"author\" content=\"Gessika Julia Carvalho\" \/>\n<meta name=\"twitter:card\" content=\"summary_large_image\" \/>\n<meta name=\"twitter:label1\" content=\"Escrito por\" \/>\n\t<meta name=\"twitter:data1\" content=\"Gessika Julia Carvalho\" \/>\n\t<meta name=\"twitter:label2\" content=\"Est. tempo de leitura\" \/>\n\t<meta name=\"twitter:data2\" content=\"4 minutos\" \/>\n<!-- \/ Yoast SEO plugin. -->","yoast_head_json":{"title":"C\u00e2imbras noturnas nas pernas: veja o que as causa e como tratar o problema - Tua Sa\u00fade","description":"C\u00e2imbras noturnas nas pernas podem surgir por desidrata\u00e7\u00e3o, falta de minerais ou circula\u00e7\u00e3o ruim. Entenda as causas e o que ajuda a prevenir.","robots":{"index":"index","follow":"follow","max-snippet":"max-snippet:-1","max-image-preview":"max-image-preview:large","max-video-preview":"max-video-preview:-1"},"canonical":"https:\/\/www.tuasaude.com\/news\/2026\/03\/15\/caimbras-noturnas-nas-pernas-veja-o-que-as-causa-e-como-tratar-o-problema\/","og_locale":"pt_BR","og_type":"article","og_title":"C\u00e2imbras noturnas nas pernas: veja o que as causa e como tratar o problema - Tua Sa\u00fade","og_description":"C\u00e2imbras noturnas nas pernas podem surgir por desidrata\u00e7\u00e3o, falta de minerais ou circula\u00e7\u00e3o ruim. Entenda as causas e o que ajuda a prevenir.","og_url":"https:\/\/www.tuasaude.com\/news\/2026\/03\/15\/caimbras-noturnas-nas-pernas-veja-o-que-as-causa-e-como-tratar-o-problema\/","og_site_name":"Tua Sa\u00fade","article_published_time":"2026-03-15T12:40:00+00:00","og_image":[{"width":1280,"height":714,"url":"https:\/\/www.tuasaude.com\/news\/wp-content\/uploads\/2026\/03\/creation_2578052577.png","type":"image\/png"}],"author":"Gessika Julia Carvalho","twitter_card":"summary_large_image","twitter_misc":{"Escrito por":"Gessika Julia Carvalho","Est. tempo de leitura":"4 minutos"},"schema":{"@context":"https:\/\/schema.org","@graph":[{"@type":"Article","@id":"https:\/\/www.tuasaude.com\/news\/2026\/03\/15\/caimbras-noturnas-nas-pernas-veja-o-que-as-causa-e-como-tratar-o-problema\/#article","isPartOf":{"@id":"https:\/\/www.tuasaude.com\/news\/2026\/03\/15\/caimbras-noturnas-nas-pernas-veja-o-que-as-causa-e-como-tratar-o-problema\/"},"author":{"name":"Gessika Julia Carvalho","@id":"https:\/\/www.tuasaude.com\/news\/#\/schema\/person\/2e9df841be69ec84f5d20ddb8d273ac2"},"headline":"C\u00e2imbras noturnas nas pernas: veja o que as causa e como tratar o problema","datePublished":"2026-03-15T12:40:00+00:00","mainEntityOfPage":{"@id":"https:\/\/www.tuasaude.com\/news\/2026\/03\/15\/caimbras-noturnas-nas-pernas-veja-o-que-as-causa-e-como-tratar-o-problema\/"},"wordCount":751,"commentCount":0,"image":{"@id":"https:\/\/www.tuasaude.com\/news\/2026\/03\/15\/caimbras-noturnas-nas-pernas-veja-o-que-as-causa-e-como-tratar-o-problema\/#primaryimage"},"thumbnailUrl":"https:\/\/www.tuasaude.com\/news\/wp-content\/uploads\/2026\/03\/creation_2578052577.png","keywords":["c\u00e2imbra nas pernas","C\u00e2imbras","C\u00e2imbras noturnas","sa\u00fade"],"articleSection":["Sa\u00fade"],"inLanguage":"pt-BR","potentialAction":[{"@type":"CommentAction","name":"Comment","target":["https:\/\/www.tuasaude.com\/news\/2026\/03\/15\/caimbras-noturnas-nas-pernas-veja-o-que-as-causa-e-como-tratar-o-problema\/#respond"]}]},{"@type":"WebPage","@id":"https:\/\/www.tuasaude.com\/news\/2026\/03\/15\/caimbras-noturnas-nas-pernas-veja-o-que-as-causa-e-como-tratar-o-problema\/","url":"https:\/\/www.tuasaude.com\/news\/2026\/03\/15\/caimbras-noturnas-nas-pernas-veja-o-que-as-causa-e-como-tratar-o-problema\/","name":"C\u00e2imbras noturnas nas pernas: veja o que as causa e como tratar o problema - Tua Sa\u00fade","isPartOf":{"@id":"https:\/\/www.tuasaude.com\/news\/#website"},"primaryImageOfPage":{"@id":"https:\/\/www.tuasaude.com\/news\/2026\/03\/15\/caimbras-noturnas-nas-pernas-veja-o-que-as-causa-e-como-tratar-o-problema\/#primaryimage"},"image":{"@id":"https:\/\/www.tuasaude.com\/news\/2026\/03\/15\/caimbras-noturnas-nas-pernas-veja-o-que-as-causa-e-como-tratar-o-problema\/#primaryimage"},"thumbnailUrl":"https:\/\/www.tuasaude.com\/news\/wp-content\/uploads\/2026\/03\/creation_2578052577.png","datePublished":"2026-03-15T12:40:00+00:00","author":{"@id":"https:\/\/www.tuasaude.com\/news\/#\/schema\/person\/2e9df841be69ec84f5d20ddb8d273ac2"},"description":"C\u00e2imbras noturnas nas pernas podem surgir por desidrata\u00e7\u00e3o, falta de minerais ou circula\u00e7\u00e3o ruim. Entenda as causas e o que ajuda a prevenir.","breadcrumb":{"@id":"https:\/\/www.tuasaude.com\/news\/2026\/03\/15\/caimbras-noturnas-nas-pernas-veja-o-que-as-causa-e-como-tratar-o-problema\/#breadcrumb"},"inLanguage":"pt-BR","potentialAction":[{"@type":"ReadAction","target":["https:\/\/www.tuasaude.com\/news\/2026\/03\/15\/caimbras-noturnas-nas-pernas-veja-o-que-as-causa-e-como-tratar-o-problema\/"]}]},{"@type":"ImageObject","inLanguage":"pt-BR","@id":"https:\/\/www.tuasaude.com\/news\/2026\/03\/15\/caimbras-noturnas-nas-pernas-veja-o-que-as-causa-e-como-tratar-o-problema\/#primaryimage","url":"https:\/\/www.tuasaude.com\/news\/wp-content\/uploads\/2026\/03\/creation_2578052577.png","contentUrl":"https:\/\/www.tuasaude.com\/news\/wp-content\/uploads\/2026\/03\/creation_2578052577.png","width":1280,"height":714,"caption":"Boa hidrata\u00e7\u00e3o, alongamento e alimenta\u00e7\u00e3o rica em minerais ajudam a prevenir c\u00e2imbras noturnas."},{"@type":"BreadcrumbList","@id":"https:\/\/www.tuasaude.com\/news\/2026\/03\/15\/caimbras-noturnas-nas-pernas-veja-o-que-as-causa-e-como-tratar-o-problema\/#breadcrumb","itemListElement":[{"@type":"ListItem","position":1,"name":"In\u00edcio","item":"https:\/\/www.tuasaude.com\/news\/"},{"@type":"ListItem","position":2,"name":"C\u00e2imbras noturnas nas pernas: veja o que as causa e como tratar o problema"}]},{"@type":"WebSite","@id":"https:\/\/www.tuasaude.com\/news\/#website","url":"https:\/\/www.tuasaude.com\/news\/","name":"Tua Sa\u00fade","description":"Seu site de sa\u00fade","potentialAction":[{"@type":"SearchAction","target":{"@type":"EntryPoint","urlTemplate":"https:\/\/www.tuasaude.com\/news\/?s={search_term_string}"},"query-input":{"@type":"PropertyValueSpecification","valueRequired":true,"valueName":"search_term_string"}}],"inLanguage":"pt-BR"},{"@type":"Person","@id":"https:\/\/www.tuasaude.com\/news\/#\/schema\/person\/2e9df841be69ec84f5d20ddb8d273ac2","name":"Gessika Julia Carvalho","image":{"@type":"ImageObject","inLanguage":"pt-BR","@id":"https:\/\/www.tuasaude.com\/news\/#\/schema\/person\/image\/","url":"https:\/\/secure.gravatar.com\/avatar\/0fcc8769024577fd0bc6a8b766055690f76a8e8f29dfb2a2f89cf04db8d0f2d2?s=96&d=mm&r=g","contentUrl":"https:\/\/secure.gravatar.com\/avatar\/0fcc8769024577fd0bc6a8b766055690f76a8e8f29dfb2a2f89cf04db8d0f2d2?s=96&d=mm&r=g","caption":"Gessika Julia Carvalho"},"sameAs":["https:\/\/www.tuasaude.com\/news\/"],"url":"https:\/\/www.tuasaude.com\/news\/author\/gessika-julia\/"}]}},"_links":{"self":[{"href":"https:\/\/www.tuasaude.com\/news\/wp-json\/wp\/v2\/posts\/9123","targetHints":{"allow":["GET"]}}],"collection":[{"href":"https:\/\/www.tuasaude.com\/news\/wp-json\/wp\/v2\/posts"}],"about":[{"href":"https:\/\/www.tuasaude.com\/news\/wp-json\/wp\/v2\/types\/post"}],"author":[{"embeddable":true,"href":"https:\/\/www.tuasaude.com\/news\/wp-json\/wp\/v2\/users\/11"}],"replies":[{"embeddable":true,"href":"https:\/\/www.tuasaude.com\/news\/wp-json\/wp\/v2\/comments?post=9123"}],"version-history":[{"count":2,"href":"https:\/\/www.tuasaude.com\/news\/wp-json\/wp\/v2\/posts\/9123\/revisions"}],"predecessor-version":[{"id":9320,"href":"https:\/\/www.tuasaude.com\/news\/wp-json\/wp\/v2\/posts\/9123\/revisions\/9320"}],"wp:featuredmedia":[{"embeddable":true,"href":"https:\/\/www.tuasaude.com\/news\/wp-json\/wp\/v2\/media\/9286"}],"wp:attachment":[{"href":"https:\/\/www.tuasaude.com\/news\/wp-json\/wp\/v2\/media?parent=9123"}],"wp:term":[{"taxonomy":"category","embeddable":true,"href":"https:\/\/www.tuasaude.com\/news\/wp-json\/wp\/v2\/categories?post=9123"},{"taxonomy":"post_tag","embeddable":true,"href":"https:\/\/www.tuasaude.com\/news\/wp-json\/wp\/v2\/tags?post=9123"}],"curies":[{"name":"wp","href":"https:\/\/api.w.org\/{rel}","templated":true}]}}