{"id":9121,"date":"2026-03-15T08:20:00","date_gmt":"2026-03-15T11:20:00","guid":{"rendered":"https:\/\/www.tuasaude.com\/news\/?p=9121"},"modified":"2026-03-14T17:59:10","modified_gmt":"2026-03-14T20:59:10","slug":"dor-de-cabeca-tensional-veja-o-que-a-causa-e-como-tratar-o-problema","status":"publish","type":"post","link":"https:\/\/www.tuasaude.com\/news\/2026\/03\/15\/dor-de-cabeca-tensional-veja-o-que-a-causa-e-como-tratar-o-problema\/","title":{"rendered":"Dor de cabe\u00e7a tensional: veja o que a causa e como tratar o problema"},"content":{"rendered":"\n<p>A dor de cabe\u00e7a tensional \u00e9 o tipo mais comum de cefaleia e se manifesta como uma press\u00e3o constante ao redor da testa, das t\u00eamporas ou da nuca, muitas vezes descrita como uma faixa apertando a cabe\u00e7a. Ela est\u00e1 diretamente ligada \u00e0 tens\u00e3o acumulada nos m\u00fasculos do pesco\u00e7o, dos ombros e da mand\u00edbula, geralmente provocada por estresse, m\u00e1 postura e longas horas diante de telas. Entender os gatilhos e saber como agir \u00e9 fundamental para reduzir a frequ\u00eancia e a intensidade das crises.<\/p>\n\n\n\n<h2 class=\"wp-block-heading\">O que causa a dor de cabe\u00e7a tensional?<\/h2>\n\n\n\n<p>A dor de cabe\u00e7a tensional surge quando os m\u00fasculos da regi\u00e3o da cabe\u00e7a, do pesco\u00e7o e dos ombros ficam contra\u00eddos por tempo prolongado. Essa tens\u00e3o pode ser desencadeada por diferentes situa\u00e7\u00f5es do dia a dia. Veja os gatilhos mais frequentes:<\/p>\n\n\n\n<div style=\"display: flex; flex-wrap: wrap; gap: 20px; justify-content: center; font-family: 'Segoe UI', Roboto, Helvetica, sans-serif; padding: 40px; background-color: #f1f5f9;\">\n\n  <div style=\"flex: 1; min-width: 250px; max-width: 280px; background: #ffffff; border: 1px solid #e2e8f0; padding: 25px; border-radius: 20px; box-shadow: 0 10px 25px rgba(0,0,0,0.05); text-align: center;\">\n\n    <div style=\"font-size: 32px; margin-bottom: 15px;\">\ud83d\ude23<\/div>\n\n    <h3 style=\"color: #334155; font-size: 1.1em; margin-bottom: 12px; letter-spacing: 1px;\">ESTRESSE<\/h3>\n\n    <p style=\"color: #475569; font-size: 0.95em; line-height: 1.6; margin: 0;\">\n      O <strong>estresse emocional e a ansiedade<\/strong> aumentam a tens\u00e3o nos m\u00fasculos da nuca e das t\u00eamporas.\n    <\/p>\n\n  <\/div>\n\n  <div style=\"flex: 1; min-width: 250px; max-width: 280px; background: #ffffff; border: 1px solid #e2e8f0; padding: 25px; border-radius: 20px; box-shadow: 0 10px 25px rgba(0,0,0,0.05); text-align: center;\">\n\n    <div style=\"font-size: 32px; margin-bottom: 15px;\">\ud83d\udcbb<\/div>\n\n    <h3 style=\"color: #334155; font-size: 1.1em; margin-bottom: 12px; letter-spacing: 1px;\">M\u00c1 POSTURA<\/h3>\n\n    <p style=\"color: #475569; font-size: 0.95em; line-height: 1.6; margin: 0;\">\n      Ficar muito tempo sentado com <strong>postura inadequada<\/strong> sobrecarrega a musculatura do pesco\u00e7o.\n    <\/p>\n\n  <\/div>\n\n  <div style=\"flex: 1; min-width: 250px; max-width: 280px; background: #ffffff; border: 1px solid #e2e8f0; padding: 25px; border-radius: 20px; box-shadow: 0 10px 25px rgba(0,0,0,0.05); text-align: center;\">\n\n    <div style=\"font-size: 32px; margin-bottom: 15px;\">\ud83d\udcf1<\/div>\n\n    <h3 style=\"color: #334155; font-size: 1.1em; margin-bottom: 12px; letter-spacing: 1px;\">TEMPO DE TELA<\/h3>\n\n    <p style=\"color: #475569; font-size: 0.95em; line-height: 1.6; margin: 0;\">\n      O uso prolongado de <strong>celular, computador ou tablet<\/strong> pode causar fadiga visual e tens\u00e3o muscular.\n    <\/p>\n\n  <\/div>\n\n  <div style=\"flex: 1; min-width: 250px; max-width: 280px; background: #ffffff; border: 1px solid #e2e8f0; padding: 25px; border-radius: 20px; box-shadow: 0 10px 25px rgba(0,0,0,0.05); text-align: center;\">\n\n    <div style=\"font-size: 32px; margin-bottom: 15px;\">\ud83d\ude2c<\/div>\n\n    <h3 style=\"color: #334155; font-size: 1.1em; margin-bottom: 12px; letter-spacing: 1px;\">BRUXISMO<\/h3>\n\n    <p style=\"color: #475569; font-size: 0.95em; line-height: 1.6; margin: 0;\">\n      Apertar ou ranger os dentes gera <strong>sobrecarga na mand\u00edbula<\/strong> que pode irradiar para a cabe\u00e7a.\n    <\/p>\n\n  <\/div>\n\n  <div style=\"flex: 1; min-width: 250px; max-width: 280px; background: #ffffff; border: 1px solid #e2e8f0; padding: 25px; border-radius: 20px; box-shadow: 0 10px 25px rgba(0,0,0,0.05); text-align: center;\">\n\n    <div style=\"font-size: 32px; margin-bottom: 15px;\">\ud83c\udf19<\/div>\n\n    <h3 style=\"color: #334155; font-size: 1.1em; margin-bottom: 12px; letter-spacing: 1px;\">SONO RUIM<\/h3>\n\n    <p style=\"color: #475569; font-size: 0.95em; line-height: 1.6; margin: 0;\">\n      Dormir pouco ou ter <strong>sono de baixa qualidade<\/strong> aumenta a sensibilidade \u00e0 dor.\n    <\/p>\n\n  <\/div>\n\n  <div style=\"flex: 1; min-width: 250px; max-width: 280px; background: #ffffff; border: 1px solid #e2e8f0; padding: 25px; border-radius: 20px; box-shadow: 0 10px 25px rgba(0,0,0,0.05); text-align: center;\">\n\n    <div style=\"font-size: 32px; margin-bottom: 15px;\">\ud83d\udca7<\/div>\n\n    <h3 style=\"color: #334155; font-size: 1.1em; margin-bottom: 12px; letter-spacing: 1px;\">DESIDRATA\u00c7\u00c3O<\/h3>\n\n    <p style=\"color: #475569; font-size: 0.95em; line-height: 1.6; margin: 0;\">\n      Pular refei\u00e7\u00f5es ou ingerir poucos l\u00edquidos pode <strong>desencadear epis\u00f3dios de dor de cabe\u00e7a<\/strong>.\n    <\/p>\n\n  <\/div>\n\n<\/div>\n\n\n\n<p>Para conhecer mais detalhes sobre esse tipo de dor de cabe\u00e7a, confira o conte\u00fado do <a href=\"https:\/\/www.tuasaude.com\/dor-de-cabeca-tensional\/\" target=\"_blank\" rel=\"noreferrer noopener\">Tua Sa\u00fade sobre dor de cabe\u00e7a tensional e seus tratamentos<\/a>.<\/p>\n\n\n\n<h2 class=\"wp-block-heading\">Como aliviar e prevenir a dor de cabe\u00e7a tensional?<\/h2>\n\n\n\n<p>O tratamento da cefaleia tensional envolve identificar os gatilhos e incorporar mudan\u00e7as simples na rotina que ajudam a reduzir a tens\u00e3o muscular. Algumas medidas pr\u00e1ticas incluem:<\/p>\n\n\n\n<ul class=\"wp-block-list\">\n<li>Fazer pausas de cinco a dez minutos a cada hora de trabalho diante do computador, levantando-se e movimentando o pesco\u00e7o e os ombros.<\/li>\n\n\n\n<li>Incorporar alongamentos cervicais na rotina di\u00e1ria, girando lentamente a cabe\u00e7a para os lados e inclinando o pesco\u00e7o para cada ombro.<\/li>\n\n\n\n<li>Ajustar a ergonomia do ambiente de trabalho, posicionando a tela na altura dos olhos e mantendo os p\u00e9s apoiados no ch\u00e3o.<\/li>\n\n\n\n<li>Praticar t\u00e9cnicas de relaxamento como respira\u00e7\u00e3o profunda ou medita\u00e7\u00e3o guiada para reduzir o estresse acumulado.<\/li>\n\n\n\n<li>Manter hor\u00e1rios regulares de sono e garantir entre sete e oito horas de descanso por noite.<\/li>\n<\/ul>\n\n\n\n<h2 class=\"wp-block-heading\">Revis\u00e3o cient\u00edfica confirma a efic\u00e1cia da fisioterapia no tratamento<\/h2>\n\n\n\n<p>Al\u00e9m das medidas do dia a dia, a fisioterapia tem se mostrado uma aliada importante no manejo da cefaleia tensional. Segundo a revis\u00e3o sistem\u00e1tica <em><a href=\"https:\/\/pmc.ncbi.nlm.nih.gov\/articles\/PMC10001815\/\" target=\"_blank\" rel=\"noreferrer noopener\">&#8220;Physical Therapy in Tension-Type Headache: A Systematic Review of Randomized Controlled Trials&#8221;<\/a><\/em>, publicada no <strong>International Journal of Environmental Research and Public Health<\/strong> em 2023, diversas t\u00e9cnicas fisioterap\u00eauticas aplicadas na regi\u00e3o da cabe\u00e7a, do pesco\u00e7o e da mand\u00edbula demonstraram efic\u00e1cia na redu\u00e7\u00e3o da intensidade e da frequ\u00eancia das crises. A revis\u00e3o analisou 15 ensaios cl\u00ednicos e concluiu que abordagens manuais e exerc\u00edcios direcionados \u00e0 musculatura cervical contribuem significativamente para o al\u00edvio dos sintomas. <\/p>\n\n\n<div class=\"wp-block-image\">\n<figure class=\"aligncenter size-large\"><img decoding=\"async\" width=\"1024\" height=\"571\" src=\"https:\/\/www.tuasaude.com\/news\/wp-content\/uploads\/2026\/03\/creation_2578055338-1024x571.png\" alt=\"Dor de cabe\u00e7a tensional: veja o que a causa e como tratar o problema\" class=\"wp-image-9291\" srcset=\"https:\/\/www.tuasaude.com\/news\/wp-content\/uploads\/2026\/03\/creation_2578055338-1024x571.png 1024w, https:\/\/www.tuasaude.com\/news\/wp-content\/uploads\/2026\/03\/creation_2578055338-300x167.png 300w, https:\/\/www.tuasaude.com\/news\/wp-content\/uploads\/2026\/03\/creation_2578055338-768x428.png 768w, https:\/\/www.tuasaude.com\/news\/wp-content\/uploads\/2026\/03\/creation_2578055338-750x418.png 750w, https:\/\/www.tuasaude.com\/news\/wp-content\/uploads\/2026\/03\/creation_2578055338-1140x636.png 1140w, https:\/\/www.tuasaude.com\/news\/wp-content\/uploads\/2026\/03\/creation_2578055338.png 1280w\" sizes=\"(max-width: 1024px) 100vw, 1024px\" \/><figcaption class=\"wp-element-caption\">Dor de cabe\u00e7a tensional: veja o que a causa e como tratar o problema<\/figcaption><\/figure>\n<\/div>\n\n\n<h2 class=\"wp-block-heading\">Quando a dor de cabe\u00e7a tensional exige avalia\u00e7\u00e3o m\u00e9dica?<\/h2>\n\n\n\n<p>Epis\u00f3dios ocasionais de <a href=\"https:\/\/www.tuasaude.com\/dor-de-cabeca-tensional\/\" target=\"_blank\" rel=\"noreferrer noopener\">cefaleia tensional <\/a>s\u00e3o comuns e geralmente melhoram com repouso e ajustes no estilo de vida. Por\u00e9m, quando a dor se torna frequente, acontece mais de 15 dias por m\u00eas ou n\u00e3o responde a medidas simples, \u00e9 importante procurar um m\u00e9dico para avaliar a necessidade de tratamento preventivo, que pode incluir fisioterapia especializada ou medica\u00e7\u00e3o.<\/p>\n\n\n\n<p>Dores de cabe\u00e7a que mudam de padr\u00e3o, que surgem de forma s\u00fabita e intensa ou que v\u00eam acompanhadas de sintomas como altera\u00e7\u00f5es visuais, febre ou rigidez na nuca merecem aten\u00e7\u00e3o imediata, pois podem indicar condi\u00e7\u00f5es mais graves. O acompanhamento profissional garante o diagn\u00f3stico correto e o tratamento mais adequado para cada caso.<\/p>\n\n\n\n<p><em>Este conte\u00fado \u00e9 apenas informativo e n\u00e3o substitui a avalia\u00e7\u00e3o, o diagn\u00f3stico ou o tratamento de um m\u00e9dico. Consulte sempre um profissional de sa\u00fade qualificado antes de tomar decis\u00f5es sobre sua sa\u00fade.<\/em><\/p>\n","protected":false},"excerpt":{"rendered":"<p>A dor de cabe\u00e7a tensional \u00e9 o tipo mais comum de cefaleia e se manifesta como uma press\u00e3o constante ao redor da testa, das t\u00eamporas ou da nuca, muitas vezes descrita como uma faixa apertando a cabe\u00e7a. Ela est\u00e1 diretamente ligada \u00e0 tens\u00e3o acumulada nos m\u00fasculos do pesco\u00e7o, dos ombros e da mand\u00edbula, geralmente provocada [&hellip;]<\/p>\n","protected":false},"author":11,"featured_media":9290,"comment_status":"open","ping_status":"open","sticky":false,"template":"","format":"standard","meta":{"_yoast_wpseo_focuskw":"dor de cabe\u00e7a tensional","_yoast_wpseo_title":"","_yoast_wpseo_metadesc":"A dor de cabe\u00e7a tensional causa press\u00e3o na testa e na nuca e costuma estar ligada ao estresse e \u00e0 postura. Veja causas comuns e como aliviar.","jnews-multi-image_gallery":[],"jnews_single_post":{"format":"standard"},"jnews_primary_category":[],"jnews_social_meta":[],"jnews_override_counter":[],"footnotes":""},"categories":[111],"tags":[282,2546,437,136],"class_list":["post-9121","post","type-post","status-publish","format-standard","has-post-thumbnail","hentry","category-saude","tag-dor-de-cabeca","tag-dor-de-cabeca-tensional","tag-enxaqueca","tag-saude"],"yoast_head":"<!-- This site is optimized with the Yoast SEO plugin v26.7 - https:\/\/yoast.com\/wordpress\/plugins\/seo\/ -->\n<title>Dor de cabe\u00e7a tensional: veja o que a causa e como tratar o problema - Tua Sa\u00fade<\/title>\n<meta name=\"description\" content=\"A dor de cabe\u00e7a tensional causa press\u00e3o na testa e na nuca e costuma estar ligada ao estresse e \u00e0 postura. Veja causas comuns e como aliviar.\" \/>\n<meta name=\"robots\" content=\"index, follow, max-snippet:-1, max-image-preview:large, max-video-preview:-1\" \/>\n<link rel=\"canonical\" href=\"https:\/\/www.tuasaude.com\/news\/2026\/03\/15\/dor-de-cabeca-tensional-veja-o-que-a-causa-e-como-tratar-o-problema\/\" \/>\n<meta property=\"og:locale\" content=\"pt_BR\" \/>\n<meta property=\"og:type\" content=\"article\" \/>\n<meta property=\"og:title\" content=\"Dor de cabe\u00e7a tensional: veja o que a causa e como tratar o problema - Tua Sa\u00fade\" \/>\n<meta property=\"og:description\" content=\"A dor de cabe\u00e7a tensional causa press\u00e3o na testa e na nuca e costuma estar ligada ao estresse e \u00e0 postura. Veja causas comuns e como aliviar.\" \/>\n<meta property=\"og:url\" content=\"https:\/\/www.tuasaude.com\/news\/2026\/03\/15\/dor-de-cabeca-tensional-veja-o-que-a-causa-e-como-tratar-o-problema\/\" \/>\n<meta property=\"og:site_name\" content=\"Tua Sa\u00fade\" \/>\n<meta property=\"article:published_time\" content=\"2026-03-15T11:20:00+00:00\" \/>\n<meta property=\"og:image\" content=\"https:\/\/www.tuasaude.com\/news\/wp-content\/uploads\/2026\/03\/creation_2578055103.png\" \/>\n\t<meta property=\"og:image:width\" content=\"1280\" \/>\n\t<meta property=\"og:image:height\" content=\"714\" \/>\n\t<meta property=\"og:image:type\" content=\"image\/png\" \/>\n<meta name=\"author\" content=\"Gessika Julia Carvalho\" \/>\n<meta name=\"twitter:card\" content=\"summary_large_image\" \/>\n<meta name=\"twitter:label1\" content=\"Escrito por\" \/>\n\t<meta name=\"twitter:data1\" content=\"Gessika Julia Carvalho\" \/>\n\t<meta name=\"twitter:label2\" content=\"Est. tempo de leitura\" \/>\n\t<meta name=\"twitter:data2\" content=\"5 minutos\" \/>\n<!-- \/ Yoast SEO plugin. -->","yoast_head_json":{"title":"Dor de cabe\u00e7a tensional: veja o que a causa e como tratar o problema - Tua Sa\u00fade","description":"A dor de cabe\u00e7a tensional causa press\u00e3o na testa e na nuca e costuma estar ligada ao estresse e \u00e0 postura. Veja causas comuns e como aliviar.","robots":{"index":"index","follow":"follow","max-snippet":"max-snippet:-1","max-image-preview":"max-image-preview:large","max-video-preview":"max-video-preview:-1"},"canonical":"https:\/\/www.tuasaude.com\/news\/2026\/03\/15\/dor-de-cabeca-tensional-veja-o-que-a-causa-e-como-tratar-o-problema\/","og_locale":"pt_BR","og_type":"article","og_title":"Dor de cabe\u00e7a tensional: veja o que a causa e como tratar o problema - Tua Sa\u00fade","og_description":"A dor de cabe\u00e7a tensional causa press\u00e3o na testa e na nuca e costuma estar ligada ao estresse e \u00e0 postura. Veja causas comuns e como aliviar.","og_url":"https:\/\/www.tuasaude.com\/news\/2026\/03\/15\/dor-de-cabeca-tensional-veja-o-que-a-causa-e-como-tratar-o-problema\/","og_site_name":"Tua Sa\u00fade","article_published_time":"2026-03-15T11:20:00+00:00","og_image":[{"width":1280,"height":714,"url":"https:\/\/www.tuasaude.com\/news\/wp-content\/uploads\/2026\/03\/creation_2578055103.png","type":"image\/png"}],"author":"Gessika Julia Carvalho","twitter_card":"summary_large_image","twitter_misc":{"Escrito por":"Gessika Julia Carvalho","Est. tempo de leitura":"5 minutos"},"schema":{"@context":"https:\/\/schema.org","@graph":[{"@type":"Article","@id":"https:\/\/www.tuasaude.com\/news\/2026\/03\/15\/dor-de-cabeca-tensional-veja-o-que-a-causa-e-como-tratar-o-problema\/#article","isPartOf":{"@id":"https:\/\/www.tuasaude.com\/news\/2026\/03\/15\/dor-de-cabeca-tensional-veja-o-que-a-causa-e-como-tratar-o-problema\/"},"author":{"name":"Gessika Julia Carvalho","@id":"https:\/\/www.tuasaude.com\/news\/#\/schema\/person\/2e9df841be69ec84f5d20ddb8d273ac2"},"headline":"Dor de cabe\u00e7a tensional: veja o que a causa e como tratar o problema","datePublished":"2026-03-15T11:20:00+00:00","mainEntityOfPage":{"@id":"https:\/\/www.tuasaude.com\/news\/2026\/03\/15\/dor-de-cabeca-tensional-veja-o-que-a-causa-e-como-tratar-o-problema\/"},"wordCount":748,"commentCount":0,"image":{"@id":"https:\/\/www.tuasaude.com\/news\/2026\/03\/15\/dor-de-cabeca-tensional-veja-o-que-a-causa-e-como-tratar-o-problema\/#primaryimage"},"thumbnailUrl":"https:\/\/www.tuasaude.com\/news\/wp-content\/uploads\/2026\/03\/creation_2578055103.png","keywords":["dor de cabe\u00e7a","Dor de cabe\u00e7a tensional","enxaqueca","sa\u00fade"],"articleSection":["Sa\u00fade"],"inLanguage":"pt-BR","potentialAction":[{"@type":"CommentAction","name":"Comment","target":["https:\/\/www.tuasaude.com\/news\/2026\/03\/15\/dor-de-cabeca-tensional-veja-o-que-a-causa-e-como-tratar-o-problema\/#respond"]}]},{"@type":"WebPage","@id":"https:\/\/www.tuasaude.com\/news\/2026\/03\/15\/dor-de-cabeca-tensional-veja-o-que-a-causa-e-como-tratar-o-problema\/","url":"https:\/\/www.tuasaude.com\/news\/2026\/03\/15\/dor-de-cabeca-tensional-veja-o-que-a-causa-e-como-tratar-o-problema\/","name":"Dor de cabe\u00e7a tensional: veja o que a causa e como tratar o problema - Tua Sa\u00fade","isPartOf":{"@id":"https:\/\/www.tuasaude.com\/news\/#website"},"primaryImageOfPage":{"@id":"https:\/\/www.tuasaude.com\/news\/2026\/03\/15\/dor-de-cabeca-tensional-veja-o-que-a-causa-e-como-tratar-o-problema\/#primaryimage"},"image":{"@id":"https:\/\/www.tuasaude.com\/news\/2026\/03\/15\/dor-de-cabeca-tensional-veja-o-que-a-causa-e-como-tratar-o-problema\/#primaryimage"},"thumbnailUrl":"https:\/\/www.tuasaude.com\/news\/wp-content\/uploads\/2026\/03\/creation_2578055103.png","datePublished":"2026-03-15T11:20:00+00:00","author":{"@id":"https:\/\/www.tuasaude.com\/news\/#\/schema\/person\/2e9df841be69ec84f5d20ddb8d273ac2"},"description":"A dor de cabe\u00e7a tensional causa press\u00e3o na testa e na nuca e costuma estar ligada ao estresse e \u00e0 postura. Veja causas comuns e como aliviar.","breadcrumb":{"@id":"https:\/\/www.tuasaude.com\/news\/2026\/03\/15\/dor-de-cabeca-tensional-veja-o-que-a-causa-e-como-tratar-o-problema\/#breadcrumb"},"inLanguage":"pt-BR","potentialAction":[{"@type":"ReadAction","target":["https:\/\/www.tuasaude.com\/news\/2026\/03\/15\/dor-de-cabeca-tensional-veja-o-que-a-causa-e-como-tratar-o-problema\/"]}]},{"@type":"ImageObject","inLanguage":"pt-BR","@id":"https:\/\/www.tuasaude.com\/news\/2026\/03\/15\/dor-de-cabeca-tensional-veja-o-que-a-causa-e-como-tratar-o-problema\/#primaryimage","url":"https:\/\/www.tuasaude.com\/news\/wp-content\/uploads\/2026\/03\/creation_2578055103.png","contentUrl":"https:\/\/www.tuasaude.com\/news\/wp-content\/uploads\/2026\/03\/creation_2578055103.png","width":1280,"height":714,"caption":"Fatores como estresse, m\u00e1 postura, excesso de telas e sono ruim podem desencadear esse tipo de dor."},{"@type":"BreadcrumbList","@id":"https:\/\/www.tuasaude.com\/news\/2026\/03\/15\/dor-de-cabeca-tensional-veja-o-que-a-causa-e-como-tratar-o-problema\/#breadcrumb","itemListElement":[{"@type":"ListItem","position":1,"name":"In\u00edcio","item":"https:\/\/www.tuasaude.com\/news\/"},{"@type":"ListItem","position":2,"name":"Dor de cabe\u00e7a tensional: veja o que a causa e como tratar o problema"}]},{"@type":"WebSite","@id":"https:\/\/www.tuasaude.com\/news\/#website","url":"https:\/\/www.tuasaude.com\/news\/","name":"Tua Sa\u00fade","description":"Seu site de sa\u00fade","potentialAction":[{"@type":"SearchAction","target":{"@type":"EntryPoint","urlTemplate":"https:\/\/www.tuasaude.com\/news\/?s={search_term_string}"},"query-input":{"@type":"PropertyValueSpecification","valueRequired":true,"valueName":"search_term_string"}}],"inLanguage":"pt-BR"},{"@type":"Person","@id":"https:\/\/www.tuasaude.com\/news\/#\/schema\/person\/2e9df841be69ec84f5d20ddb8d273ac2","name":"Gessika Julia Carvalho","image":{"@type":"ImageObject","inLanguage":"pt-BR","@id":"https:\/\/www.tuasaude.com\/news\/#\/schema\/person\/image\/","url":"https:\/\/secure.gravatar.com\/avatar\/0fcc8769024577fd0bc6a8b766055690f76a8e8f29dfb2a2f89cf04db8d0f2d2?s=96&d=mm&r=g","contentUrl":"https:\/\/secure.gravatar.com\/avatar\/0fcc8769024577fd0bc6a8b766055690f76a8e8f29dfb2a2f89cf04db8d0f2d2?s=96&d=mm&r=g","caption":"Gessika Julia Carvalho"},"sameAs":["https:\/\/www.tuasaude.com\/news\/"],"url":"https:\/\/www.tuasaude.com\/news\/author\/gessika-julia\/"}]}},"_links":{"self":[{"href":"https:\/\/www.tuasaude.com\/news\/wp-json\/wp\/v2\/posts\/9121","targetHints":{"allow":["GET"]}}],"collection":[{"href":"https:\/\/www.tuasaude.com\/news\/wp-json\/wp\/v2\/posts"}],"about":[{"href":"https:\/\/www.tuasaude.com\/news\/wp-json\/wp\/v2\/types\/post"}],"author":[{"embeddable":true,"href":"https:\/\/www.tuasaude.com\/news\/wp-json\/wp\/v2\/users\/11"}],"replies":[{"embeddable":true,"href":"https:\/\/www.tuasaude.com\/news\/wp-json\/wp\/v2\/comments?post=9121"}],"version-history":[{"count":2,"href":"https:\/\/www.tuasaude.com\/news\/wp-json\/wp\/v2\/posts\/9121\/revisions"}],"predecessor-version":[{"id":9322,"href":"https:\/\/www.tuasaude.com\/news\/wp-json\/wp\/v2\/posts\/9121\/revisions\/9322"}],"wp:featuredmedia":[{"embeddable":true,"href":"https:\/\/www.tuasaude.com\/news\/wp-json\/wp\/v2\/media\/9290"}],"wp:attachment":[{"href":"https:\/\/www.tuasaude.com\/news\/wp-json\/wp\/v2\/media?parent=9121"}],"wp:term":[{"taxonomy":"category","embeddable":true,"href":"https:\/\/www.tuasaude.com\/news\/wp-json\/wp\/v2\/categories?post=9121"},{"taxonomy":"post_tag","embeddable":true,"href":"https:\/\/www.tuasaude.com\/news\/wp-json\/wp\/v2\/tags?post=9121"}],"curies":[{"name":"wp","href":"https:\/\/api.w.org\/{rel}","templated":true}]}}