{"id":8846,"date":"2026-03-14T18:20:00","date_gmt":"2026-03-14T21:20:00","guid":{"rendered":"https:\/\/www.tuasaude.com\/news\/?p=8846"},"modified":"2026-03-14T12:50:28","modified_gmt":"2026-03-14T15:50:28","slug":"como-reduzir-manchas-escuras-do-rosto-de-forma-segura-e-sem-agredir-a-pele","status":"publish","type":"post","link":"https:\/\/www.tuasaude.com\/news\/2026\/03\/14\/como-reduzir-manchas-escuras-do-rosto-de-forma-segura-e-sem-agredir-a-pele\/","title":{"rendered":"Como reduzir manchas escuras do rosto de forma segura e sem agredir a pele"},"content":{"rendered":"\n<p>As <strong><a href=\"https:\/\/www.tuasaude.com\/solucao-natural-para-tirar-manchas-da-pele\/\" target=\"_blank\" rel=\"noreferrer noopener\">manchas escuras no rosto<\/a><\/strong> est\u00e3o entre as queixas mais frequentes nos consult\u00f3rios de dermatologia. Podem surgir por exposi\u00e7\u00e3o solar sem prote\u00e7\u00e3o, altera\u00e7\u00f5es hormonais, acne ou inflama\u00e7\u00f5es na pele, e costumam afetar diretamente a autoestima de quem convive com elas. A boa not\u00edcia \u00e9 que existem formas seguras e progressivas de clarear essas marcas, desde que o tratamento seja feito com os ativos certos, com const\u00e2ncia e, principalmente, com prote\u00e7\u00e3o solar rigorosa todos os dias.<\/p>\n\n\n\n<h2 class=\"wp-block-heading\">Por que as manchas escuras aparecem e o que as agrava?<\/h2>\n\n\n\n<p>As manchas escuras se formam quando a pele produz pigmento em excesso em determinadas regi\u00f5es do rosto. Isso pode acontecer como resposta \u00e0 radia\u00e7\u00e3o solar, durante a gravidez ou o uso de <strong><a href=\"https:\/\/www.tuasaude.com\/pilula-anticoncepcional\/\" target=\"_blank\" rel=\"noreferrer noopener\">anticoncepcionais<\/a><\/strong>, ou ainda como resultado de uma inflama\u00e7\u00e3o na pele causada por espinhas, les\u00f5es ou procedimentos mal conduzidos.<\/p>\n\n\n\n<p>O fator que mais agrava e perpetua essas manchas \u00e9 a exposi\u00e7\u00e3o ao sol sem prote\u00e7\u00e3o adequada. Mesmo um tratamento bem feito pode perder o efeito se a pele continuar sendo exposta \u00e0 radia\u00e7\u00e3o sem filtro solar, pois os raios ultravioleta e a luz vis\u00edvel reativam a produ\u00e7\u00e3o de pigmento nas \u00e1reas j\u00e1 afetadas.<\/p>\n\n\n<div class=\"wp-block-image\">\n<figure class=\"aligncenter size-large\"><img decoding=\"async\" width=\"1024\" height=\"571\" src=\"https:\/\/www.tuasaude.com\/news\/wp-content\/uploads\/2026\/03\/creation_2573825558-1024x571.png\" alt=\"Como reduzir manchas escuras do rosto de forma segura e sem agredir a pele\" class=\"wp-image-9025\" srcset=\"https:\/\/www.tuasaude.com\/news\/wp-content\/uploads\/2026\/03\/creation_2573825558-1024x571.png 1024w, https:\/\/www.tuasaude.com\/news\/wp-content\/uploads\/2026\/03\/creation_2573825558-300x167.png 300w, https:\/\/www.tuasaude.com\/news\/wp-content\/uploads\/2026\/03\/creation_2573825558-768x428.png 768w, https:\/\/www.tuasaude.com\/news\/wp-content\/uploads\/2026\/03\/creation_2573825558-750x418.png 750w, https:\/\/www.tuasaude.com\/news\/wp-content\/uploads\/2026\/03\/creation_2573825558-1140x636.png 1140w, https:\/\/www.tuasaude.com\/news\/wp-content\/uploads\/2026\/03\/creation_2573825558.png 1280w\" sizes=\"(max-width: 1024px) 100vw, 1024px\" \/><figcaption class=\"wp-element-caption\">Manchas escuras no rosto surgem principalmente por exposi\u00e7\u00e3o solar, altera\u00e7\u00f5es hormonais, acne ou inflama\u00e7\u00f5es na pele.<\/figcaption><\/figure>\n<\/div>\n\n\n<h2 class=\"wp-block-heading\">Os ativos mais seguros para clarear manchas no rosto<\/h2>\n\n\n\n<p>Diversos ingredientes dermatol\u00f3gicos atuam no clareamento da pele de forma gradual e com boa toler\u00e2ncia. Conhecer os principais ajuda a fazer escolhas mais informadas junto ao dermatologista. Entre os mais recomendados est\u00e3o:<\/p>\n\n\n\n<ul class=\"wp-block-list\">\n<li><strong>Vitamina C,<\/strong>&nbsp;um antioxidante que inibe a produ\u00e7\u00e3o excessiva de pigmento e protege a pele contra os danos causados pelo sol, com resultados vis\u00edveis entre 8 e 12 semanas de uso cont\u00ednuo<\/li>\n\n\n\n<li><strong>Niacinamida,<\/strong>&nbsp;uma forma de vitamina B3 que reduz a transfer\u00eancia de pigmento para as camadas mais superficiais da pele, al\u00e9m de melhorar a textura e reduzir a oleosidade<\/li>\n\n\n\n<li><strong>\u00c1cido azelaico,<\/strong>&nbsp;que atua diretamente na enzima respons\u00e1vel pela produ\u00e7\u00e3o de pigmento e possui a\u00e7\u00e3o anti-inflamat\u00f3ria, sendo indicado tanto para manchas quanto para peles com tend\u00eancia \u00e0 acne<\/li>\n\n\n\n<li><strong>Retinoides,<\/strong>\u00a0derivados da vitamina A que aceleram a renova\u00e7\u00e3o celular e ajudam a eliminar as camadas de pele mais pigmentadas de forma gradual<\/li>\n<\/ul>\n\n\n\n<h2 class=\"wp-block-heading\">Revis\u00e3o cient\u00edfica avalia a efic\u00e1cia dos tratamentos atuais para manchas<\/h2>\n\n\n\n<p>O uso desses ativos no tratamento de manchas escuras \u00e9 respaldado por evid\u00eancias cient\u00edficas consistentes. Segundo a revis\u00e3o\u00a0<em><strong><a href=\"https:\/\/pmc.ncbi.nlm.nih.gov\/articles\/PMC11358250\/\" target=\"_blank\" rel=\"noreferrer noopener\">&#8220;Atualiza\u00e7\u00e3o sobre tratamentos novos e existentes para o controle do melasma&#8221;<\/a><\/strong><\/em>, publicada no\u00a0<strong>American Journal of Clinical Dermatology<\/strong>\u00a0em 2024 e indexada no PubMed, agentes como niacinamida, \u00e1cido azelaico e vitamina C produzem melhora moderada na pigmenta\u00e7\u00e3o, com resultados vis\u00edveis entre 12 e 16 semanas, e se destacam pela boa toler\u00e2ncia e baixo risco de irrita\u00e7\u00e3o. A revis\u00e3o tamb\u00e9m destaca que a fotoprote\u00e7\u00e3o di\u00e1ria \u00e9 considerada a base de qualquer tratamento, e que subst\u00e2ncias naturais como \u00e1cido k\u00f3jico e arbutina podem ser combinadas aos ativos principais para potencializar os resultados. Os autores refor\u00e7am que o melasma \u00e9 uma condi\u00e7\u00e3o cr\u00f4nica e recorrente, e que expectativas realistas s\u00e3o fundamentais para o sucesso do tratamento. <\/p>\n\n\n\n<h2 class=\"wp-block-heading\">Erros que podem piorar as manchas em vez de melhor\u00e1-las<\/h2>\n\n\n\n<p>Na tentativa de clarear as manchas rapidamente, muitas pessoas cometem erros que acabam agravando o problema. Os mais comuns incluem:<\/p>\n\n\n<div class=\"wp-block-image\">\n<figure class=\"aligncenter size-large\"><img decoding=\"async\" width=\"1024\" height=\"246\" src=\"https:\/\/www.tuasaude.com\/news\/wp-content\/uploads\/2026\/03\/convertido-26-2-1024x246.jpg\" alt=\"\" class=\"wp-image-9162\" srcset=\"https:\/\/www.tuasaude.com\/news\/wp-content\/uploads\/2026\/03\/convertido-26-2-1024x246.jpg 1024w, https:\/\/www.tuasaude.com\/news\/wp-content\/uploads\/2026\/03\/convertido-26-2-300x72.jpg 300w, https:\/\/www.tuasaude.com\/news\/wp-content\/uploads\/2026\/03\/convertido-26-2-768x185.jpg 768w, https:\/\/www.tuasaude.com\/news\/wp-content\/uploads\/2026\/03\/convertido-26-2-750x180.jpg 750w, https:\/\/www.tuasaude.com\/news\/wp-content\/uploads\/2026\/03\/convertido-26-2-1140x274.jpg 1140w, https:\/\/www.tuasaude.com\/news\/wp-content\/uploads\/2026\/03\/convertido-26-2.jpg 1280w\" sizes=\"(max-width: 1024px) 100vw, 1024px\" \/><\/figure>\n<\/div>\n\n\n<h2 class=\"wp-block-heading\">Paci\u00eancia e prote\u00e7\u00e3o solar s\u00e3o a base de qualquer tratamento<\/h2>\n\n\n\n<p>Clarear manchas escuras no rosto \u00e9 um processo gradual que exige disciplina na rotina de cuidados e, acima de tudo, prote\u00e7\u00e3o solar rigorosa todos os dias, inclusive em dias nublados e ambientes fechados com exposi\u00e7\u00e3o a telas e janelas. O uso de um <strong><a href=\"https:\/\/www.tuasaude.com\/saiba-qual-e-o-melhor-protetor-solar-para-cada-pele\/\" target=\"_blank\" rel=\"noreferrer noopener\">protetor <\/a><\/strong>de amplo espectro com FPS m\u00ednimo de 30, preferencialmente com cor, oferece uma barreira adicional contra a luz vis\u00edvel, que tamb\u00e9m contribui para o escurecimento das manchas.<\/p>\n\n\n\n<p>Como cada tipo de mancha tem causas e caracter\u00edsticas diferentes, o tratamento mais adequado varia de pessoa para pessoa. Consultar um dermatologista \u00e9 fundamental para identificar o tipo de mancha, escolher os ativos mais indicados e acompanhar a evolu\u00e7\u00e3o do tratamento com seguran\u00e7a.<\/p>\n\n\n\n<p><em><strong>Aviso:<\/strong>&nbsp;este conte\u00fado \u00e9 meramente informativo e n\u00e3o substitui, em nenhuma hip\u00f3tese, a consulta, o diagn\u00f3stico ou o tratamento de um dermatologista ou m\u00e9dico. Diante de manchas persistentes ou que estejam aumentando, procure orienta\u00e7\u00e3o profissional.<\/em><\/p>\n","protected":false},"excerpt":{"rendered":"<p>As manchas escuras no rosto est\u00e3o entre as queixas mais frequentes nos consult\u00f3rios de dermatologia. Podem surgir por exposi\u00e7\u00e3o solar sem prote\u00e7\u00e3o, altera\u00e7\u00f5es hormonais, acne ou inflama\u00e7\u00f5es na pele, e costumam afetar diretamente a autoestima de quem convive com elas. A boa not\u00edcia \u00e9 que existem formas seguras e progressivas de clarear essas marcas, desde [&hellip;]<\/p>\n","protected":false},"author":9,"featured_media":9024,"comment_status":"open","ping_status":"open","sticky":false,"template":"","format":"standard","meta":{"_yoast_wpseo_focuskw":"manchas escuras no rosto","_yoast_wpseo_title":"","_yoast_wpseo_metadesc":"Manchas escuras no rosto podem ser causadas por sol, acne e horm\u00f4nios. Veja quais ativos ajudam a clarear a pele com seguran\u00e7a.","jnews-multi-image_gallery":[],"jnews_single_post":{"format":"standard"},"jnews_primary_category":[],"jnews_social_meta":[],"jnews_override_counter":[],"footnotes":""},"categories":[111],"tags":[2571,2570,2569,2572],"class_list":["post-8846","post","type-post","status-publish","format-standard","has-post-thumbnail","hentry","category-saude","tag-ativos-para-clarear-manchas","tag-como-clarear-manchas-no-rosto","tag-manchas-escuras-no-rosto","tag-melasma-tratamento"],"yoast_head":"<!-- This site is optimized with the Yoast SEO plugin v26.7 - https:\/\/yoast.com\/wordpress\/plugins\/seo\/ -->\n<title>Como reduzir manchas escuras do rosto de forma segura e sem agredir a pele - Tua Sa\u00fade<\/title>\n<meta name=\"description\" content=\"Manchas escuras no rosto podem ser causadas por sol, acne e horm\u00f4nios. Veja quais ativos ajudam a clarear a pele com seguran\u00e7a.\" \/>\n<meta name=\"robots\" content=\"index, follow, max-snippet:-1, max-image-preview:large, max-video-preview:-1\" \/>\n<link rel=\"canonical\" href=\"https:\/\/www.tuasaude.com\/news\/2026\/03\/14\/como-reduzir-manchas-escuras-do-rosto-de-forma-segura-e-sem-agredir-a-pele\/\" \/>\n<meta property=\"og:locale\" content=\"pt_BR\" \/>\n<meta property=\"og:type\" content=\"article\" \/>\n<meta property=\"og:title\" content=\"Como reduzir manchas escuras do rosto de forma segura e sem agredir a pele - Tua Sa\u00fade\" \/>\n<meta property=\"og:description\" content=\"Manchas escuras no rosto podem ser causadas por sol, acne e horm\u00f4nios. Veja quais ativos ajudam a clarear a pele com seguran\u00e7a.\" \/>\n<meta property=\"og:url\" content=\"https:\/\/www.tuasaude.com\/news\/2026\/03\/14\/como-reduzir-manchas-escuras-do-rosto-de-forma-segura-e-sem-agredir-a-pele\/\" \/>\n<meta property=\"og:site_name\" content=\"Tua Sa\u00fade\" \/>\n<meta property=\"article:published_time\" content=\"2026-03-14T21:20:00+00:00\" \/>\n<meta property=\"og:image\" content=\"https:\/\/www.tuasaude.com\/news\/wp-content\/uploads\/2026\/03\/creation_2573825138.png\" \/>\n\t<meta property=\"og:image:width\" content=\"1280\" \/>\n\t<meta property=\"og:image:height\" content=\"714\" \/>\n\t<meta property=\"og:image:type\" content=\"image\/png\" \/>\n<meta name=\"author\" content=\"Roberta Patriota\" \/>\n<meta name=\"twitter:card\" content=\"summary_large_image\" \/>\n<meta name=\"twitter:label1\" content=\"Escrito por\" \/>\n\t<meta name=\"twitter:data1\" content=\"Roberta Patriota\" \/>\n\t<meta name=\"twitter:label2\" content=\"Est. tempo de leitura\" \/>\n\t<meta name=\"twitter:data2\" content=\"5 minutos\" \/>\n<!-- \/ Yoast SEO plugin. -->","yoast_head_json":{"title":"Como reduzir manchas escuras do rosto de forma segura e sem agredir a pele - Tua Sa\u00fade","description":"Manchas escuras no rosto podem ser causadas por sol, acne e horm\u00f4nios. Veja quais ativos ajudam a clarear a pele com seguran\u00e7a.","robots":{"index":"index","follow":"follow","max-snippet":"max-snippet:-1","max-image-preview":"max-image-preview:large","max-video-preview":"max-video-preview:-1"},"canonical":"https:\/\/www.tuasaude.com\/news\/2026\/03\/14\/como-reduzir-manchas-escuras-do-rosto-de-forma-segura-e-sem-agredir-a-pele\/","og_locale":"pt_BR","og_type":"article","og_title":"Como reduzir manchas escuras do rosto de forma segura e sem agredir a pele - Tua Sa\u00fade","og_description":"Manchas escuras no rosto podem ser causadas por sol, acne e horm\u00f4nios. Veja quais ativos ajudam a clarear a pele com seguran\u00e7a.","og_url":"https:\/\/www.tuasaude.com\/news\/2026\/03\/14\/como-reduzir-manchas-escuras-do-rosto-de-forma-segura-e-sem-agredir-a-pele\/","og_site_name":"Tua Sa\u00fade","article_published_time":"2026-03-14T21:20:00+00:00","og_image":[{"width":1280,"height":714,"url":"https:\/\/www.tuasaude.com\/news\/wp-content\/uploads\/2026\/03\/creation_2573825138.png","type":"image\/png"}],"author":"Roberta Patriota","twitter_card":"summary_large_image","twitter_misc":{"Escrito por":"Roberta Patriota","Est. tempo de leitura":"5 minutos"},"schema":{"@context":"https:\/\/schema.org","@graph":[{"@type":"Article","@id":"https:\/\/www.tuasaude.com\/news\/2026\/03\/14\/como-reduzir-manchas-escuras-do-rosto-de-forma-segura-e-sem-agredir-a-pele\/#article","isPartOf":{"@id":"https:\/\/www.tuasaude.com\/news\/2026\/03\/14\/como-reduzir-manchas-escuras-do-rosto-de-forma-segura-e-sem-agredir-a-pele\/"},"author":{"name":"Roberta Patriota","@id":"https:\/\/www.tuasaude.com\/news\/#\/schema\/person\/27adc41011393316b12ef997ca893e44"},"headline":"Como reduzir manchas escuras do rosto de forma segura e sem agredir a pele","datePublished":"2026-03-14T21:20:00+00:00","mainEntityOfPage":{"@id":"https:\/\/www.tuasaude.com\/news\/2026\/03\/14\/como-reduzir-manchas-escuras-do-rosto-de-forma-segura-e-sem-agredir-a-pele\/"},"wordCount":763,"commentCount":0,"image":{"@id":"https:\/\/www.tuasaude.com\/news\/2026\/03\/14\/como-reduzir-manchas-escuras-do-rosto-de-forma-segura-e-sem-agredir-a-pele\/#primaryimage"},"thumbnailUrl":"https:\/\/www.tuasaude.com\/news\/wp-content\/uploads\/2026\/03\/creation_2573825138.png","keywords":["ativos para clarear manchas","como clarear manchas no rosto","manchas escuras no rosto","melasma tratamento"],"articleSection":["Sa\u00fade"],"inLanguage":"pt-BR","potentialAction":[{"@type":"CommentAction","name":"Comment","target":["https:\/\/www.tuasaude.com\/news\/2026\/03\/14\/como-reduzir-manchas-escuras-do-rosto-de-forma-segura-e-sem-agredir-a-pele\/#respond"]}]},{"@type":"WebPage","@id":"https:\/\/www.tuasaude.com\/news\/2026\/03\/14\/como-reduzir-manchas-escuras-do-rosto-de-forma-segura-e-sem-agredir-a-pele\/","url":"https:\/\/www.tuasaude.com\/news\/2026\/03\/14\/como-reduzir-manchas-escuras-do-rosto-de-forma-segura-e-sem-agredir-a-pele\/","name":"Como reduzir manchas escuras do rosto de forma segura e sem agredir a pele - Tua Sa\u00fade","isPartOf":{"@id":"https:\/\/www.tuasaude.com\/news\/#website"},"primaryImageOfPage":{"@id":"https:\/\/www.tuasaude.com\/news\/2026\/03\/14\/como-reduzir-manchas-escuras-do-rosto-de-forma-segura-e-sem-agredir-a-pele\/#primaryimage"},"image":{"@id":"https:\/\/www.tuasaude.com\/news\/2026\/03\/14\/como-reduzir-manchas-escuras-do-rosto-de-forma-segura-e-sem-agredir-a-pele\/#primaryimage"},"thumbnailUrl":"https:\/\/www.tuasaude.com\/news\/wp-content\/uploads\/2026\/03\/creation_2573825138.png","datePublished":"2026-03-14T21:20:00+00:00","author":{"@id":"https:\/\/www.tuasaude.com\/news\/#\/schema\/person\/27adc41011393316b12ef997ca893e44"},"description":"Manchas escuras no rosto podem ser causadas por sol, acne e horm\u00f4nios. Veja quais ativos ajudam a clarear a pele com seguran\u00e7a.","breadcrumb":{"@id":"https:\/\/www.tuasaude.com\/news\/2026\/03\/14\/como-reduzir-manchas-escuras-do-rosto-de-forma-segura-e-sem-agredir-a-pele\/#breadcrumb"},"inLanguage":"pt-BR","potentialAction":[{"@type":"ReadAction","target":["https:\/\/www.tuasaude.com\/news\/2026\/03\/14\/como-reduzir-manchas-escuras-do-rosto-de-forma-segura-e-sem-agredir-a-pele\/"]}]},{"@type":"ImageObject","inLanguage":"pt-BR","@id":"https:\/\/www.tuasaude.com\/news\/2026\/03\/14\/como-reduzir-manchas-escuras-do-rosto-de-forma-segura-e-sem-agredir-a-pele\/#primaryimage","url":"https:\/\/www.tuasaude.com\/news\/wp-content\/uploads\/2026\/03\/creation_2573825138.png","contentUrl":"https:\/\/www.tuasaude.com\/news\/wp-content\/uploads\/2026\/03\/creation_2573825138.png","width":1280,"height":714,"caption":"Ativos como vitamina C, niacinamida, \u00e1cido azelaico e retinoides ajudam a clarear a pele gradualmente."},{"@type":"BreadcrumbList","@id":"https:\/\/www.tuasaude.com\/news\/2026\/03\/14\/como-reduzir-manchas-escuras-do-rosto-de-forma-segura-e-sem-agredir-a-pele\/#breadcrumb","itemListElement":[{"@type":"ListItem","position":1,"name":"In\u00edcio","item":"https:\/\/www.tuasaude.com\/news\/"},{"@type":"ListItem","position":2,"name":"Como reduzir manchas escuras do rosto de forma segura e sem agredir a pele"}]},{"@type":"WebSite","@id":"https:\/\/www.tuasaude.com\/news\/#website","url":"https:\/\/www.tuasaude.com\/news\/","name":"Tua Sa\u00fade","description":"Seu site de sa\u00fade","potentialAction":[{"@type":"SearchAction","target":{"@type":"EntryPoint","urlTemplate":"https:\/\/www.tuasaude.com\/news\/?s={search_term_string}"},"query-input":{"@type":"PropertyValueSpecification","valueRequired":true,"valueName":"search_term_string"}}],"inLanguage":"pt-BR"},{"@type":"Person","@id":"https:\/\/www.tuasaude.com\/news\/#\/schema\/person\/27adc41011393316b12ef997ca893e44","name":"Roberta Patriota","image":{"@type":"ImageObject","inLanguage":"pt-BR","@id":"https:\/\/www.tuasaude.com\/news\/#\/schema\/person\/image\/","url":"https:\/\/secure.gravatar.com\/avatar\/40fc934d21bfa38a60909bb2e5f2ec503dcd4d849aa772e107feb32efe75c210?s=96&d=mm&r=g","contentUrl":"https:\/\/secure.gravatar.com\/avatar\/40fc934d21bfa38a60909bb2e5f2ec503dcd4d849aa772e107feb32efe75c210?s=96&d=mm&r=g","caption":"Roberta Patriota"},"sameAs":["https:\/\/www.tuasaude.com\/news\/"],"url":"https:\/\/www.tuasaude.com\/news\/author\/roberta-patriota\/"}]}},"_links":{"self":[{"href":"https:\/\/www.tuasaude.com\/news\/wp-json\/wp\/v2\/posts\/8846","targetHints":{"allow":["GET"]}}],"collection":[{"href":"https:\/\/www.tuasaude.com\/news\/wp-json\/wp\/v2\/posts"}],"about":[{"href":"https:\/\/www.tuasaude.com\/news\/wp-json\/wp\/v2\/types\/post"}],"author":[{"embeddable":true,"href":"https:\/\/www.tuasaude.com\/news\/wp-json\/wp\/v2\/users\/9"}],"replies":[{"embeddable":true,"href":"https:\/\/www.tuasaude.com\/news\/wp-json\/wp\/v2\/comments?post=8846"}],"version-history":[{"count":3,"href":"https:\/\/www.tuasaude.com\/news\/wp-json\/wp\/v2\/posts\/8846\/revisions"}],"predecessor-version":[{"id":9163,"href":"https:\/\/www.tuasaude.com\/news\/wp-json\/wp\/v2\/posts\/8846\/revisions\/9163"}],"wp:featuredmedia":[{"embeddable":true,"href":"https:\/\/www.tuasaude.com\/news\/wp-json\/wp\/v2\/media\/9024"}],"wp:attachment":[{"href":"https:\/\/www.tuasaude.com\/news\/wp-json\/wp\/v2\/media?parent=8846"}],"wp:term":[{"taxonomy":"category","embeddable":true,"href":"https:\/\/www.tuasaude.com\/news\/wp-json\/wp\/v2\/categories?post=8846"},{"taxonomy":"post_tag","embeddable":true,"href":"https:\/\/www.tuasaude.com\/news\/wp-json\/wp\/v2\/tags?post=8846"}],"curies":[{"name":"wp","href":"https:\/\/api.w.org\/{rel}","templated":true}]}}