{"id":8834,"date":"2026-03-14T09:00:00","date_gmt":"2026-03-14T12:00:00","guid":{"rendered":"https:\/\/www.tuasaude.com\/news\/?p=8834"},"modified":"2026-03-13T20:43:26","modified_gmt":"2026-03-13T23:43:26","slug":"como-aplicar-protetor-solar-corretamente-e-por-que-a-quantidade-usada-muda-tudo","status":"publish","type":"post","link":"https:\/\/www.tuasaude.com\/news\/2026\/03\/14\/como-aplicar-protetor-solar-corretamente-e-por-que-a-quantidade-usada-muda-tudo\/","title":{"rendered":"Como aplicar protetor solar corretamente e por que a quantidade usada muda tudo"},"content":{"rendered":"\n<p>A maioria das pessoas usa <strong><a href=\"https:\/\/www.tuasaude.com\/saiba-qual-e-o-melhor-protetor-solar-para-cada-pele\/\" target=\"_blank\" rel=\"noreferrer noopener\">protetor solar<\/a><\/strong>, mas quase ningu\u00e9m aplica a quantidade necess\u00e1ria para obter a prote\u00e7\u00e3o que aparece no r\u00f3tulo. Estudos mostram que, na pr\u00e1tica, aplicamos cerca de um quarto do que seria ideal, o que reduz drasticamente a efic\u00e1cia do produto. Saber a quantidade certa, a forma de espalhar e o momento de reaplicar s\u00e3o os fatores que separam uma pele realmente protegida de uma falsa sensa\u00e7\u00e3o de seguran\u00e7a.<\/p>\n\n\n\n<h2 class=\"wp-block-heading\">Por que a quantidade de protetor solar importa tanto<\/h2>\n\n\n\n<p>O fator de prote\u00e7\u00e3o indicado na embalagem do protetor solar \u00e9 testado em laborat\u00f3rio com uma camada de 2 miligramas por cent\u00edmetro quadrado de pele. Essa \u00e9 a quantidade que garante o FPS prometido. No dia a dia, por\u00e9m, a maioria das pessoas aplica apenas cerca de 0,5 miligrama por cent\u00edmetro quadrado, o que pode reduzir a prote\u00e7\u00e3o real para uma fra\u00e7\u00e3o do que se espera.<\/p>\n\n\n\n<p>Na pr\u00e1tica, isso significa que quem usa um protetor FPS 30, mas aplica pouco produto, pode estar recebendo uma prote\u00e7\u00e3o equivalente a um FPS muito inferior. A regra geral recomendada por dermatologistas \u00e9 usar aproximadamente uma colher de ch\u00e1 cheia para o rosto e o pesco\u00e7o, e o equivalente a um copo de dose para todo o corpo exposto.<\/p>\n\n\n\n<h2 class=\"wp-block-heading\">O passo a passo para aplicar o protetor de forma eficaz<\/h2>\n\n\n\n<p>Aplicar o protetor solar corretamente vai al\u00e9m de espalhar o produto rapidamente antes de sair de casa. Alguns cuidados simples fazem uma diferen\u00e7a significativa na prote\u00e7\u00e3o real da pele. Os principais s\u00e3o:<\/p>\n\n\n<div class=\"wp-block-image\">\n<figure class=\"aligncenter size-large\"><img decoding=\"async\" width=\"1024\" height=\"206\" src=\"https:\/\/www.tuasaude.com\/news\/wp-content\/uploads\/2026\/03\/convertido-13-3-1024x206.jpg\" alt=\"\" class=\"wp-image-8982\" srcset=\"https:\/\/www.tuasaude.com\/news\/wp-content\/uploads\/2026\/03\/convertido-13-3-1024x206.jpg 1024w, https:\/\/www.tuasaude.com\/news\/wp-content\/uploads\/2026\/03\/convertido-13-3-300x60.jpg 300w, https:\/\/www.tuasaude.com\/news\/wp-content\/uploads\/2026\/03\/convertido-13-3-768x154.jpg 768w, https:\/\/www.tuasaude.com\/news\/wp-content\/uploads\/2026\/03\/convertido-13-3-750x151.jpg 750w, https:\/\/www.tuasaude.com\/news\/wp-content\/uploads\/2026\/03\/convertido-13-3-1140x229.jpg 1140w, https:\/\/www.tuasaude.com\/news\/wp-content\/uploads\/2026\/03\/convertido-13-3.jpg 1280w\" sizes=\"(max-width: 1024px) 100vw, 1024px\" \/><\/figure>\n<\/div>\n\n\n<p>Para conhecer mais detalhes sobre tipos de protetor, FPS ideal para cada pele e cuidados di\u00e1rios, confira o&nbsp;<a href=\"https:\/\/www.tuasaude.com\/saiba-qual-e-o-melhor-protetor-solar-para-cada-pele\/\" target=\"_blank\" rel=\"noreferrer noopener\">guia completo sobre protetor solar do Tua Sa\u00fade<\/a>.<\/p>\n\n\n\n<h2 class=\"wp-block-heading\">Revis\u00e3o cient\u00edfica comprova que a maioria das pessoas se protege menos do que imagina<\/h2>\n\n\n\n<p>A diferen\u00e7a entre a prote\u00e7\u00e3o que o r\u00f3tulo promete e a que realmente chega \u00e0 pele \u00e9 um problema reconhecido pela ci\u00eancia. Segundo a revis\u00e3o&nbsp;<em>&#8220;<\/em><strong><a href=\"https:\/\/pubmed.ncbi.nlm.nih.gov\/24313722\/\" target=\"_blank\" rel=\"noreferrer noopener\">Aplica\u00e7\u00e3o do protetor solar: teoria e pr\u00e1tica&#8221;<\/a><\/strong>, publicada na revista&nbsp;<strong>Photodermatology, Photoimmunology &amp; Photomedicine<\/strong>&nbsp;e indexada no PubMed, as pessoas aplicam em m\u00e9dia entre 0,39 e 1,0 miligrama por cent\u00edmetro quadrado de protetor, quando o recomendado \u00e9 2 miligramas. A revis\u00e3o analisou diversos estudos sobre o uso real de protetor solar e concluiu que a reaplica\u00e7\u00e3o precoce e o uso de produtos com FPS mais alto podem compensar parcialmente essa falha. Os autores tamb\u00e9m destacam que \u00e1reas do corpo frequentemente ficam sem qualquer produto, aumentando o risco de <strong><a href=\"https:\/\/www.tuasaude.com\/4-dicas-para-tratar-naturalmente-as-queimaduras-de-sol\/\" target=\"_blank\" rel=\"noreferrer noopener\">queimaduras<\/a><\/strong> e danos \u00e0 pele. <\/p>\n\n\n\n<h2 class=\"wp-block-heading\">Erros comuns que reduzem a prote\u00e7\u00e3o solar sem voc\u00ea perceber<\/h2>\n\n\n\n<p>Mesmo quem tem o h\u00e1bito de usar protetor solar diariamente pode estar cometendo falhas que comprometem a efic\u00e1cia do produto. Entre os erros mais frequentes est\u00e3o:<\/p>\n\n\n\n<ul class=\"wp-block-list\">\n<li><strong>Aplicar o protetor apenas uma vez pela manh\u00e3<\/strong>&nbsp;e n\u00e3o reaplicar ao longo do dia, mesmo em ambientes internos com exposi\u00e7\u00e3o a janelas<\/li>\n\n\n\n<li><strong>Espalhar uma camada muito fina,<\/strong>&nbsp;especialmente no rosto, onde a tend\u00eancia \u00e9 usar menos produto para evitar a sensa\u00e7\u00e3o de oleosidade<\/li>\n\n\n\n<li><strong>Confiar no protetor presente em maquiagens e hidratantes,<\/strong>&nbsp;que geralmente n\u00e3o cont\u00e9m a quantidade suficiente de filtro para substituir o protetor solar<\/li>\n\n\n\n<li><strong>Esquecer de proteger l\u00e1bios, couro cabeludo e contorno dos olhos,<\/strong>&nbsp;\u00e1reas altamente vulner\u00e1veis aos danos causados pela radia\u00e7\u00e3o<\/li>\n<\/ul>\n\n\n<div class=\"wp-block-image\">\n<figure class=\"aligncenter size-large\"><img decoding=\"async\" width=\"1024\" height=\"571\" src=\"https:\/\/www.tuasaude.com\/news\/wp-content\/uploads\/2026\/03\/creation_2573989930-1024x571.png\" alt=\"Como aplicar protetor solar corretamente e por que a quantidade usada muda tudo\" class=\"wp-image-9082\" srcset=\"https:\/\/www.tuasaude.com\/news\/wp-content\/uploads\/2026\/03\/creation_2573989930-1024x571.png 1024w, https:\/\/www.tuasaude.com\/news\/wp-content\/uploads\/2026\/03\/creation_2573989930-300x167.png 300w, https:\/\/www.tuasaude.com\/news\/wp-content\/uploads\/2026\/03\/creation_2573989930-768x428.png 768w, https:\/\/www.tuasaude.com\/news\/wp-content\/uploads\/2026\/03\/creation_2573989930-750x418.png 750w, https:\/\/www.tuasaude.com\/news\/wp-content\/uploads\/2026\/03\/creation_2573989930-1140x636.png 1140w, https:\/\/www.tuasaude.com\/news\/wp-content\/uploads\/2026\/03\/creation_2573989930.png 1280w\" sizes=\"(max-width: 1024px) 100vw, 1024px\" \/><figcaption class=\"wp-element-caption\">A recomenda\u00e7\u00e3o \u00e9 cerca de uma colher de ch\u00e1 para rosto e pesco\u00e7o e um copo de dose para o corpo, garantindo a cobertura adequada.<\/figcaption><\/figure>\n<\/div>\n\n\n<h2 class=\"wp-block-heading\">Prote\u00e7\u00e3o solar como h\u00e1bito di\u00e1rio e n\u00e3o apenas no ver\u00e3o<\/h2>\n\n\n\n<p>A radia\u00e7\u00e3o ultravioleta atinge a pele todos os dias do ano, inclusive em dias nublados e durante o inverno. Por isso, o uso do protetor solar deve fazer parte da rotina di\u00e1ria, e n\u00e3o ser reservado apenas para a praia ou a piscina. O ac\u00famulo de exposi\u00e7\u00e3o ao longo dos anos \u00e9 o principal respons\u00e1vel pelo <strong><a href=\"https:\/\/www.tuasaude.com\/envelhecimento-precoce\/\" target=\"_blank\" rel=\"noreferrer noopener\">envelhecimento precoce <\/a><\/strong>da pele e pelo aumento do risco de les\u00f5es mais graves.<\/p>\n\n\n\n<p>Escolher um protetor de amplo espectro, com prote\u00e7\u00e3o contra raios UVA e UVB e FPS m\u00ednimo de 30, \u00e9 o primeiro passo. Mas a prote\u00e7\u00e3o s\u00f3 funciona de verdade quando a quantidade \u00e9 suficiente e a reaplica\u00e7\u00e3o \u00e9 respeitada ao longo do dia.<\/p>\n\n\n\n<p><em><strong>Aviso:<\/strong>&nbsp;este conte\u00fado \u00e9 meramente informativo e n\u00e3o substitui, em nenhuma hip\u00f3tese, a consulta, o diagn\u00f3stico ou o tratamento de um dermatologista ou m\u00e9dico. Diante de qualquer d\u00favida sobre prote\u00e7\u00e3o solar ou sa\u00fade da pele, procure orienta\u00e7\u00e3o profissional.<\/em><\/p>\n","protected":false},"excerpt":{"rendered":"<p>A maioria das pessoas usa protetor solar, mas quase ningu\u00e9m aplica a quantidade necess\u00e1ria para obter a prote\u00e7\u00e3o que aparece no r\u00f3tulo. Estudos mostram que, na pr\u00e1tica, aplicamos cerca de um quarto do que seria ideal, o que reduz drasticamente a efic\u00e1cia do produto. Saber a quantidade certa, a forma de espalhar e o momento [&hellip;]<\/p>\n","protected":false},"author":9,"featured_media":9081,"comment_status":"open","ping_status":"open","sticky":false,"template":"","format":"standard","meta":{"_yoast_wpseo_focuskw":"protetor solar","_yoast_wpseo_title":"","_yoast_wpseo_metadesc":"A maioria das pessoas aplica menos protetor solar do que o necess\u00e1rio, o que reduz muito a prote\u00e7\u00e3o da pele contra os raios UV.","jnews-multi-image_gallery":[],"jnews_single_post":{"format":"standard"},"jnews_primary_category":[],"jnews_social_meta":[],"jnews_override_counter":[],"footnotes":""},"categories":[111],"tags":[2532,2530,2531,2528],"class_list":["post-8834","post","type-post","status-publish","format-standard","has-post-thumbnail","hentry","category-saude","tag-como-aplicar-protetor-solar","tag-fps-protetor-solar","tag-protecao-contra-raios-uv","tag-protetor-solar"],"yoast_head":"<!-- This site is optimized with the Yoast SEO plugin v26.7 - https:\/\/yoast.com\/wordpress\/plugins\/seo\/ -->\n<title>Como aplicar protetor solar corretamente e por que a quantidade usada muda tudo - Tua Sa\u00fade<\/title>\n<meta name=\"description\" content=\"A maioria das pessoas aplica menos protetor solar do que o necess\u00e1rio, o que reduz muito a prote\u00e7\u00e3o da pele contra os raios UV.\" \/>\n<meta name=\"robots\" content=\"index, follow, max-snippet:-1, max-image-preview:large, max-video-preview:-1\" \/>\n<link rel=\"canonical\" href=\"https:\/\/www.tuasaude.com\/news\/2026\/03\/14\/como-aplicar-protetor-solar-corretamente-e-por-que-a-quantidade-usada-muda-tudo\/\" \/>\n<meta property=\"og:locale\" content=\"pt_BR\" \/>\n<meta property=\"og:type\" content=\"article\" \/>\n<meta property=\"og:title\" content=\"Como aplicar protetor solar corretamente e por que a quantidade usada muda tudo - Tua Sa\u00fade\" \/>\n<meta property=\"og:description\" content=\"A maioria das pessoas aplica menos protetor solar do que o necess\u00e1rio, o que reduz muito a prote\u00e7\u00e3o da pele contra os raios UV.\" \/>\n<meta property=\"og:url\" content=\"https:\/\/www.tuasaude.com\/news\/2026\/03\/14\/como-aplicar-protetor-solar-corretamente-e-por-que-a-quantidade-usada-muda-tudo\/\" \/>\n<meta property=\"og:site_name\" content=\"Tua Sa\u00fade\" \/>\n<meta property=\"article:published_time\" content=\"2026-03-14T12:00:00+00:00\" \/>\n<meta property=\"og:image\" content=\"https:\/\/www.tuasaude.com\/news\/wp-content\/uploads\/2026\/03\/creation_2573989704.png\" \/>\n\t<meta property=\"og:image:width\" content=\"1280\" \/>\n\t<meta property=\"og:image:height\" content=\"714\" \/>\n\t<meta property=\"og:image:type\" content=\"image\/png\" \/>\n<meta name=\"author\" content=\"Roberta Patriota\" \/>\n<meta name=\"twitter:card\" content=\"summary_large_image\" \/>\n<meta name=\"twitter:label1\" content=\"Escrito por\" \/>\n\t<meta name=\"twitter:data1\" content=\"Roberta Patriota\" \/>\n\t<meta name=\"twitter:label2\" content=\"Est. tempo de leitura\" \/>\n\t<meta name=\"twitter:data2\" content=\"5 minutos\" \/>\n<!-- \/ Yoast SEO plugin. -->","yoast_head_json":{"title":"Como aplicar protetor solar corretamente e por que a quantidade usada muda tudo - Tua Sa\u00fade","description":"A maioria das pessoas aplica menos protetor solar do que o necess\u00e1rio, o que reduz muito a prote\u00e7\u00e3o da pele contra os raios UV.","robots":{"index":"index","follow":"follow","max-snippet":"max-snippet:-1","max-image-preview":"max-image-preview:large","max-video-preview":"max-video-preview:-1"},"canonical":"https:\/\/www.tuasaude.com\/news\/2026\/03\/14\/como-aplicar-protetor-solar-corretamente-e-por-que-a-quantidade-usada-muda-tudo\/","og_locale":"pt_BR","og_type":"article","og_title":"Como aplicar protetor solar corretamente e por que a quantidade usada muda tudo - Tua Sa\u00fade","og_description":"A maioria das pessoas aplica menos protetor solar do que o necess\u00e1rio, o que reduz muito a prote\u00e7\u00e3o da pele contra os raios UV.","og_url":"https:\/\/www.tuasaude.com\/news\/2026\/03\/14\/como-aplicar-protetor-solar-corretamente-e-por-que-a-quantidade-usada-muda-tudo\/","og_site_name":"Tua Sa\u00fade","article_published_time":"2026-03-14T12:00:00+00:00","og_image":[{"width":1280,"height":714,"url":"https:\/\/www.tuasaude.com\/news\/wp-content\/uploads\/2026\/03\/creation_2573989704.png","type":"image\/png"}],"author":"Roberta Patriota","twitter_card":"summary_large_image","twitter_misc":{"Escrito por":"Roberta Patriota","Est. tempo de leitura":"5 minutos"},"schema":{"@context":"https:\/\/schema.org","@graph":[{"@type":"Article","@id":"https:\/\/www.tuasaude.com\/news\/2026\/03\/14\/como-aplicar-protetor-solar-corretamente-e-por-que-a-quantidade-usada-muda-tudo\/#article","isPartOf":{"@id":"https:\/\/www.tuasaude.com\/news\/2026\/03\/14\/como-aplicar-protetor-solar-corretamente-e-por-que-a-quantidade-usada-muda-tudo\/"},"author":{"name":"Roberta Patriota","@id":"https:\/\/www.tuasaude.com\/news\/#\/schema\/person\/27adc41011393316b12ef997ca893e44"},"headline":"Como aplicar protetor solar corretamente e por que a quantidade usada muda tudo","datePublished":"2026-03-14T12:00:00+00:00","mainEntityOfPage":{"@id":"https:\/\/www.tuasaude.com\/news\/2026\/03\/14\/como-aplicar-protetor-solar-corretamente-e-por-que-a-quantidade-usada-muda-tudo\/"},"wordCount":792,"commentCount":0,"image":{"@id":"https:\/\/www.tuasaude.com\/news\/2026\/03\/14\/como-aplicar-protetor-solar-corretamente-e-por-que-a-quantidade-usada-muda-tudo\/#primaryimage"},"thumbnailUrl":"https:\/\/www.tuasaude.com\/news\/wp-content\/uploads\/2026\/03\/creation_2573989704.png","keywords":["como aplicar protetor solar","FPS protetor solar","prote\u00e7\u00e3o contra raios UV","protetor solar"],"articleSection":["Sa\u00fade"],"inLanguage":"pt-BR","potentialAction":[{"@type":"CommentAction","name":"Comment","target":["https:\/\/www.tuasaude.com\/news\/2026\/03\/14\/como-aplicar-protetor-solar-corretamente-e-por-que-a-quantidade-usada-muda-tudo\/#respond"]}]},{"@type":"WebPage","@id":"https:\/\/www.tuasaude.com\/news\/2026\/03\/14\/como-aplicar-protetor-solar-corretamente-e-por-que-a-quantidade-usada-muda-tudo\/","url":"https:\/\/www.tuasaude.com\/news\/2026\/03\/14\/como-aplicar-protetor-solar-corretamente-e-por-que-a-quantidade-usada-muda-tudo\/","name":"Como aplicar protetor solar corretamente e por que a quantidade usada muda tudo - Tua Sa\u00fade","isPartOf":{"@id":"https:\/\/www.tuasaude.com\/news\/#website"},"primaryImageOfPage":{"@id":"https:\/\/www.tuasaude.com\/news\/2026\/03\/14\/como-aplicar-protetor-solar-corretamente-e-por-que-a-quantidade-usada-muda-tudo\/#primaryimage"},"image":{"@id":"https:\/\/www.tuasaude.com\/news\/2026\/03\/14\/como-aplicar-protetor-solar-corretamente-e-por-que-a-quantidade-usada-muda-tudo\/#primaryimage"},"thumbnailUrl":"https:\/\/www.tuasaude.com\/news\/wp-content\/uploads\/2026\/03\/creation_2573989704.png","datePublished":"2026-03-14T12:00:00+00:00","author":{"@id":"https:\/\/www.tuasaude.com\/news\/#\/schema\/person\/27adc41011393316b12ef997ca893e44"},"description":"A maioria das pessoas aplica menos protetor solar do que o necess\u00e1rio, o que reduz muito a prote\u00e7\u00e3o da pele contra os raios UV.","breadcrumb":{"@id":"https:\/\/www.tuasaude.com\/news\/2026\/03\/14\/como-aplicar-protetor-solar-corretamente-e-por-que-a-quantidade-usada-muda-tudo\/#breadcrumb"},"inLanguage":"pt-BR","potentialAction":[{"@type":"ReadAction","target":["https:\/\/www.tuasaude.com\/news\/2026\/03\/14\/como-aplicar-protetor-solar-corretamente-e-por-que-a-quantidade-usada-muda-tudo\/"]}]},{"@type":"ImageObject","inLanguage":"pt-BR","@id":"https:\/\/www.tuasaude.com\/news\/2026\/03\/14\/como-aplicar-protetor-solar-corretamente-e-por-que-a-quantidade-usada-muda-tudo\/#primaryimage","url":"https:\/\/www.tuasaude.com\/news\/wp-content\/uploads\/2026\/03\/creation_2573989704.png","contentUrl":"https:\/\/www.tuasaude.com\/news\/wp-content\/uploads\/2026\/03\/creation_2573989704.png","width":1280,"height":714,"caption":"Usar pouco protetor solar reduz muito a prote\u00e7\u00e3o da pele, pois o FPS indicado no r\u00f3tulo depende da quantidade correta aplicada."},{"@type":"BreadcrumbList","@id":"https:\/\/www.tuasaude.com\/news\/2026\/03\/14\/como-aplicar-protetor-solar-corretamente-e-por-que-a-quantidade-usada-muda-tudo\/#breadcrumb","itemListElement":[{"@type":"ListItem","position":1,"name":"In\u00edcio","item":"https:\/\/www.tuasaude.com\/news\/"},{"@type":"ListItem","position":2,"name":"Como aplicar protetor solar corretamente e por que a quantidade usada muda tudo"}]},{"@type":"WebSite","@id":"https:\/\/www.tuasaude.com\/news\/#website","url":"https:\/\/www.tuasaude.com\/news\/","name":"Tua Sa\u00fade","description":"Seu site de sa\u00fade","potentialAction":[{"@type":"SearchAction","target":{"@type":"EntryPoint","urlTemplate":"https:\/\/www.tuasaude.com\/news\/?s={search_term_string}"},"query-input":{"@type":"PropertyValueSpecification","valueRequired":true,"valueName":"search_term_string"}}],"inLanguage":"pt-BR"},{"@type":"Person","@id":"https:\/\/www.tuasaude.com\/news\/#\/schema\/person\/27adc41011393316b12ef997ca893e44","name":"Roberta Patriota","image":{"@type":"ImageObject","inLanguage":"pt-BR","@id":"https:\/\/www.tuasaude.com\/news\/#\/schema\/person\/image\/","url":"https:\/\/secure.gravatar.com\/avatar\/40fc934d21bfa38a60909bb2e5f2ec503dcd4d849aa772e107feb32efe75c210?s=96&d=mm&r=g","contentUrl":"https:\/\/secure.gravatar.com\/avatar\/40fc934d21bfa38a60909bb2e5f2ec503dcd4d849aa772e107feb32efe75c210?s=96&d=mm&r=g","caption":"Roberta Patriota"},"sameAs":["https:\/\/www.tuasaude.com\/news\/"],"url":"https:\/\/www.tuasaude.com\/news\/author\/roberta-patriota\/"}]}},"_links":{"self":[{"href":"https:\/\/www.tuasaude.com\/news\/wp-json\/wp\/v2\/posts\/8834","targetHints":{"allow":["GET"]}}],"collection":[{"href":"https:\/\/www.tuasaude.com\/news\/wp-json\/wp\/v2\/posts"}],"about":[{"href":"https:\/\/www.tuasaude.com\/news\/wp-json\/wp\/v2\/types\/post"}],"author":[{"embeddable":true,"href":"https:\/\/www.tuasaude.com\/news\/wp-json\/wp\/v2\/users\/9"}],"replies":[{"embeddable":true,"href":"https:\/\/www.tuasaude.com\/news\/wp-json\/wp\/v2\/comments?post=8834"}],"version-history":[{"count":3,"href":"https:\/\/www.tuasaude.com\/news\/wp-json\/wp\/v2\/posts\/8834\/revisions"}],"predecessor-version":[{"id":9110,"href":"https:\/\/www.tuasaude.com\/news\/wp-json\/wp\/v2\/posts\/8834\/revisions\/9110"}],"wp:featuredmedia":[{"embeddable":true,"href":"https:\/\/www.tuasaude.com\/news\/wp-json\/wp\/v2\/media\/9081"}],"wp:attachment":[{"href":"https:\/\/www.tuasaude.com\/news\/wp-json\/wp\/v2\/media?parent=8834"}],"wp:term":[{"taxonomy":"category","embeddable":true,"href":"https:\/\/www.tuasaude.com\/news\/wp-json\/wp\/v2\/categories?post=8834"},{"taxonomy":"post_tag","embeddable":true,"href":"https:\/\/www.tuasaude.com\/news\/wp-json\/wp\/v2\/tags?post=8834"}],"curies":[{"name":"wp","href":"https:\/\/api.w.org\/{rel}","templated":true}]}}