{"id":8830,"date":"2026-03-13T21:00:00","date_gmt":"2026-03-14T00:00:00","guid":{"rendered":"https:\/\/www.tuasaude.com\/news\/?p=8830"},"modified":"2026-03-13T14:59:25","modified_gmt":"2026-03-13T17:59:25","slug":"queimacao-nos-pes-a-noite-pode-ser-sinal-desses-3-problemas-de-saude-ocultos","status":"publish","type":"post","link":"https:\/\/www.tuasaude.com\/news\/2026\/03\/13\/queimacao-nos-pes-a-noite-pode-ser-sinal-desses-3-problemas-de-saude-ocultos\/","title":{"rendered":"Queima\u00e7\u00e3o nos p\u00e9s \u00e0 noite pode ser sinal desses 3 problemas de sa\u00fade ocultos"},"content":{"rendered":"\n<p>A sensa\u00e7\u00e3o de <strong><a href=\"https:\/\/www.tuasaude.com\/queimacao-nos-pes\/\" target=\"_blank\" rel=\"noreferrer noopener\">queima\u00e7\u00e3o nos p\u00e9s <\/a><\/strong>ao deitar \u00e9 mais comum do que se imagina e nem sempre est\u00e1 ligada ao cansa\u00e7o do dia. Quando os p\u00e9s come\u00e7am a arder, esquentar ou formigar justamente na hora de dormir, o corpo pode estar sinalizando problemas no <strong><a href=\"https:\/\/www.tuasaude.com\/sistema-nervoso\/\" target=\"_blank\" rel=\"noreferrer noopener\">sistema nervoso<\/a><\/strong>, na circula\u00e7\u00e3o ou at\u00e9 uma defici\u00eancia nutricional que j\u00e1 se instalou silenciosamente. Identificar a causa correta faz toda a diferen\u00e7a para recuperar noites de sono tranquilas e evitar complica\u00e7\u00f5es.<\/p>\n\n\n\n<h2 class=\"wp-block-heading\">Por que a queima\u00e7\u00e3o nos p\u00e9s piora durante a noite?<\/h2>\n\n\n\n<p>Durante o dia, o c\u00e9rebro recebe uma grande quantidade de est\u00edmulos sensoriais, como o contato dos cal\u00e7ados, o movimento ao caminhar e as varia\u00e7\u00f5es de temperatura do ambiente. Esses est\u00edmulos competem com eventuais sinais de dor ou desconforto nos p\u00e9s, tornando a queima\u00e7\u00e3o menos percept\u00edvel. <\/p>\n\n\n\n<p>Al\u00e9m disso, a posi\u00e7\u00e3o deitada altera a distribui\u00e7\u00e3o do fluxo sangu\u00edneo nos membros inferiores. Essa mudan\u00e7a pode intensificar processos inflamat\u00f3rios locais e contribuir para que a sensa\u00e7\u00e3o de calor, ard\u00eancia ou <a href=\"https:\/\/www.tuasaude.com\/formigamento-pernas-e-pes\/\" target=\"_blank\" rel=\"noreferrer noopener\"><strong>formigamento<\/strong><\/a> se torne o principal inc\u00f4modo no momento de dormir.<\/p>\n\n\n<div class=\"wp-block-image\">\n<figure class=\"aligncenter size-large\"><img decoding=\"async\" width=\"1024\" height=\"576\" src=\"https:\/\/www.tuasaude.com\/news\/wp-content\/uploads\/2026\/03\/queimacao-2-1024x576.jpg\" alt=\"\" class=\"wp-image-8964\" srcset=\"https:\/\/www.tuasaude.com\/news\/wp-content\/uploads\/2026\/03\/queimacao-2-1024x576.jpg 1024w, https:\/\/www.tuasaude.com\/news\/wp-content\/uploads\/2026\/03\/queimacao-2-300x169.jpg 300w, https:\/\/www.tuasaude.com\/news\/wp-content\/uploads\/2026\/03\/queimacao-2-768x432.jpg 768w, https:\/\/www.tuasaude.com\/news\/wp-content\/uploads\/2026\/03\/queimacao-2-750x422.jpg 750w, https:\/\/www.tuasaude.com\/news\/wp-content\/uploads\/2026\/03\/queimacao-2-1140x641.jpg 1140w, https:\/\/www.tuasaude.com\/news\/wp-content\/uploads\/2026\/03\/queimacao-2.jpg 1280w\" sizes=\"(max-width: 1024px) 100vw, 1024px\" \/><figcaption class=\"wp-element-caption\">Quando o corpo repousa \u00e0 noite e esses est\u00edmulos diminuem, os sinais enviados por nervos danificados ou por problemas circulat\u00f3rios passam a ser sentidos com muito mais intensidade.<\/figcaption><\/figure>\n<\/div>\n\n\n<h2 class=\"wp-block-heading\">Principais causas da sensa\u00e7\u00e3o de p\u00e9s ardentes<\/h2>\n\n\n\n<p>Diversas condi\u00e7\u00f5es de sa\u00fade podem provocar essa queima\u00e7\u00e3o persistente. Conhecer as mais frequentes ajuda a entender quando o sintoma merece aten\u00e7\u00e3o m\u00e9dica. Entre as causas mais comuns est\u00e3o:<\/p>\n\n\n\n<ul class=\"wp-block-list\">\n<li><strong>Neuropatia diab\u00e9tica,<\/strong>&nbsp;que ocorre quando os n\u00edveis elevados de a\u00e7\u00facar no sangue danificam os nervos dos p\u00e9s ao longo do tempo, provocando ard\u00eancia, dorm\u00eancia e formigamento que pioram \u00e0 noite<\/li>\n\n\n\n<li><strong>Defici\u00eancia de vitamina B12,<\/strong>&nbsp;essencial para a prote\u00e7\u00e3o das fibras nervosas, cuja falta compromete a condu\u00e7\u00e3o dos impulsos e gera sensa\u00e7\u00f5es de calor e picadas nas extremidades<\/li>\n\n\n\n<li><strong>Insufici\u00eancia venosa cr\u00f4nica,<\/strong>&nbsp;na qual o sangue tem dificuldade para retornar ao cora\u00e7\u00e3o e se acumula nos p\u00e9s e pernas, causando peso, incha\u00e7o e uma sensa\u00e7\u00e3o persistente de calor<\/li>\n\n\n\n<li><strong>Consumo excessivo de \u00e1lcool,<\/strong>&nbsp;que pode lesar diretamente os nervos perif\u00e9ricos e agravar defici\u00eancias nutricionais que afetam a sa\u00fade dos p\u00e9s<\/li>\n<\/ul>\n\n\n\n<h2 class=\"wp-block-heading\">Revis\u00e3o cl\u00ednica confirma a rela\u00e7\u00e3o entre doen\u00e7as ocultas e p\u00e9s ardentes<\/h2>\n\n\n\n<p>A associa\u00e7\u00e3o entre a queima\u00e7\u00e3o nos p\u00e9s e condi\u00e7\u00f5es de sa\u00fade que muitas vezes passam despercebidas \u00e9 respaldada pela ci\u00eancia. Segundo a revis\u00e3o cl\u00ednica\u00a0<em><strong><a href=\"https:\/\/pubmed.ncbi.nlm.nih.gov\/14708150\/\" target=\"_blank\" rel=\"noreferrer noopener\">&#8220;S\u00edndrome da queima\u00e7\u00e3o nos p\u00e9s: uma revis\u00e3o cl\u00ednica&#8221;<\/a><\/strong><\/em>, publicada no\u00a0<strong>Australian Family Physician<\/strong>\u00a0e indexada no PubMed, a s\u00edndrome dos p\u00e9s ardentes \u00e9 uma condi\u00e7\u00e3o frequente, especialmente entre idosos, e pode surgir de forma isolada ou como parte de um conjunto de sintomas relacionados a diabetes, defici\u00eancias vitam\u00ednicas e problemas circulat\u00f3rios. O estudo destaca ainda que, apesar do desconforto intenso relatado pelos pacientes, os exames f\u00edsicos muitas vezes apresentam poucos sinais vis\u00edveis, o que torna o diagn\u00f3stico mais desafiador e refor\u00e7a a necessidade de investiga\u00e7\u00e3o detalhada. <\/p>\n\n\n\n<h2 class=\"wp-block-heading\">Sinais de alerta que pedem avalia\u00e7\u00e3o m\u00e9dica<\/h2>\n\n\n\n<p>Nem toda queima\u00e7\u00e3o nos p\u00e9s indica um problema grave. Usar cal\u00e7ados apertados, meias de tecido sint\u00e9tico ou permanecer muitas horas em p\u00e9 pode provocar desconforto tempor\u00e1rio que desaparece com o repouso. No entanto, alguns sinais indicam que o sintoma precisa de investiga\u00e7\u00e3o. Fique atento quando:<\/p>\n\n\n<div class=\"wp-block-image\">\n<figure class=\"aligncenter size-large\"><img decoding=\"async\" width=\"1024\" height=\"171\" src=\"https:\/\/www.tuasaude.com\/news\/wp-content\/uploads\/2026\/03\/convertido-11-5-1024x171.jpg\" alt=\"\" class=\"wp-image-8961\" srcset=\"https:\/\/www.tuasaude.com\/news\/wp-content\/uploads\/2026\/03\/convertido-11-5-1024x171.jpg 1024w, https:\/\/www.tuasaude.com\/news\/wp-content\/uploads\/2026\/03\/convertido-11-5-300x50.jpg 300w, https:\/\/www.tuasaude.com\/news\/wp-content\/uploads\/2026\/03\/convertido-11-5-768x128.jpg 768w, https:\/\/www.tuasaude.com\/news\/wp-content\/uploads\/2026\/03\/convertido-11-5-750x125.jpg 750w, https:\/\/www.tuasaude.com\/news\/wp-content\/uploads\/2026\/03\/convertido-11-5-1140x191.jpg 1140w, https:\/\/www.tuasaude.com\/news\/wp-content\/uploads\/2026\/03\/convertido-11-5.jpg 1280w\" sizes=\"(max-width: 1024px) 100vw, 1024px\" \/><\/figure>\n<\/div>\n\n\n<p>Nesses casos, o cl\u00ednico geral pode solicitar exames de sangue para avaliar a glicemia e os n\u00edveis de vitamina B12, al\u00e9m de encaminhar para especialistas como o neurologista ou o angiologista conforme a suspeita. <\/p>\n\n\n\n<h2 class=\"wp-block-heading\">O que fazer para aliviar e quando buscar ajuda profissional?<\/h2>\n\n\n\n<p>Algumas medidas simples podem trazer al\u00edvio tempor\u00e1rio, como mergulhar os p\u00e9s em \u00e1gua fresca por alguns minutos antes de dormir, usar meias de algod\u00e3o, manter os p\u00e9s elevados ao deitar e evitar cal\u00e7ados fechados de material sint\u00e9tico durante o dia. Manter uma alimenta\u00e7\u00e3o equilibrada, rica em vitaminas do complexo B, tamb\u00e9m contribui para a sa\u00fade dos nervos.<\/p>\n\n\n\n<p>Por\u00e9m, quando a queima\u00e7\u00e3o \u00e9 frequente, intensa ou acompanhada de outros sintomas, essas medidas n\u00e3o substituem uma avalia\u00e7\u00e3o m\u00e9dica. O tratamento correto depende inteiramente da causa e pode envolver desde o controle da glicemia e a suplementa\u00e7\u00e3o vitam\u00ednica at\u00e9 o uso de meias de compress\u00e3o e medicamentos espec\u00edficos para dor nos nervos.<\/p>\n\n\n\n<p><em><strong>Aviso:<\/strong>&nbsp;este conte\u00fado \u00e9 meramente informativo e n\u00e3o substitui, em nenhuma hip\u00f3tese, a consulta, o diagn\u00f3stico ou o tratamento de um m\u00e9dico. Diante de qualquer sintoma persistente, procure orienta\u00e7\u00e3o m\u00e9dica profissional.<\/em><\/p>\n","protected":false},"excerpt":{"rendered":"<p>A sensa\u00e7\u00e3o de queima\u00e7\u00e3o nos p\u00e9s ao deitar \u00e9 mais comum do que se imagina e nem sempre est\u00e1 ligada ao cansa\u00e7o do dia. Quando os p\u00e9s come\u00e7am a arder, esquentar ou formigar justamente na hora de dormir, o corpo pode estar sinalizando problemas no sistema nervoso, na circula\u00e7\u00e3o ou at\u00e9 uma defici\u00eancia nutricional que [&hellip;]<\/p>\n","protected":false},"author":9,"featured_media":8962,"comment_status":"open","ping_status":"open","sticky":false,"template":"","format":"standard","meta":{"_yoast_wpseo_focuskw":"Queima\u00e7\u00e3o nos p\u00e9s","_yoast_wpseo_title":"","_yoast_wpseo_metadesc":"Sensa\u00e7\u00e3o de queima\u00e7\u00e3o nos p\u00e9s ao deitar pode revelar altera\u00e7\u00f5es no sistema nervoso ou na circula\u00e7\u00e3o e deve ser investigada se persistir.","jnews-multi-image_gallery":[],"jnews_single_post":{"format":"standard"},"jnews_primary_category":[],"jnews_social_meta":[],"jnews_override_counter":[],"footnotes":""},"categories":[111],"tags":[2525,2526,2524,2523],"class_list":["post-8830","post","type-post","status-publish","format-standard","has-post-thumbnail","hentry","category-saude","tag-deficiencia-de-vitamina-b12","tag-formigamento-nos-pes","tag-pes-ardentes","tag-queimacao-nos-pes"],"yoast_head":"<!-- This site is optimized with the Yoast SEO plugin v26.7 - https:\/\/yoast.com\/wordpress\/plugins\/seo\/ -->\n<title>Queima\u00e7\u00e3o nos p\u00e9s \u00e0 noite pode ser sinal desses 3 problemas de sa\u00fade ocultos - Tua Sa\u00fade<\/title>\n<meta name=\"description\" content=\"Sensa\u00e7\u00e3o de queima\u00e7\u00e3o nos p\u00e9s ao deitar pode revelar altera\u00e7\u00f5es no sistema nervoso ou na circula\u00e7\u00e3o e deve ser investigada se persistir.\" \/>\n<meta name=\"robots\" content=\"index, follow, max-snippet:-1, max-image-preview:large, max-video-preview:-1\" \/>\n<link rel=\"canonical\" href=\"https:\/\/www.tuasaude.com\/news\/2026\/03\/13\/queimacao-nos-pes-a-noite-pode-ser-sinal-desses-3-problemas-de-saude-ocultos\/\" \/>\n<meta property=\"og:locale\" content=\"pt_BR\" \/>\n<meta property=\"og:type\" content=\"article\" \/>\n<meta property=\"og:title\" content=\"Queima\u00e7\u00e3o nos p\u00e9s \u00e0 noite pode ser sinal desses 3 problemas de sa\u00fade ocultos - Tua Sa\u00fade\" \/>\n<meta property=\"og:description\" content=\"Sensa\u00e7\u00e3o de queima\u00e7\u00e3o nos p\u00e9s ao deitar pode revelar altera\u00e7\u00f5es no sistema nervoso ou na circula\u00e7\u00e3o e deve ser investigada se persistir.\" \/>\n<meta property=\"og:url\" content=\"https:\/\/www.tuasaude.com\/news\/2026\/03\/13\/queimacao-nos-pes-a-noite-pode-ser-sinal-desses-3-problemas-de-saude-ocultos\/\" \/>\n<meta property=\"og:site_name\" content=\"Tua Sa\u00fade\" \/>\n<meta property=\"article:published_time\" content=\"2026-03-14T00:00:00+00:00\" \/>\n<meta property=\"og:image\" content=\"https:\/\/www.tuasaude.com\/news\/wp-content\/uploads\/2026\/03\/queimacao.jpg\" \/>\n\t<meta property=\"og:image:width\" content=\"1280\" \/>\n\t<meta property=\"og:image:height\" content=\"720\" \/>\n\t<meta property=\"og:image:type\" content=\"image\/jpeg\" \/>\n<meta name=\"author\" content=\"Roberta Patriota\" \/>\n<meta name=\"twitter:card\" content=\"summary_large_image\" \/>\n<meta name=\"twitter:label1\" content=\"Escrito por\" \/>\n\t<meta name=\"twitter:data1\" content=\"Roberta Patriota\" \/>\n\t<meta name=\"twitter:label2\" content=\"Est. tempo de leitura\" \/>\n\t<meta name=\"twitter:data2\" content=\"5 minutos\" \/>\n<!-- \/ Yoast SEO plugin. -->","yoast_head_json":{"title":"Queima\u00e7\u00e3o nos p\u00e9s \u00e0 noite pode ser sinal desses 3 problemas de sa\u00fade ocultos - Tua Sa\u00fade","description":"Sensa\u00e7\u00e3o de queima\u00e7\u00e3o nos p\u00e9s ao deitar pode revelar altera\u00e7\u00f5es no sistema nervoso ou na circula\u00e7\u00e3o e deve ser investigada se persistir.","robots":{"index":"index","follow":"follow","max-snippet":"max-snippet:-1","max-image-preview":"max-image-preview:large","max-video-preview":"max-video-preview:-1"},"canonical":"https:\/\/www.tuasaude.com\/news\/2026\/03\/13\/queimacao-nos-pes-a-noite-pode-ser-sinal-desses-3-problemas-de-saude-ocultos\/","og_locale":"pt_BR","og_type":"article","og_title":"Queima\u00e7\u00e3o nos p\u00e9s \u00e0 noite pode ser sinal desses 3 problemas de sa\u00fade ocultos - Tua Sa\u00fade","og_description":"Sensa\u00e7\u00e3o de queima\u00e7\u00e3o nos p\u00e9s ao deitar pode revelar altera\u00e7\u00f5es no sistema nervoso ou na circula\u00e7\u00e3o e deve ser investigada se persistir.","og_url":"https:\/\/www.tuasaude.com\/news\/2026\/03\/13\/queimacao-nos-pes-a-noite-pode-ser-sinal-desses-3-problemas-de-saude-ocultos\/","og_site_name":"Tua Sa\u00fade","article_published_time":"2026-03-14T00:00:00+00:00","og_image":[{"width":1280,"height":720,"url":"https:\/\/www.tuasaude.com\/news\/wp-content\/uploads\/2026\/03\/queimacao.jpg","type":"image\/jpeg"}],"author":"Roberta Patriota","twitter_card":"summary_large_image","twitter_misc":{"Escrito por":"Roberta Patriota","Est. tempo de leitura":"5 minutos"},"schema":{"@context":"https:\/\/schema.org","@graph":[{"@type":"Article","@id":"https:\/\/www.tuasaude.com\/news\/2026\/03\/13\/queimacao-nos-pes-a-noite-pode-ser-sinal-desses-3-problemas-de-saude-ocultos\/#article","isPartOf":{"@id":"https:\/\/www.tuasaude.com\/news\/2026\/03\/13\/queimacao-nos-pes-a-noite-pode-ser-sinal-desses-3-problemas-de-saude-ocultos\/"},"author":{"name":"Roberta Patriota","@id":"https:\/\/www.tuasaude.com\/news\/#\/schema\/person\/27adc41011393316b12ef997ca893e44"},"headline":"Queima\u00e7\u00e3o nos p\u00e9s \u00e0 noite pode ser sinal desses 3 problemas de sa\u00fade ocultos","datePublished":"2026-03-14T00:00:00+00:00","mainEntityOfPage":{"@id":"https:\/\/www.tuasaude.com\/news\/2026\/03\/13\/queimacao-nos-pes-a-noite-pode-ser-sinal-desses-3-problemas-de-saude-ocultos\/"},"wordCount":837,"commentCount":0,"image":{"@id":"https:\/\/www.tuasaude.com\/news\/2026\/03\/13\/queimacao-nos-pes-a-noite-pode-ser-sinal-desses-3-problemas-de-saude-ocultos\/#primaryimage"},"thumbnailUrl":"https:\/\/www.tuasaude.com\/news\/wp-content\/uploads\/2026\/03\/queimacao.jpg","keywords":["defici\u00eancia de vitamina B12","formigamento nos p\u00e9s","p\u00e9s ardentes","Queima\u00e7\u00e3o nos p\u00e9s"],"articleSection":["Sa\u00fade"],"inLanguage":"pt-BR","potentialAction":[{"@type":"CommentAction","name":"Comment","target":["https:\/\/www.tuasaude.com\/news\/2026\/03\/13\/queimacao-nos-pes-a-noite-pode-ser-sinal-desses-3-problemas-de-saude-ocultos\/#respond"]}]},{"@type":"WebPage","@id":"https:\/\/www.tuasaude.com\/news\/2026\/03\/13\/queimacao-nos-pes-a-noite-pode-ser-sinal-desses-3-problemas-de-saude-ocultos\/","url":"https:\/\/www.tuasaude.com\/news\/2026\/03\/13\/queimacao-nos-pes-a-noite-pode-ser-sinal-desses-3-problemas-de-saude-ocultos\/","name":"Queima\u00e7\u00e3o nos p\u00e9s \u00e0 noite pode ser sinal desses 3 problemas de sa\u00fade ocultos - Tua Sa\u00fade","isPartOf":{"@id":"https:\/\/www.tuasaude.com\/news\/#website"},"primaryImageOfPage":{"@id":"https:\/\/www.tuasaude.com\/news\/2026\/03\/13\/queimacao-nos-pes-a-noite-pode-ser-sinal-desses-3-problemas-de-saude-ocultos\/#primaryimage"},"image":{"@id":"https:\/\/www.tuasaude.com\/news\/2026\/03\/13\/queimacao-nos-pes-a-noite-pode-ser-sinal-desses-3-problemas-de-saude-ocultos\/#primaryimage"},"thumbnailUrl":"https:\/\/www.tuasaude.com\/news\/wp-content\/uploads\/2026\/03\/queimacao.jpg","datePublished":"2026-03-14T00:00:00+00:00","author":{"@id":"https:\/\/www.tuasaude.com\/news\/#\/schema\/person\/27adc41011393316b12ef997ca893e44"},"description":"Sensa\u00e7\u00e3o de queima\u00e7\u00e3o nos p\u00e9s ao deitar pode revelar altera\u00e7\u00f5es no sistema nervoso ou na circula\u00e7\u00e3o e deve ser investigada se persistir.","breadcrumb":{"@id":"https:\/\/www.tuasaude.com\/news\/2026\/03\/13\/queimacao-nos-pes-a-noite-pode-ser-sinal-desses-3-problemas-de-saude-ocultos\/#breadcrumb"},"inLanguage":"pt-BR","potentialAction":[{"@type":"ReadAction","target":["https:\/\/www.tuasaude.com\/news\/2026\/03\/13\/queimacao-nos-pes-a-noite-pode-ser-sinal-desses-3-problemas-de-saude-ocultos\/"]}]},{"@type":"ImageObject","inLanguage":"pt-BR","@id":"https:\/\/www.tuasaude.com\/news\/2026\/03\/13\/queimacao-nos-pes-a-noite-pode-ser-sinal-desses-3-problemas-de-saude-ocultos\/#primaryimage","url":"https:\/\/www.tuasaude.com\/news\/wp-content\/uploads\/2026\/03\/queimacao.jpg","contentUrl":"https:\/\/www.tuasaude.com\/news\/wp-content\/uploads\/2026\/03\/queimacao.jpg","width":1280,"height":720,"caption":"Se voc\u00ea sente queima\u00e7\u00e3o nos p\u00e9s a noite, essas informa\u00e7\u00f5es podem ser muito valiosas."},{"@type":"BreadcrumbList","@id":"https:\/\/www.tuasaude.com\/news\/2026\/03\/13\/queimacao-nos-pes-a-noite-pode-ser-sinal-desses-3-problemas-de-saude-ocultos\/#breadcrumb","itemListElement":[{"@type":"ListItem","position":1,"name":"In\u00edcio","item":"https:\/\/www.tuasaude.com\/news\/"},{"@type":"ListItem","position":2,"name":"Queima\u00e7\u00e3o nos p\u00e9s \u00e0 noite pode ser sinal desses 3 problemas de sa\u00fade ocultos"}]},{"@type":"WebSite","@id":"https:\/\/www.tuasaude.com\/news\/#website","url":"https:\/\/www.tuasaude.com\/news\/","name":"Tua Sa\u00fade","description":"Seu site de sa\u00fade","potentialAction":[{"@type":"SearchAction","target":{"@type":"EntryPoint","urlTemplate":"https:\/\/www.tuasaude.com\/news\/?s={search_term_string}"},"query-input":{"@type":"PropertyValueSpecification","valueRequired":true,"valueName":"search_term_string"}}],"inLanguage":"pt-BR"},{"@type":"Person","@id":"https:\/\/www.tuasaude.com\/news\/#\/schema\/person\/27adc41011393316b12ef997ca893e44","name":"Roberta Patriota","image":{"@type":"ImageObject","inLanguage":"pt-BR","@id":"https:\/\/www.tuasaude.com\/news\/#\/schema\/person\/image\/","url":"https:\/\/secure.gravatar.com\/avatar\/40fc934d21bfa38a60909bb2e5f2ec503dcd4d849aa772e107feb32efe75c210?s=96&d=mm&r=g","contentUrl":"https:\/\/secure.gravatar.com\/avatar\/40fc934d21bfa38a60909bb2e5f2ec503dcd4d849aa772e107feb32efe75c210?s=96&d=mm&r=g","caption":"Roberta Patriota"},"sameAs":["https:\/\/www.tuasaude.com\/news\/"],"url":"https:\/\/www.tuasaude.com\/news\/author\/roberta-patriota\/"}]}},"_links":{"self":[{"href":"https:\/\/www.tuasaude.com\/news\/wp-json\/wp\/v2\/posts\/8830","targetHints":{"allow":["GET"]}}],"collection":[{"href":"https:\/\/www.tuasaude.com\/news\/wp-json\/wp\/v2\/posts"}],"about":[{"href":"https:\/\/www.tuasaude.com\/news\/wp-json\/wp\/v2\/types\/post"}],"author":[{"embeddable":true,"href":"https:\/\/www.tuasaude.com\/news\/wp-json\/wp\/v2\/users\/9"}],"replies":[{"embeddable":true,"href":"https:\/\/www.tuasaude.com\/news\/wp-json\/wp\/v2\/comments?post=8830"}],"version-history":[{"count":3,"href":"https:\/\/www.tuasaude.com\/news\/wp-json\/wp\/v2\/posts\/8830\/revisions"}],"predecessor-version":[{"id":8966,"href":"https:\/\/www.tuasaude.com\/news\/wp-json\/wp\/v2\/posts\/8830\/revisions\/8966"}],"wp:featuredmedia":[{"embeddable":true,"href":"https:\/\/www.tuasaude.com\/news\/wp-json\/wp\/v2\/media\/8962"}],"wp:attachment":[{"href":"https:\/\/www.tuasaude.com\/news\/wp-json\/wp\/v2\/media?parent=8830"}],"wp:term":[{"taxonomy":"category","embeddable":true,"href":"https:\/\/www.tuasaude.com\/news\/wp-json\/wp\/v2\/categories?post=8830"},{"taxonomy":"post_tag","embeddable":true,"href":"https:\/\/www.tuasaude.com\/news\/wp-json\/wp\/v2\/tags?post=8830"}],"curies":[{"name":"wp","href":"https:\/\/api.w.org\/{rel}","templated":true}]}}