{"id":8812,"date":"2026-03-14T20:45:00","date_gmt":"2026-03-14T23:45:00","guid":{"rendered":"https:\/\/www.tuasaude.com\/news\/?p=8812"},"modified":"2026-03-13T12:29:46","modified_gmt":"2026-03-13T15:29:46","slug":"esse-teste-simples-mostra-se-seu-descanso-real-fica-mais-perto-de-6-ou-8-horas","status":"publish","type":"post","link":"https:\/\/www.tuasaude.com\/news\/2026\/03\/14\/esse-teste-simples-mostra-se-seu-descanso-real-fica-mais-perto-de-6-ou-8-horas\/","title":{"rendered":"Esse teste simples mostra se seu descanso real fica mais perto de 6 ou 8 horas"},"content":{"rendered":"\n<p>Enquanto algumas pessoas acordam revigoradas ap\u00f3s seis horas de sono, outras precisam de nove horas completas para funcionar. Essa diferen\u00e7a n\u00e3o \u00e9 fraqueza nem disciplina: \u00e9 biologia. A quantidade ideal de sono varia de pessoa para pessoa, e entender qual \u00e9 o seu n\u00famero pode transformar a forma como voc\u00ea planeja seus dias, administra sua energia e protege sua sa\u00fade a longo prazo.<\/p>\n\n\n\n<h2 class=\"wp-block-heading\">Por que a necessidade de sono varia tanto entre as pessoas<\/h2>\n\n\n\n<p>A ci\u00eancia j\u00e1 identificou que a gen\u00e9tica exerce papel central na determina\u00e7\u00e3o de quanto sono cada indiv\u00edduo precisa. Algumas pessoas carregam variantes gen\u00e9ticas que permitem funcionamento pleno com menos horas de descanso, enquanto outras possuem sistemas que demandam per\u00edodos mais longos para completar os ciclos de recupera\u00e7\u00e3o. Al\u00e9m da quantidade, os genes tamb\u00e9m influenciam o cronotipo, ou seja, a tend\u00eancia natural de ser uma pessoa matutina ou noturna. Isso explica por que for\u00e7ar um padr\u00e3o que n\u00e3o respeita essa biologia individual tende a gerar fadiga cr\u00f4nica e irritabilidade, mesmo quando o n\u00famero de horas parece adequado no papel.<\/p>\n\n\n<div class=\"wp-block-image\">\n<figure class=\"aligncenter size-large\"><img decoding=\"async\" width=\"1024\" height=\"571\" src=\"https:\/\/www.tuasaude.com\/news\/wp-content\/uploads\/2026\/03\/freepik__imagem-realista-de-uma-pessoa-dormindo-tranquilame__9669-1024x571.png\" alt=\"Esse teste simples mostra se seu descanso real fica mais perto de 6 ou 8 horas\" class=\"wp-image-8883\" srcset=\"https:\/\/www.tuasaude.com\/news\/wp-content\/uploads\/2026\/03\/freepik__imagem-realista-de-uma-pessoa-dormindo-tranquilame__9669-1024x571.png 1024w, https:\/\/www.tuasaude.com\/news\/wp-content\/uploads\/2026\/03\/freepik__imagem-realista-de-uma-pessoa-dormindo-tranquilame__9669-300x167.png 300w, https:\/\/www.tuasaude.com\/news\/wp-content\/uploads\/2026\/03\/freepik__imagem-realista-de-uma-pessoa-dormindo-tranquilame__9669-768x428.png 768w, https:\/\/www.tuasaude.com\/news\/wp-content\/uploads\/2026\/03\/freepik__imagem-realista-de-uma-pessoa-dormindo-tranquilame__9669-750x418.png 750w, https:\/\/www.tuasaude.com\/news\/wp-content\/uploads\/2026\/03\/freepik__imagem-realista-de-uma-pessoa-dormindo-tranquilame__9669-1140x636.png 1140w, https:\/\/www.tuasaude.com\/news\/wp-content\/uploads\/2026\/03\/freepik__imagem-realista-de-uma-pessoa-dormindo-tranquilame__9669.png 1280w\" sizes=\"(max-width: 1024px) 100vw, 1024px\" \/><figcaption class=\"wp-element-caption\">A quantidade ideal de sono varia de pessoa para pessoa e tem forte influ\u00eancia gen\u00e9tica.<\/figcaption><\/figure>\n<\/div>\n\n\n<h2 class=\"wp-block-heading\">O que os estudos revelam sobre gen\u00e9tica e dura\u00e7\u00e3o do sono<\/h2>\n\n\n\n<p>Segundo uma meta-an\u00e1lise publicada na revista <a href=\"https:\/\/pubmed.ncbi.nlm.nih.gov\/33636423\/\" target=\"_blank\" rel=\"noreferrer noopener\">Sleep Medicine Reviews<\/a>, que reuniu dados de mais de 45 mil g\u00eameos, cerca de 46% da varia\u00e7\u00e3o na dura\u00e7\u00e3o do sono entre as pessoas pode ser atribu\u00edda a fatores gen\u00e9ticos. A pesquisa demonstrou ainda que 44% da varia\u00e7\u00e3o na qualidade do sono tamb\u00e9m tem base heredit\u00e1ria. Esses n\u00fameros indicam que, embora h\u00e1bitos e ambiente importem, quase metade da equa\u00e7\u00e3o est\u00e1 inscrita no DNA. Pessoas com certas muta\u00e7\u00f5es em genes como DEC2 e ADRB1 conseguem funcionar bem com menos de seis horas, enquanto a maioria da popula\u00e7\u00e3o precisa de sete a nove horas para evitar preju\u00edzos cognitivos e metab\u00f3licos.<\/p>\n\n\n\n<h2 class=\"wp-block-heading\">O teste das f\u00e9rias para descobrir sua necessidade real<\/h2>\n\n\n\n<p>Existe um m\u00e9todo simples e validado por especialistas em medicina do sono para descobrir quanto tempo de descanso o seu corpo realmente exige. O procedimento funciona melhor durante um per\u00edodo de f\u00e9rias ou folga prolongada, quando n\u00e3o h\u00e1 compromissos r\u00edgidos de hor\u00e1rio:<\/p>\n\n\n\n<ul class=\"wp-block-list\">\n<li>Reserve pelo menos uma semana, preferencialmente duas, sem despertadores<\/li>\n\n\n\n<li>V\u00e1 para a cama somente quando sentir sono genu\u00edno, n\u00e3o por h\u00e1bito ou t\u00e9dio<\/li>\n\n\n\n<li>Acorde naturalmente, sem alarmes, deixando o corpo decidir o momento<\/li>\n\n\n\n<li>Limite a cafe\u00edna a no m\u00e1ximo dois caf\u00e9s por dia, consumidos antes das 14 horas<\/li>\n\n\n\n<li>Evite cochilos diurnos, permitindo que a press\u00e3o do sono se acumule naturalmente<\/li>\n\n\n\n<li>Anote os hor\u00e1rios de dormir e acordar durante a segunda semana, quando o corpo j\u00e1 estar\u00e1 regulado<\/li>\n<\/ul>\n\n\n\n<p>A m\u00e9dia de horas dormidas na segunda semana representa uma estimativa confi\u00e1vel da sua necessidade individual de sono.<\/p>\n\n\n\n<h2 class=\"wp-block-heading\">Sinais de que voc\u00ea est\u00e1 dormindo menos do que precisa<\/h2>\n\n\n\n<p>Muitas pessoas se adaptam \u00e0 priva\u00e7\u00e3o cr\u00f4nica de sono sem perceber, normalizando sintomas que deveriam servir de alerta:<\/p>\n\n\n\n<ul class=\"wp-block-list\">\n<li>Depend\u00eancia de cafe\u00edna logo ao acordar para sentir clareza mental<\/li>\n\n\n\n<li>Dificuldade de concentra\u00e7\u00e3o nas primeiras horas da manh\u00e3 ou ap\u00f3s o almo\u00e7o<\/li>\n\n\n\n<li>Irritabilidade desproporcional diante de pequenos contratempos<\/li>\n\n\n\n<li>Sonol\u00eancia durante reuni\u00f5es, leituras ou enquanto assiste televis\u00e3o<\/li>\n\n\n\n<li>Necessidade de dormir muito mais nos fins de semana do que durante a semana<\/li>\n\n\n\n<li>Sensa\u00e7\u00e3o de que o despertador interrompe o sono no momento mais profundo<\/li>\n<\/ul>\n\n\n<div class=\"wp-block-image\">\n<figure class=\"aligncenter size-large\"><img decoding=\"async\" width=\"1024\" height=\"460\" src=\"https:\/\/www.tuasaude.com\/news\/wp-content\/uploads\/2026\/03\/convertido-36-1024x460.jpg\" alt=\"\" class=\"wp-image-8813\" srcset=\"https:\/\/www.tuasaude.com\/news\/wp-content\/uploads\/2026\/03\/convertido-36-1024x460.jpg 1024w, https:\/\/www.tuasaude.com\/news\/wp-content\/uploads\/2026\/03\/convertido-36-300x135.jpg 300w, https:\/\/www.tuasaude.com\/news\/wp-content\/uploads\/2026\/03\/convertido-36-768x345.jpg 768w, https:\/\/www.tuasaude.com\/news\/wp-content\/uploads\/2026\/03\/convertido-36-750x337.jpg 750w, https:\/\/www.tuasaude.com\/news\/wp-content\/uploads\/2026\/03\/convertido-36-1140x512.jpg 1140w, https:\/\/www.tuasaude.com\/news\/wp-content\/uploads\/2026\/03\/convertido-36.jpg 1280w\" sizes=\"(max-width: 1024px) 100vw, 1024px\" \/><\/figure>\n<\/div>\n\n\n<h2 class=\"wp-block-heading\">Como aplicar essa descoberta no dia a dia<\/h2>\n\n\n\n<p>Depois de identificar sua necessidade real, o pr\u00f3ximo passo \u00e9 reorganizar a rotina para garantir esse tempo de forma consistente. Isso pode significar ajustar o hor\u00e1rio de dormir, negociar compromissos matinais ou repensar h\u00e1bitos noturnos que roubam minutos preciosos. Pessoas que descobrem precisar de oito horas, por exemplo, devem calcular o hor\u00e1rio de deitar com base no hor\u00e1rio que precisam acordar, adicionando cerca de 20 minutos para adormecer. Respeitar essa matem\u00e1tica n\u00e3o \u00e9 luxo: \u00e9 investimento em produtividade, humor est\u00e1vel e prote\u00e7\u00e3o contra doen\u00e7as cr\u00f4nicas associadas \u00e0 priva\u00e7\u00e3o de sono. Saiba mais sobre como a <a href=\"https:\/\/www.tuasaude.com\/privacao-do-sono\/\" target=\"_blank\" rel=\"noreferrer noopener\">quantidade de horas de sono<\/a> afeta diferentes faixas et\u00e1rias e condi\u00e7\u00f5es de sa\u00fade.<\/p>\n\n\n\n<p><em>Este conte\u00fado \u00e9 informativo e n\u00e3o substitui a avalia\u00e7\u00e3o de um profissional de sa\u00fade. Se voc\u00ea apresenta dificuldades persistentes para dormir ou sonol\u00eancia excessiva durante o dia, procure orienta\u00e7\u00e3o m\u00e9dica para investiga\u00e7\u00e3o adequada.<\/em><\/p>\n","protected":false},"excerpt":{"rendered":"<p>Enquanto algumas pessoas acordam revigoradas ap\u00f3s seis horas de sono, outras precisam de nove horas completas para funcionar. Essa diferen\u00e7a n\u00e3o \u00e9 fraqueza nem disciplina: \u00e9 biologia. A quantidade ideal de sono varia de pessoa para pessoa, e entender qual \u00e9 o seu n\u00famero pode transformar a forma como voc\u00ea planeja seus dias, administra sua [&hellip;]<\/p>\n","protected":false},"author":12,"featured_media":8882,"comment_status":"open","ping_status":"open","sticky":false,"template":"","format":"standard","meta":{"_yoast_wpseo_focuskw":"horas de sono","_yoast_wpseo_title":"","_yoast_wpseo_metadesc":"Descubra quantas horas de sono seu corpo realmente precisa. Entenda o teste pr\u00e1tico e o que a ci\u00eancia revela sobre descanso ideal.","jnews-multi-image_gallery":[],"jnews_single_post":{"format":"standard"},"jnews_primary_category":[],"jnews_social_meta":[],"jnews_override_counter":[],"footnotes":""},"categories":[111],"tags":[2504,2501,2499,2505,2502,351,1159,2498,2503,2500],"class_list":["post-8812","post","type-post","status-publish","format-standard","has-post-thumbnail","hentry","category-saude","tag-cronotipo","tag-descanso-ideal","tag-genetica-do-sono","tag-horas-de-descanso","tag-necessidade-de-sono","tag-privacao-de-sono","tag-qualidade-do-sono","tag-quantidade-ideal-de-sono","tag-sono-reparador","tag-teste-do-sono"],"yoast_head":"<!-- This site is optimized with the Yoast SEO plugin v26.7 - https:\/\/yoast.com\/wordpress\/plugins\/seo\/ -->\n<title>Esse teste simples mostra se seu descanso real fica mais perto de 6 ou 8 horas - Tua Sa\u00fade<\/title>\n<meta name=\"description\" content=\"Descubra quantas horas de sono seu corpo realmente precisa. Entenda o teste pr\u00e1tico e o que a ci\u00eancia revela sobre descanso ideal.\" \/>\n<meta name=\"robots\" content=\"index, follow, max-snippet:-1, max-image-preview:large, max-video-preview:-1\" \/>\n<link rel=\"canonical\" href=\"https:\/\/www.tuasaude.com\/news\/2026\/03\/14\/esse-teste-simples-mostra-se-seu-descanso-real-fica-mais-perto-de-6-ou-8-horas\/\" \/>\n<meta property=\"og:locale\" content=\"pt_BR\" \/>\n<meta property=\"og:type\" content=\"article\" \/>\n<meta property=\"og:title\" content=\"Esse teste simples mostra se seu descanso real fica mais perto de 6 ou 8 horas - Tua Sa\u00fade\" \/>\n<meta property=\"og:description\" content=\"Descubra quantas horas de sono seu corpo realmente precisa. Entenda o teste pr\u00e1tico e o que a ci\u00eancia revela sobre descanso ideal.\" \/>\n<meta property=\"og:url\" content=\"https:\/\/www.tuasaude.com\/news\/2026\/03\/14\/esse-teste-simples-mostra-se-seu-descanso-real-fica-mais-perto-de-6-ou-8-horas\/\" \/>\n<meta property=\"og:site_name\" content=\"Tua Sa\u00fade\" \/>\n<meta property=\"article:published_time\" content=\"2026-03-14T23:45:00+00:00\" \/>\n<meta property=\"og:image\" content=\"https:\/\/www.tuasaude.com\/news\/wp-content\/uploads\/2026\/03\/freepik__ilustrao-representativa-mostrando-duas-pessoas-dor__9668.png\" \/>\n\t<meta property=\"og:image:width\" content=\"1280\" \/>\n\t<meta property=\"og:image:height\" content=\"714\" \/>\n\t<meta property=\"og:image:type\" content=\"image\/png\" \/>\n<meta name=\"author\" content=\"Jeferson Henrique\" \/>\n<meta name=\"twitter:card\" content=\"summary_large_image\" \/>\n<meta name=\"twitter:label1\" content=\"Escrito por\" \/>\n\t<meta name=\"twitter:data1\" content=\"Jeferson Henrique\" \/>\n\t<meta name=\"twitter:label2\" content=\"Est. tempo de leitura\" \/>\n\t<meta name=\"twitter:data2\" content=\"5 minutos\" \/>\n<!-- \/ Yoast SEO plugin. -->","yoast_head_json":{"title":"Esse teste simples mostra se seu descanso real fica mais perto de 6 ou 8 horas - Tua Sa\u00fade","description":"Descubra quantas horas de sono seu corpo realmente precisa. Entenda o teste pr\u00e1tico e o que a ci\u00eancia revela sobre descanso ideal.","robots":{"index":"index","follow":"follow","max-snippet":"max-snippet:-1","max-image-preview":"max-image-preview:large","max-video-preview":"max-video-preview:-1"},"canonical":"https:\/\/www.tuasaude.com\/news\/2026\/03\/14\/esse-teste-simples-mostra-se-seu-descanso-real-fica-mais-perto-de-6-ou-8-horas\/","og_locale":"pt_BR","og_type":"article","og_title":"Esse teste simples mostra se seu descanso real fica mais perto de 6 ou 8 horas - Tua Sa\u00fade","og_description":"Descubra quantas horas de sono seu corpo realmente precisa. Entenda o teste pr\u00e1tico e o que a ci\u00eancia revela sobre descanso ideal.","og_url":"https:\/\/www.tuasaude.com\/news\/2026\/03\/14\/esse-teste-simples-mostra-se-seu-descanso-real-fica-mais-perto-de-6-ou-8-horas\/","og_site_name":"Tua Sa\u00fade","article_published_time":"2026-03-14T23:45:00+00:00","og_image":[{"width":1280,"height":714,"url":"https:\/\/www.tuasaude.com\/news\/wp-content\/uploads\/2026\/03\/freepik__ilustrao-representativa-mostrando-duas-pessoas-dor__9668.png","type":"image\/png"}],"author":"Jeferson Henrique","twitter_card":"summary_large_image","twitter_misc":{"Escrito por":"Jeferson Henrique","Est. tempo de leitura":"5 minutos"},"schema":{"@context":"https:\/\/schema.org","@graph":[{"@type":"Article","@id":"https:\/\/www.tuasaude.com\/news\/2026\/03\/14\/esse-teste-simples-mostra-se-seu-descanso-real-fica-mais-perto-de-6-ou-8-horas\/#article","isPartOf":{"@id":"https:\/\/www.tuasaude.com\/news\/2026\/03\/14\/esse-teste-simples-mostra-se-seu-descanso-real-fica-mais-perto-de-6-ou-8-horas\/"},"author":{"name":"Jeferson Henrique","@id":"https:\/\/www.tuasaude.com\/news\/#\/schema\/person\/963d63d4e1f0c81f5f3a70ba4bcb0ef7"},"headline":"Esse teste simples mostra se seu descanso real fica mais perto de 6 ou 8 horas","datePublished":"2026-03-14T23:45:00+00:00","mainEntityOfPage":{"@id":"https:\/\/www.tuasaude.com\/news\/2026\/03\/14\/esse-teste-simples-mostra-se-seu-descanso-real-fica-mais-perto-de-6-ou-8-horas\/"},"wordCount":779,"commentCount":0,"image":{"@id":"https:\/\/www.tuasaude.com\/news\/2026\/03\/14\/esse-teste-simples-mostra-se-seu-descanso-real-fica-mais-perto-de-6-ou-8-horas\/#primaryimage"},"thumbnailUrl":"https:\/\/www.tuasaude.com\/news\/wp-content\/uploads\/2026\/03\/freepik__ilustrao-representativa-mostrando-duas-pessoas-dor__9668.png","keywords":["cronotipo","descanso ideal","gen\u00e9tica do sono","horas de descanso","necessidade de sono","priva\u00e7\u00e3o de sono","qualidade do sono","quantidade ideal de sono","sono reparador","teste do sono"],"articleSection":["Sa\u00fade"],"inLanguage":"pt-BR","potentialAction":[{"@type":"CommentAction","name":"Comment","target":["https:\/\/www.tuasaude.com\/news\/2026\/03\/14\/esse-teste-simples-mostra-se-seu-descanso-real-fica-mais-perto-de-6-ou-8-horas\/#respond"]}]},{"@type":"WebPage","@id":"https:\/\/www.tuasaude.com\/news\/2026\/03\/14\/esse-teste-simples-mostra-se-seu-descanso-real-fica-mais-perto-de-6-ou-8-horas\/","url":"https:\/\/www.tuasaude.com\/news\/2026\/03\/14\/esse-teste-simples-mostra-se-seu-descanso-real-fica-mais-perto-de-6-ou-8-horas\/","name":"Esse teste simples mostra se seu descanso real fica mais perto de 6 ou 8 horas - Tua Sa\u00fade","isPartOf":{"@id":"https:\/\/www.tuasaude.com\/news\/#website"},"primaryImageOfPage":{"@id":"https:\/\/www.tuasaude.com\/news\/2026\/03\/14\/esse-teste-simples-mostra-se-seu-descanso-real-fica-mais-perto-de-6-ou-8-horas\/#primaryimage"},"image":{"@id":"https:\/\/www.tuasaude.com\/news\/2026\/03\/14\/esse-teste-simples-mostra-se-seu-descanso-real-fica-mais-perto-de-6-ou-8-horas\/#primaryimage"},"thumbnailUrl":"https:\/\/www.tuasaude.com\/news\/wp-content\/uploads\/2026\/03\/freepik__ilustrao-representativa-mostrando-duas-pessoas-dor__9668.png","datePublished":"2026-03-14T23:45:00+00:00","author":{"@id":"https:\/\/www.tuasaude.com\/news\/#\/schema\/person\/963d63d4e1f0c81f5f3a70ba4bcb0ef7"},"description":"Descubra quantas horas de sono seu corpo realmente precisa. Entenda o teste pr\u00e1tico e o que a ci\u00eancia revela sobre descanso ideal.","breadcrumb":{"@id":"https:\/\/www.tuasaude.com\/news\/2026\/03\/14\/esse-teste-simples-mostra-se-seu-descanso-real-fica-mais-perto-de-6-ou-8-horas\/#breadcrumb"},"inLanguage":"pt-BR","potentialAction":[{"@type":"ReadAction","target":["https:\/\/www.tuasaude.com\/news\/2026\/03\/14\/esse-teste-simples-mostra-se-seu-descanso-real-fica-mais-perto-de-6-ou-8-horas\/"]}]},{"@type":"ImageObject","inLanguage":"pt-BR","@id":"https:\/\/www.tuasaude.com\/news\/2026\/03\/14\/esse-teste-simples-mostra-se-seu-descanso-real-fica-mais-perto-de-6-ou-8-horas\/#primaryimage","url":"https:\/\/www.tuasaude.com\/news\/wp-content\/uploads\/2026\/03\/freepik__ilustrao-representativa-mostrando-duas-pessoas-dor__9668.png","contentUrl":"https:\/\/www.tuasaude.com\/news\/wp-content\/uploads\/2026\/03\/freepik__ilustrao-representativa-mostrando-duas-pessoas-dor__9668.png","width":1280,"height":714,"caption":"Dormir menos do que o necess\u00e1rio pode causar fadiga, irritabilidade e dificuldade de concentra\u00e7\u00e3o."},{"@type":"BreadcrumbList","@id":"https:\/\/www.tuasaude.com\/news\/2026\/03\/14\/esse-teste-simples-mostra-se-seu-descanso-real-fica-mais-perto-de-6-ou-8-horas\/#breadcrumb","itemListElement":[{"@type":"ListItem","position":1,"name":"In\u00edcio","item":"https:\/\/www.tuasaude.com\/news\/"},{"@type":"ListItem","position":2,"name":"Esse teste simples mostra se seu descanso real fica mais perto de 6 ou 8 horas"}]},{"@type":"WebSite","@id":"https:\/\/www.tuasaude.com\/news\/#website","url":"https:\/\/www.tuasaude.com\/news\/","name":"Tua Sa\u00fade","description":"Seu site de sa\u00fade","potentialAction":[{"@type":"SearchAction","target":{"@type":"EntryPoint","urlTemplate":"https:\/\/www.tuasaude.com\/news\/?s={search_term_string}"},"query-input":{"@type":"PropertyValueSpecification","valueRequired":true,"valueName":"search_term_string"}}],"inLanguage":"pt-BR"},{"@type":"Person","@id":"https:\/\/www.tuasaude.com\/news\/#\/schema\/person\/963d63d4e1f0c81f5f3a70ba4bcb0ef7","name":"Jeferson Henrique","image":{"@type":"ImageObject","inLanguage":"pt-BR","@id":"https:\/\/www.tuasaude.com\/news\/#\/schema\/person\/image\/","url":"https:\/\/secure.gravatar.com\/avatar\/1a476a54a48eb3cdea5dd2f016708263892c6b9f5e54b641df7c65e980fd6f69?s=96&d=mm&r=g","contentUrl":"https:\/\/secure.gravatar.com\/avatar\/1a476a54a48eb3cdea5dd2f016708263892c6b9f5e54b641df7c65e980fd6f69?s=96&d=mm&r=g","caption":"Jeferson Henrique"},"sameAs":["https:\/\/www.tuasaude.com\/news\/"],"url":"https:\/\/www.tuasaude.com\/news\/author\/jeferson-henrique\/"}]}},"_links":{"self":[{"href":"https:\/\/www.tuasaude.com\/news\/wp-json\/wp\/v2\/posts\/8812","targetHints":{"allow":["GET"]}}],"collection":[{"href":"https:\/\/www.tuasaude.com\/news\/wp-json\/wp\/v2\/posts"}],"about":[{"href":"https:\/\/www.tuasaude.com\/news\/wp-json\/wp\/v2\/types\/post"}],"author":[{"embeddable":true,"href":"https:\/\/www.tuasaude.com\/news\/wp-json\/wp\/v2\/users\/12"}],"replies":[{"embeddable":true,"href":"https:\/\/www.tuasaude.com\/news\/wp-json\/wp\/v2\/comments?post=8812"}],"version-history":[{"count":2,"href":"https:\/\/www.tuasaude.com\/news\/wp-json\/wp\/v2\/posts\/8812\/revisions"}],"predecessor-version":[{"id":8903,"href":"https:\/\/www.tuasaude.com\/news\/wp-json\/wp\/v2\/posts\/8812\/revisions\/8903"}],"wp:featuredmedia":[{"embeddable":true,"href":"https:\/\/www.tuasaude.com\/news\/wp-json\/wp\/v2\/media\/8882"}],"wp:attachment":[{"href":"https:\/\/www.tuasaude.com\/news\/wp-json\/wp\/v2\/media?parent=8812"}],"wp:term":[{"taxonomy":"category","embeddable":true,"href":"https:\/\/www.tuasaude.com\/news\/wp-json\/wp\/v2\/categories?post=8812"},{"taxonomy":"post_tag","embeddable":true,"href":"https:\/\/www.tuasaude.com\/news\/wp-json\/wp\/v2\/tags?post=8812"}],"curies":[{"name":"wp","href":"https:\/\/api.w.org\/{rel}","templated":true}]}}