{"id":8809,"date":"2026-03-14T19:05:00","date_gmt":"2026-03-14T22:05:00","guid":{"rendered":"https:\/\/www.tuasaude.com\/news\/?p=8809"},"modified":"2026-03-13T12:29:49","modified_gmt":"2026-03-13T15:29:49","slug":"sono-arruinado-durante-a-noite-as-vezes-comeca-com-esse-pequeno-erro","status":"publish","type":"post","link":"https:\/\/www.tuasaude.com\/news\/2026\/03\/14\/sono-arruinado-durante-a-noite-as-vezes-comeca-com-esse-pequeno-erro\/","title":{"rendered":"Sono arruinado durante a noite \u00e0s vezes come\u00e7a com esse pequeno erro"},"content":{"rendered":"\n<p>Voc\u00ea fecha a porta do quarto, apaga as luzes, se acomoda sob o cobertor e espera ter uma noite restauradora. Mas enquanto dorme, algo invis\u00edvel pode estar sabotando seu descanso: o ar que voc\u00ea respira. A cada minuto, seu corpo libera di\u00f3xido de carbono no ambiente, e em um quarto fechado esse g\u00e1s se acumula progressivamente ao longo da noite. O resultado s\u00e3o microdespertares, sono mais superficial e aquela sensa\u00e7\u00e3o de cansa\u00e7o mesmo ap\u00f3s horas na cama. A boa not\u00edcia \u00e9 que a solu\u00e7\u00e3o n\u00e3o exige equipamentos sofisticados, apenas uma pequena mudan\u00e7a de h\u00e1bito.<\/p>\n\n\n\n<h2 class=\"wp-block-heading\">Por que o quarto fechado prejudica o sono<\/h2>\n\n\n\n<p>Uma pessoa adulta expira cerca de 250 mililitros de CO\u2082 por minuto. Em um quarto pequeno com porta e janelas completamente fechadas, a concentra\u00e7\u00e3o desse g\u00e1s pode sair de n\u00edveis normais (em torno de 400 ppm) para valores acima de 1.000 ppm em poucas horas. Quando isso acontece, receptores no tronco cerebral detectam a mudan\u00e7a na composi\u00e7\u00e3o do ar e ativam sutilmente o sistema nervoso. O corpo entra em estado de alerta leve, o cortisol sobe, e o sono profundo d\u00e1 lugar a est\u00e1gios mais superficiais. A pessoa acorda sem entender por que n\u00e3o descansou, mesmo tendo dormido o n\u00famero de horas recomendado.<\/p>\n\n\n\n<h2 class=\"wp-block-heading\">O que os estudos mostram sobre ventila\u00e7\u00e3o e descanso<\/h2>\n\n\n\n<p>A rela\u00e7\u00e3o entre a qualidade do ar no quarto e o sono foi investigada de forma rigorosa. Segundo o estudo <a href=\"https:\/\/pubmed.ncbi.nlm.nih.gov\/29164702\/\" target=\"_blank\" rel=\"noreferrer noopener\">Window\/door opening-mediated bedroom ventilation and its impact on sleep quality of healthy, young adults<\/a>, publicado na revista cient\u00edfica Indoor Air em 2018 por pesquisadores da Universidade de Tecnologia de Eindhoven, volunt\u00e1rios monitorados durante cinco noites consecutivas apresentaram resultados significativamente diferentes conforme a condi\u00e7\u00e3o do quarto. Quando a janela ou porta estava aberta, a concentra\u00e7\u00e3o m\u00e9dia de CO\u2082 ficou em 717 ppm; com o ambiente fechado, subiu para 1.150 ppm. A profundidade do sono relatada pelos participantes foi significativamente melhor na condi\u00e7\u00e3o ventilada, e os dados de actigrafia confirmaram melhora objetiva nos est\u00e1gios do sono.<\/p>\n\n\n<div class=\"wp-block-image\">\n<figure class=\"aligncenter size-large\"><img decoding=\"async\" width=\"1024\" height=\"571\" src=\"https:\/\/www.tuasaude.com\/news\/wp-content\/uploads\/2026\/03\/creation_2571355089-1024x571.png\" alt=\"Sono arruinado durante a noite \u00e0s vezes come\u00e7a com esse pequeno erro\" class=\"wp-image-8867\" srcset=\"https:\/\/www.tuasaude.com\/news\/wp-content\/uploads\/2026\/03\/creation_2571355089-1024x571.png 1024w, https:\/\/www.tuasaude.com\/news\/wp-content\/uploads\/2026\/03\/creation_2571355089-300x167.png 300w, https:\/\/www.tuasaude.com\/news\/wp-content\/uploads\/2026\/03\/creation_2571355089-768x428.png 768w, https:\/\/www.tuasaude.com\/news\/wp-content\/uploads\/2026\/03\/creation_2571355089-750x418.png 750w, https:\/\/www.tuasaude.com\/news\/wp-content\/uploads\/2026\/03\/creation_2571355089-1140x636.png 1140w, https:\/\/www.tuasaude.com\/news\/wp-content\/uploads\/2026\/03\/creation_2571355089.png 1280w\" sizes=\"(max-width: 1024px) 100vw, 1024px\" \/><figcaption class=\"wp-element-caption\">Dormir em um quarto totalmente fechado pode aumentar o CO\u2082 e prejudicar o sono.<\/figcaption><\/figure>\n<\/div>\n\n\n<h2 class=\"wp-block-heading\">A regra de ouro: qualquer abertura j\u00e1 faz diferen\u00e7a<\/h2>\n\n\n\n<p>A escolha entre porta entreaberta ou fresta na janela depende das caracter\u00edsticas do ambiente, mas o princ\u00edpio \u00e9 o mesmo: garantir alguma forma de renova\u00e7\u00e3o do ar. Uma abertura de cerca de 10 cent\u00edmetros na porta j\u00e1 permite circula\u00e7\u00e3o suficiente para reduzir o ac\u00famulo de CO\u2082. No caso da janela, uma fresta de 2 a 5 cent\u00edmetros mant\u00e9m a concentra\u00e7\u00e3o do g\u00e1s em n\u00edveis adequados mesmo com duas pessoas no quarto. O ideal \u00e9 manter o CO\u2082 abaixo de 800 ppm durante toda a noite, patamar que pesquisadores consideram seguro para um sono de qualidade.<\/p>\n\n\n\n<h2 class=\"wp-block-heading\">Situa\u00e7\u00f5es que exigem aten\u00e7\u00e3o especial<\/h2>\n\n\n\n<p>Algumas circunst\u00e2ncias tornam a ventila\u00e7\u00e3o mais desafiadora, mas ainda assim poss\u00edvel:<\/p>\n\n\n\n<ul class=\"wp-block-list\">\n<li>Quartos com ar-condicionado exigem cuidado redobrado, pois o aparelho recircula o ar interno sem renov\u00e1-lo; manter uma pequena abertura na janela ou porta mesmo com o equipamento ligado ajuda a equilibrar temperatura e qualidade do ar<\/li>\n\n\n\n<li>Ambientes com ru\u00eddo externo intenso podem se beneficiar da porta entreaberta para o corredor da casa, em vez da janela voltada para a rua<\/li>\n\n\n\n<li>Noites muito frias permitem usar a t\u00e9cnica de ventilar o quarto por 30 minutos antes de dormir, renovando o ar do ambiente e reduzindo a carga inicial de CO\u2082<\/li>\n\n\n\n<li>Quartos compartilhados por duas ou mais pessoas acumulam CO\u2082 mais rapidamente, o que torna a abertura ainda mais importante<\/li>\n<\/ul>\n\n\n<div class=\"wp-block-image\">\n<figure class=\"aligncenter size-large\"><img decoding=\"async\" width=\"1024\" height=\"499\" src=\"https:\/\/www.tuasaude.com\/news\/wp-content\/uploads\/2026\/03\/convertido-35-1024x499.jpg\" alt=\"\" class=\"wp-image-8810\" srcset=\"https:\/\/www.tuasaude.com\/news\/wp-content\/uploads\/2026\/03\/convertido-35-1024x499.jpg 1024w, https:\/\/www.tuasaude.com\/news\/wp-content\/uploads\/2026\/03\/convertido-35-300x146.jpg 300w, https:\/\/www.tuasaude.com\/news\/wp-content\/uploads\/2026\/03\/convertido-35-768x374.jpg 768w, https:\/\/www.tuasaude.com\/news\/wp-content\/uploads\/2026\/03\/convertido-35-750x366.jpg 750w, https:\/\/www.tuasaude.com\/news\/wp-content\/uploads\/2026\/03\/convertido-35-1140x556.jpg 1140w, https:\/\/www.tuasaude.com\/news\/wp-content\/uploads\/2026\/03\/convertido-35.jpg 1280w\" sizes=\"(max-width: 1024px) 100vw, 1024px\" \/><\/figure>\n<\/div>\n\n\n<h2 class=\"wp-block-heading\">Sinais de que o ar do quarto pode estar comprometendo seu sono<\/h2>\n\n\n\n<p>Alguns ind\u00edcios sugerem que a falta de ventila\u00e7\u00e3o est\u00e1 afetando seu descanso:<\/p>\n\n\n\n<ul class=\"wp-block-list\">\n<li>Acordar com a sensa\u00e7\u00e3o de que o quarto est\u00e1 abafado ou com ar pesado<\/li>\n\n\n\n<li>Sentir dor de cabe\u00e7a leve ou garganta seca pela manh\u00e3<\/li>\n\n\n\n<li>Ter dificuldade para se sentir descansado mesmo dormindo muitas horas<\/li>\n\n\n\n<li>Acordar v\u00e1rias vezes durante a noite sem motivo aparente<\/li>\n\n\n\n<li>Apresentar sonol\u00eancia excessiva e dificuldade de concentra\u00e7\u00e3o durante o dia<\/li>\n<\/ul>\n\n\n\n<p>Se voc\u00ea apresenta esses sintomas com frequ\u00eancia e j\u00e1 garantiu ventila\u00e7\u00e3o adequada no quarto, vale investigar outras causas com um profissional. Dist\u00farbios como apneia do sono e ins\u00f4nia cr\u00f4nica podem exigir avalia\u00e7\u00e3o especializada. Saiba mais sobre <a href=\"https:\/\/www.tuasaude.com\/higiene-do-sono\/\" target=\"_blank\" rel=\"noreferrer noopener\">higiene do sono<\/a> e quais h\u00e1bitos favorecem um descanso de qualidade.<\/p>\n\n\n\n<p><em>Este conte\u00fado \u00e9 informativo e n\u00e3o substitui a avalia\u00e7\u00e3o de um profissional de sa\u00fade. Se voc\u00ea apresenta problemas persistentes de sono, procure orienta\u00e7\u00e3o m\u00e9dica para investiga\u00e7\u00e3o e tratamento adequados.<\/em><\/p>\n","protected":false},"excerpt":{"rendered":"<p>Voc\u00ea fecha a porta do quarto, apaga as luzes, se acomoda sob o cobertor e espera ter uma noite restauradora. Mas enquanto dorme, algo invis\u00edvel pode estar sabotando seu descanso: o ar que voc\u00ea respira. A cada minuto, seu corpo libera di\u00f3xido de carbono no ambiente, e em um quarto fechado esse g\u00e1s se acumula [&hellip;]<\/p>\n","protected":false},"author":12,"featured_media":8866,"comment_status":"open","ping_status":"open","sticky":false,"template":"","format":"standard","meta":{"_yoast_wpseo_focuskw":"ventila\u00e7\u00e3o do quarto","_yoast_wpseo_title":"","_yoast_wpseo_metadesc":"Porta aberta ou fresta na janela melhora a ventila\u00e7\u00e3o do quarto e ajuda a evitar sono ruim causado pelo ac\u00famulo de CO\u2082.","jnews-multi-image_gallery":[],"jnews_single_post":{"format":"standard"},"jnews_primary_category":[],"jnews_social_meta":[],"jnews_override_counter":[],"footnotes":""},"categories":[111],"tags":[2493,2496,2491,1173,2495,1159,2492,2497,1208,2494],"class_list":["post-8809","post","type-post","status-publish","format-standard","has-post-thumbnail","hentry","category-saude","tag-acumulo-de-co","tag-ar-do-quarto","tag-fresta-na-janela","tag-higiene-do-sono","tag-porta-aberta","tag-qualidade-do-sono","tag-quarto-fechado","tag-quarto-ventilado","tag-sono-profundo","tag-sono-ruim"],"yoast_head":"<!-- This site is optimized with the Yoast SEO plugin v26.7 - https:\/\/yoast.com\/wordpress\/plugins\/seo\/ -->\n<title>Sono arruinado durante a noite \u00e0s vezes come\u00e7a com esse pequeno erro - Tua Sa\u00fade<\/title>\n<meta name=\"description\" content=\"Porta aberta ou fresta na janela melhora a ventila\u00e7\u00e3o do quarto e ajuda a evitar sono ruim causado pelo ac\u00famulo de CO\u2082.\" \/>\n<meta name=\"robots\" content=\"index, follow, max-snippet:-1, max-image-preview:large, max-video-preview:-1\" \/>\n<link rel=\"canonical\" href=\"https:\/\/www.tuasaude.com\/news\/2026\/03\/14\/sono-arruinado-durante-a-noite-as-vezes-comeca-com-esse-pequeno-erro\/\" \/>\n<meta property=\"og:locale\" content=\"pt_BR\" \/>\n<meta property=\"og:type\" content=\"article\" \/>\n<meta property=\"og:title\" content=\"Sono arruinado durante a noite \u00e0s vezes come\u00e7a com esse pequeno erro - Tua Sa\u00fade\" \/>\n<meta property=\"og:description\" content=\"Porta aberta ou fresta na janela melhora a ventila\u00e7\u00e3o do quarto e ajuda a evitar sono ruim causado pelo ac\u00famulo de CO\u2082.\" \/>\n<meta property=\"og:url\" content=\"https:\/\/www.tuasaude.com\/news\/2026\/03\/14\/sono-arruinado-durante-a-noite-as-vezes-comeca-com-esse-pequeno-erro\/\" \/>\n<meta property=\"og:site_name\" content=\"Tua Sa\u00fade\" \/>\n<meta property=\"article:published_time\" content=\"2026-03-14T22:05:00+00:00\" \/>\n<meta property=\"og:image\" content=\"https:\/\/www.tuasaude.com\/news\/wp-content\/uploads\/2026\/03\/creation_2571354627.png\" \/>\n\t<meta property=\"og:image:width\" content=\"1280\" \/>\n\t<meta property=\"og:image:height\" content=\"714\" \/>\n\t<meta property=\"og:image:type\" content=\"image\/png\" \/>\n<meta name=\"author\" content=\"Jeferson Henrique\" \/>\n<meta name=\"twitter:card\" content=\"summary_large_image\" \/>\n<meta name=\"twitter:label1\" content=\"Escrito por\" \/>\n\t<meta name=\"twitter:data1\" content=\"Jeferson Henrique\" \/>\n\t<meta name=\"twitter:label2\" content=\"Est. tempo de leitura\" \/>\n\t<meta name=\"twitter:data2\" content=\"5 minutos\" \/>\n<!-- \/ Yoast SEO plugin. -->","yoast_head_json":{"title":"Sono arruinado durante a noite \u00e0s vezes come\u00e7a com esse pequeno erro - Tua Sa\u00fade","description":"Porta aberta ou fresta na janela melhora a ventila\u00e7\u00e3o do quarto e ajuda a evitar sono ruim causado pelo ac\u00famulo de CO\u2082.","robots":{"index":"index","follow":"follow","max-snippet":"max-snippet:-1","max-image-preview":"max-image-preview:large","max-video-preview":"max-video-preview:-1"},"canonical":"https:\/\/www.tuasaude.com\/news\/2026\/03\/14\/sono-arruinado-durante-a-noite-as-vezes-comeca-com-esse-pequeno-erro\/","og_locale":"pt_BR","og_type":"article","og_title":"Sono arruinado durante a noite \u00e0s vezes come\u00e7a com esse pequeno erro - Tua Sa\u00fade","og_description":"Porta aberta ou fresta na janela melhora a ventila\u00e7\u00e3o do quarto e ajuda a evitar sono ruim causado pelo ac\u00famulo de CO\u2082.","og_url":"https:\/\/www.tuasaude.com\/news\/2026\/03\/14\/sono-arruinado-durante-a-noite-as-vezes-comeca-com-esse-pequeno-erro\/","og_site_name":"Tua Sa\u00fade","article_published_time":"2026-03-14T22:05:00+00:00","og_image":[{"width":1280,"height":714,"url":"https:\/\/www.tuasaude.com\/news\/wp-content\/uploads\/2026\/03\/creation_2571354627.png","type":"image\/png"}],"author":"Jeferson Henrique","twitter_card":"summary_large_image","twitter_misc":{"Escrito por":"Jeferson Henrique","Est. tempo de leitura":"5 minutos"},"schema":{"@context":"https:\/\/schema.org","@graph":[{"@type":"Article","@id":"https:\/\/www.tuasaude.com\/news\/2026\/03\/14\/sono-arruinado-durante-a-noite-as-vezes-comeca-com-esse-pequeno-erro\/#article","isPartOf":{"@id":"https:\/\/www.tuasaude.com\/news\/2026\/03\/14\/sono-arruinado-durante-a-noite-as-vezes-comeca-com-esse-pequeno-erro\/"},"author":{"name":"Jeferson Henrique","@id":"https:\/\/www.tuasaude.com\/news\/#\/schema\/person\/963d63d4e1f0c81f5f3a70ba4bcb0ef7"},"headline":"Sono arruinado durante a noite \u00e0s vezes come\u00e7a com esse pequeno erro","datePublished":"2026-03-14T22:05:00+00:00","mainEntityOfPage":{"@id":"https:\/\/www.tuasaude.com\/news\/2026\/03\/14\/sono-arruinado-durante-a-noite-as-vezes-comeca-com-esse-pequeno-erro\/"},"wordCount":792,"commentCount":0,"image":{"@id":"https:\/\/www.tuasaude.com\/news\/2026\/03\/14\/sono-arruinado-durante-a-noite-as-vezes-comeca-com-esse-pequeno-erro\/#primaryimage"},"thumbnailUrl":"https:\/\/www.tuasaude.com\/news\/wp-content\/uploads\/2026\/03\/creation_2571354627.png","keywords":["ac\u00famulo de CO\u2082","ar do quarto","fresta na janela","higiene do sono","porta aberta","qualidade do sono","quarto fechado","quarto ventilado","sono profundo","sono ruim"],"articleSection":["Sa\u00fade"],"inLanguage":"pt-BR","potentialAction":[{"@type":"CommentAction","name":"Comment","target":["https:\/\/www.tuasaude.com\/news\/2026\/03\/14\/sono-arruinado-durante-a-noite-as-vezes-comeca-com-esse-pequeno-erro\/#respond"]}]},{"@type":"WebPage","@id":"https:\/\/www.tuasaude.com\/news\/2026\/03\/14\/sono-arruinado-durante-a-noite-as-vezes-comeca-com-esse-pequeno-erro\/","url":"https:\/\/www.tuasaude.com\/news\/2026\/03\/14\/sono-arruinado-durante-a-noite-as-vezes-comeca-com-esse-pequeno-erro\/","name":"Sono arruinado durante a noite \u00e0s vezes come\u00e7a com esse pequeno erro - Tua Sa\u00fade","isPartOf":{"@id":"https:\/\/www.tuasaude.com\/news\/#website"},"primaryImageOfPage":{"@id":"https:\/\/www.tuasaude.com\/news\/2026\/03\/14\/sono-arruinado-durante-a-noite-as-vezes-comeca-com-esse-pequeno-erro\/#primaryimage"},"image":{"@id":"https:\/\/www.tuasaude.com\/news\/2026\/03\/14\/sono-arruinado-durante-a-noite-as-vezes-comeca-com-esse-pequeno-erro\/#primaryimage"},"thumbnailUrl":"https:\/\/www.tuasaude.com\/news\/wp-content\/uploads\/2026\/03\/creation_2571354627.png","datePublished":"2026-03-14T22:05:00+00:00","author":{"@id":"https:\/\/www.tuasaude.com\/news\/#\/schema\/person\/963d63d4e1f0c81f5f3a70ba4bcb0ef7"},"description":"Porta aberta ou fresta na janela melhora a ventila\u00e7\u00e3o do quarto e ajuda a evitar sono ruim causado pelo ac\u00famulo de CO\u2082.","breadcrumb":{"@id":"https:\/\/www.tuasaude.com\/news\/2026\/03\/14\/sono-arruinado-durante-a-noite-as-vezes-comeca-com-esse-pequeno-erro\/#breadcrumb"},"inLanguage":"pt-BR","potentialAction":[{"@type":"ReadAction","target":["https:\/\/www.tuasaude.com\/news\/2026\/03\/14\/sono-arruinado-durante-a-noite-as-vezes-comeca-com-esse-pequeno-erro\/"]}]},{"@type":"ImageObject","inLanguage":"pt-BR","@id":"https:\/\/www.tuasaude.com\/news\/2026\/03\/14\/sono-arruinado-durante-a-noite-as-vezes-comeca-com-esse-pequeno-erro\/#primaryimage","url":"https:\/\/www.tuasaude.com\/news\/wp-content\/uploads\/2026\/03\/creation_2571354627.png","contentUrl":"https:\/\/www.tuasaude.com\/news\/wp-content\/uploads\/2026\/03\/creation_2571354627.png","width":1280,"height":714,"caption":"Manter porta ou janela levemente aberta ajuda a melhorar a qualidade do descanso."},{"@type":"BreadcrumbList","@id":"https:\/\/www.tuasaude.com\/news\/2026\/03\/14\/sono-arruinado-durante-a-noite-as-vezes-comeca-com-esse-pequeno-erro\/#breadcrumb","itemListElement":[{"@type":"ListItem","position":1,"name":"In\u00edcio","item":"https:\/\/www.tuasaude.com\/news\/"},{"@type":"ListItem","position":2,"name":"Sono arruinado durante a noite \u00e0s vezes come\u00e7a com esse pequeno erro"}]},{"@type":"WebSite","@id":"https:\/\/www.tuasaude.com\/news\/#website","url":"https:\/\/www.tuasaude.com\/news\/","name":"Tua Sa\u00fade","description":"Seu site de sa\u00fade","potentialAction":[{"@type":"SearchAction","target":{"@type":"EntryPoint","urlTemplate":"https:\/\/www.tuasaude.com\/news\/?s={search_term_string}"},"query-input":{"@type":"PropertyValueSpecification","valueRequired":true,"valueName":"search_term_string"}}],"inLanguage":"pt-BR"},{"@type":"Person","@id":"https:\/\/www.tuasaude.com\/news\/#\/schema\/person\/963d63d4e1f0c81f5f3a70ba4bcb0ef7","name":"Jeferson Henrique","image":{"@type":"ImageObject","inLanguage":"pt-BR","@id":"https:\/\/www.tuasaude.com\/news\/#\/schema\/person\/image\/","url":"https:\/\/secure.gravatar.com\/avatar\/1a476a54a48eb3cdea5dd2f016708263892c6b9f5e54b641df7c65e980fd6f69?s=96&d=mm&r=g","contentUrl":"https:\/\/secure.gravatar.com\/avatar\/1a476a54a48eb3cdea5dd2f016708263892c6b9f5e54b641df7c65e980fd6f69?s=96&d=mm&r=g","caption":"Jeferson Henrique"},"sameAs":["https:\/\/www.tuasaude.com\/news\/"],"url":"https:\/\/www.tuasaude.com\/news\/author\/jeferson-henrique\/"}]}},"_links":{"self":[{"href":"https:\/\/www.tuasaude.com\/news\/wp-json\/wp\/v2\/posts\/8809","targetHints":{"allow":["GET"]}}],"collection":[{"href":"https:\/\/www.tuasaude.com\/news\/wp-json\/wp\/v2\/posts"}],"about":[{"href":"https:\/\/www.tuasaude.com\/news\/wp-json\/wp\/v2\/types\/post"}],"author":[{"embeddable":true,"href":"https:\/\/www.tuasaude.com\/news\/wp-json\/wp\/v2\/users\/12"}],"replies":[{"embeddable":true,"href":"https:\/\/www.tuasaude.com\/news\/wp-json\/wp\/v2\/comments?post=8809"}],"version-history":[{"count":2,"href":"https:\/\/www.tuasaude.com\/news\/wp-json\/wp\/v2\/posts\/8809\/revisions"}],"predecessor-version":[{"id":8908,"href":"https:\/\/www.tuasaude.com\/news\/wp-json\/wp\/v2\/posts\/8809\/revisions\/8908"}],"wp:featuredmedia":[{"embeddable":true,"href":"https:\/\/www.tuasaude.com\/news\/wp-json\/wp\/v2\/media\/8866"}],"wp:attachment":[{"href":"https:\/\/www.tuasaude.com\/news\/wp-json\/wp\/v2\/media?parent=8809"}],"wp:term":[{"taxonomy":"category","embeddable":true,"href":"https:\/\/www.tuasaude.com\/news\/wp-json\/wp\/v2\/categories?post=8809"},{"taxonomy":"post_tag","embeddable":true,"href":"https:\/\/www.tuasaude.com\/news\/wp-json\/wp\/v2\/tags?post=8809"}],"curies":[{"name":"wp","href":"https:\/\/api.w.org\/{rel}","templated":true}]}}