{"id":8761,"date":"2026-03-14T12:55:00","date_gmt":"2026-03-14T15:55:00","guid":{"rendered":"https:\/\/www.tuasaude.com\/news\/?p=8761"},"modified":"2026-03-13T17:56:50","modified_gmt":"2026-03-13T20:56:50","slug":"tomar-cafe-depois-do-almoco-pode-deixar-o-corpo-mais-cansado-na-manha-seguinte","status":"publish","type":"post","link":"https:\/\/www.tuasaude.com\/news\/2026\/03\/14\/tomar-cafe-depois-do-almoco-pode-deixar-o-corpo-mais-cansado-na-manha-seguinte\/","title":{"rendered":"Tomar caf\u00e9 depois do almo\u00e7o pode deixar o corpo mais cansado na manh\u00e3 seguinte"},"content":{"rendered":"\n<p>Quando o cansa\u00e7o bate no meio da tarde, a solu\u00e7\u00e3o parece \u00f3bvia: uma x\u00edcara de caf\u00e9 para espantar a sonol\u00eancia e garantir produtividade at\u00e9 o fim do expediente. Esse h\u00e1bito, repetido dia ap\u00f3s dia por milh\u00f5es de brasileiros, esconde um paradoxo que poucos percebem. A mesma cafe\u00edna que promete energia imediata pode estar sabotando o sono da noite e deixando voc\u00ea ainda mais esgotado na manh\u00e3 seguinte. O ciclo se repete, e a depend\u00eancia aumenta sem que a pessoa entenda por que nunca se sente verdadeiramente descansada.<\/p>\n\n\n\n<h2 class=\"wp-block-heading\">Como a cafe\u00edna engana o c\u00e9rebro<\/h2>\n\n\n\n<p>A cafe\u00edna n\u00e3o fornece energia real ao organismo. O que ela faz \u00e9 bloquear os receptores de adenosina, uma subst\u00e2ncia que se acumula no c\u00e9rebro ao longo do dia e sinaliza que \u00e9 hora de descansar. Quando voc\u00ea toma caf\u00e9, a adenosina continua sendo produzida, mas o c\u00e9rebro n\u00e3o recebe o aviso de cansa\u00e7o. A sensa\u00e7\u00e3o de alerta \u00e9 tempor\u00e1ria, uma esp\u00e9cie de m\u00e1scara qu\u00edmica. Quando o efeito passa, toda aquela adenosina represada se liga aos receptores de uma s\u00f3 vez, provocando uma onda intensa de fadiga que muitas pessoas tentam combater com mais caf\u00e9.<\/p>\n\n\n\n<h2 class=\"wp-block-heading\">O problema do caf\u00e9 consumido \u00e0 tarde<\/h2>\n\n\n\n<p>A meia-vida da cafe\u00edna, ou seja, o tempo que o corpo leva para eliminar metade da subst\u00e2ncia, varia entre quatro e seis horas na maioria das pessoas. Isso significa que um caf\u00e9 tomado \u00e0s 15h ainda ter\u00e1 metade de sua cafe\u00edna circulando \u00e0s 21h. Mesmo que a pessoa consiga adormecer, a qualidade do sono fica comprometida. O sono profundo, fase essencial para consolida\u00e7\u00e3o da mem\u00f3ria, regula\u00e7\u00e3o hormonal e recupera\u00e7\u00e3o celular, \u00e9 significativamente reduzido. O resultado \u00e9 acordar no dia seguinte sem a sensa\u00e7\u00e3o de descanso, mesmo tendo dormido o n\u00famero de horas recomendado.<\/p>\n\n\n<div class=\"wp-block-image\">\n<figure class=\"aligncenter size-large\"><img decoding=\"async\" width=\"1024\" height=\"571\" src=\"https:\/\/www.tuasaude.com\/news\/wp-content\/uploads\/2026\/03\/creation_2571658164-1024x571.png\" alt=\"Tomar caf\u00e9 depois do almo\u00e7o pode deixar o corpo mais cansado na manh\u00e3 seguinte\" class=\"wp-image-8936\" srcset=\"https:\/\/www.tuasaude.com\/news\/wp-content\/uploads\/2026\/03\/creation_2571658164-1024x571.png 1024w, https:\/\/www.tuasaude.com\/news\/wp-content\/uploads\/2026\/03\/creation_2571658164-300x167.png 300w, https:\/\/www.tuasaude.com\/news\/wp-content\/uploads\/2026\/03\/creation_2571658164-768x428.png 768w, https:\/\/www.tuasaude.com\/news\/wp-content\/uploads\/2026\/03\/creation_2571658164-750x418.png 750w, https:\/\/www.tuasaude.com\/news\/wp-content\/uploads\/2026\/03\/creation_2571658164-1140x636.png 1140w, https:\/\/www.tuasaude.com\/news\/wp-content\/uploads\/2026\/03\/creation_2571658164.png 1280w\" sizes=\"(max-width: 1024px) 100vw, 1024px\" \/><figcaption class=\"wp-element-caption\">A cafe\u00edna bloqueia a adenosina, mascarando temporariamente o cansa\u00e7o.<\/figcaption><\/figure>\n<\/div>\n\n\n<h2 class=\"wp-block-heading\">O que os estudos mostram sobre cafe\u00edna e sono<\/h2>\n\n\n\n<p>A rela\u00e7\u00e3o entre consumo de caf\u00e9 e qualidade do sono est\u00e1 bem documentada pela ci\u00eancia. Segundo a meta-an\u00e1lise <a href=\"https:\/\/pubmed.ncbi.nlm.nih.gov\/36870101\/\" target=\"_blank\" rel=\"noreferrer noopener\">The effect of caffeine on subsequent sleep: A systematic review and meta-analysis<\/a>, publicada na revista Sleep Medicine Reviews, o consumo de cafe\u00edna reduziu o tempo total de sono em m\u00e9dia 45 minutos e a efici\u00eancia do sono em 7%. Os pesquisadores analisaram 24 estudos e identificaram que a dura\u00e7\u00e3o do sono profundo diminuiu cerca de 11 minutos, enquanto o sono leve aumentou. Para evitar preju\u00edzos, a recomenda\u00e7\u00e3o dos autores \u00e9 que o caf\u00e9 seja consumido pelo menos 8,8 horas antes de dormir.<\/p>\n\n\n\n<h2 class=\"wp-block-heading\">Sinais de que o caf\u00e9 est\u00e1 prejudicando sua energia<\/h2>\n\n\n\n<p>Alguns padr\u00f5es indicam que a cafe\u00edna pode estar trabalhando contra voc\u00ea em vez de a seu favor:<\/p>\n\n\n\n<ul class=\"wp-block-list\">\n<li>Precisa de quantidades cada vez maiores de caf\u00e9 para sentir o mesmo efeito de alerta<\/li>\n\n\n\n<li>Acorda cansado mesmo ap\u00f3s dormir sete ou oito horas<\/li>\n\n\n\n<li>Sente uma queda brusca de energia no meio da tarde, justamente quando o caf\u00e9 da manh\u00e3 perde o efeito<\/li>\n\n\n\n<li>Experimenta irritabilidade, ansiedade ou dor de cabe\u00e7a quando n\u00e3o consome cafe\u00edna<\/li>\n\n\n\n<li>Tem dificuldade para adormecer ou acorda v\u00e1rias vezes durante a noite<\/li>\n<\/ul>\n\n\n<div class=\"wp-block-image\">\n<figure class=\"aligncenter size-large\"><img decoding=\"async\" width=\"1024\" height=\"460\" src=\"https:\/\/www.tuasaude.com\/news\/wp-content\/uploads\/2026\/03\/convertido-28-1-1024x460.jpg\" alt=\"\" class=\"wp-image-8765\" srcset=\"https:\/\/www.tuasaude.com\/news\/wp-content\/uploads\/2026\/03\/convertido-28-1-1024x460.jpg 1024w, https:\/\/www.tuasaude.com\/news\/wp-content\/uploads\/2026\/03\/convertido-28-1-300x135.jpg 300w, https:\/\/www.tuasaude.com\/news\/wp-content\/uploads\/2026\/03\/convertido-28-1-768x345.jpg 768w, https:\/\/www.tuasaude.com\/news\/wp-content\/uploads\/2026\/03\/convertido-28-1-750x337.jpg 750w, https:\/\/www.tuasaude.com\/news\/wp-content\/uploads\/2026\/03\/convertido-28-1-1140x512.jpg 1140w, https:\/\/www.tuasaude.com\/news\/wp-content\/uploads\/2026\/03\/convertido-28-1.jpg 1280w\" sizes=\"(max-width: 1024px) 100vw, 1024px\" \/><\/figure>\n<\/div>\n\n\n<h2 class=\"wp-block-heading\">Como recuperar sua energia de forma sustent\u00e1vel<\/h2>\n\n\n\n<p>Reverter o ciclo de depend\u00eancia exige ajustes graduais, n\u00e3o cortes abruptos que provocam sintomas de abstin\u00eancia. Algumas estrat\u00e9gias ajudam a restaurar os n\u00edveis naturais de energia:<\/p>\n\n\n\n<ul class=\"wp-block-list\">\n<li>Concentrar o consumo de caf\u00e9 nas primeiras horas da manh\u00e3, preferencialmente at\u00e9 o meio-dia<\/li>\n\n\n\n<li>Reduzir a quantidade total de cafe\u00edna aos poucos, substituindo uma das x\u00edcaras por vers\u00e3o descafeinada<\/li>\n\n\n\n<li>Combater a sonol\u00eancia da tarde com alternativas como uma caminhada curta, exposi\u00e7\u00e3o \u00e0 luz natural ou um copo de \u00e1gua gelada<\/li>\n\n\n\n<li>Priorizar a qualidade do sono noturno, mantendo hor\u00e1rios regulares e evitando telas antes de dormir<\/li>\n<\/ul>\n\n\n\n<p>A cafe\u00edna n\u00e3o \u00e9 vil\u00e3 quando usada com modera\u00e7\u00e3o e no momento certo. O problema est\u00e1 no uso autom\u00e1tico como solu\u00e7\u00e3o para um cansa\u00e7o que, muitas vezes, ela mesma ajudou a criar. Entender esse mecanismo \u00e9 o primeiro passo para sair do ciclo e recuperar uma energia que vem de dentro, n\u00e3o de uma x\u00edcara. Saiba mais sobre como a <a href=\"https:\/\/www.tuasaude.com\/cafeina\/\" target=\"_blank\" rel=\"noreferrer noopener\">cafe\u00edna<\/a> age no organismo e quais s\u00e3o os limites seguros de consumo.<\/p>\n\n\n\n<p><em>Este conte\u00fado \u00e9 informativo e n\u00e3o substitui a avalia\u00e7\u00e3o de um profissional de sa\u00fade. Se voc\u00ea apresenta fadiga persistente ou dist\u00farbios do sono, procure orienta\u00e7\u00e3o m\u00e9dica para investigar as causas e receber tratamento adequado.<\/em><\/p>\n\n\n\n<p><\/p>\n","protected":false},"excerpt":{"rendered":"<p>Quando o cansa\u00e7o bate no meio da tarde, a solu\u00e7\u00e3o parece \u00f3bvia: uma x\u00edcara de caf\u00e9 para espantar a sonol\u00eancia e garantir produtividade at\u00e9 o fim do expediente. Esse h\u00e1bito, repetido dia ap\u00f3s dia por milh\u00f5es de brasileiros, esconde um paradoxo que poucos percebem. A mesma cafe\u00edna que promete energia imediata pode estar sabotando o [&hellip;]<\/p>\n","protected":false},"author":12,"featured_media":8935,"comment_status":"open","ping_status":"open","sticky":false,"template":"","format":"standard","meta":{"_yoast_wpseo_focuskw":"","_yoast_wpseo_title":"","_yoast_wpseo_metadesc":"Tomar caf\u00e9 \u00e0 tarde pode piorar o sono e aumentar a fadiga mental no dia seguinte. Entenda o que a ci\u00eancia mostra sobre cafe\u00edna e energia.","jnews-multi-image_gallery":[],"jnews_single_post":{"format":"standard"},"jnews_primary_category":[],"jnews_social_meta":[],"jnews_override_counter":[],"footnotes":""},"categories":[111],"tags":[2458,869,2456,2042,2457,732,1815,1159,1208,2459],"class_list":["post-8761","post","type-post","status-publish","format-standard","has-post-thumbnail","hentry","category-saude","tag-cafe-e-sono","tag-cafeina","tag-cansaco-no-dia-seguinte","tag-consumo-de-cafe","tag-dependencia-de-cafeina","tag-energia","tag-fadiga-mental","tag-qualidade-do-sono","tag-sono-profundo","tag-sonolencia-a-tarde"],"yoast_head":"<!-- This site is optimized with the Yoast SEO plugin v26.7 - https:\/\/yoast.com\/wordpress\/plugins\/seo\/ -->\n<title>Tomar caf\u00e9 depois do almo\u00e7o pode deixar o corpo mais cansado na manh\u00e3 seguinte - Tua Sa\u00fade<\/title>\n<meta name=\"description\" content=\"Tomar caf\u00e9 \u00e0 tarde pode piorar o sono e aumentar a fadiga mental no dia seguinte. Entenda o que a ci\u00eancia mostra sobre cafe\u00edna e energia.\" \/>\n<meta name=\"robots\" content=\"index, follow, max-snippet:-1, max-image-preview:large, max-video-preview:-1\" \/>\n<link rel=\"canonical\" href=\"https:\/\/www.tuasaude.com\/news\/2026\/03\/14\/tomar-cafe-depois-do-almoco-pode-deixar-o-corpo-mais-cansado-na-manha-seguinte\/\" \/>\n<meta property=\"og:locale\" content=\"pt_BR\" \/>\n<meta property=\"og:type\" content=\"article\" \/>\n<meta property=\"og:title\" content=\"Tomar caf\u00e9 depois do almo\u00e7o pode deixar o corpo mais cansado na manh\u00e3 seguinte - Tua Sa\u00fade\" \/>\n<meta property=\"og:description\" content=\"Tomar caf\u00e9 \u00e0 tarde pode piorar o sono e aumentar a fadiga mental no dia seguinte. Entenda o que a ci\u00eancia mostra sobre cafe\u00edna e energia.\" \/>\n<meta property=\"og:url\" content=\"https:\/\/www.tuasaude.com\/news\/2026\/03\/14\/tomar-cafe-depois-do-almoco-pode-deixar-o-corpo-mais-cansado-na-manha-seguinte\/\" \/>\n<meta property=\"og:site_name\" content=\"Tua Sa\u00fade\" \/>\n<meta property=\"article:published_time\" content=\"2026-03-14T15:55:00+00:00\" \/>\n<meta property=\"og:image\" content=\"https:\/\/www.tuasaude.com\/news\/wp-content\/uploads\/2026\/03\/creation_2571657749.png\" \/>\n\t<meta property=\"og:image:width\" content=\"1280\" \/>\n\t<meta property=\"og:image:height\" content=\"714\" \/>\n\t<meta property=\"og:image:type\" content=\"image\/png\" \/>\n<meta name=\"author\" content=\"Jeferson Henrique\" \/>\n<meta name=\"twitter:card\" content=\"summary_large_image\" \/>\n<meta name=\"twitter:label1\" content=\"Escrito por\" \/>\n\t<meta name=\"twitter:data1\" content=\"Jeferson Henrique\" \/>\n\t<meta name=\"twitter:label2\" content=\"Est. tempo de leitura\" \/>\n\t<meta name=\"twitter:data2\" content=\"5 minutos\" \/>\n<!-- \/ Yoast SEO plugin. -->","yoast_head_json":{"title":"Tomar caf\u00e9 depois do almo\u00e7o pode deixar o corpo mais cansado na manh\u00e3 seguinte - Tua Sa\u00fade","description":"Tomar caf\u00e9 \u00e0 tarde pode piorar o sono e aumentar a fadiga mental no dia seguinte. Entenda o que a ci\u00eancia mostra sobre cafe\u00edna e energia.","robots":{"index":"index","follow":"follow","max-snippet":"max-snippet:-1","max-image-preview":"max-image-preview:large","max-video-preview":"max-video-preview:-1"},"canonical":"https:\/\/www.tuasaude.com\/news\/2026\/03\/14\/tomar-cafe-depois-do-almoco-pode-deixar-o-corpo-mais-cansado-na-manha-seguinte\/","og_locale":"pt_BR","og_type":"article","og_title":"Tomar caf\u00e9 depois do almo\u00e7o pode deixar o corpo mais cansado na manh\u00e3 seguinte - Tua Sa\u00fade","og_description":"Tomar caf\u00e9 \u00e0 tarde pode piorar o sono e aumentar a fadiga mental no dia seguinte. Entenda o que a ci\u00eancia mostra sobre cafe\u00edna e energia.","og_url":"https:\/\/www.tuasaude.com\/news\/2026\/03\/14\/tomar-cafe-depois-do-almoco-pode-deixar-o-corpo-mais-cansado-na-manha-seguinte\/","og_site_name":"Tua Sa\u00fade","article_published_time":"2026-03-14T15:55:00+00:00","og_image":[{"width":1280,"height":714,"url":"https:\/\/www.tuasaude.com\/news\/wp-content\/uploads\/2026\/03\/creation_2571657749.png","type":"image\/png"}],"author":"Jeferson Henrique","twitter_card":"summary_large_image","twitter_misc":{"Escrito por":"Jeferson Henrique","Est. tempo de leitura":"5 minutos"},"schema":{"@context":"https:\/\/schema.org","@graph":[{"@type":"Article","@id":"https:\/\/www.tuasaude.com\/news\/2026\/03\/14\/tomar-cafe-depois-do-almoco-pode-deixar-o-corpo-mais-cansado-na-manha-seguinte\/#article","isPartOf":{"@id":"https:\/\/www.tuasaude.com\/news\/2026\/03\/14\/tomar-cafe-depois-do-almoco-pode-deixar-o-corpo-mais-cansado-na-manha-seguinte\/"},"author":{"name":"Jeferson Henrique","@id":"https:\/\/www.tuasaude.com\/news\/#\/schema\/person\/963d63d4e1f0c81f5f3a70ba4bcb0ef7"},"headline":"Tomar caf\u00e9 depois do almo\u00e7o pode deixar o corpo mais cansado na manh\u00e3 seguinte","datePublished":"2026-03-14T15:55:00+00:00","mainEntityOfPage":{"@id":"https:\/\/www.tuasaude.com\/news\/2026\/03\/14\/tomar-cafe-depois-do-almoco-pode-deixar-o-corpo-mais-cansado-na-manha-seguinte\/"},"wordCount":780,"commentCount":0,"image":{"@id":"https:\/\/www.tuasaude.com\/news\/2026\/03\/14\/tomar-cafe-depois-do-almoco-pode-deixar-o-corpo-mais-cansado-na-manha-seguinte\/#primaryimage"},"thumbnailUrl":"https:\/\/www.tuasaude.com\/news\/wp-content\/uploads\/2026\/03\/creation_2571657749.png","keywords":["caf\u00e9 e sono","cafe\u00edna","cansa\u00e7o no dia seguinte","consumo de caf\u00e9","depend\u00eancia de cafe\u00edna","energia","fadiga mental","qualidade do sono","sono profundo","sonol\u00eancia \u00e0 tarde"],"articleSection":["Sa\u00fade"],"inLanguage":"pt-BR","potentialAction":[{"@type":"CommentAction","name":"Comment","target":["https:\/\/www.tuasaude.com\/news\/2026\/03\/14\/tomar-cafe-depois-do-almoco-pode-deixar-o-corpo-mais-cansado-na-manha-seguinte\/#respond"]}]},{"@type":"WebPage","@id":"https:\/\/www.tuasaude.com\/news\/2026\/03\/14\/tomar-cafe-depois-do-almoco-pode-deixar-o-corpo-mais-cansado-na-manha-seguinte\/","url":"https:\/\/www.tuasaude.com\/news\/2026\/03\/14\/tomar-cafe-depois-do-almoco-pode-deixar-o-corpo-mais-cansado-na-manha-seguinte\/","name":"Tomar caf\u00e9 depois do almo\u00e7o pode deixar o corpo mais cansado na manh\u00e3 seguinte - Tua Sa\u00fade","isPartOf":{"@id":"https:\/\/www.tuasaude.com\/news\/#website"},"primaryImageOfPage":{"@id":"https:\/\/www.tuasaude.com\/news\/2026\/03\/14\/tomar-cafe-depois-do-almoco-pode-deixar-o-corpo-mais-cansado-na-manha-seguinte\/#primaryimage"},"image":{"@id":"https:\/\/www.tuasaude.com\/news\/2026\/03\/14\/tomar-cafe-depois-do-almoco-pode-deixar-o-corpo-mais-cansado-na-manha-seguinte\/#primaryimage"},"thumbnailUrl":"https:\/\/www.tuasaude.com\/news\/wp-content\/uploads\/2026\/03\/creation_2571657749.png","datePublished":"2026-03-14T15:55:00+00:00","author":{"@id":"https:\/\/www.tuasaude.com\/news\/#\/schema\/person\/963d63d4e1f0c81f5f3a70ba4bcb0ef7"},"description":"Tomar caf\u00e9 \u00e0 tarde pode piorar o sono e aumentar a fadiga mental no dia seguinte. Entenda o que a ci\u00eancia mostra sobre cafe\u00edna e energia.","breadcrumb":{"@id":"https:\/\/www.tuasaude.com\/news\/2026\/03\/14\/tomar-cafe-depois-do-almoco-pode-deixar-o-corpo-mais-cansado-na-manha-seguinte\/#breadcrumb"},"inLanguage":"pt-BR","potentialAction":[{"@type":"ReadAction","target":["https:\/\/www.tuasaude.com\/news\/2026\/03\/14\/tomar-cafe-depois-do-almoco-pode-deixar-o-corpo-mais-cansado-na-manha-seguinte\/"]}]},{"@type":"ImageObject","inLanguage":"pt-BR","@id":"https:\/\/www.tuasaude.com\/news\/2026\/03\/14\/tomar-cafe-depois-do-almoco-pode-deixar-o-corpo-mais-cansado-na-manha-seguinte\/#primaryimage","url":"https:\/\/www.tuasaude.com\/news\/wp-content\/uploads\/2026\/03\/creation_2571657749.png","contentUrl":"https:\/\/www.tuasaude.com\/news\/wp-content\/uploads\/2026\/03\/creation_2571657749.png","width":1280,"height":714,"caption":"Caf\u00e9 consumido \u00e0 tarde pode reduzir a qualidade do sono e o descanso profundo."},{"@type":"BreadcrumbList","@id":"https:\/\/www.tuasaude.com\/news\/2026\/03\/14\/tomar-cafe-depois-do-almoco-pode-deixar-o-corpo-mais-cansado-na-manha-seguinte\/#breadcrumb","itemListElement":[{"@type":"ListItem","position":1,"name":"In\u00edcio","item":"https:\/\/www.tuasaude.com\/news\/"},{"@type":"ListItem","position":2,"name":"Tomar caf\u00e9 depois do almo\u00e7o pode deixar o corpo mais cansado na manh\u00e3 seguinte"}]},{"@type":"WebSite","@id":"https:\/\/www.tuasaude.com\/news\/#website","url":"https:\/\/www.tuasaude.com\/news\/","name":"Tua Sa\u00fade","description":"Seu site de sa\u00fade","potentialAction":[{"@type":"SearchAction","target":{"@type":"EntryPoint","urlTemplate":"https:\/\/www.tuasaude.com\/news\/?s={search_term_string}"},"query-input":{"@type":"PropertyValueSpecification","valueRequired":true,"valueName":"search_term_string"}}],"inLanguage":"pt-BR"},{"@type":"Person","@id":"https:\/\/www.tuasaude.com\/news\/#\/schema\/person\/963d63d4e1f0c81f5f3a70ba4bcb0ef7","name":"Jeferson Henrique","image":{"@type":"ImageObject","inLanguage":"pt-BR","@id":"https:\/\/www.tuasaude.com\/news\/#\/schema\/person\/image\/","url":"https:\/\/secure.gravatar.com\/avatar\/1a476a54a48eb3cdea5dd2f016708263892c6b9f5e54b641df7c65e980fd6f69?s=96&d=mm&r=g","contentUrl":"https:\/\/secure.gravatar.com\/avatar\/1a476a54a48eb3cdea5dd2f016708263892c6b9f5e54b641df7c65e980fd6f69?s=96&d=mm&r=g","caption":"Jeferson Henrique"},"sameAs":["https:\/\/www.tuasaude.com\/news\/"],"url":"https:\/\/www.tuasaude.com\/news\/author\/jeferson-henrique\/"}]}},"_links":{"self":[{"href":"https:\/\/www.tuasaude.com\/news\/wp-json\/wp\/v2\/posts\/8761","targetHints":{"allow":["GET"]}}],"collection":[{"href":"https:\/\/www.tuasaude.com\/news\/wp-json\/wp\/v2\/posts"}],"about":[{"href":"https:\/\/www.tuasaude.com\/news\/wp-json\/wp\/v2\/types\/post"}],"author":[{"embeddable":true,"href":"https:\/\/www.tuasaude.com\/news\/wp-json\/wp\/v2\/users\/12"}],"replies":[{"embeddable":true,"href":"https:\/\/www.tuasaude.com\/news\/wp-json\/wp\/v2\/comments?post=8761"}],"version-history":[{"count":2,"href":"https:\/\/www.tuasaude.com\/news\/wp-json\/wp\/v2\/posts\/8761\/revisions"}],"predecessor-version":[{"id":9007,"href":"https:\/\/www.tuasaude.com\/news\/wp-json\/wp\/v2\/posts\/8761\/revisions\/9007"}],"wp:featuredmedia":[{"embeddable":true,"href":"https:\/\/www.tuasaude.com\/news\/wp-json\/wp\/v2\/media\/8935"}],"wp:attachment":[{"href":"https:\/\/www.tuasaude.com\/news\/wp-json\/wp\/v2\/media?parent=8761"}],"wp:term":[{"taxonomy":"category","embeddable":true,"href":"https:\/\/www.tuasaude.com\/news\/wp-json\/wp\/v2\/categories?post=8761"},{"taxonomy":"post_tag","embeddable":true,"href":"https:\/\/www.tuasaude.com\/news\/wp-json\/wp\/v2\/tags?post=8761"}],"curies":[{"name":"wp","href":"https:\/\/api.w.org\/{rel}","templated":true}]}}