{"id":8754,"date":"2026-03-14T11:30:00","date_gmt":"2026-03-14T14:30:00","guid":{"rendered":"https:\/\/www.tuasaude.com\/news\/?p=8754"},"modified":"2026-03-13T20:15:07","modified_gmt":"2026-03-13T23:15:07","slug":"qual-e-a-fibra-ideal-para-combater-os-picos-de-acucar-no-sangue-apos-as-refeicoes","status":"publish","type":"post","link":"https:\/\/www.tuasaude.com\/news\/2026\/03\/14\/qual-e-a-fibra-ideal-para-combater-os-picos-de-acucar-no-sangue-apos-as-refeicoes\/","title":{"rendered":"Qual \u00e9 a fibra ideal para combater os picos de a\u00e7\u00facar no sangue ap\u00f3s as refei\u00e7\u00f5es?"},"content":{"rendered":"\n<p>Os picos de a\u00e7\u00facar no sangue que acontecem logo ap\u00f3s comer s\u00e3o um dos fatores que mais contribuem para o desenvolvimento de resist\u00eancia \u00e0 insulina e diabetes tipo 2 ao longo do tempo. Entre as estrat\u00e9gias nutricionais mais acess\u00edveis para suavizar essa resposta est\u00e1 o consumo de fibra sol\u00favel, um tipo de fibra presente em alimentos do dia a dia que forma uma esp\u00e9cie de gel no intestino e retarda a velocidade com que a glicose chega \u00e0 corrente sangu\u00ednea. Alimentos como psyllium, aveia, chia e ma\u00e7\u00e3 com casca s\u00e3o alguns dos mais eficazes nessa fun\u00e7\u00e3o e podem ser facilmente inclu\u00eddos na rotina alimentar.<\/p>\n\n\n\n<h2 class=\"wp-block-heading\">Como a fibra sol\u00favel age no controle da glicose?<\/h2>\n\n\n\n<p>Diferente da fibra insol\u00favel, que tem papel principal no funcionamento intestinal, a <a href=\"https:\/\/www.tuasaude.com\/psyllium-metamucil\/\" target=\"_blank\" rel=\"noreferrer noopener\">fibra sol\u00favel se dissolve em \u00e1gua e forma um gel viscoso<\/a> durante a digest\u00e3o. Esse gel cria uma barreira natural no intestino que torna a absor\u00e7\u00e3o dos nutrientes mais lenta, incluindo os a\u00e7\u00facares presentes na refei\u00e7\u00e3o. O resultado \u00e9 uma libera\u00e7\u00e3o gradual de glicose para o sangue, sem os picos abruptos que sobrecarregam o organismo.<\/p>\n\n\n\n<p>Esse mecanismo \u00e9 especialmente importante logo ap\u00f3s as refei\u00e7\u00f5es, momento em que a glicose tende a subir de forma mais r\u00e1pida. Ao tornar a curva de a\u00e7\u00facar mais est\u00e1vel, a fibra sol\u00favel tamb\u00e9m reduz a necessidade de o corpo produzir grandes quantidades de insulina de uma s\u00f3 vez, o que protege o p\u00e2ncreas e melhora a sensibilidade das c\u00e9lulas a esse horm\u00f4nio ao longo do tempo.<\/p>\n\n\n<div class=\"wp-block-image\">\n<figure class=\"aligncenter size-large\"><img decoding=\"async\" width=\"1024\" height=\"571\" src=\"https:\/\/www.tuasaude.com\/news\/wp-content\/uploads\/2026\/03\/creation_2573833971-1024x571.png\" alt=\"Qual \u00e9 a fibra ideal para combater os picos de a\u00e7\u00facar no sangue ap\u00f3s as refei\u00e7\u00f5es?\" class=\"wp-image-9035\" srcset=\"https:\/\/www.tuasaude.com\/news\/wp-content\/uploads\/2026\/03\/creation_2573833971-1024x571.png 1024w, https:\/\/www.tuasaude.com\/news\/wp-content\/uploads\/2026\/03\/creation_2573833971-300x167.png 300w, https:\/\/www.tuasaude.com\/news\/wp-content\/uploads\/2026\/03\/creation_2573833971-768x428.png 768w, https:\/\/www.tuasaude.com\/news\/wp-content\/uploads\/2026\/03\/creation_2573833971-750x418.png 750w, https:\/\/www.tuasaude.com\/news\/wp-content\/uploads\/2026\/03\/creation_2573833971-1140x636.png 1140w, https:\/\/www.tuasaude.com\/news\/wp-content\/uploads\/2026\/03\/creation_2573833971.png 1280w\" sizes=\"(max-width: 1024px) 100vw, 1024px\" \/><figcaption class=\"wp-element-caption\">Fibras sol\u00faveis ajudam a evitar picos de glicose, pois formam um gel no intestino que desacelera a absor\u00e7\u00e3o de a\u00e7\u00facar.<\/figcaption><\/figure>\n<\/div>\n\n\n<h2 class=\"wp-block-heading\">Por que o psyllium se destaca entre as fibras sol\u00faveis?<\/h2>\n\n\n\n<p>Embora diversas fontes de fibra sol\u00favel contribuam para o controle da glicose, o psyllium \u00e9 considerado uma das op\u00e7\u00f5es mais estudadas e eficientes. Extra\u00eddo da casca da semente de <em>Plantago ovata<\/em>, ele tem uma capacidade de formar gel muito superior \u00e0 de outras fibras, o que intensifica o efeito de barreira no intestino. Quando consumido antes das refei\u00e7\u00f5es, o psyllium pode reduzir significativamente a eleva\u00e7\u00e3o de a\u00e7\u00facar no sangue ap\u00f3s comer. Para saber mais sobre as propriedades e formas de uso do <a href=\"https:\/\/www.tuasaude.com\/psyllium-metamucil\/\" target=\"_blank\" rel=\"noreferrer noopener\">psyllium<\/a>, vale consultar fontes especializadas em sa\u00fade.<\/p>\n\n\n\n<h2 class=\"wp-block-heading\">Revis\u00e3o cient\u00edfica confirma os efeitos do psyllium na glicemia<\/h2>\n\n\n\n<p>Os benef\u00edcios do psyllium no controle do a\u00e7\u00facar no sangue j\u00e1 foram amplamente investigados pela ci\u00eancia. Segundo a revis\u00e3o sistem\u00e1tica e meta-an\u00e1lise <em><a href=\"https:\/\/pmc.ncbi.nlm.nih.gov\/articles\/PMC11155034\/\" target=\"_blank\" rel=\"noreferrer noopener\">&#8220;The effect of psyllium on fasting blood sugar, HbA1c, HOMA IR, and insulin control&#8221;<\/a><\/em>, publicada no <em>Frontiers in Nutrition<\/em>, a an\u00e1lise de 19 ensaios cl\u00ednicos randomizados com 962 participantes demonstrou que a suplementa\u00e7\u00e3o com psyllium reduziu de forma significativa os n\u00edveis de glicemia em jejum, a hemoglobina glicada e o \u00edndice de resist\u00eancia \u00e0 insulina em compara\u00e7\u00e3o com o grupo placebo. Os pesquisadores conclu\u00edram que o psyllium \u00e9 uma ferramenta eficaz para melhorar o controle glic\u00eamico, especialmente em pessoas com diabetes tipo 2. <\/p>\n\n\n\n<h2 class=\"wp-block-heading\">Alimentos ricos em fibra sol\u00favel para incluir na rotina<\/h2>\n\n\n\n<p>Al\u00e9m do psyllium em forma de suplemento, \u00e9 poss\u00edvel aumentar a ingest\u00e3o de fibra sol\u00favel naturalmente por meio da alimenta\u00e7\u00e3o. Alguns alimentos s\u00e3o fontes especialmente ricas e f\u00e1ceis de incorporar nas refei\u00e7\u00f5es do dia a dia:<\/p>\n\n\n\n<div style=\"display: flex; flex-wrap: wrap; gap: 20px; justify-content: center; font-family: 'Segoe UI', Roboto, Helvetica, sans-serif; padding: 40px; background-color: #f1f5f9;\">\n\n  <div style=\"flex: 1; min-width: 250px; max-width: 280px; background: #ffffff; border: 1px solid #e2e8f0; padding: 25px; border-radius: 20px; box-shadow: 0 10px 25px rgba(0,0,0,0.05); text-align: center;\">\n\n    <div style=\"font-size: 32px; margin-bottom: 15px;\">\ud83c\udf3e<\/div>\n\n    <h3 style=\"color: #334155; font-size: 1.1em; margin-bottom: 12px; letter-spacing: 1px;\">AVEIA<\/h3>\n\n    <p style=\"color: #475569; font-size: 0.95em; line-height: 1.6; margin: 0;\">\n      Cont\u00e9m <strong>beta-glucana<\/strong>, uma fibra sol\u00favel que ajuda a regular a glicose e contribui para a sa\u00fade intestinal.\n    <\/p>\n\n  <\/div>\n\n  <div style=\"flex: 1; min-width: 250px; max-width: 280px; background: #ffffff; border: 1px solid #e2e8f0; padding: 25px; border-radius: 20px; box-shadow: 0 10px 25px rgba(0,0,0,0.05); text-align: center;\">\n\n    <div style=\"font-size: 32px; margin-bottom: 15px;\">\ud83c\udf4e<\/div>\n\n    <h3 style=\"color: #334155; font-size: 1.1em; margin-bottom: 12px; letter-spacing: 1px;\">MA\u00c7\u00c3 COM CASCA<\/h3>\n\n    <p style=\"color: #475569; font-size: 0.95em; line-height: 1.6; margin: 0;\">\n      Rica em <strong>pectina<\/strong>, fibra sol\u00favel que forma um gel no intestino e ajuda no controle do a\u00e7\u00facar no sangue.\n    <\/p>\n\n  <\/div>\n\n  <div style=\"flex: 1; min-width: 250px; max-width: 280px; background: #ffffff; border: 1px solid #e2e8f0; padding: 25px; border-radius: 20px; box-shadow: 0 10px 25px rgba(0,0,0,0.05); text-align: center;\">\n\n    <div style=\"font-size: 32px; margin-bottom: 15px;\">\ud83c\udf31<\/div>\n\n    <h3 style=\"color: #334155; font-size: 1.1em; margin-bottom: 12px; letter-spacing: 1px;\">SEMENTES DE CHIA<\/h3>\n\n    <p style=\"color: #475569; font-size: 0.95em; line-height: 1.6; margin: 0;\">\n      Absorvem muita \u00e1gua e aumentam a <strong>viscosidade do bolo alimentar<\/strong>, favorecendo a digest\u00e3o.\n    <\/p>\n\n  <\/div>\n\n  <div style=\"flex: 1; min-width: 250px; max-width: 280px; background: #ffffff; border: 1px solid #e2e8f0; padding: 25px; border-radius: 20px; box-shadow: 0 10px 25px rgba(0,0,0,0.05); text-align: center;\">\n\n    <div style=\"font-size: 32px; margin-bottom: 15px;\">\ud83e\uded8<\/div>\n\n    <h3 style=\"color: #334155; font-size: 1.1em; margin-bottom: 12px; letter-spacing: 1px;\">LEGUMINOSAS<\/h3>\n\n    <p style=\"color: #475569; font-size: 0.95em; line-height: 1.6; margin: 0;\">\n      <strong>Feij\u00e3o, lentilha e gr\u00e3o-de-bico<\/strong> combinam fibra sol\u00favel com prote\u00edna vegetal e ajudam no equil\u00edbrio glic\u00eamico.\n    <\/p>\n\n  <\/div>\n\n  <div style=\"flex: 1; min-width: 250px; max-width: 280px; background: #ffffff; border: 1px solid #e2e8f0; padding: 25px; border-radius: 20px; box-shadow: 0 10px 25px rgba(0,0,0,0.05); text-align: center;\">\n\n    <div style=\"font-size: 32px; margin-bottom: 15px;\">\ud83c\udf4c<\/div>\n\n    <h3 style=\"color: #334155; font-size: 1.1em; margin-bottom: 12px; letter-spacing: 1px;\">BANANA VERDE<\/h3>\n\n    <p style=\"color: #475569; font-size: 0.95em; line-height: 1.6; margin: 0;\">\n      Al\u00e9m de fibra sol\u00favel, oferece <strong>amido resistente<\/strong>, que ajuda no controle da glicemia.\n    <\/p>\n\n  <\/div>\n\n<\/div>\n\n\n\n<p>O ideal \u00e9 distribuir o consumo desses alimentos ao longo do dia, especialmente nas refei\u00e7\u00f5es com maior presen\u00e7a de carboidratos, para que o efeito de modera\u00e7\u00e3o da glicose seja mais expressivo.<\/p>\n\n\n\n<h2 class=\"wp-block-heading\">Quando procurar orienta\u00e7\u00e3o profissional sobre fibras e glicemia?<\/h2>\n\n\n\n<p>Embora o aumento de fibra sol\u00favel na dieta seja uma estrat\u00e9gia segura para a maioria das pessoas, alguns cuidados devem ser observados. Mudan\u00e7as bruscas na quantidade de fibras podem causar desconforto abdominal, gases e sensa\u00e7\u00e3o de estufamento. Por isso, o ideal \u00e9 aumentar o consumo de forma gradual e sempre acompanhado de boa ingest\u00e3o de \u00e1gua, j\u00e1 que a fibra sol\u00favel precisa de l\u00edquido para formar o gel adequadamente.<\/p>\n\n\n\n<p>Pessoas que j\u00e1 fazem uso de medicamentos para controlar a glicose ou a insulina devem ter aten\u00e7\u00e3o redobrada, pois a fibra sol\u00favel pode potencializar o efeito desses medicamentos e alterar os n\u00edveis de a\u00e7\u00facar no sangue. Somente um m\u00e9dico ou nutricionista pode orientar sobre a quantidade adequada, a melhor forma de consumo e poss\u00edveis ajustes na medica\u00e7\u00e3o para garantir seguran\u00e7a e efic\u00e1cia no tratamento.<\/p>\n\n\n\n<p><em><strong>Aviso:<\/strong> este conte\u00fado \u00e9 apenas informativo e n\u00e3o substitui, em nenhuma hip\u00f3tese, a avalia\u00e7\u00e3o, o diagn\u00f3stico ou o tratamento de um m\u00e9dico. Consulte sempre um profissional de sa\u00fade qualificado.<\/em><\/p>\n","protected":false},"excerpt":{"rendered":"<p>Os picos de a\u00e7\u00facar no sangue que acontecem logo ap\u00f3s comer s\u00e3o um dos fatores que mais contribuem para o desenvolvimento de resist\u00eancia \u00e0 insulina e diabetes tipo 2 ao longo do tempo. Entre as estrat\u00e9gias nutricionais mais acess\u00edveis para suavizar essa resposta est\u00e1 o consumo de fibra sol\u00favel, um tipo de fibra presente em [&hellip;]<\/p>\n","protected":false},"author":11,"featured_media":9034,"comment_status":"open","ping_status":"open","sticky":false,"template":"","format":"standard","meta":{"_yoast_wpseo_focuskw":"fibra sol\u00favel","_yoast_wpseo_title":"","_yoast_wpseo_metadesc":"Fibra sol\u00favel ajuda a reduzir picos de a\u00e7\u00facar no sangue ap\u00f3s as refei\u00e7\u00f5es. Veja alimentos como psyllium que ajudam no controle da glicose.","jnews-multi-image_gallery":[],"jnews_single_post":{"format":"standard"},"jnews_primary_category":[],"jnews_social_meta":[],"jnews_override_counter":[],"footnotes":""},"categories":[111],"tags":[1153,220,1132,1009],"class_list":["post-8754","post","type-post","status-publish","format-standard","has-post-thumbnail","hentry","category-saude","tag-acucar-no-sangue","tag-alimentacao","tag-fibras","tag-glicemia-desregulada"],"yoast_head":"<!-- This site is optimized with the Yoast SEO plugin v26.7 - https:\/\/yoast.com\/wordpress\/plugins\/seo\/ -->\n<title>Qual \u00e9 a fibra ideal para combater os picos de a\u00e7\u00facar no sangue ap\u00f3s as refei\u00e7\u00f5es? - Tua Sa\u00fade<\/title>\n<meta name=\"description\" content=\"Fibra sol\u00favel ajuda a reduzir picos de a\u00e7\u00facar no sangue ap\u00f3s as refei\u00e7\u00f5es. Veja alimentos como psyllium que ajudam no controle da glicose.\" \/>\n<meta name=\"robots\" content=\"index, follow, max-snippet:-1, max-image-preview:large, max-video-preview:-1\" \/>\n<link rel=\"canonical\" href=\"https:\/\/www.tuasaude.com\/news\/2026\/03\/14\/qual-e-a-fibra-ideal-para-combater-os-picos-de-acucar-no-sangue-apos-as-refeicoes\/\" \/>\n<meta property=\"og:locale\" content=\"pt_BR\" \/>\n<meta property=\"og:type\" content=\"article\" \/>\n<meta property=\"og:title\" content=\"Qual \u00e9 a fibra ideal para combater os picos de a\u00e7\u00facar no sangue ap\u00f3s as refei\u00e7\u00f5es? - Tua Sa\u00fade\" \/>\n<meta property=\"og:description\" content=\"Fibra sol\u00favel ajuda a reduzir picos de a\u00e7\u00facar no sangue ap\u00f3s as refei\u00e7\u00f5es. Veja alimentos como psyllium que ajudam no controle da glicose.\" \/>\n<meta property=\"og:url\" content=\"https:\/\/www.tuasaude.com\/news\/2026\/03\/14\/qual-e-a-fibra-ideal-para-combater-os-picos-de-acucar-no-sangue-apos-as-refeicoes\/\" \/>\n<meta property=\"og:site_name\" content=\"Tua Sa\u00fade\" \/>\n<meta property=\"article:published_time\" content=\"2026-03-14T14:30:00+00:00\" \/>\n<meta property=\"og:image\" content=\"https:\/\/www.tuasaude.com\/news\/wp-content\/uploads\/2026\/03\/creation_2573833760.png\" \/>\n\t<meta property=\"og:image:width\" content=\"1280\" \/>\n\t<meta property=\"og:image:height\" content=\"714\" \/>\n\t<meta property=\"og:image:type\" content=\"image\/png\" \/>\n<meta name=\"author\" content=\"Gessika Julia Carvalho\" \/>\n<meta name=\"twitter:card\" content=\"summary_large_image\" \/>\n<meta name=\"twitter:label1\" content=\"Escrito por\" \/>\n\t<meta name=\"twitter:data1\" content=\"Gessika Julia Carvalho\" \/>\n\t<meta name=\"twitter:label2\" content=\"Est. tempo de leitura\" \/>\n\t<meta name=\"twitter:data2\" content=\"5 minutos\" \/>\n<!-- \/ Yoast SEO plugin. -->","yoast_head_json":{"title":"Qual \u00e9 a fibra ideal para combater os picos de a\u00e7\u00facar no sangue ap\u00f3s as refei\u00e7\u00f5es? - Tua Sa\u00fade","description":"Fibra sol\u00favel ajuda a reduzir picos de a\u00e7\u00facar no sangue ap\u00f3s as refei\u00e7\u00f5es. Veja alimentos como psyllium que ajudam no controle da glicose.","robots":{"index":"index","follow":"follow","max-snippet":"max-snippet:-1","max-image-preview":"max-image-preview:large","max-video-preview":"max-video-preview:-1"},"canonical":"https:\/\/www.tuasaude.com\/news\/2026\/03\/14\/qual-e-a-fibra-ideal-para-combater-os-picos-de-acucar-no-sangue-apos-as-refeicoes\/","og_locale":"pt_BR","og_type":"article","og_title":"Qual \u00e9 a fibra ideal para combater os picos de a\u00e7\u00facar no sangue ap\u00f3s as refei\u00e7\u00f5es? - Tua Sa\u00fade","og_description":"Fibra sol\u00favel ajuda a reduzir picos de a\u00e7\u00facar no sangue ap\u00f3s as refei\u00e7\u00f5es. Veja alimentos como psyllium que ajudam no controle da glicose.","og_url":"https:\/\/www.tuasaude.com\/news\/2026\/03\/14\/qual-e-a-fibra-ideal-para-combater-os-picos-de-acucar-no-sangue-apos-as-refeicoes\/","og_site_name":"Tua Sa\u00fade","article_published_time":"2026-03-14T14:30:00+00:00","og_image":[{"width":1280,"height":714,"url":"https:\/\/www.tuasaude.com\/news\/wp-content\/uploads\/2026\/03\/creation_2573833760.png","type":"image\/png"}],"author":"Gessika Julia Carvalho","twitter_card":"summary_large_image","twitter_misc":{"Escrito por":"Gessika Julia Carvalho","Est. tempo de leitura":"5 minutos"},"schema":{"@context":"https:\/\/schema.org","@graph":[{"@type":"Article","@id":"https:\/\/www.tuasaude.com\/news\/2026\/03\/14\/qual-e-a-fibra-ideal-para-combater-os-picos-de-acucar-no-sangue-apos-as-refeicoes\/#article","isPartOf":{"@id":"https:\/\/www.tuasaude.com\/news\/2026\/03\/14\/qual-e-a-fibra-ideal-para-combater-os-picos-de-acucar-no-sangue-apos-as-refeicoes\/"},"author":{"name":"Gessika Julia Carvalho","@id":"https:\/\/www.tuasaude.com\/news\/#\/schema\/person\/2e9df841be69ec84f5d20ddb8d273ac2"},"headline":"Qual \u00e9 a fibra ideal para combater os picos de a\u00e7\u00facar no sangue ap\u00f3s as refei\u00e7\u00f5es?","datePublished":"2026-03-14T14:30:00+00:00","mainEntityOfPage":{"@id":"https:\/\/www.tuasaude.com\/news\/2026\/03\/14\/qual-e-a-fibra-ideal-para-combater-os-picos-de-acucar-no-sangue-apos-as-refeicoes\/"},"wordCount":923,"commentCount":0,"image":{"@id":"https:\/\/www.tuasaude.com\/news\/2026\/03\/14\/qual-e-a-fibra-ideal-para-combater-os-picos-de-acucar-no-sangue-apos-as-refeicoes\/#primaryimage"},"thumbnailUrl":"https:\/\/www.tuasaude.com\/news\/wp-content\/uploads\/2026\/03\/creation_2573833760.png","keywords":["a\u00e7\u00facar no sangue","Alimenta\u00e7\u00e3o","fibras","glicemia desregulada"],"articleSection":["Sa\u00fade"],"inLanguage":"pt-BR","potentialAction":[{"@type":"CommentAction","name":"Comment","target":["https:\/\/www.tuasaude.com\/news\/2026\/03\/14\/qual-e-a-fibra-ideal-para-combater-os-picos-de-acucar-no-sangue-apos-as-refeicoes\/#respond"]}]},{"@type":"WebPage","@id":"https:\/\/www.tuasaude.com\/news\/2026\/03\/14\/qual-e-a-fibra-ideal-para-combater-os-picos-de-acucar-no-sangue-apos-as-refeicoes\/","url":"https:\/\/www.tuasaude.com\/news\/2026\/03\/14\/qual-e-a-fibra-ideal-para-combater-os-picos-de-acucar-no-sangue-apos-as-refeicoes\/","name":"Qual \u00e9 a fibra ideal para combater os picos de a\u00e7\u00facar no sangue ap\u00f3s as refei\u00e7\u00f5es? - Tua Sa\u00fade","isPartOf":{"@id":"https:\/\/www.tuasaude.com\/news\/#website"},"primaryImageOfPage":{"@id":"https:\/\/www.tuasaude.com\/news\/2026\/03\/14\/qual-e-a-fibra-ideal-para-combater-os-picos-de-acucar-no-sangue-apos-as-refeicoes\/#primaryimage"},"image":{"@id":"https:\/\/www.tuasaude.com\/news\/2026\/03\/14\/qual-e-a-fibra-ideal-para-combater-os-picos-de-acucar-no-sangue-apos-as-refeicoes\/#primaryimage"},"thumbnailUrl":"https:\/\/www.tuasaude.com\/news\/wp-content\/uploads\/2026\/03\/creation_2573833760.png","datePublished":"2026-03-14T14:30:00+00:00","author":{"@id":"https:\/\/www.tuasaude.com\/news\/#\/schema\/person\/2e9df841be69ec84f5d20ddb8d273ac2"},"description":"Fibra sol\u00favel ajuda a reduzir picos de a\u00e7\u00facar no sangue ap\u00f3s as refei\u00e7\u00f5es. Veja alimentos como psyllium que ajudam no controle da glicose.","breadcrumb":{"@id":"https:\/\/www.tuasaude.com\/news\/2026\/03\/14\/qual-e-a-fibra-ideal-para-combater-os-picos-de-acucar-no-sangue-apos-as-refeicoes\/#breadcrumb"},"inLanguage":"pt-BR","potentialAction":[{"@type":"ReadAction","target":["https:\/\/www.tuasaude.com\/news\/2026\/03\/14\/qual-e-a-fibra-ideal-para-combater-os-picos-de-acucar-no-sangue-apos-as-refeicoes\/"]}]},{"@type":"ImageObject","inLanguage":"pt-BR","@id":"https:\/\/www.tuasaude.com\/news\/2026\/03\/14\/qual-e-a-fibra-ideal-para-combater-os-picos-de-acucar-no-sangue-apos-as-refeicoes\/#primaryimage","url":"https:\/\/www.tuasaude.com\/news\/wp-content\/uploads\/2026\/03\/creation_2573833760.png","contentUrl":"https:\/\/www.tuasaude.com\/news\/wp-content\/uploads\/2026\/03\/creation_2573833760.png","width":1280,"height":714,"caption":"Alimentos como psyllium, aveia, chia, ma\u00e7\u00e3 com casca e leguminosas s\u00e3o boas fontes desse tipo de fibra."},{"@type":"BreadcrumbList","@id":"https:\/\/www.tuasaude.com\/news\/2026\/03\/14\/qual-e-a-fibra-ideal-para-combater-os-picos-de-acucar-no-sangue-apos-as-refeicoes\/#breadcrumb","itemListElement":[{"@type":"ListItem","position":1,"name":"In\u00edcio","item":"https:\/\/www.tuasaude.com\/news\/"},{"@type":"ListItem","position":2,"name":"Qual \u00e9 a fibra ideal para combater os picos de a\u00e7\u00facar no sangue ap\u00f3s as refei\u00e7\u00f5es?"}]},{"@type":"WebSite","@id":"https:\/\/www.tuasaude.com\/news\/#website","url":"https:\/\/www.tuasaude.com\/news\/","name":"Tua Sa\u00fade","description":"Seu site de sa\u00fade","potentialAction":[{"@type":"SearchAction","target":{"@type":"EntryPoint","urlTemplate":"https:\/\/www.tuasaude.com\/news\/?s={search_term_string}"},"query-input":{"@type":"PropertyValueSpecification","valueRequired":true,"valueName":"search_term_string"}}],"inLanguage":"pt-BR"},{"@type":"Person","@id":"https:\/\/www.tuasaude.com\/news\/#\/schema\/person\/2e9df841be69ec84f5d20ddb8d273ac2","name":"Gessika Julia Carvalho","image":{"@type":"ImageObject","inLanguage":"pt-BR","@id":"https:\/\/www.tuasaude.com\/news\/#\/schema\/person\/image\/","url":"https:\/\/secure.gravatar.com\/avatar\/0fcc8769024577fd0bc6a8b766055690f76a8e8f29dfb2a2f89cf04db8d0f2d2?s=96&d=mm&r=g","contentUrl":"https:\/\/secure.gravatar.com\/avatar\/0fcc8769024577fd0bc6a8b766055690f76a8e8f29dfb2a2f89cf04db8d0f2d2?s=96&d=mm&r=g","caption":"Gessika Julia Carvalho"},"sameAs":["https:\/\/www.tuasaude.com\/news\/"],"url":"https:\/\/www.tuasaude.com\/news\/author\/gessika-julia\/"}]}},"_links":{"self":[{"href":"https:\/\/www.tuasaude.com\/news\/wp-json\/wp\/v2\/posts\/8754","targetHints":{"allow":["GET"]}}],"collection":[{"href":"https:\/\/www.tuasaude.com\/news\/wp-json\/wp\/v2\/posts"}],"about":[{"href":"https:\/\/www.tuasaude.com\/news\/wp-json\/wp\/v2\/types\/post"}],"author":[{"embeddable":true,"href":"https:\/\/www.tuasaude.com\/news\/wp-json\/wp\/v2\/users\/11"}],"replies":[{"embeddable":true,"href":"https:\/\/www.tuasaude.com\/news\/wp-json\/wp\/v2\/comments?post=8754"}],"version-history":[{"count":2,"href":"https:\/\/www.tuasaude.com\/news\/wp-json\/wp\/v2\/posts\/8754\/revisions"}],"predecessor-version":[{"id":9071,"href":"https:\/\/www.tuasaude.com\/news\/wp-json\/wp\/v2\/posts\/8754\/revisions\/9071"}],"wp:featuredmedia":[{"embeddable":true,"href":"https:\/\/www.tuasaude.com\/news\/wp-json\/wp\/v2\/media\/9034"}],"wp:attachment":[{"href":"https:\/\/www.tuasaude.com\/news\/wp-json\/wp\/v2\/media?parent=8754"}],"wp:term":[{"taxonomy":"category","embeddable":true,"href":"https:\/\/www.tuasaude.com\/news\/wp-json\/wp\/v2\/categories?post=8754"},{"taxonomy":"post_tag","embeddable":true,"href":"https:\/\/www.tuasaude.com\/news\/wp-json\/wp\/v2\/tags?post=8754"}],"curies":[{"name":"wp","href":"https:\/\/api.w.org\/{rel}","templated":true}]}}