{"id":8742,"date":"2026-03-14T10:15:00","date_gmt":"2026-03-14T13:15:00","guid":{"rendered":"https:\/\/www.tuasaude.com\/news\/?p=8742"},"modified":"2026-03-13T20:15:11","modified_gmt":"2026-03-13T23:15:11","slug":"quando-a-cabeca-pesa-apos-o-almoco-esse-tuberculo-pode-fazer-diferenca","status":"publish","type":"post","link":"https:\/\/www.tuasaude.com\/news\/2026\/03\/14\/quando-a-cabeca-pesa-apos-o-almoco-esse-tuberculo-pode-fazer-diferenca\/","title":{"rendered":"Quando a cabe\u00e7a pesa ap\u00f3s o almo\u00e7o, esse tub\u00e9rculo pode fazer diferen\u00e7a"},"content":{"rendered":"\n<p>Aquela sensa\u00e7\u00e3o de cabe\u00e7a pesada e dificuldade de concentra\u00e7\u00e3o logo ap\u00f3s o almo\u00e7o afeta milh\u00f5es de pessoas diariamente. Muitos atribuem o problema apenas ao sono ruim da noite anterior, mas a composi\u00e7\u00e3o do prato tem papel central nesse fen\u00f4meno. A boa not\u00edcia \u00e9 que um alimento acess\u00edvel e vers\u00e1til pode ajudar a manter a energia cerebral est\u00e1vel ao longo da tarde: a batata-doce. Rica em carboidratos complexos, antioxidantes e compostos neuroprotetores, ela oferece benef\u00edcios que v\u00e3o muito al\u00e9m da saciedade.<\/p>\n\n\n\n<h2 class=\"wp-block-heading\">Por que o c\u00e9rebro &#8220;desliga&#8221; depois de comer<\/h2>\n\n\n\n<p>O chamado &#8220;apag\u00e3o&#8221; da tarde acontece quando refei\u00e7\u00f5es ricas em carboidratos simples provocam picos r\u00e1pidos de glicose no sangue. Em resposta, o p\u00e2ncreas libera insulina em grande quantidade para normalizar o a\u00e7\u00facar circulante. O problema surge quando essa libera\u00e7\u00e3o \u00e9 excessiva, causando uma queda brusca da glicose logo em seguida. O resultado \u00e9 uma sensa\u00e7\u00e3o de fadiga, dificuldade para raciocinar e vontade intensa de cochilar.<\/p>\n\n\n\n<p>Alimentos como arroz branco, p\u00e3o branco e massas refinadas t\u00eam alto \u00edndice glic\u00eamico e favorecem esse efeito rebote. J\u00e1 os carboidratos complexos, como os presentes na batata-doce, s\u00e3o digeridos de forma mais lenta, liberando energia de maneira gradual e evitando as oscila\u00e7\u00f5es que prejudicam o funcionamento cerebral.<\/p>\n\n\n<div class=\"wp-block-image\">\n<figure class=\"aligncenter size-large\"><img decoding=\"async\" width=\"1024\" height=\"571\" src=\"https:\/\/www.tuasaude.com\/news\/wp-content\/uploads\/2026\/03\/creation_2573854335-1024x571.png\" alt=\"Quando a cabe\u00e7a pesa ap\u00f3s o almo\u00e7o, esse tub\u00e9rculo pode fazer diferen\u00e7a\" class=\"wp-image-9043\" srcset=\"https:\/\/www.tuasaude.com\/news\/wp-content\/uploads\/2026\/03\/creation_2573854335-1024x571.png 1024w, https:\/\/www.tuasaude.com\/news\/wp-content\/uploads\/2026\/03\/creation_2573854335-300x167.png 300w, https:\/\/www.tuasaude.com\/news\/wp-content\/uploads\/2026\/03\/creation_2573854335-768x428.png 768w, https:\/\/www.tuasaude.com\/news\/wp-content\/uploads\/2026\/03\/creation_2573854335-750x418.png 750w, https:\/\/www.tuasaude.com\/news\/wp-content\/uploads\/2026\/03\/creation_2573854335-1140x636.png 1140w, https:\/\/www.tuasaude.com\/news\/wp-content\/uploads\/2026\/03\/creation_2573854335.png 1280w\" sizes=\"(max-width: 1024px) 100vw, 1024px\" \/><figcaption class=\"wp-element-caption\">A batata-doce libera energia de forma gradual, ajudando a manter a concentra\u00e7\u00e3o e evitar o \u201capag\u00e3o\u201d da tarde.<\/figcaption><\/figure>\n<\/div>\n\n\n<h2 class=\"wp-block-heading\">Como a batata-doce protege o c\u00e9rebro<\/h2>\n\n\n\n<p>A batata-doce se destaca por reunir nutrientes que atuam diretamente na sa\u00fade cognitiva. Seu baixo \u00edndice glic\u00eamico, quando cozida em \u00e1gua, garante uma oferta est\u00e1vel de glicose para o c\u00e9rebro, evitando os altos e baixos que comprometem a concentra\u00e7\u00e3o. Al\u00e9m disso, o tub\u00e9rculo \u00e9 fonte de vitaminas do complexo B, magn\u00e9sio, pot\u00e1ssio e betacaroteno, nutrientes envolvidos na comunica\u00e7\u00e3o entre os neur\u00f4nios e na manuten\u00e7\u00e3o de estruturas cerebrais saud\u00e1veis.<\/p>\n\n\n\n<p>A variedade roxa merece aten\u00e7\u00e3o especial por conter antocianinas, pigmentos com potente a\u00e7\u00e3o antioxidante capazes de atravessar a barreira do c\u00e9rebro e proteger os neur\u00f4nios contra danos causados pelo envelhecimento e pelo estresse oxidativo. J\u00e1 as variedades alaranjadas s\u00e3o ricas em betacaroteno, precursor da vitamina A, fundamental para processos cognitivos e para a integridade do sistema nervoso.<\/p>\n\n\n\n<h2 class=\"wp-block-heading\">O que dizem os estudos cient\u00edficos<\/h2>\n\n\n\n<p>A rela\u00e7\u00e3o entre a batata-doce e a prote\u00e7\u00e3o cerebral est\u00e1 documentada em pesquisas cient\u00edficas. Segundo a revis\u00e3o <a href=\"https:\/\/pmc.ncbi.nlm.nih.gov\/articles\/PMC9495970\/\" target=\"_blank\" rel=\"noreferrer noopener\">Sweet Potato Is Not Simply an Abundant Food Crop: A Comprehensive Review of Its Phytochemical Constituents, Biological Activities, and the Effects of Processing<\/a>, publicada na revista Antioxidants, a batata-doce cont\u00e9m compostos bioativos com propriedades neuroprotetoras, anti-inflamat\u00f3rias e antioxidantes.<\/p>\n\n\n\n<p>Os pesquisadores destacam que as antocianinas presentes na variedade roxa demonstraram capacidade de melhorar a fun\u00e7\u00e3o cognitiva em modelos experimentais, reduzindo a inflama\u00e7\u00e3o cerebral e protegendo contra o decl\u00ednio da mem\u00f3ria associado ao envelhecimento. O estudo refor\u00e7a que o consumo regular desse tub\u00e9rculo pode contribuir para a preven\u00e7\u00e3o de doen\u00e7as cr\u00f4nicas, incluindo aquelas que afetam o sistema nervoso.<\/p>\n\n\n\n<h2 class=\"wp-block-heading\">Formas de incluir a batata-doce no almo\u00e7o<\/h2>\n\n\n\n<p>A versatilidade da batata-doce permite incorpor\u00e1-la facilmente ao card\u00e1pio do meio-dia. Algumas sugest\u00f5es pr\u00e1ticas incluem:<\/p>\n\n\n\n<ul class=\"wp-block-list\">\n<li><strong>Cozida em \u00e1gua:<\/strong> a forma de preparo com menor \u00edndice glic\u00eamico, ideal para manter a energia est\u00e1vel durante a tarde<\/li>\n\n\n\n<li><strong>Em cubos na salada:<\/strong> combina bem com folhas verdes, gr\u00e3o-de-bico e um fio de azeite<\/li>\n\n\n\n<li><strong>Como substituto do arroz branco:<\/strong> oferece mais fibras e libera energia de forma gradual<\/li>\n\n\n\n<li><strong>Pur\u00ea simples:<\/strong> uma alternativa nutritiva ao pur\u00ea de batata inglesa tradicional<\/li>\n<\/ul>\n\n\n\n<p>A dica \u00e9 evitar prepara\u00e7\u00f5es assadas em alta temperatura ou fritas, que elevam significativamente o \u00edndice glic\u00eamico do alimento. Cozinhar em \u00e1gua fervente, com casca e pelo menor tempo poss\u00edvel, preserva melhor os nutrientes e mant\u00e9m a libera\u00e7\u00e3o de a\u00e7\u00facar mais controlada.<\/p>\n\n\n\n<figure class=\"wp-block-image size-large\"><img decoding=\"async\" width=\"1024\" height=\"460\" src=\"https:\/\/www.tuasaude.com\/news\/wp-content\/uploads\/2026\/03\/convertido-24-1-1024x460.jpg\" alt=\"\" class=\"wp-image-8744\" srcset=\"https:\/\/www.tuasaude.com\/news\/wp-content\/uploads\/2026\/03\/convertido-24-1-1024x460.jpg 1024w, https:\/\/www.tuasaude.com\/news\/wp-content\/uploads\/2026\/03\/convertido-24-1-300x135.jpg 300w, https:\/\/www.tuasaude.com\/news\/wp-content\/uploads\/2026\/03\/convertido-24-1-768x345.jpg 768w, https:\/\/www.tuasaude.com\/news\/wp-content\/uploads\/2026\/03\/convertido-24-1-750x337.jpg 750w, https:\/\/www.tuasaude.com\/news\/wp-content\/uploads\/2026\/03\/convertido-24-1-1140x512.jpg 1140w, https:\/\/www.tuasaude.com\/news\/wp-content\/uploads\/2026\/03\/convertido-24-1.jpg 1280w\" sizes=\"(max-width: 1024px) 100vw, 1024px\" \/><\/figure>\n\n\n\n<h2 class=\"wp-block-heading\">Quando a alimenta\u00e7\u00e3o n\u00e3o resolve<\/h2>\n\n\n\n<p>Embora ajustes no prato possam reduzir a sonol\u00eancia p\u00f3s-almo\u00e7o, alguns sinais indicam que o problema pode ter outras causas. Sonol\u00eancia extrema que interfere nas atividades di\u00e1rias, dificuldade para se manter acordado mesmo ap\u00f3s noites bem dormidas e epis\u00f3dios frequentes de confus\u00e3o mental justificam uma avalia\u00e7\u00e3o m\u00e9dica. Condi\u00e7\u00f5es como resist\u00eancia \u00e0 insulina, hipotireoidismo ou apneia do sono podem estar por tr\u00e1s do cansa\u00e7o persistente. Para saber mais sobre os <a href=\"https:\/\/www.tuasaude.com\/beneficios-da-batata-doce\/\" target=\"_blank\" rel=\"noreferrer noopener\">benef\u00edcios da batata-doce<\/a>, confira o conte\u00fado completo do Tua Sa\u00fade.<\/p>\n\n\n\n<p><em>Este conte\u00fado \u00e9 informativo e n\u00e3o substitui a avalia\u00e7\u00e3o de um profissional de sa\u00fade. Se voc\u00ea apresenta cansa\u00e7o persistente ou dificuldades cognitivas frequentes, procure orienta\u00e7\u00e3o m\u00e9dica.<\/em><\/p>\n\n\n\n<p><\/p>\n","protected":false},"excerpt":{"rendered":"<p>Aquela sensa\u00e7\u00e3o de cabe\u00e7a pesada e dificuldade de concentra\u00e7\u00e3o logo ap\u00f3s o almo\u00e7o afeta milh\u00f5es de pessoas diariamente. Muitos atribuem o problema apenas ao sono ruim da noite anterior, mas a composi\u00e7\u00e3o do prato tem papel central nesse fen\u00f4meno. A boa not\u00edcia \u00e9 que um alimento acess\u00edvel e vers\u00e1til pode ajudar a manter a energia [&hellip;]<\/p>\n","protected":false},"author":12,"featured_media":9042,"comment_status":"open","ping_status":"open","sticky":false,"template":"","format":"standard","meta":{"_yoast_wpseo_focuskw":"batata-doce","_yoast_wpseo_title":"","_yoast_wpseo_metadesc":"Batata-doce ajuda a combater a n\u00e9voa mental p\u00f3s-almo\u00e7o. Entenda como esse tub\u00e9rculo fortalece a mem\u00f3ria e mant\u00e9m a energia cerebral est\u00e1vel.","jnews-multi-image_gallery":[],"jnews_single_post":{"format":"standard"},"jnews_primary_category":[],"jnews_social_meta":[],"jnews_override_counter":[],"footnotes":""},"categories":[111],"tags":[2437,2435,2436,1782,2434,1452,1026,2433,2438,2432],"class_list":["post-8742","post","type-post","status-publish","format-standard","has-post-thumbnail","hentry","category-saude","tag-antocianinas","tag-batata-doce-roxa","tag-carboidratos-complexos","tag-concentracao","tag-energia-cerebral","tag-indice-glicemico","tag-memoria","tag-nevoa-mental","tag-saude-cognitiva","tag-sonolencia-pos-almoco"],"yoast_head":"<!-- This site is optimized with the Yoast SEO plugin v26.7 - https:\/\/yoast.com\/wordpress\/plugins\/seo\/ -->\n<title>Quando a cabe\u00e7a pesa ap\u00f3s o almo\u00e7o, esse tub\u00e9rculo pode fazer diferen\u00e7a - Tua Sa\u00fade<\/title>\n<meta name=\"description\" content=\"Batata-doce ajuda a combater a n\u00e9voa mental p\u00f3s-almo\u00e7o. Entenda como esse tub\u00e9rculo fortalece a mem\u00f3ria e mant\u00e9m a energia cerebral est\u00e1vel.\" \/>\n<meta name=\"robots\" content=\"index, follow, max-snippet:-1, max-image-preview:large, max-video-preview:-1\" \/>\n<link rel=\"canonical\" href=\"https:\/\/www.tuasaude.com\/news\/2026\/03\/14\/quando-a-cabeca-pesa-apos-o-almoco-esse-tuberculo-pode-fazer-diferenca\/\" \/>\n<meta property=\"og:locale\" content=\"pt_BR\" \/>\n<meta property=\"og:type\" content=\"article\" \/>\n<meta property=\"og:title\" content=\"Quando a cabe\u00e7a pesa ap\u00f3s o almo\u00e7o, esse tub\u00e9rculo pode fazer diferen\u00e7a - Tua Sa\u00fade\" \/>\n<meta property=\"og:description\" content=\"Batata-doce ajuda a combater a n\u00e9voa mental p\u00f3s-almo\u00e7o. Entenda como esse tub\u00e9rculo fortalece a mem\u00f3ria e mant\u00e9m a energia cerebral est\u00e1vel.\" \/>\n<meta property=\"og:url\" content=\"https:\/\/www.tuasaude.com\/news\/2026\/03\/14\/quando-a-cabeca-pesa-apos-o-almoco-esse-tuberculo-pode-fazer-diferenca\/\" \/>\n<meta property=\"og:site_name\" content=\"Tua Sa\u00fade\" \/>\n<meta property=\"article:published_time\" content=\"2026-03-14T13:15:00+00:00\" \/>\n<meta property=\"og:image\" content=\"https:\/\/www.tuasaude.com\/news\/wp-content\/uploads\/2026\/03\/creation_2573854150.png\" \/>\n\t<meta property=\"og:image:width\" content=\"1280\" \/>\n\t<meta property=\"og:image:height\" content=\"714\" \/>\n\t<meta property=\"og:image:type\" content=\"image\/png\" \/>\n<meta name=\"author\" content=\"Jeferson Henrique\" \/>\n<meta name=\"twitter:card\" content=\"summary_large_image\" \/>\n<meta name=\"twitter:label1\" content=\"Escrito por\" \/>\n\t<meta name=\"twitter:data1\" content=\"Jeferson Henrique\" \/>\n\t<meta name=\"twitter:label2\" content=\"Est. tempo de leitura\" \/>\n\t<meta name=\"twitter:data2\" content=\"5 minutos\" \/>\n<!-- \/ Yoast SEO plugin. -->","yoast_head_json":{"title":"Quando a cabe\u00e7a pesa ap\u00f3s o almo\u00e7o, esse tub\u00e9rculo pode fazer diferen\u00e7a - Tua Sa\u00fade","description":"Batata-doce ajuda a combater a n\u00e9voa mental p\u00f3s-almo\u00e7o. Entenda como esse tub\u00e9rculo fortalece a mem\u00f3ria e mant\u00e9m a energia cerebral est\u00e1vel.","robots":{"index":"index","follow":"follow","max-snippet":"max-snippet:-1","max-image-preview":"max-image-preview:large","max-video-preview":"max-video-preview:-1"},"canonical":"https:\/\/www.tuasaude.com\/news\/2026\/03\/14\/quando-a-cabeca-pesa-apos-o-almoco-esse-tuberculo-pode-fazer-diferenca\/","og_locale":"pt_BR","og_type":"article","og_title":"Quando a cabe\u00e7a pesa ap\u00f3s o almo\u00e7o, esse tub\u00e9rculo pode fazer diferen\u00e7a - Tua Sa\u00fade","og_description":"Batata-doce ajuda a combater a n\u00e9voa mental p\u00f3s-almo\u00e7o. Entenda como esse tub\u00e9rculo fortalece a mem\u00f3ria e mant\u00e9m a energia cerebral est\u00e1vel.","og_url":"https:\/\/www.tuasaude.com\/news\/2026\/03\/14\/quando-a-cabeca-pesa-apos-o-almoco-esse-tuberculo-pode-fazer-diferenca\/","og_site_name":"Tua Sa\u00fade","article_published_time":"2026-03-14T13:15:00+00:00","og_image":[{"width":1280,"height":714,"url":"https:\/\/www.tuasaude.com\/news\/wp-content\/uploads\/2026\/03\/creation_2573854150.png","type":"image\/png"}],"author":"Jeferson Henrique","twitter_card":"summary_large_image","twitter_misc":{"Escrito por":"Jeferson Henrique","Est. tempo de leitura":"5 minutos"},"schema":{"@context":"https:\/\/schema.org","@graph":[{"@type":"Article","@id":"https:\/\/www.tuasaude.com\/news\/2026\/03\/14\/quando-a-cabeca-pesa-apos-o-almoco-esse-tuberculo-pode-fazer-diferenca\/#article","isPartOf":{"@id":"https:\/\/www.tuasaude.com\/news\/2026\/03\/14\/quando-a-cabeca-pesa-apos-o-almoco-esse-tuberculo-pode-fazer-diferenca\/"},"author":{"name":"Jeferson Henrique","@id":"https:\/\/www.tuasaude.com\/news\/#\/schema\/person\/963d63d4e1f0c81f5f3a70ba4bcb0ef7"},"headline":"Quando a cabe\u00e7a pesa ap\u00f3s o almo\u00e7o, esse tub\u00e9rculo pode fazer diferen\u00e7a","datePublished":"2026-03-14T13:15:00+00:00","mainEntityOfPage":{"@id":"https:\/\/www.tuasaude.com\/news\/2026\/03\/14\/quando-a-cabeca-pesa-apos-o-almoco-esse-tuberculo-pode-fazer-diferenca\/"},"wordCount":816,"commentCount":0,"image":{"@id":"https:\/\/www.tuasaude.com\/news\/2026\/03\/14\/quando-a-cabeca-pesa-apos-o-almoco-esse-tuberculo-pode-fazer-diferenca\/#primaryimage"},"thumbnailUrl":"https:\/\/www.tuasaude.com\/news\/wp-content\/uploads\/2026\/03\/creation_2573854150.png","keywords":["antocianinas","batata-doce roxa","carboidratos complexos","concentra\u00e7\u00e3o","energia cerebral","\u00edndice glic\u00eamico","mem\u00f3ria","n\u00e9voa mental","sa\u00fade cognitiva","sonol\u00eancia p\u00f3s-almo\u00e7o"],"articleSection":["Sa\u00fade"],"inLanguage":"pt-BR","potentialAction":[{"@type":"CommentAction","name":"Comment","target":["https:\/\/www.tuasaude.com\/news\/2026\/03\/14\/quando-a-cabeca-pesa-apos-o-almoco-esse-tuberculo-pode-fazer-diferenca\/#respond"]}]},{"@type":"WebPage","@id":"https:\/\/www.tuasaude.com\/news\/2026\/03\/14\/quando-a-cabeca-pesa-apos-o-almoco-esse-tuberculo-pode-fazer-diferenca\/","url":"https:\/\/www.tuasaude.com\/news\/2026\/03\/14\/quando-a-cabeca-pesa-apos-o-almoco-esse-tuberculo-pode-fazer-diferenca\/","name":"Quando a cabe\u00e7a pesa ap\u00f3s o almo\u00e7o, esse tub\u00e9rculo pode fazer diferen\u00e7a - Tua Sa\u00fade","isPartOf":{"@id":"https:\/\/www.tuasaude.com\/news\/#website"},"primaryImageOfPage":{"@id":"https:\/\/www.tuasaude.com\/news\/2026\/03\/14\/quando-a-cabeca-pesa-apos-o-almoco-esse-tuberculo-pode-fazer-diferenca\/#primaryimage"},"image":{"@id":"https:\/\/www.tuasaude.com\/news\/2026\/03\/14\/quando-a-cabeca-pesa-apos-o-almoco-esse-tuberculo-pode-fazer-diferenca\/#primaryimage"},"thumbnailUrl":"https:\/\/www.tuasaude.com\/news\/wp-content\/uploads\/2026\/03\/creation_2573854150.png","datePublished":"2026-03-14T13:15:00+00:00","author":{"@id":"https:\/\/www.tuasaude.com\/news\/#\/schema\/person\/963d63d4e1f0c81f5f3a70ba4bcb0ef7"},"description":"Batata-doce ajuda a combater a n\u00e9voa mental p\u00f3s-almo\u00e7o. Entenda como esse tub\u00e9rculo fortalece a mem\u00f3ria e mant\u00e9m a energia cerebral est\u00e1vel.","breadcrumb":{"@id":"https:\/\/www.tuasaude.com\/news\/2026\/03\/14\/quando-a-cabeca-pesa-apos-o-almoco-esse-tuberculo-pode-fazer-diferenca\/#breadcrumb"},"inLanguage":"pt-BR","potentialAction":[{"@type":"ReadAction","target":["https:\/\/www.tuasaude.com\/news\/2026\/03\/14\/quando-a-cabeca-pesa-apos-o-almoco-esse-tuberculo-pode-fazer-diferenca\/"]}]},{"@type":"ImageObject","inLanguage":"pt-BR","@id":"https:\/\/www.tuasaude.com\/news\/2026\/03\/14\/quando-a-cabeca-pesa-apos-o-almoco-esse-tuberculo-pode-fazer-diferenca\/#primaryimage","url":"https:\/\/www.tuasaude.com\/news\/wp-content\/uploads\/2026\/03\/creation_2573854150.png","contentUrl":"https:\/\/www.tuasaude.com\/news\/wp-content\/uploads\/2026\/03\/creation_2573854150.png","width":1280,"height":714,"caption":"A sonol\u00eancia ap\u00f3s o almo\u00e7o pode ocorrer por picos e quedas r\u00e1pidas de glicose causados por carboidratos simples."},{"@type":"BreadcrumbList","@id":"https:\/\/www.tuasaude.com\/news\/2026\/03\/14\/quando-a-cabeca-pesa-apos-o-almoco-esse-tuberculo-pode-fazer-diferenca\/#breadcrumb","itemListElement":[{"@type":"ListItem","position":1,"name":"In\u00edcio","item":"https:\/\/www.tuasaude.com\/news\/"},{"@type":"ListItem","position":2,"name":"Quando a cabe\u00e7a pesa ap\u00f3s o almo\u00e7o, esse tub\u00e9rculo pode fazer diferen\u00e7a"}]},{"@type":"WebSite","@id":"https:\/\/www.tuasaude.com\/news\/#website","url":"https:\/\/www.tuasaude.com\/news\/","name":"Tua Sa\u00fade","description":"Seu site de sa\u00fade","potentialAction":[{"@type":"SearchAction","target":{"@type":"EntryPoint","urlTemplate":"https:\/\/www.tuasaude.com\/news\/?s={search_term_string}"},"query-input":{"@type":"PropertyValueSpecification","valueRequired":true,"valueName":"search_term_string"}}],"inLanguage":"pt-BR"},{"@type":"Person","@id":"https:\/\/www.tuasaude.com\/news\/#\/schema\/person\/963d63d4e1f0c81f5f3a70ba4bcb0ef7","name":"Jeferson Henrique","image":{"@type":"ImageObject","inLanguage":"pt-BR","@id":"https:\/\/www.tuasaude.com\/news\/#\/schema\/person\/image\/","url":"https:\/\/secure.gravatar.com\/avatar\/1a476a54a48eb3cdea5dd2f016708263892c6b9f5e54b641df7c65e980fd6f69?s=96&d=mm&r=g","contentUrl":"https:\/\/secure.gravatar.com\/avatar\/1a476a54a48eb3cdea5dd2f016708263892c6b9f5e54b641df7c65e980fd6f69?s=96&d=mm&r=g","caption":"Jeferson Henrique"},"sameAs":["https:\/\/www.tuasaude.com\/news\/"],"url":"https:\/\/www.tuasaude.com\/news\/author\/jeferson-henrique\/"}]}},"_links":{"self":[{"href":"https:\/\/www.tuasaude.com\/news\/wp-json\/wp\/v2\/posts\/8742","targetHints":{"allow":["GET"]}}],"collection":[{"href":"https:\/\/www.tuasaude.com\/news\/wp-json\/wp\/v2\/posts"}],"about":[{"href":"https:\/\/www.tuasaude.com\/news\/wp-json\/wp\/v2\/types\/post"}],"author":[{"embeddable":true,"href":"https:\/\/www.tuasaude.com\/news\/wp-json\/wp\/v2\/users\/12"}],"replies":[{"embeddable":true,"href":"https:\/\/www.tuasaude.com\/news\/wp-json\/wp\/v2\/comments?post=8742"}],"version-history":[{"count":2,"href":"https:\/\/www.tuasaude.com\/news\/wp-json\/wp\/v2\/posts\/8742\/revisions"}],"predecessor-version":[{"id":9076,"href":"https:\/\/www.tuasaude.com\/news\/wp-json\/wp\/v2\/posts\/8742\/revisions\/9076"}],"wp:featuredmedia":[{"embeddable":true,"href":"https:\/\/www.tuasaude.com\/news\/wp-json\/wp\/v2\/media\/9042"}],"wp:attachment":[{"href":"https:\/\/www.tuasaude.com\/news\/wp-json\/wp\/v2\/media?parent=8742"}],"wp:term":[{"taxonomy":"category","embeddable":true,"href":"https:\/\/www.tuasaude.com\/news\/wp-json\/wp\/v2\/categories?post=8742"},{"taxonomy":"post_tag","embeddable":true,"href":"https:\/\/www.tuasaude.com\/news\/wp-json\/wp\/v2\/tags?post=8742"}],"curies":[{"name":"wp","href":"https:\/\/api.w.org\/{rel}","templated":true}]}}