{"id":8739,"date":"2026-03-14T09:20:00","date_gmt":"2026-03-14T12:20:00","guid":{"rendered":"https:\/\/www.tuasaude.com\/news\/?p=8739"},"modified":"2026-03-13T20:43:25","modified_gmt":"2026-03-13T23:43:25","slug":"a-vitamina-essencial-que-voce-deve-consumir-antes-do-almoco-para-proteger-a-visao-contra-catarata-e-glaucoma","status":"publish","type":"post","link":"https:\/\/www.tuasaude.com\/news\/2026\/03\/14\/a-vitamina-essencial-que-voce-deve-consumir-antes-do-almoco-para-proteger-a-visao-contra-catarata-e-glaucoma\/","title":{"rendered":"A vitamina essencial que voc\u00ea deve consumir antes do almo\u00e7o para proteger a vis\u00e3o contra catarata e glaucoma"},"content":{"rendered":"\n<p>Catarata e glaucoma est\u00e3o entre as principais causas de perda de vis\u00e3o no mundo, e ambas se tornam mais comuns com o envelhecimento. O que muita gente n\u00e3o sabe \u00e9 que um nutriente presente em alimentos do dia a dia pode ajudar a proteger os olhos contra essas doen\u00e7as: a lute\u00edna. Esse pigmento natural da fam\u00edlia dos carotenoides se acumula diretamente na retina e no cristalino, funcionando como um filtro que bloqueia a luz prejudicial e combate os radicais livres que danificam as c\u00e9lulas oculares.<\/p>\n\n\n\n<h2 class=\"wp-block-heading\">O que \u00e9 a lute\u00edna e por que ela \u00e9 especial para os olhos<\/h2>\n\n\n\n<p>A lute\u00edna \u00e9 um carotenoide de colora\u00e7\u00e3o amarelada que o corpo humano n\u00e3o consegue produzir sozinho. Ela precisa vir obrigatoriamente da alimenta\u00e7\u00e3o e, uma vez absorvida, se concentra na m\u00e1cula, a regi\u00e3o central da retina respons\u00e1vel pela nitidez da vis\u00e3o. Diferente de outros nutrientes, a lute\u00edna tamb\u00e9m se deposita no cristalino, a lente natural do olho que se torna opaca quando a catarata se desenvolve.<\/p>\n\n\n\n<p>Por ser um antioxidante potente, esse carotenoide neutraliza os radicais livres antes que eles danifiquem as prote\u00ednas do cristalino, retardando o processo que leva \u00e0 opacifica\u00e7\u00e3o. Al\u00e9m disso, a lute\u00edna absorve a luz azul de alta energia emitida pelo sol e por telas de computadores e celulares, reduzindo o estresse oxidativo nos tecidos oculares.<\/p>\n\n\n<div class=\"wp-block-image\">\n<figure class=\"aligncenter size-large\"><img decoding=\"async\" width=\"1024\" height=\"571\" src=\"https:\/\/www.tuasaude.com\/news\/wp-content\/uploads\/2026\/03\/creation_2573987774-1024x571.png\" alt=\"A vitamina essencial que voc\u00ea deve consumir antes do almo\u00e7o para proteger a vis\u00e3o contra catarata e glaucoma\" class=\"wp-image-9080\" srcset=\"https:\/\/www.tuasaude.com\/news\/wp-content\/uploads\/2026\/03\/creation_2573987774-1024x571.png 1024w, https:\/\/www.tuasaude.com\/news\/wp-content\/uploads\/2026\/03\/creation_2573987774-300x167.png 300w, https:\/\/www.tuasaude.com\/news\/wp-content\/uploads\/2026\/03\/creation_2573987774-768x428.png 768w, https:\/\/www.tuasaude.com\/news\/wp-content\/uploads\/2026\/03\/creation_2573987774-750x418.png 750w, https:\/\/www.tuasaude.com\/news\/wp-content\/uploads\/2026\/03\/creation_2573987774-1140x636.png 1140w, https:\/\/www.tuasaude.com\/news\/wp-content\/uploads\/2026\/03\/creation_2573987774.png 1280w\" sizes=\"(max-width: 1024px) 100vw, 1024px\" \/><figcaption class=\"wp-element-caption\">A lute\u00edna \u00e9 um carotenoide que se acumula na retina e no cristalino, ajudando a proteger os olhos contra danos causados pela luz e pelo envelhecimento.<\/figcaption><\/figure>\n<\/div>\n\n\n<h2 class=\"wp-block-heading\">O que a ci\u00eancia diz sobre lute\u00edna e doen\u00e7as oculares<\/h2>\n\n\n\n<p>A rela\u00e7\u00e3o entre a lute\u00edna e a prote\u00e7\u00e3o contra doen\u00e7as oculares est\u00e1 bem documentada em estudos cient\u00edficos. Segundo a revis\u00e3o sistem\u00e1tica <a href=\"https:\/\/pmc.ncbi.nlm.nih.gov\/articles\/PMC5611842\/\" target=\"_blank\" rel=\"noreferrer noopener\">Lutein and Zeaxanthin Isomers in Eye Health and Disease<\/a>, publicada na revista Nutrients, a suplementa\u00e7\u00e3o ou o consumo alimentar desses carotenoides pode retardar a progress\u00e3o de doen\u00e7as como a degenera\u00e7\u00e3o macular associada \u00e0 idade e as cataratas.<\/p>\n\n\n\n<p>Os pesquisadores destacaram que a capacidade da lute\u00edna de neutralizar radicais livres e absorver a luz azul prejudicial \u00e9 fundamental para preservar a integridade das c\u00e9lulas da retina e do cristalino ao longo do envelhecimento. No caso do glaucoma, estudos indicam que manter n\u00edveis adequados de antioxidantes na retina pode representar uma camada extra de prote\u00e7\u00e3o, especialmente para quem tem hist\u00f3rico familiar da doen\u00e7a.<\/p>\n\n\n\n<h2 class=\"wp-block-heading\">Por que consumir antes do almo\u00e7o faz diferen\u00e7a<\/h2>\n\n\n\n<p>A lute\u00edna \u00e9 um nutriente lipossol\u00favel, o que significa que precisa de gordura para ser absorvida pelo organismo. Consumir alimentos ricos nesse carotenoide junto com uma refei\u00e7\u00e3o que contenha gorduras saud\u00e1veis potencializa significativamente sua absor\u00e7\u00e3o. O almo\u00e7o costuma ser a refei\u00e7\u00e3o mais completa do dia para a maioria das pessoas, reunindo prote\u00ednas, vegetais e fontes de gordura como azeite, que facilitam o aproveitamento do nutriente.<\/p>\n\n\n\n<p>Para especialistas em nutri\u00e7\u00e3o, o almo\u00e7o representa o momento ideal para incluir fontes de lute\u00edna na alimenta\u00e7\u00e3o. Saladas com folhas verde escuras regadas com azeite de oliva ou pratos que combinem ovos com vegetais s\u00e3o exemplos de combina\u00e7\u00f5es que favorecem a absor\u00e7\u00e3o desse carotenoide. Consumir a lute\u00edna em jejum ou em refei\u00e7\u00f5es muito leves e sem gordura reduz consideravelmente sua efic\u00e1cia.<\/p>\n\n\n\n<h2 class=\"wp-block-heading\">Melhores fontes alimentares de lute\u00edna<\/h2>\n\n\n\n<p>A boa not\u00edcia \u00e9 que a lute\u00edna est\u00e1 presente em alimentos acess\u00edveis e f\u00e1ceis de incluir no card\u00e1pio di\u00e1rio:<\/p>\n\n\n\n<ul class=\"wp-block-list\">\n<li><strong>Espinafre e couve:<\/strong> s\u00e3o as fontes mais concentradas desse carotenoide, podendo ser consumidos refogados ou em saladas<\/li>\n\n\n\n<li><strong>Br\u00f3colis:<\/strong> al\u00e9m da lute\u00edna, oferece fibras e outros antioxidantes importantes para a sa\u00fade geral<\/li>\n\n\n\n<li><strong>Gema de ovo:<\/strong> cont\u00e9m lute\u00edna em forma altamente biodispon\u00edvel, ou seja, de f\u00e1cil absor\u00e7\u00e3o pelo organismo<\/li>\n\n\n\n<li><strong>Milho:<\/strong> uma por\u00e7\u00e3o j\u00e1 contribui para a ingest\u00e3o di\u00e1ria recomendada<\/li>\n\n\n\n<li><strong>Ab\u00f3bora e ervilha:<\/strong> op\u00e7\u00f5es vers\u00e1teis que podem compor diversos pratos do almo\u00e7o<\/li>\n<\/ul>\n\n\n<div class=\"wp-block-image\">\n<figure class=\"aligncenter size-large\"><img decoding=\"async\" width=\"1024\" height=\"460\" src=\"https:\/\/www.tuasaude.com\/news\/wp-content\/uploads\/2026\/03\/convertido-23-1-1024x460.jpg\" alt=\"\" class=\"wp-image-8740\" srcset=\"https:\/\/www.tuasaude.com\/news\/wp-content\/uploads\/2026\/03\/convertido-23-1-1024x460.jpg 1024w, https:\/\/www.tuasaude.com\/news\/wp-content\/uploads\/2026\/03\/convertido-23-1-300x135.jpg 300w, https:\/\/www.tuasaude.com\/news\/wp-content\/uploads\/2026\/03\/convertido-23-1-768x345.jpg 768w, https:\/\/www.tuasaude.com\/news\/wp-content\/uploads\/2026\/03\/convertido-23-1-750x337.jpg 750w, https:\/\/www.tuasaude.com\/news\/wp-content\/uploads\/2026\/03\/convertido-23-1-1140x512.jpg 1140w, https:\/\/www.tuasaude.com\/news\/wp-content\/uploads\/2026\/03\/convertido-23-1.jpg 1280w\" sizes=\"(max-width: 1024px) 100vw, 1024px\" \/><\/figure>\n<\/div>\n\n\n<h2 class=\"wp-block-heading\">Sinais de alerta que merecem aten\u00e7\u00e3o<\/h2>\n\n\n\n<p>Embora a alimenta\u00e7\u00e3o rica em lute\u00edna seja uma aliada valiosa na preven\u00e7\u00e3o, alguns sintomas n\u00e3o devem ser ignorados e exigem avalia\u00e7\u00e3o m\u00e9dica. Dificuldade crescente para enxergar em ambientes com pouca luz, vis\u00e3o emba\u00e7ada, percep\u00e7\u00e3o de halos ao redor de fontes de luz e perda progressiva do campo visual perif\u00e9rico s\u00e3o sinais que podem indicar o desenvolvimento de catarata, glaucoma ou degenera\u00e7\u00e3o macular.<\/p>\n\n\n\n<p>Pessoas acima de 50 anos, fumantes e quem tem hist\u00f3rico familiar de doen\u00e7as oculares devem redobrar os cuidados e manter consultas regulares com um oftalmologista. Para saber mais sobre a lute\u00edna e seus benef\u00edcios para a vis\u00e3o, confira o artigo completo do <a href=\"https:\/\/www.tuasaude.com\/luteina\/\" target=\"_blank\" rel=\"noreferrer noopener\">Tua Sa\u00fade sobre o tema<\/a>.<\/p>\n\n\n\n<p><em>Este conte\u00fado \u00e9 informativo e n\u00e3o substitui a avalia\u00e7\u00e3o de um m\u00e9dico ou nutricionista. Se voc\u00ea tem preocupa\u00e7\u00f5es com a sa\u00fade ocular, procure um oftalmologista para avalia\u00e7\u00e3o e orienta\u00e7\u00e3o adequada.<\/em><\/p>\n","protected":false},"excerpt":{"rendered":"<p>Catarata e glaucoma est\u00e3o entre as principais causas de perda de vis\u00e3o no mundo, e ambas se tornam mais comuns com o envelhecimento. O que muita gente n\u00e3o sabe \u00e9 que um nutriente presente em alimentos do dia a dia pode ajudar a proteger os olhos contra essas doen\u00e7as: a lute\u00edna. Esse pigmento natural da [&hellip;]<\/p>\n","protected":false},"author":12,"featured_media":9079,"comment_status":"open","ping_status":"open","sticky":false,"template":"","format":"standard","meta":{"_yoast_wpseo_focuskw":"lute\u00edna","_yoast_wpseo_title":"","_yoast_wpseo_metadesc":"Lute\u00edna ajuda a proteger a vis\u00e3o contra catarata e glaucoma. Veja por que consumir antes do almo\u00e7o melhora a absor\u00e7\u00e3o e a sa\u00fade ocular.","jnews-multi-image_gallery":[],"jnews_single_post":{"format":"standard"},"jnews_primary_category":[],"jnews_social_meta":[],"jnews_override_counter":[],"footnotes":""},"categories":[111],"tags":[2426,2429,2428,1304,2425,1305,2431,2424,2430,2427],"class_list":["post-8739","post","type-post","status-publish","format-standard","has-post-thumbnail","hentry","category-saude","tag-alimentos-ricos-em-luteina","tag-antioxidantes-para-os-olhos","tag-carotenoides","tag-catarata","tag-cristalino","tag-glaucoma","tag-luz-azul","tag-macula","tag-protecao-da-visao","tag-saude-ocular"],"yoast_head":"<!-- This site is optimized with the Yoast SEO plugin v26.7 - https:\/\/yoast.com\/wordpress\/plugins\/seo\/ -->\n<title>A vitamina essencial que voc\u00ea deve consumir antes do almo\u00e7o para proteger a vis\u00e3o contra catarata e glaucoma - Tua Sa\u00fade<\/title>\n<meta name=\"description\" content=\"Lute\u00edna ajuda a proteger a vis\u00e3o contra catarata e glaucoma. Veja por que consumir antes do almo\u00e7o melhora a absor\u00e7\u00e3o e a sa\u00fade ocular.\" \/>\n<meta name=\"robots\" content=\"index, follow, max-snippet:-1, max-image-preview:large, max-video-preview:-1\" \/>\n<link rel=\"canonical\" href=\"https:\/\/www.tuasaude.com\/news\/2026\/03\/14\/a-vitamina-essencial-que-voce-deve-consumir-antes-do-almoco-para-proteger-a-visao-contra-catarata-e-glaucoma\/\" \/>\n<meta property=\"og:locale\" content=\"pt_BR\" \/>\n<meta property=\"og:type\" content=\"article\" \/>\n<meta property=\"og:title\" content=\"A vitamina essencial que voc\u00ea deve consumir antes do almo\u00e7o para proteger a vis\u00e3o contra catarata e glaucoma - Tua Sa\u00fade\" \/>\n<meta property=\"og:description\" content=\"Lute\u00edna ajuda a proteger a vis\u00e3o contra catarata e glaucoma. Veja por que consumir antes do almo\u00e7o melhora a absor\u00e7\u00e3o e a sa\u00fade ocular.\" \/>\n<meta property=\"og:url\" content=\"https:\/\/www.tuasaude.com\/news\/2026\/03\/14\/a-vitamina-essencial-que-voce-deve-consumir-antes-do-almoco-para-proteger-a-visao-contra-catarata-e-glaucoma\/\" \/>\n<meta property=\"og:site_name\" content=\"Tua Sa\u00fade\" \/>\n<meta property=\"article:published_time\" content=\"2026-03-14T12:20:00+00:00\" \/>\n<meta property=\"og:image\" content=\"https:\/\/www.tuasaude.com\/news\/wp-content\/uploads\/2026\/03\/creation_2573987598.png\" \/>\n\t<meta property=\"og:image:width\" content=\"1280\" \/>\n\t<meta property=\"og:image:height\" content=\"714\" \/>\n\t<meta property=\"og:image:type\" content=\"image\/png\" \/>\n<meta name=\"author\" content=\"Jeferson Henrique\" \/>\n<meta name=\"twitter:card\" content=\"summary_large_image\" \/>\n<meta name=\"twitter:label1\" content=\"Escrito por\" \/>\n\t<meta name=\"twitter:data1\" content=\"Jeferson Henrique\" \/>\n\t<meta name=\"twitter:label2\" content=\"Est. tempo de leitura\" \/>\n\t<meta name=\"twitter:data2\" content=\"5 minutos\" \/>\n<!-- \/ Yoast SEO plugin. -->","yoast_head_json":{"title":"A vitamina essencial que voc\u00ea deve consumir antes do almo\u00e7o para proteger a vis\u00e3o contra catarata e glaucoma - Tua Sa\u00fade","description":"Lute\u00edna ajuda a proteger a vis\u00e3o contra catarata e glaucoma. Veja por que consumir antes do almo\u00e7o melhora a absor\u00e7\u00e3o e a sa\u00fade ocular.","robots":{"index":"index","follow":"follow","max-snippet":"max-snippet:-1","max-image-preview":"max-image-preview:large","max-video-preview":"max-video-preview:-1"},"canonical":"https:\/\/www.tuasaude.com\/news\/2026\/03\/14\/a-vitamina-essencial-que-voce-deve-consumir-antes-do-almoco-para-proteger-a-visao-contra-catarata-e-glaucoma\/","og_locale":"pt_BR","og_type":"article","og_title":"A vitamina essencial que voc\u00ea deve consumir antes do almo\u00e7o para proteger a vis\u00e3o contra catarata e glaucoma - Tua Sa\u00fade","og_description":"Lute\u00edna ajuda a proteger a vis\u00e3o contra catarata e glaucoma. Veja por que consumir antes do almo\u00e7o melhora a absor\u00e7\u00e3o e a sa\u00fade ocular.","og_url":"https:\/\/www.tuasaude.com\/news\/2026\/03\/14\/a-vitamina-essencial-que-voce-deve-consumir-antes-do-almoco-para-proteger-a-visao-contra-catarata-e-glaucoma\/","og_site_name":"Tua Sa\u00fade","article_published_time":"2026-03-14T12:20:00+00:00","og_image":[{"width":1280,"height":714,"url":"https:\/\/www.tuasaude.com\/news\/wp-content\/uploads\/2026\/03\/creation_2573987598.png","type":"image\/png"}],"author":"Jeferson Henrique","twitter_card":"summary_large_image","twitter_misc":{"Escrito por":"Jeferson Henrique","Est. tempo de leitura":"5 minutos"},"schema":{"@context":"https:\/\/schema.org","@graph":[{"@type":"Article","@id":"https:\/\/www.tuasaude.com\/news\/2026\/03\/14\/a-vitamina-essencial-que-voce-deve-consumir-antes-do-almoco-para-proteger-a-visao-contra-catarata-e-glaucoma\/#article","isPartOf":{"@id":"https:\/\/www.tuasaude.com\/news\/2026\/03\/14\/a-vitamina-essencial-que-voce-deve-consumir-antes-do-almoco-para-proteger-a-visao-contra-catarata-e-glaucoma\/"},"author":{"name":"Jeferson Henrique","@id":"https:\/\/www.tuasaude.com\/news\/#\/schema\/person\/963d63d4e1f0c81f5f3a70ba4bcb0ef7"},"headline":"A vitamina essencial que voc\u00ea deve consumir antes do almo\u00e7o para proteger a vis\u00e3o contra catarata e glaucoma","datePublished":"2026-03-14T12:20:00+00:00","mainEntityOfPage":{"@id":"https:\/\/www.tuasaude.com\/news\/2026\/03\/14\/a-vitamina-essencial-que-voce-deve-consumir-antes-do-almoco-para-proteger-a-visao-contra-catarata-e-glaucoma\/"},"wordCount":870,"commentCount":0,"image":{"@id":"https:\/\/www.tuasaude.com\/news\/2026\/03\/14\/a-vitamina-essencial-que-voce-deve-consumir-antes-do-almoco-para-proteger-a-visao-contra-catarata-e-glaucoma\/#primaryimage"},"thumbnailUrl":"https:\/\/www.tuasaude.com\/news\/wp-content\/uploads\/2026\/03\/creation_2573987598.png","keywords":["alimentos ricos em lute\u00edna","antioxidantes para os olhos","carotenoides","catarata","cristalino","glaucoma","luz azul","m\u00e1cula","prote\u00e7\u00e3o da vis\u00e3o","sa\u00fade ocular"],"articleSection":["Sa\u00fade"],"inLanguage":"pt-BR","potentialAction":[{"@type":"CommentAction","name":"Comment","target":["https:\/\/www.tuasaude.com\/news\/2026\/03\/14\/a-vitamina-essencial-que-voce-deve-consumir-antes-do-almoco-para-proteger-a-visao-contra-catarata-e-glaucoma\/#respond"]}]},{"@type":"WebPage","@id":"https:\/\/www.tuasaude.com\/news\/2026\/03\/14\/a-vitamina-essencial-que-voce-deve-consumir-antes-do-almoco-para-proteger-a-visao-contra-catarata-e-glaucoma\/","url":"https:\/\/www.tuasaude.com\/news\/2026\/03\/14\/a-vitamina-essencial-que-voce-deve-consumir-antes-do-almoco-para-proteger-a-visao-contra-catarata-e-glaucoma\/","name":"A vitamina essencial que voc\u00ea deve consumir antes do almo\u00e7o para proteger a vis\u00e3o contra catarata e glaucoma - Tua Sa\u00fade","isPartOf":{"@id":"https:\/\/www.tuasaude.com\/news\/#website"},"primaryImageOfPage":{"@id":"https:\/\/www.tuasaude.com\/news\/2026\/03\/14\/a-vitamina-essencial-que-voce-deve-consumir-antes-do-almoco-para-proteger-a-visao-contra-catarata-e-glaucoma\/#primaryimage"},"image":{"@id":"https:\/\/www.tuasaude.com\/news\/2026\/03\/14\/a-vitamina-essencial-que-voce-deve-consumir-antes-do-almoco-para-proteger-a-visao-contra-catarata-e-glaucoma\/#primaryimage"},"thumbnailUrl":"https:\/\/www.tuasaude.com\/news\/wp-content\/uploads\/2026\/03\/creation_2573987598.png","datePublished":"2026-03-14T12:20:00+00:00","author":{"@id":"https:\/\/www.tuasaude.com\/news\/#\/schema\/person\/963d63d4e1f0c81f5f3a70ba4bcb0ef7"},"description":"Lute\u00edna ajuda a proteger a vis\u00e3o contra catarata e glaucoma. Veja por que consumir antes do almo\u00e7o melhora a absor\u00e7\u00e3o e a sa\u00fade ocular.","breadcrumb":{"@id":"https:\/\/www.tuasaude.com\/news\/2026\/03\/14\/a-vitamina-essencial-que-voce-deve-consumir-antes-do-almoco-para-proteger-a-visao-contra-catarata-e-glaucoma\/#breadcrumb"},"inLanguage":"pt-BR","potentialAction":[{"@type":"ReadAction","target":["https:\/\/www.tuasaude.com\/news\/2026\/03\/14\/a-vitamina-essencial-que-voce-deve-consumir-antes-do-almoco-para-proteger-a-visao-contra-catarata-e-glaucoma\/"]}]},{"@type":"ImageObject","inLanguage":"pt-BR","@id":"https:\/\/www.tuasaude.com\/news\/2026\/03\/14\/a-vitamina-essencial-que-voce-deve-consumir-antes-do-almoco-para-proteger-a-visao-contra-catarata-e-glaucoma\/#primaryimage","url":"https:\/\/www.tuasaude.com\/news\/wp-content\/uploads\/2026\/03\/creation_2573987598.png","contentUrl":"https:\/\/www.tuasaude.com\/news\/wp-content\/uploads\/2026\/03\/creation_2573987598.png","width":1280,"height":714,"caption":"Esse nutriente atua como antioxidante e filtro natural da luz azul, contribuindo para a preven\u00e7\u00e3o de catarata e outros problemas oculares."},{"@type":"BreadcrumbList","@id":"https:\/\/www.tuasaude.com\/news\/2026\/03\/14\/a-vitamina-essencial-que-voce-deve-consumir-antes-do-almoco-para-proteger-a-visao-contra-catarata-e-glaucoma\/#breadcrumb","itemListElement":[{"@type":"ListItem","position":1,"name":"In\u00edcio","item":"https:\/\/www.tuasaude.com\/news\/"},{"@type":"ListItem","position":2,"name":"A vitamina essencial que voc\u00ea deve consumir antes do almo\u00e7o para proteger a vis\u00e3o contra catarata e glaucoma"}]},{"@type":"WebSite","@id":"https:\/\/www.tuasaude.com\/news\/#website","url":"https:\/\/www.tuasaude.com\/news\/","name":"Tua Sa\u00fade","description":"Seu site de sa\u00fade","potentialAction":[{"@type":"SearchAction","target":{"@type":"EntryPoint","urlTemplate":"https:\/\/www.tuasaude.com\/news\/?s={search_term_string}"},"query-input":{"@type":"PropertyValueSpecification","valueRequired":true,"valueName":"search_term_string"}}],"inLanguage":"pt-BR"},{"@type":"Person","@id":"https:\/\/www.tuasaude.com\/news\/#\/schema\/person\/963d63d4e1f0c81f5f3a70ba4bcb0ef7","name":"Jeferson Henrique","image":{"@type":"ImageObject","inLanguage":"pt-BR","@id":"https:\/\/www.tuasaude.com\/news\/#\/schema\/person\/image\/","url":"https:\/\/secure.gravatar.com\/avatar\/1a476a54a48eb3cdea5dd2f016708263892c6b9f5e54b641df7c65e980fd6f69?s=96&d=mm&r=g","contentUrl":"https:\/\/secure.gravatar.com\/avatar\/1a476a54a48eb3cdea5dd2f016708263892c6b9f5e54b641df7c65e980fd6f69?s=96&d=mm&r=g","caption":"Jeferson Henrique"},"sameAs":["https:\/\/www.tuasaude.com\/news\/"],"url":"https:\/\/www.tuasaude.com\/news\/author\/jeferson-henrique\/"}]}},"_links":{"self":[{"href":"https:\/\/www.tuasaude.com\/news\/wp-json\/wp\/v2\/posts\/8739","targetHints":{"allow":["GET"]}}],"collection":[{"href":"https:\/\/www.tuasaude.com\/news\/wp-json\/wp\/v2\/posts"}],"about":[{"href":"https:\/\/www.tuasaude.com\/news\/wp-json\/wp\/v2\/types\/post"}],"author":[{"embeddable":true,"href":"https:\/\/www.tuasaude.com\/news\/wp-json\/wp\/v2\/users\/12"}],"replies":[{"embeddable":true,"href":"https:\/\/www.tuasaude.com\/news\/wp-json\/wp\/v2\/comments?post=8739"}],"version-history":[{"count":2,"href":"https:\/\/www.tuasaude.com\/news\/wp-json\/wp\/v2\/posts\/8739\/revisions"}],"predecessor-version":[{"id":9109,"href":"https:\/\/www.tuasaude.com\/news\/wp-json\/wp\/v2\/posts\/8739\/revisions\/9109"}],"wp:featuredmedia":[{"embeddable":true,"href":"https:\/\/www.tuasaude.com\/news\/wp-json\/wp\/v2\/media\/9079"}],"wp:attachment":[{"href":"https:\/\/www.tuasaude.com\/news\/wp-json\/wp\/v2\/media?parent=8739"}],"wp:term":[{"taxonomy":"category","embeddable":true,"href":"https:\/\/www.tuasaude.com\/news\/wp-json\/wp\/v2\/categories?post=8739"},{"taxonomy":"post_tag","embeddable":true,"href":"https:\/\/www.tuasaude.com\/news\/wp-json\/wp\/v2\/tags?post=8739"}],"curies":[{"name":"wp","href":"https:\/\/api.w.org\/{rel}","templated":true}]}}