{"id":8729,"date":"2026-03-14T11:05:00","date_gmt":"2026-03-14T14:05:00","guid":{"rendered":"https:\/\/www.tuasaude.com\/news\/?p=8729"},"modified":"2026-03-13T20:15:08","modified_gmt":"2026-03-13T23:15:08","slug":"qual-e-o-mineral-ideal-para-combater-as-caibras-que-aparecem-durante-a-noite","status":"publish","type":"post","link":"https:\/\/www.tuasaude.com\/news\/2026\/03\/14\/qual-e-o-mineral-ideal-para-combater-as-caibras-que-aparecem-durante-a-noite\/","title":{"rendered":"Qual \u00e9 o mineral ideal para combater as c\u00e3ibras que aparecem durante a noite?"},"content":{"rendered":"\n<p>As c\u00e3ibras noturnas nas pernas s\u00e3o contra\u00e7\u00f5es musculares involunt\u00e1rias que surgem durante o repouso e podem causar dor intensa, interrompendo o sono de forma abrupta. Embora v\u00e1rios fatores possam estar envolvidos, o magn\u00e9sio \u00e9 o mineral mais associado \u00e0 preven\u00e7\u00e3o dessas contra\u00e7\u00f5es. Ele participa diretamente do processo de relaxamento das fibras musculares e, quando est\u00e1 em falta no organismo, os m\u00fasculos ficam mais propensos a contrair de forma descontrolada. Entender como esse mineral atua no corpo e quais alimentos podem ajudar a manter seus n\u00edveis adequados \u00e9 um passo importante para noites mais tranquilas.<\/p>\n\n\n\n<h2 class=\"wp-block-heading\">Por que o magn\u00e9sio \u00e9 t\u00e3o importante para os m\u00fasculos?<\/h2>\n\n\n\n<p>O <a href=\"https:\/\/www.tuasaude.com\/magnesio\/\" target=\"_blank\" rel=\"noreferrer noopener\">magn\u00e9sio atua em centenas de rea\u00e7\u00f5es no corpo<\/a>, mas uma das suas fun\u00e7\u00f5es mais relevantes \u00e9 regular o equil\u00edbrio entre a contra\u00e7\u00e3o e o relaxamento muscular. Enquanto o c\u00e1lcio \u00e9 respons\u00e1vel por fazer o m\u00fasculo contrair, o magn\u00e9sio age na dire\u00e7\u00e3o oposta, ajudando a fibra muscular a relaxar novamente. Quando os n\u00edveis desse mineral est\u00e3o baixos, o c\u00e1lcio pode agir sem essa regula\u00e7\u00e3o, o que favorece contra\u00e7\u00f5es involunt\u00e1rias e prolongadas.<\/p>\n\n\n\n<p>Al\u00e9m disso, o magn\u00e9sio contribui para o funcionamento adequado do sistema nervoso, influenciando a transmiss\u00e3o dos sinais entre os nervos e os m\u00fasculos. Uma defici\u00eancia, mesmo que leve, pode deixar os nervos mais excit\u00e1veis e aumentar a chance de espasmos durante o per\u00edodo de descanso, justamente quando as c\u00e3ibras noturnas costumam aparecer. Para conhecer todos os benef\u00edcios do <a href=\"https:\/\/www.tuasaude.com\/magnesio\/\" target=\"_blank\" rel=\"noreferrer noopener\">magn\u00e9sio<\/a>, vale consultar fontes confi\u00e1veis de informa\u00e7\u00e3o em sa\u00fade.<\/p>\n\n\n<div class=\"wp-block-image\">\n<figure class=\"aligncenter size-large\"><img decoding=\"async\" width=\"1024\" height=\"571\" src=\"https:\/\/www.tuasaude.com\/news\/wp-content\/uploads\/2026\/03\/creation_2573852433-1024x571.png\" alt=\"Qual \u00e9 o mineral ideal para combater as c\u00e3ibras que aparecem durante a noite?\" class=\"wp-image-9037\" srcset=\"https:\/\/www.tuasaude.com\/news\/wp-content\/uploads\/2026\/03\/creation_2573852433-1024x571.png 1024w, https:\/\/www.tuasaude.com\/news\/wp-content\/uploads\/2026\/03\/creation_2573852433-300x167.png 300w, https:\/\/www.tuasaude.com\/news\/wp-content\/uploads\/2026\/03\/creation_2573852433-768x428.png 768w, https:\/\/www.tuasaude.com\/news\/wp-content\/uploads\/2026\/03\/creation_2573852433-750x418.png 750w, https:\/\/www.tuasaude.com\/news\/wp-content\/uploads\/2026\/03\/creation_2573852433-1140x636.png 1140w, https:\/\/www.tuasaude.com\/news\/wp-content\/uploads\/2026\/03\/creation_2573852433.png 1280w\" sizes=\"(max-width: 1024px) 100vw, 1024px\" \/><figcaption class=\"wp-element-caption\">O magn\u00e9sio ajuda a relaxar os m\u00fasculos, equilibrando a a\u00e7\u00e3o do c\u00e1lcio e reduzindo o risco de c\u00e3ibras noturnas.<\/figcaption><\/figure>\n<\/div>\n\n\n<h2 class=\"wp-block-heading\">Revis\u00e3o cient\u00edfica confirma o papel do magn\u00e9sio na integridade muscular<\/h2>\n\n\n\n<p>A rela\u00e7\u00e3o entre magn\u00e9sio e sa\u00fade muscular vai al\u00e9m de uma teoria popular. Segundo a revis\u00e3o <em><a href=\"https:\/\/pmc.ncbi.nlm.nih.gov\/articles\/PMC10745813\/\" target=\"_blank\" rel=\"noreferrer noopener\">&#8220;The Integral Role of Magnesium in Muscle Integrity and Aging: A Comprehensive Review&#8221;<\/a><\/em>, publicada na revista <em>Nutrients<\/em>, o magn\u00e9sio \u00e9 essencial para a estabilidade das membranas celulares, a regula\u00e7\u00e3o do fluxo de c\u00e1lcio nas fibras musculares e a preven\u00e7\u00e3o de excitabilidade neuromuscular excessiva. O estudo destaca que a defici\u00eancia desse mineral pode provocar tremores, c\u00e3ibras e fraqueza muscular, e que manter n\u00edveis adequados \u00e9 especialmente importante \u00e0 medida que a idade avan\u00e7a. <\/p>\n\n\n\n<h2 class=\"wp-block-heading\">Sinais de que seu corpo pode estar com falta de magn\u00e9sio<\/h2>\n\n\n\n<p>A defici\u00eancia de magn\u00e9sio nem sempre \u00e9 detectada em exames comuns de sangue, pois a maior parte desse mineral fica armazenada dentro das c\u00e9lulas e nos ossos. No entanto, o corpo costuma dar sinais quando os n\u00edveis est\u00e3o abaixo do necess\u00e1rio. Fique atento aos seguintes sintomas:<\/p>\n\n\n\n<div style=\"display: flex; flex-wrap: wrap; gap: 20px; justify-content: center; font-family: 'Segoe UI', Roboto, Helvetica, sans-serif; padding: 40px; background-color: #f1f5f9;\">\n\n  <div style=\"flex: 1; min-width: 250px; max-width: 280px; background: #ffffff; border: 1px solid #e2e8f0; padding: 25px; border-radius: 20px; box-shadow: 0 10px 25px rgba(0,0,0,0.05); text-align: center;\">\n\n    <div style=\"font-size: 32px; margin-bottom: 15px;\">\ud83e\uddb5<\/div>\n\n    <h3 style=\"color: #334155; font-size: 1.1em; margin-bottom: 12px; letter-spacing: 1px;\">C\u00c3IBRAS FREQUENTES<\/h3>\n\n    <p style=\"color: #475569; font-size: 0.95em; line-height: 1.6; margin: 0;\">\n      C\u00e3ibras recorrentes, especialmente <strong>durante a noite ou ao acordar<\/strong>, podem indicar n\u00edveis baixos de magn\u00e9sio.\n    <\/p>\n\n  <\/div>\n\n  <div style=\"flex: 1; min-width: 250px; max-width: 280px; background: #ffffff; border: 1px solid #e2e8f0; padding: 25px; border-radius: 20px; box-shadow: 0 10px 25px rgba(0,0,0,0.05); text-align: center;\">\n\n    <div style=\"font-size: 32px; margin-bottom: 15px;\">\ud83d\ude34<\/div>\n\n    <h3 style=\"color: #334155; font-size: 1.1em; margin-bottom: 12px; letter-spacing: 1px;\">FADIGA CONSTANTE<\/h3>\n\n    <p style=\"color: #475569; font-size: 0.95em; line-height: 1.6; margin: 0;\">\n      Sensa\u00e7\u00e3o persistente de <strong>cansa\u00e7o ou fraqueza<\/strong> sem motivo aparente pode estar ligada \u00e0 defici\u00eancia do mineral.\n    <\/p>\n\n  <\/div>\n\n  <div style=\"flex: 1; min-width: 250px; max-width: 280px; background: #ffffff; border: 1px solid #e2e8f0; padding: 25px; border-radius: 20px; box-shadow: 0 10px 25px rgba(0,0,0,0.05); text-align: center;\">\n\n    <div style=\"font-size: 32px; margin-bottom: 15px;\">\u26a1<\/div>\n\n    <h3 style=\"color: #334155; font-size: 1.1em; margin-bottom: 12px; letter-spacing: 1px;\">FORMIGAMENTO<\/h3>\n\n    <p style=\"color: #475569; font-size: 0.95em; line-height: 1.6; margin: 0;\">\n      Sensa\u00e7\u00e3o de <strong>formigamento ou dorm\u00eancia<\/strong> nas pernas, p\u00e9s ou m\u00e3os tamb\u00e9m pode surgir quando h\u00e1 car\u00eancia de magn\u00e9sio.\n    <\/p>\n\n  <\/div>\n\n  <div style=\"flex: 1; min-width: 250px; max-width: 280px; background: #ffffff; border: 1px solid #e2e8f0; padding: 25px; border-radius: 20px; box-shadow: 0 10px 25px rgba(0,0,0,0.05); text-align: center;\">\n\n    <div style=\"font-size: 32px; margin-bottom: 15px;\">\ud83c\udf19<\/div>\n\n    <h3 style=\"color: #334155; font-size: 1.1em; margin-bottom: 12px; letter-spacing: 1px;\">SONO IRREGULAR<\/h3>\n\n    <p style=\"color: #475569; font-size: 0.95em; line-height: 1.6; margin: 0;\">\n      O magn\u00e9sio participa da regula\u00e7\u00e3o do sono, e sua falta pode causar <strong>dificuldade para dormir<\/strong>.\n    <\/p>\n\n  <\/div>\n\n  <div style=\"flex: 1; min-width: 250px; max-width: 280px; background: #ffffff; border: 1px solid #e2e8f0; padding: 25px; border-radius: 20px; box-shadow: 0 10px 25px rgba(0,0,0,0.05); text-align: center;\">\n\n    <div style=\"font-size: 32px; margin-bottom: 15px;\">\ud83d\ude1f<\/div>\n\n    <h3 style=\"color: #334155; font-size: 1.1em; margin-bottom: 12px; letter-spacing: 1px;\">ALTERA\u00c7\u00d5ES DE HUMOR<\/h3>\n\n    <p style=\"color: #475569; font-size: 0.95em; line-height: 1.6; margin: 0;\">\n      <strong>Irritabilidade e mudan\u00e7as de humor<\/strong> sem causa clara tamb\u00e9m podem estar relacionadas a baixos n\u00edveis do mineral.\n    <\/p>\n\n  <\/div>\n\n<\/div>\n\n\n\n<p>Pessoas que praticam atividade f\u00edsica intensa, idosos, gestantes e quem faz uso de certos medicamentos, como diur\u00e9ticos, est\u00e3o entre os grupos com maior risco de apresentar essa defici\u00eancia.<\/p>\n\n\n\n<h2 class=\"wp-block-heading\">Alimentos ricos em magn\u00e9sio que ajudam a prevenir c\u00e3ibras<\/h2>\n\n\n\n<p>Antes de recorrer a suplementos, \u00e9 poss\u00edvel aumentar a ingest\u00e3o de magn\u00e9sio por meio da alimenta\u00e7\u00e3o. Diversos alimentos acess\u00edveis s\u00e3o fontes naturais desse mineral e podem ser inclu\u00eddos na rotina com facilidade:<\/p>\n\n\n\n<ul class=\"wp-block-list\">\n<li><strong>Sementes de ab\u00f3bora<\/strong>, que est\u00e3o entre as fontes mais concentradas de magn\u00e9sio<\/li>\n\n\n\n<li><strong>Espinafre e outras folhas verde-escuras<\/strong>, ricas tamb\u00e9m em fibras e antioxidantes<\/li>\n\n\n\n<li><strong>Am\u00eandoas e castanhas<\/strong>, que oferecem uma boa quantidade de magn\u00e9sio por por\u00e7\u00e3o<\/li>\n\n\n\n<li><strong>Banana<\/strong>, que al\u00e9m de magn\u00e9sio fornece pot\u00e1ssio, outro mineral importante para os m\u00fasculos<\/li>\n\n\n\n<li><strong>Abacate e chocolate amargo<\/strong>, que complementam a oferta di\u00e1ria do mineral<\/li>\n<\/ul>\n\n\n\n<p>A quantidade di\u00e1ria recomendada de magn\u00e9sio varia conforme a idade e o sexo, mas em geral gira em torno de 310 a 420 mg para adultos. Uma alimenta\u00e7\u00e3o variada e equilibrada costuma ser suficiente para atingir esses valores.<\/p>\n\n\n\n<h2 class=\"wp-block-heading\">Quando as c\u00e3ibras noturnas merecem aten\u00e7\u00e3o m\u00e9dica?<\/h2>\n\n\n\n<p>Embora a maioria das c\u00e3ibras noturnas seja benigna e esteja relacionada a h\u00e1bitos do dia a dia, epis\u00f3dios muito frequentes ou intensos podem indicar problemas que v\u00e3o al\u00e9m da alimenta\u00e7\u00e3o. Condi\u00e7\u00f5es como desidrata\u00e7\u00e3o, m\u00e1 circula\u00e7\u00e3o, altera\u00e7\u00f5es na tireoide, diabetes ou efeitos de medicamentos tamb\u00e9m podem estar por tr\u00e1s das contra\u00e7\u00f5es. \u00c9 importante observar se as c\u00e3ibras v\u00eam acompanhadas de incha\u00e7o, fraqueza persistente ou dificuldade para caminhar.<\/p>\n\n\n\n<p>Se as c\u00e3ibras se repetem v\u00e1rias vezes por semana, acordam voc\u00ea constantemente durante a noite ou n\u00e3o melhoram com ajustes na alimenta\u00e7\u00e3o e na hidrata\u00e7\u00e3o, o mais indicado \u00e9 buscar avalia\u00e7\u00e3o m\u00e9dica. Somente um profissional de sa\u00fade pode investigar as causas de forma adequada, solicitar exames quando necess\u00e1rio e recomendar o tratamento mais seguro para cada situa\u00e7\u00e3o.<\/p>\n\n\n\n<p><em><strong>Aviso:<\/strong> este conte\u00fado \u00e9 apenas informativo e n\u00e3o substitui, em nenhuma hip\u00f3tese, a avalia\u00e7\u00e3o, o diagn\u00f3stico ou o tratamento de um m\u00e9dico. Consulte sempre um profissional de sa\u00fade qualificado.<\/em><\/p>\n\n\n\n<p><\/p>\n","protected":false},"excerpt":{"rendered":"<p>As c\u00e3ibras noturnas nas pernas s\u00e3o contra\u00e7\u00f5es musculares involunt\u00e1rias que surgem durante o repouso e podem causar dor intensa, interrompendo o sono de forma abrupta. Embora v\u00e1rios fatores possam estar envolvidos, o magn\u00e9sio \u00e9 o mineral mais associado \u00e0 preven\u00e7\u00e3o dessas contra\u00e7\u00f5es. Ele participa diretamente do processo de relaxamento das fibras musculares e, quando est\u00e1 [&hellip;]<\/p>\n","protected":false},"author":11,"featured_media":9048,"comment_status":"open","ping_status":"open","sticky":false,"template":"","format":"standard","meta":{"_yoast_wpseo_focuskw":"c\u00e3ibras","_yoast_wpseo_title":"","_yoast_wpseo_metadesc":"C\u00e3ibras nas pernas durante a noite podem estar ligadas \u00e0 falta de magn\u00e9sio. Entenda como esse mineral ajuda no relaxamento muscular.","jnews-multi-image_gallery":[],"jnews_single_post":{"format":"standard"},"jnews_primary_category":[],"jnews_social_meta":[],"jnews_override_counter":[],"footnotes":""},"categories":[111],"tags":[1347,189,1028,1086],"class_list":["post-8729","post","type-post","status-publish","format-standard","has-post-thumbnail","hentry","category-saude","tag-caibras","tag-magnesio","tag-mineral","tag-saude-do-sono"],"yoast_head":"<!-- This site is optimized with the Yoast SEO plugin v26.7 - https:\/\/yoast.com\/wordpress\/plugins\/seo\/ -->\n<title>Qual \u00e9 o mineral ideal para combater as c\u00e3ibras que aparecem durante a noite? - Tua Sa\u00fade<\/title>\n<meta name=\"description\" content=\"C\u00e3ibras nas pernas durante a noite podem estar ligadas \u00e0 falta de magn\u00e9sio. Entenda como esse mineral ajuda no relaxamento muscular.\" \/>\n<meta name=\"robots\" content=\"index, follow, max-snippet:-1, max-image-preview:large, max-video-preview:-1\" \/>\n<link rel=\"canonical\" href=\"https:\/\/www.tuasaude.com\/news\/2026\/03\/14\/qual-e-o-mineral-ideal-para-combater-as-caibras-que-aparecem-durante-a-noite\/\" \/>\n<meta property=\"og:locale\" content=\"pt_BR\" \/>\n<meta property=\"og:type\" content=\"article\" \/>\n<meta property=\"og:title\" content=\"Qual \u00e9 o mineral ideal para combater as c\u00e3ibras que aparecem durante a noite? - Tua Sa\u00fade\" \/>\n<meta property=\"og:description\" content=\"C\u00e3ibras nas pernas durante a noite podem estar ligadas \u00e0 falta de magn\u00e9sio. Entenda como esse mineral ajuda no relaxamento muscular.\" \/>\n<meta property=\"og:url\" content=\"https:\/\/www.tuasaude.com\/news\/2026\/03\/14\/qual-e-o-mineral-ideal-para-combater-as-caibras-que-aparecem-durante-a-noite\/\" \/>\n<meta property=\"og:site_name\" content=\"Tua Sa\u00fade\" \/>\n<meta property=\"article:published_time\" content=\"2026-03-14T14:05:00+00:00\" \/>\n<meta property=\"og:image\" content=\"https:\/\/www.tuasaude.com\/news\/wp-content\/uploads\/2026\/03\/creation_2573869854.png\" \/>\n\t<meta property=\"og:image:width\" content=\"1280\" \/>\n\t<meta property=\"og:image:height\" content=\"714\" \/>\n\t<meta property=\"og:image:type\" content=\"image\/png\" \/>\n<meta name=\"author\" content=\"Gessika Julia Carvalho\" \/>\n<meta name=\"twitter:card\" content=\"summary_large_image\" \/>\n<meta name=\"twitter:label1\" content=\"Escrito por\" \/>\n\t<meta name=\"twitter:data1\" content=\"Gessika Julia Carvalho\" \/>\n\t<meta name=\"twitter:label2\" content=\"Est. tempo de leitura\" \/>\n\t<meta name=\"twitter:data2\" content=\"6 minutos\" \/>\n<!-- \/ Yoast SEO plugin. -->","yoast_head_json":{"title":"Qual \u00e9 o mineral ideal para combater as c\u00e3ibras que aparecem durante a noite? - Tua Sa\u00fade","description":"C\u00e3ibras nas pernas durante a noite podem estar ligadas \u00e0 falta de magn\u00e9sio. Entenda como esse mineral ajuda no relaxamento muscular.","robots":{"index":"index","follow":"follow","max-snippet":"max-snippet:-1","max-image-preview":"max-image-preview:large","max-video-preview":"max-video-preview:-1"},"canonical":"https:\/\/www.tuasaude.com\/news\/2026\/03\/14\/qual-e-o-mineral-ideal-para-combater-as-caibras-que-aparecem-durante-a-noite\/","og_locale":"pt_BR","og_type":"article","og_title":"Qual \u00e9 o mineral ideal para combater as c\u00e3ibras que aparecem durante a noite? - Tua Sa\u00fade","og_description":"C\u00e3ibras nas pernas durante a noite podem estar ligadas \u00e0 falta de magn\u00e9sio. Entenda como esse mineral ajuda no relaxamento muscular.","og_url":"https:\/\/www.tuasaude.com\/news\/2026\/03\/14\/qual-e-o-mineral-ideal-para-combater-as-caibras-que-aparecem-durante-a-noite\/","og_site_name":"Tua Sa\u00fade","article_published_time":"2026-03-14T14:05:00+00:00","og_image":[{"width":1280,"height":714,"url":"https:\/\/www.tuasaude.com\/news\/wp-content\/uploads\/2026\/03\/creation_2573869854.png","type":"image\/png"}],"author":"Gessika Julia Carvalho","twitter_card":"summary_large_image","twitter_misc":{"Escrito por":"Gessika Julia Carvalho","Est. tempo de leitura":"6 minutos"},"schema":{"@context":"https:\/\/schema.org","@graph":[{"@type":"Article","@id":"https:\/\/www.tuasaude.com\/news\/2026\/03\/14\/qual-e-o-mineral-ideal-para-combater-as-caibras-que-aparecem-durante-a-noite\/#article","isPartOf":{"@id":"https:\/\/www.tuasaude.com\/news\/2026\/03\/14\/qual-e-o-mineral-ideal-para-combater-as-caibras-que-aparecem-durante-a-noite\/"},"author":{"name":"Gessika Julia Carvalho","@id":"https:\/\/www.tuasaude.com\/news\/#\/schema\/person\/2e9df841be69ec84f5d20ddb8d273ac2"},"headline":"Qual \u00e9 o mineral ideal para combater as c\u00e3ibras que aparecem durante a noite?","datePublished":"2026-03-14T14:05:00+00:00","mainEntityOfPage":{"@id":"https:\/\/www.tuasaude.com\/news\/2026\/03\/14\/qual-e-o-mineral-ideal-para-combater-as-caibras-que-aparecem-durante-a-noite\/"},"wordCount":983,"commentCount":0,"image":{"@id":"https:\/\/www.tuasaude.com\/news\/2026\/03\/14\/qual-e-o-mineral-ideal-para-combater-as-caibras-que-aparecem-durante-a-noite\/#primaryimage"},"thumbnailUrl":"https:\/\/www.tuasaude.com\/news\/wp-content\/uploads\/2026\/03\/creation_2573869854.png","keywords":["c\u00e3ibras","magn\u00e9sio","mineral","sa\u00fade do sono"],"articleSection":["Sa\u00fade"],"inLanguage":"pt-BR","potentialAction":[{"@type":"CommentAction","name":"Comment","target":["https:\/\/www.tuasaude.com\/news\/2026\/03\/14\/qual-e-o-mineral-ideal-para-combater-as-caibras-que-aparecem-durante-a-noite\/#respond"]}]},{"@type":"WebPage","@id":"https:\/\/www.tuasaude.com\/news\/2026\/03\/14\/qual-e-o-mineral-ideal-para-combater-as-caibras-que-aparecem-durante-a-noite\/","url":"https:\/\/www.tuasaude.com\/news\/2026\/03\/14\/qual-e-o-mineral-ideal-para-combater-as-caibras-que-aparecem-durante-a-noite\/","name":"Qual \u00e9 o mineral ideal para combater as c\u00e3ibras que aparecem durante a noite? - Tua Sa\u00fade","isPartOf":{"@id":"https:\/\/www.tuasaude.com\/news\/#website"},"primaryImageOfPage":{"@id":"https:\/\/www.tuasaude.com\/news\/2026\/03\/14\/qual-e-o-mineral-ideal-para-combater-as-caibras-que-aparecem-durante-a-noite\/#primaryimage"},"image":{"@id":"https:\/\/www.tuasaude.com\/news\/2026\/03\/14\/qual-e-o-mineral-ideal-para-combater-as-caibras-que-aparecem-durante-a-noite\/#primaryimage"},"thumbnailUrl":"https:\/\/www.tuasaude.com\/news\/wp-content\/uploads\/2026\/03\/creation_2573869854.png","datePublished":"2026-03-14T14:05:00+00:00","author":{"@id":"https:\/\/www.tuasaude.com\/news\/#\/schema\/person\/2e9df841be69ec84f5d20ddb8d273ac2"},"description":"C\u00e3ibras nas pernas durante a noite podem estar ligadas \u00e0 falta de magn\u00e9sio. Entenda como esse mineral ajuda no relaxamento muscular.","breadcrumb":{"@id":"https:\/\/www.tuasaude.com\/news\/2026\/03\/14\/qual-e-o-mineral-ideal-para-combater-as-caibras-que-aparecem-durante-a-noite\/#breadcrumb"},"inLanguage":"pt-BR","potentialAction":[{"@type":"ReadAction","target":["https:\/\/www.tuasaude.com\/news\/2026\/03\/14\/qual-e-o-mineral-ideal-para-combater-as-caibras-que-aparecem-durante-a-noite\/"]}]},{"@type":"ImageObject","inLanguage":"pt-BR","@id":"https:\/\/www.tuasaude.com\/news\/2026\/03\/14\/qual-e-o-mineral-ideal-para-combater-as-caibras-que-aparecem-durante-a-noite\/#primaryimage","url":"https:\/\/www.tuasaude.com\/news\/wp-content\/uploads\/2026\/03\/creation_2573869854.png","contentUrl":"https:\/\/www.tuasaude.com\/news\/wp-content\/uploads\/2026\/03\/creation_2573869854.png","width":1280,"height":714,"caption":"C\u00e3ibras frequentes, fadiga e formigamento podem ser sinais de n\u00edveis baixos desse mineral no organismo."},{"@type":"BreadcrumbList","@id":"https:\/\/www.tuasaude.com\/news\/2026\/03\/14\/qual-e-o-mineral-ideal-para-combater-as-caibras-que-aparecem-durante-a-noite\/#breadcrumb","itemListElement":[{"@type":"ListItem","position":1,"name":"In\u00edcio","item":"https:\/\/www.tuasaude.com\/news\/"},{"@type":"ListItem","position":2,"name":"Qual \u00e9 o mineral ideal para combater as c\u00e3ibras que aparecem durante a noite?"}]},{"@type":"WebSite","@id":"https:\/\/www.tuasaude.com\/news\/#website","url":"https:\/\/www.tuasaude.com\/news\/","name":"Tua Sa\u00fade","description":"Seu site de sa\u00fade","potentialAction":[{"@type":"SearchAction","target":{"@type":"EntryPoint","urlTemplate":"https:\/\/www.tuasaude.com\/news\/?s={search_term_string}"},"query-input":{"@type":"PropertyValueSpecification","valueRequired":true,"valueName":"search_term_string"}}],"inLanguage":"pt-BR"},{"@type":"Person","@id":"https:\/\/www.tuasaude.com\/news\/#\/schema\/person\/2e9df841be69ec84f5d20ddb8d273ac2","name":"Gessika Julia Carvalho","image":{"@type":"ImageObject","inLanguage":"pt-BR","@id":"https:\/\/www.tuasaude.com\/news\/#\/schema\/person\/image\/","url":"https:\/\/secure.gravatar.com\/avatar\/0fcc8769024577fd0bc6a8b766055690f76a8e8f29dfb2a2f89cf04db8d0f2d2?s=96&d=mm&r=g","contentUrl":"https:\/\/secure.gravatar.com\/avatar\/0fcc8769024577fd0bc6a8b766055690f76a8e8f29dfb2a2f89cf04db8d0f2d2?s=96&d=mm&r=g","caption":"Gessika Julia Carvalho"},"sameAs":["https:\/\/www.tuasaude.com\/news\/"],"url":"https:\/\/www.tuasaude.com\/news\/author\/gessika-julia\/"}]}},"_links":{"self":[{"href":"https:\/\/www.tuasaude.com\/news\/wp-json\/wp\/v2\/posts\/8729","targetHints":{"allow":["GET"]}}],"collection":[{"href":"https:\/\/www.tuasaude.com\/news\/wp-json\/wp\/v2\/posts"}],"about":[{"href":"https:\/\/www.tuasaude.com\/news\/wp-json\/wp\/v2\/types\/post"}],"author":[{"embeddable":true,"href":"https:\/\/www.tuasaude.com\/news\/wp-json\/wp\/v2\/users\/11"}],"replies":[{"embeddable":true,"href":"https:\/\/www.tuasaude.com\/news\/wp-json\/wp\/v2\/comments?post=8729"}],"version-history":[{"count":2,"href":"https:\/\/www.tuasaude.com\/news\/wp-json\/wp\/v2\/posts\/8729\/revisions"}],"predecessor-version":[{"id":9073,"href":"https:\/\/www.tuasaude.com\/news\/wp-json\/wp\/v2\/posts\/8729\/revisions\/9073"}],"wp:featuredmedia":[{"embeddable":true,"href":"https:\/\/www.tuasaude.com\/news\/wp-json\/wp\/v2\/media\/9048"}],"wp:attachment":[{"href":"https:\/\/www.tuasaude.com\/news\/wp-json\/wp\/v2\/media?parent=8729"}],"wp:term":[{"taxonomy":"category","embeddable":true,"href":"https:\/\/www.tuasaude.com\/news\/wp-json\/wp\/v2\/categories?post=8729"},{"taxonomy":"post_tag","embeddable":true,"href":"https:\/\/www.tuasaude.com\/news\/wp-json\/wp\/v2\/tags?post=8729"}],"curies":[{"name":"wp","href":"https:\/\/api.w.org\/{rel}","templated":true}]}}