{"id":8726,"date":"2026-03-14T10:30:00","date_gmt":"2026-03-14T13:30:00","guid":{"rendered":"https:\/\/www.tuasaude.com\/news\/?p=8726"},"modified":"2026-03-13T20:15:10","modified_gmt":"2026-03-13T23:15:10","slug":"por-que-voce-acorda-entre-2-e-4-da-manha-a-explicacao-cientifica","status":"publish","type":"post","link":"https:\/\/www.tuasaude.com\/news\/2026\/03\/14\/por-que-voce-acorda-entre-2-e-4-da-manha-a-explicacao-cientifica\/","title":{"rendered":"Por que voc\u00ea acorda entre 2 e 4 da manh\u00e3? A explica\u00e7\u00e3o cient\u00edfica"},"content":{"rendered":"\n<p>Acordar no meio da madrugada, especialmente entre 2 e 4 da manh\u00e3, \u00e9 uma experi\u00eancia mais comum do que parece e, na grande maioria dos casos, tem uma explica\u00e7\u00e3o biol\u00f3gica. O corpo humano segue um rel\u00f3gio interno que controla a libera\u00e7\u00e3o de horm\u00f4nios ao longo da noite, e \u00e9 justamente nesse intervalo que um deles come\u00e7a a subir de forma natural. Quando esse mecanismo encontra fatores como estresse, ansiedade ou h\u00e1bitos inadequados, o despertar acontece antes da hora. Entender o que est\u00e1 por tr\u00e1s dessa situa\u00e7\u00e3o ajuda a retomar noites de sono mais tranquilas.<\/p>\n\n\n\n<h2 class=\"wp-block-heading\">O que acontece no corpo entre 2 e 4 da manh\u00e3?<\/h2>\n\n\n\n<p>Durante o sono, o organismo passa por diferentes fases que se repetem em ciclos de aproximadamente 90 minutos. Nas primeiras horas da noite, predomina o sono profundo, que \u00e9 o mais restaurador. Conforme a madrugada avan\u00e7a, os per\u00edodos de sono leve e de sono REM se tornam mais longos, o que naturalmente torna o corpo mais suscet\u00edvel a despertares. Para entender melhor como essas <a href=\"https:\/\/www.tuasaude.com\/fases-do-sono\/\" target=\"_blank\" rel=\"noreferrer noopener\">fases do sono<\/a> funcionam, \u00e9 importante saber que cada uma tem uma fun\u00e7\u00e3o espec\u00edfica na recupera\u00e7\u00e3o f\u00edsica e mental.<\/p>\n\n\n\n<p>Al\u00e9m da<a href=\"https:\/\/www.tuasaude.com\/fases-do-sono\/\" target=\"_blank\" rel=\"noreferrer noopener\"> mudan\u00e7a nas fases do sono<\/a>, existe um fator hormonal decisivo. O cortisol, horm\u00f4nio ligado ao estado de alerta, atinge seu n\u00edvel mais baixo no in\u00edcio da noite e come\u00e7a a subir gradualmente por volta das 2 ou 3 da manh\u00e3. Essa eleva\u00e7\u00e3o \u00e9 programada pelo rel\u00f3gio biol\u00f3gico para preparar o corpo para o despertar. Em condi\u00e7\u00f5es normais, esse aumento \u00e9 suave e n\u00e3o interrompe o sono.<\/p>\n\n\n<div class=\"wp-block-image\">\n<figure class=\"aligncenter size-large\"><img decoding=\"async\" width=\"1024\" height=\"571\" src=\"https:\/\/www.tuasaude.com\/news\/wp-content\/uploads\/2026\/03\/creation_2573853789-1024x571.png\" alt=\"Por que voc\u00ea acorda entre 2 e 4 da manh\u00e3? A explica\u00e7\u00e3o cient\u00edfica\" class=\"wp-image-9041\" srcset=\"https:\/\/www.tuasaude.com\/news\/wp-content\/uploads\/2026\/03\/creation_2573853789-1024x571.png 1024w, https:\/\/www.tuasaude.com\/news\/wp-content\/uploads\/2026\/03\/creation_2573853789-300x167.png 300w, https:\/\/www.tuasaude.com\/news\/wp-content\/uploads\/2026\/03\/creation_2573853789-768x428.png 768w, https:\/\/www.tuasaude.com\/news\/wp-content\/uploads\/2026\/03\/creation_2573853789-750x418.png 750w, https:\/\/www.tuasaude.com\/news\/wp-content\/uploads\/2026\/03\/creation_2573853789-1140x636.png 1140w, https:\/\/www.tuasaude.com\/news\/wp-content\/uploads\/2026\/03\/creation_2573853789.png 1280w\" sizes=\"(max-width: 1024px) 100vw, 1024px\" \/><figcaption class=\"wp-element-caption\">Acordar entre 2 e 4 da manh\u00e3 pode estar ligado ao aumento natural do cortisol, horm\u00f4nio que prepara o corpo para despertar.<\/figcaption><\/figure>\n<\/div>\n\n\n<h2 class=\"wp-block-heading\">Por que o estresse e a ansiedade antecipam o despertar?<\/h2>\n\n\n\n<p>Quando uma pessoa vive sob estresse constante ou est\u00e1 passando por um per\u00edodo de ansiedade, os n\u00edveis de cortisol j\u00e1 se encontram mais altos do que o habitual durante a noite. Ao chegar na faixa das 2 \u00e0s 4 da manh\u00e3, momento em que esse horm\u00f4nio come\u00e7a sua subida natural, o ac\u00famulo se torna grande o suficiente para ativar o sistema de alerta do corpo. O resultado \u00e9 um despertar abrupto, muitas vezes acompanhado de pensamentos acelerados e dificuldade para voltar a dormir.<\/p>\n\n\n\n<p>Esse padr\u00e3o tende a se repetir noite ap\u00f3s noite, criando um ciclo dif\u00edcil de quebrar. A pessoa dorme cansada, acorda na madrugada, perde qualidade de descanso e, no dia seguinte, sente mais fadiga e irritabilidade, o que alimenta novamente o estresse.<\/p>\n\n\n\n<h2 class=\"wp-block-heading\">Estudo confirma a influ\u00eancia do ritmo circadiano no cortisol noturno<\/h2>\n\n\n\n<p>A rela\u00e7\u00e3o entre o rel\u00f3gio biol\u00f3gico e a produ\u00e7\u00e3o de cortisol durante o sono j\u00e1 foi amplamente investigada pela ci\u00eancia. Segundo a revis\u00e3o<a href=\"https:\/\/pmc.ncbi.nlm.nih.gov\/articles\/PMC7830980\/\" target=\"_blank\" rel=\"noreferrer noopener\"> <em>&#8220;Cortisol on Circadian Rhythm and Its Effect on Cardiovascular System&#8221;<\/em><\/a>, publicada no <em>International Journal of Environmental Research and Public Health<\/em>, os n\u00edveis de cortisol seguem um padr\u00e3o de 24 horas controlado pelo n\u00facleo supraquiasm\u00e1tico do c\u00e9rebro. O estudo detalha que o cortisol permanece baixo no in\u00edcio da noite e apresenta eleva\u00e7\u00e3o progressiva nas horas finais do sono, atingindo seu pico no momento do despertar. Essa revis\u00e3o tamb\u00e9m destaca que perturba\u00e7\u00f5es nesse ritmo est\u00e3o associadas a consequ\u00eancias importantes para a sa\u00fade. <\/p>\n\n\n\n<h2 class=\"wp-block-heading\">H\u00e1bitos que podem estar prejudicando seu sono na madrugada<\/h2>\n\n\n\n<p>Al\u00e9m do estresse emocional, alguns comportamentos do dia a dia contribuem diretamente para os despertares noturnos. Identificar e ajustar esses h\u00e1bitos pode fazer uma diferen\u00e7a significativa na qualidade do sono:<\/p>\n\n\n\n<div style=\"display: flex; flex-wrap: wrap; gap: 20px; justify-content: center; font-family: 'Segoe UI', Roboto, Helvetica, sans-serif; padding: 40px; background-color: #f1f5f9;\">\n\n  <div style=\"flex: 1; min-width: 250px; max-width: 280px; background: #ffffff; border: 1px solid #e2e8f0; padding: 25px; border-radius: 20px; box-shadow: 0 10px 25px rgba(0,0,0,0.05); text-align: center;\">\n\n    <div style=\"font-size: 32px; margin-bottom: 15px;\">\ud83d\udcf1<\/div>\n\n    <h3 style=\"color: #334155; font-size: 1.1em; margin-bottom: 12px; letter-spacing: 1px;\">TELAS \u00c0 NOITE<\/h3>\n\n    <p style=\"color: #475569; font-size: 0.95em; line-height: 1.6; margin: 0;\">\n      A <strong>luz azul de celulares e computadores<\/strong> pode reduzir a produ\u00e7\u00e3o de melatonina e confundir o rel\u00f3gio biol\u00f3gico.\n    <\/p>\n\n  <\/div>\n\n  <div style=\"flex: 1; min-width: 250px; max-width: 280px; background: #ffffff; border: 1px solid #e2e8f0; padding: 25px; border-radius: 20px; box-shadow: 0 10px 25px rgba(0,0,0,0.05); text-align: center;\">\n\n    <div style=\"font-size: 32px; margin-bottom: 15px;\">\u2615<\/div>\n\n    <h3 style=\"color: #334155; font-size: 1.1em; margin-bottom: 12px; letter-spacing: 1px;\">CAFE\u00cdNA TARDE<\/h3>\n\n    <p style=\"color: #475569; font-size: 0.95em; line-height: 1.6; margin: 0;\">\n      Consumir cafe\u00edna ap\u00f3s as <strong>14h<\/strong> pode afetar o sono, pois seus efeitos estimulantes podem durar at\u00e9 8 horas.\n    <\/p>\n\n  <\/div>\n\n  <div style=\"flex: 1; min-width: 250px; max-width: 280px; background: #ffffff; border: 1px solid #e2e8f0; padding: 25px; border-radius: 20px; box-shadow: 0 10px 25px rgba(0,0,0,0.05); text-align: center;\">\n\n    <div style=\"font-size: 32px; margin-bottom: 15px;\">\ud83c\udf7d\ufe0f<\/div>\n\n    <h3 style=\"color: #334155; font-size: 1.1em; margin-bottom: 12px; letter-spacing: 1px;\">JANTAR PESADO<\/h3>\n\n    <p style=\"color: #475569; font-size: 0.95em; line-height: 1.6; margin: 0;\">\n      Refei\u00e7\u00f5es muito pesadas \u00e0 noite fazem o <strong>sistema digestivo trabalhar durante o descanso<\/strong>.\n    <\/p>\n\n  <\/div>\n\n  <div style=\"flex: 1; min-width: 250px; max-width: 280px; background: #ffffff; border: 1px solid #e2e8f0; padding: 25px; border-radius: 20px; box-shadow: 0 10px 25px rgba(0,0,0,0.05); text-align: center;\">\n\n    <div style=\"font-size: 32px; margin-bottom: 15px;\">\u23f1\ufe0f<\/div>\n\n    <h3 style=\"color: #334155; font-size: 1.1em; margin-bottom: 12px; letter-spacing: 1px;\">HOR\u00c1RIOS IRREGULARES<\/h3>\n\n    <p style=\"color: #475569; font-size: 0.95em; line-height: 1.6; margin: 0;\">\n      Dormir e acordar em hor\u00e1rios diferentes todos os dias pode <strong>desorganizar o ciclo natural do sono<\/strong>.\n    <\/p>\n\n  <\/div>\n\n  <div style=\"flex: 1; min-width: 250px; max-width: 280px; background: #ffffff; border: 1px solid #e2e8f0; padding: 25px; border-radius: 20px; box-shadow: 0 10px 25px rgba(0,0,0,0.05); text-align: center;\">\n\n    <div style=\"font-size: 32px; margin-bottom: 15px;\">\ud83c\udf77<\/div>\n\n    <h3 style=\"color: #334155; font-size: 1.1em; margin-bottom: 12px; letter-spacing: 1px;\">\u00c1LCOOL \u00c0 NOITE<\/h3>\n\n    <p style=\"color: #475569; font-size: 0.95em; line-height: 1.6; margin: 0;\">\n      Apesar de causar sonol\u00eancia inicial, o <strong>\u00e1lcool fragmenta o sono<\/strong> e aumenta os despertares durante a madrugada.\n    <\/p>\n\n  <\/div>\n\n<\/div>\n\n\n\n<h2 class=\"wp-block-heading\">O que fazer quando o despertar na madrugada se torna frequente?<\/h2>\n\n\n\n<p>Quando acordar entre 2 e 4 da manh\u00e3 passa a ser algo recorrente, algumas atitudes simples podem ajudar o corpo a reencontrar seu ritmo natural de sono:<\/p>\n\n\n\n<ul class=\"wp-block-list\">\n<li><strong>Manter hor\u00e1rios fixos<\/strong> para dormir e acordar, inclusive nos finais de semana<\/li>\n\n\n\n<li><strong>Buscar exposi\u00e7\u00e3o \u00e0 luz natural<\/strong> pela manh\u00e3, o que ajuda a calibrar a produ\u00e7\u00e3o de cortisol e melatonina<\/li>\n\n\n\n<li><strong>Praticar t\u00e9cnicas de relaxamento<\/strong> antes de deitar, como respira\u00e7\u00e3o profunda ou medita\u00e7\u00e3o<\/li>\n\n\n\n<li><strong>Evitar olhar o rel\u00f3gio<\/strong> caso acorde na madrugada, para n\u00e3o aumentar a ansiedade<\/li>\n<\/ul>\n\n\n\n<p>Se mesmo com essas mudan\u00e7as o problema persistir por semanas, \u00e9 fundamental procurar um m\u00e9dico. Despertares frequentes na madrugada podem estar ligados a condi\u00e7\u00f5es como ins\u00f4nia cr\u00f4nica, apneia do sono ou desequil\u00edbrios hormonais que precisam de investiga\u00e7\u00e3o adequada. Somente um profissional de sa\u00fade pode avaliar o quadro completo e indicar o tratamento mais apropriado para cada caso.<\/p>\n\n\n\n<p><em><strong>Aviso:<\/strong> este conte\u00fado \u00e9 apenas informativo e n\u00e3o substitui, em nenhuma hip\u00f3tese, a avalia\u00e7\u00e3o, o diagn\u00f3stico ou o tratamento de um m\u00e9dico. Consulte sempre um profissional de sa\u00fade qualificado.<\/em><\/p>\n","protected":false},"excerpt":{"rendered":"<p>Acordar no meio da madrugada, especialmente entre 2 e 4 da manh\u00e3, \u00e9 uma experi\u00eancia mais comum do que parece e, na grande maioria dos casos, tem uma explica\u00e7\u00e3o biol\u00f3gica. O corpo humano segue um rel\u00f3gio interno que controla a libera\u00e7\u00e3o de horm\u00f4nios ao longo da noite, e \u00e9 justamente nesse intervalo que um deles [&hellip;]<\/p>\n","protected":false},"author":11,"featured_media":9040,"comment_status":"open","ping_status":"open","sticky":false,"template":"","format":"standard","meta":{"_yoast_wpseo_focuskw":"acordar entre 2 e 4 da manh\u00e3","_yoast_wpseo_title":"","_yoast_wpseo_metadesc":"Acordar entre 2 e 4 da manh\u00e3 \u00e9 mais comum do que parece. Entenda o papel do cortisol, do ritmo circadiano e do estresse nesse despertar.","jnews-multi-image_gallery":[],"jnews_single_post":{"format":"standard"},"jnews_primary_category":[],"jnews_social_meta":[],"jnews_override_counter":[],"footnotes":""},"categories":[111],"tags":[2404,510,1086,116],"class_list":["post-8726","post","type-post","status-publish","format-standard","has-post-thumbnail","hentry","category-saude","tag-fases-do-sono","tag-insonia","tag-saude-do-sono","tag-sono"],"yoast_head":"<!-- This site is optimized with the Yoast SEO plugin v26.7 - https:\/\/yoast.com\/wordpress\/plugins\/seo\/ -->\n<title>Por que voc\u00ea acorda entre 2 e 4 da manh\u00e3? A explica\u00e7\u00e3o cient\u00edfica - Tua Sa\u00fade<\/title>\n<meta name=\"description\" content=\"Acordar entre 2 e 4 da manh\u00e3 \u00e9 mais comum do que parece. Entenda o papel do cortisol, do ritmo circadiano e do estresse nesse despertar.\" \/>\n<meta name=\"robots\" content=\"index, follow, max-snippet:-1, max-image-preview:large, max-video-preview:-1\" \/>\n<link rel=\"canonical\" href=\"https:\/\/www.tuasaude.com\/news\/2026\/03\/14\/por-que-voce-acorda-entre-2-e-4-da-manha-a-explicacao-cientifica\/\" \/>\n<meta property=\"og:locale\" content=\"pt_BR\" \/>\n<meta property=\"og:type\" content=\"article\" \/>\n<meta property=\"og:title\" content=\"Por que voc\u00ea acorda entre 2 e 4 da manh\u00e3? A explica\u00e7\u00e3o cient\u00edfica - Tua Sa\u00fade\" \/>\n<meta property=\"og:description\" content=\"Acordar entre 2 e 4 da manh\u00e3 \u00e9 mais comum do que parece. Entenda o papel do cortisol, do ritmo circadiano e do estresse nesse despertar.\" \/>\n<meta property=\"og:url\" content=\"https:\/\/www.tuasaude.com\/news\/2026\/03\/14\/por-que-voce-acorda-entre-2-e-4-da-manha-a-explicacao-cientifica\/\" \/>\n<meta property=\"og:site_name\" content=\"Tua Sa\u00fade\" \/>\n<meta property=\"article:published_time\" content=\"2026-03-14T13:30:00+00:00\" \/>\n<meta property=\"og:image\" content=\"https:\/\/www.tuasaude.com\/news\/wp-content\/uploads\/2026\/03\/creation_2573853567.png\" \/>\n\t<meta property=\"og:image:width\" content=\"1280\" \/>\n\t<meta property=\"og:image:height\" content=\"714\" \/>\n\t<meta property=\"og:image:type\" content=\"image\/png\" \/>\n<meta name=\"author\" content=\"Gessika Julia Carvalho\" \/>\n<meta name=\"twitter:card\" content=\"summary_large_image\" \/>\n<meta name=\"twitter:label1\" content=\"Escrito por\" \/>\n\t<meta name=\"twitter:data1\" content=\"Gessika Julia Carvalho\" \/>\n\t<meta name=\"twitter:label2\" content=\"Est. tempo de leitura\" \/>\n\t<meta name=\"twitter:data2\" content=\"6 minutos\" \/>\n<!-- \/ Yoast SEO plugin. -->","yoast_head_json":{"title":"Por que voc\u00ea acorda entre 2 e 4 da manh\u00e3? A explica\u00e7\u00e3o cient\u00edfica - Tua Sa\u00fade","description":"Acordar entre 2 e 4 da manh\u00e3 \u00e9 mais comum do que parece. Entenda o papel do cortisol, do ritmo circadiano e do estresse nesse despertar.","robots":{"index":"index","follow":"follow","max-snippet":"max-snippet:-1","max-image-preview":"max-image-preview:large","max-video-preview":"max-video-preview:-1"},"canonical":"https:\/\/www.tuasaude.com\/news\/2026\/03\/14\/por-que-voce-acorda-entre-2-e-4-da-manha-a-explicacao-cientifica\/","og_locale":"pt_BR","og_type":"article","og_title":"Por que voc\u00ea acorda entre 2 e 4 da manh\u00e3? A explica\u00e7\u00e3o cient\u00edfica - Tua Sa\u00fade","og_description":"Acordar entre 2 e 4 da manh\u00e3 \u00e9 mais comum do que parece. Entenda o papel do cortisol, do ritmo circadiano e do estresse nesse despertar.","og_url":"https:\/\/www.tuasaude.com\/news\/2026\/03\/14\/por-que-voce-acorda-entre-2-e-4-da-manha-a-explicacao-cientifica\/","og_site_name":"Tua Sa\u00fade","article_published_time":"2026-03-14T13:30:00+00:00","og_image":[{"width":1280,"height":714,"url":"https:\/\/www.tuasaude.com\/news\/wp-content\/uploads\/2026\/03\/creation_2573853567.png","type":"image\/png"}],"author":"Gessika Julia Carvalho","twitter_card":"summary_large_image","twitter_misc":{"Escrito por":"Gessika Julia Carvalho","Est. tempo de leitura":"6 minutos"},"schema":{"@context":"https:\/\/schema.org","@graph":[{"@type":"Article","@id":"https:\/\/www.tuasaude.com\/news\/2026\/03\/14\/por-que-voce-acorda-entre-2-e-4-da-manha-a-explicacao-cientifica\/#article","isPartOf":{"@id":"https:\/\/www.tuasaude.com\/news\/2026\/03\/14\/por-que-voce-acorda-entre-2-e-4-da-manha-a-explicacao-cientifica\/"},"author":{"name":"Gessika Julia Carvalho","@id":"https:\/\/www.tuasaude.com\/news\/#\/schema\/person\/2e9df841be69ec84f5d20ddb8d273ac2"},"headline":"Por que voc\u00ea acorda entre 2 e 4 da manh\u00e3? A explica\u00e7\u00e3o cient\u00edfica","datePublished":"2026-03-14T13:30:00+00:00","mainEntityOfPage":{"@id":"https:\/\/www.tuasaude.com\/news\/2026\/03\/14\/por-que-voce-acorda-entre-2-e-4-da-manha-a-explicacao-cientifica\/"},"wordCount":916,"commentCount":0,"image":{"@id":"https:\/\/www.tuasaude.com\/news\/2026\/03\/14\/por-que-voce-acorda-entre-2-e-4-da-manha-a-explicacao-cientifica\/#primaryimage"},"thumbnailUrl":"https:\/\/www.tuasaude.com\/news\/wp-content\/uploads\/2026\/03\/creation_2573853567.png","keywords":["fases do sono","ins\u00f4nia","sa\u00fade do sono","sono"],"articleSection":["Sa\u00fade"],"inLanguage":"pt-BR","potentialAction":[{"@type":"CommentAction","name":"Comment","target":["https:\/\/www.tuasaude.com\/news\/2026\/03\/14\/por-que-voce-acorda-entre-2-e-4-da-manha-a-explicacao-cientifica\/#respond"]}]},{"@type":"WebPage","@id":"https:\/\/www.tuasaude.com\/news\/2026\/03\/14\/por-que-voce-acorda-entre-2-e-4-da-manha-a-explicacao-cientifica\/","url":"https:\/\/www.tuasaude.com\/news\/2026\/03\/14\/por-que-voce-acorda-entre-2-e-4-da-manha-a-explicacao-cientifica\/","name":"Por que voc\u00ea acorda entre 2 e 4 da manh\u00e3? A explica\u00e7\u00e3o cient\u00edfica - Tua Sa\u00fade","isPartOf":{"@id":"https:\/\/www.tuasaude.com\/news\/#website"},"primaryImageOfPage":{"@id":"https:\/\/www.tuasaude.com\/news\/2026\/03\/14\/por-que-voce-acorda-entre-2-e-4-da-manha-a-explicacao-cientifica\/#primaryimage"},"image":{"@id":"https:\/\/www.tuasaude.com\/news\/2026\/03\/14\/por-que-voce-acorda-entre-2-e-4-da-manha-a-explicacao-cientifica\/#primaryimage"},"thumbnailUrl":"https:\/\/www.tuasaude.com\/news\/wp-content\/uploads\/2026\/03\/creation_2573853567.png","datePublished":"2026-03-14T13:30:00+00:00","author":{"@id":"https:\/\/www.tuasaude.com\/news\/#\/schema\/person\/2e9df841be69ec84f5d20ddb8d273ac2"},"description":"Acordar entre 2 e 4 da manh\u00e3 \u00e9 mais comum do que parece. Entenda o papel do cortisol, do ritmo circadiano e do estresse nesse despertar.","breadcrumb":{"@id":"https:\/\/www.tuasaude.com\/news\/2026\/03\/14\/por-que-voce-acorda-entre-2-e-4-da-manha-a-explicacao-cientifica\/#breadcrumb"},"inLanguage":"pt-BR","potentialAction":[{"@type":"ReadAction","target":["https:\/\/www.tuasaude.com\/news\/2026\/03\/14\/por-que-voce-acorda-entre-2-e-4-da-manha-a-explicacao-cientifica\/"]}]},{"@type":"ImageObject","inLanguage":"pt-BR","@id":"https:\/\/www.tuasaude.com\/news\/2026\/03\/14\/por-que-voce-acorda-entre-2-e-4-da-manha-a-explicacao-cientifica\/#primaryimage","url":"https:\/\/www.tuasaude.com\/news\/wp-content\/uploads\/2026\/03\/creation_2573853567.png","contentUrl":"https:\/\/www.tuasaude.com\/news\/wp-content\/uploads\/2026\/03\/creation_2573853567.png","width":1280,"height":714,"caption":"Manter hor\u00e1rios regulares de sono, reduzir est\u00edmulos noturnos e praticar t\u00e9cnicas de relaxamento ajuda a melhorar a qualidade do sono."},{"@type":"BreadcrumbList","@id":"https:\/\/www.tuasaude.com\/news\/2026\/03\/14\/por-que-voce-acorda-entre-2-e-4-da-manha-a-explicacao-cientifica\/#breadcrumb","itemListElement":[{"@type":"ListItem","position":1,"name":"In\u00edcio","item":"https:\/\/www.tuasaude.com\/news\/"},{"@type":"ListItem","position":2,"name":"Por que voc\u00ea acorda entre 2 e 4 da manh\u00e3? A explica\u00e7\u00e3o cient\u00edfica"}]},{"@type":"WebSite","@id":"https:\/\/www.tuasaude.com\/news\/#website","url":"https:\/\/www.tuasaude.com\/news\/","name":"Tua Sa\u00fade","description":"Seu site de sa\u00fade","potentialAction":[{"@type":"SearchAction","target":{"@type":"EntryPoint","urlTemplate":"https:\/\/www.tuasaude.com\/news\/?s={search_term_string}"},"query-input":{"@type":"PropertyValueSpecification","valueRequired":true,"valueName":"search_term_string"}}],"inLanguage":"pt-BR"},{"@type":"Person","@id":"https:\/\/www.tuasaude.com\/news\/#\/schema\/person\/2e9df841be69ec84f5d20ddb8d273ac2","name":"Gessika Julia Carvalho","image":{"@type":"ImageObject","inLanguage":"pt-BR","@id":"https:\/\/www.tuasaude.com\/news\/#\/schema\/person\/image\/","url":"https:\/\/secure.gravatar.com\/avatar\/0fcc8769024577fd0bc6a8b766055690f76a8e8f29dfb2a2f89cf04db8d0f2d2?s=96&d=mm&r=g","contentUrl":"https:\/\/secure.gravatar.com\/avatar\/0fcc8769024577fd0bc6a8b766055690f76a8e8f29dfb2a2f89cf04db8d0f2d2?s=96&d=mm&r=g","caption":"Gessika Julia Carvalho"},"sameAs":["https:\/\/www.tuasaude.com\/news\/"],"url":"https:\/\/www.tuasaude.com\/news\/author\/gessika-julia\/"}]}},"_links":{"self":[{"href":"https:\/\/www.tuasaude.com\/news\/wp-json\/wp\/v2\/posts\/8726","targetHints":{"allow":["GET"]}}],"collection":[{"href":"https:\/\/www.tuasaude.com\/news\/wp-json\/wp\/v2\/posts"}],"about":[{"href":"https:\/\/www.tuasaude.com\/news\/wp-json\/wp\/v2\/types\/post"}],"author":[{"embeddable":true,"href":"https:\/\/www.tuasaude.com\/news\/wp-json\/wp\/v2\/users\/11"}],"replies":[{"embeddable":true,"href":"https:\/\/www.tuasaude.com\/news\/wp-json\/wp\/v2\/comments?post=8726"}],"version-history":[{"count":2,"href":"https:\/\/www.tuasaude.com\/news\/wp-json\/wp\/v2\/posts\/8726\/revisions"}],"predecessor-version":[{"id":9075,"href":"https:\/\/www.tuasaude.com\/news\/wp-json\/wp\/v2\/posts\/8726\/revisions\/9075"}],"wp:featuredmedia":[{"embeddable":true,"href":"https:\/\/www.tuasaude.com\/news\/wp-json\/wp\/v2\/media\/9040"}],"wp:attachment":[{"href":"https:\/\/www.tuasaude.com\/news\/wp-json\/wp\/v2\/media?parent=8726"}],"wp:term":[{"taxonomy":"category","embeddable":true,"href":"https:\/\/www.tuasaude.com\/news\/wp-json\/wp\/v2\/categories?post=8726"},{"taxonomy":"post_tag","embeddable":true,"href":"https:\/\/www.tuasaude.com\/news\/wp-json\/wp\/v2\/tags?post=8726"}],"curies":[{"name":"wp","href":"https:\/\/api.w.org\/{rel}","templated":true}]}}