{"id":8457,"date":"2026-03-14T06:20:00","date_gmt":"2026-03-14T09:20:00","guid":{"rendered":"https:\/\/www.tuasaude.com\/news\/?p=8457"},"modified":"2026-03-13T20:43:29","modified_gmt":"2026-03-13T23:43:29","slug":"vitaminas-em-falta-costumam-deixar-o-corpo-pesado-e-a-mente-cansada-ao-acordar","status":"publish","type":"post","link":"https:\/\/www.tuasaude.com\/news\/2026\/03\/14\/vitaminas-em-falta-costumam-deixar-o-corpo-pesado-e-a-mente-cansada-ao-acordar\/","title":{"rendered":"Vitaminas em falta costumam deixar o corpo pesado e a mente cansada ao acordar"},"content":{"rendered":"\n<p>Voc\u00ea dorme oito horas por noite, mas acorda sentindo o corpo pesado e a mente enevoada? Esse cansa\u00e7o que n\u00e3o passa pode n\u00e3o ser apenas falta de descanso. A defici\u00eancia de vitaminas essenciais interfere diretamente na produ\u00e7\u00e3o de energia das c\u00e9lulas e no funcionamento do sistema nervoso, provocando fadiga f\u00edsica e mental que persiste mesmo quando o sono parece suficiente. Entender quais nutrientes podem estar em falta no organismo \u00e9 o primeiro passo para recuperar a disposi\u00e7\u00e3o.<\/p>\n\n\n\n<h2 class=\"wp-block-heading\">Por que dormir bem nem sempre significa acordar descansado<\/h2>\n\n\n\n<p>O sono de qualidade depende de diversos fatores al\u00e9m das horas na cama. Quando o corpo n\u00e3o recebe nutrientes suficientes para realizar suas fun\u00e7\u00f5es b\u00e1sicas, a sensa\u00e7\u00e3o de recupera\u00e7\u00e3o fica comprometida. As vitaminas do complexo B, por exemplo, participam das rea\u00e7\u00f5es que transformam os alimentos em energia utiliz\u00e1vel pelas c\u00e9lulas.<\/p>\n\n\n\n<p>Sem esses nutrientes em n\u00edveis adequados, o organismo n\u00e3o consegue converter carboidratos, gorduras e prote\u00ednas em ATP, a subst\u00e2ncia que alimenta todas as fun\u00e7\u00f5es do corpo. O resultado \u00e9 acordar cansado mesmo ap\u00f3s uma noite aparentemente tranquila.<\/p>\n\n\n<div class=\"wp-block-image\">\n<figure class=\"aligncenter size-large\"><img decoding=\"async\" width=\"1024\" height=\"571\" src=\"https:\/\/www.tuasaude.com\/news\/wp-content\/uploads\/2026\/03\/creation_2574005691-1024x571.png\" alt=\"Vitaminas em falta costumam deixar o corpo pesado e a mente cansada ao acordar\" class=\"wp-image-9098\" srcset=\"https:\/\/www.tuasaude.com\/news\/wp-content\/uploads\/2026\/03\/creation_2574005691-1024x571.png 1024w, https:\/\/www.tuasaude.com\/news\/wp-content\/uploads\/2026\/03\/creation_2574005691-300x167.png 300w, https:\/\/www.tuasaude.com\/news\/wp-content\/uploads\/2026\/03\/creation_2574005691-768x428.png 768w, https:\/\/www.tuasaude.com\/news\/wp-content\/uploads\/2026\/03\/creation_2574005691-750x418.png 750w, https:\/\/www.tuasaude.com\/news\/wp-content\/uploads\/2026\/03\/creation_2574005691-1140x636.png 1140w, https:\/\/www.tuasaude.com\/news\/wp-content\/uploads\/2026\/03\/creation_2574005691.png 1280w\" sizes=\"(max-width: 1024px) 100vw, 1024px\" \/><figcaption class=\"wp-element-caption\">Cansa\u00e7o ao acordar mesmo ap\u00f3s dormir bem pode estar relacionado \u00e0 defici\u00eancia de vitaminas e minerais essenciais.<\/figcaption><\/figure>\n<\/div>\n\n\n<h2 class=\"wp-block-heading\">Principais vitaminas e minerais envolvidos na fadiga persistente<\/h2>\n\n\n\n<p>Alguns nutrientes t\u00eam papel central no metabolismo energ\u00e9tico e no funcionamento cerebral. Quando faltam, os sintomas aparecem de forma silenciosa:<\/p>\n\n\n\n<ul class=\"wp-block-list\">\n<li><strong>Vitaminas do complexo B (B1, B2, B6, B9, B12):<\/strong> atuam na produ\u00e7\u00e3o de energia e na forma\u00e7\u00e3o de gl\u00f3bulos vermelhos, essenciais para o transporte de oxig\u00eanio<\/li>\n\n\n\n<li><strong>Vitamina D:<\/strong> interfere na regula\u00e7\u00e3o do humor, na for\u00e7a muscular e na qualidade do sono<\/li>\n\n\n\n<li><strong>Ferro:<\/strong> sua car\u00eancia \u00e9 a causa nutricional mais comum de fadiga no mundo, pois compromete a oxigena\u00e7\u00e3o dos tecidos<\/li>\n\n\n\n<li><strong>Magn\u00e9sio:<\/strong> participa de mais de 300 rea\u00e7\u00f5es no organismo, incluindo a produ\u00e7\u00e3o de energia e o relaxamento muscular<\/li>\n<\/ul>\n\n\n\n<h2 class=\"wp-block-heading\">Estudo cient\u00edfico confirma a rela\u00e7\u00e3o entre nutrientes e fadiga<\/h2>\n\n\n\n<p>A ci\u00eancia refor\u00e7a a import\u00e2ncia dos micronutrientes no combate ao cansa\u00e7o. Segundo a revis\u00e3o narrativa <a href=\"https:\/\/pmc.ncbi.nlm.nih.gov\/articles\/PMC7019700\/\" target=\"_blank\" rel=\"noreferrer noopener\">Vitamins and Minerals for Energy, Fatigue and Cognition: A Narrative Review of the Biochemical and Clinical Evidence<\/a>, publicada na revista Nutrients em 2020, defici\u00eancias mesmo moderadas de vitaminas do complexo B, vitamina C, ferro, magn\u00e9sio e zinco j\u00e1 s\u00e3o suficientes para provocar fadiga f\u00edsica e mental em pessoas saud\u00e1veis.<\/p>\n\n\n\n<p>Os autores destacam que esses sintomas muitas vezes passam despercebidos justamente porque o cansa\u00e7o \u00e9 uma queixa pouco espec\u00edfica. Isso faz com que muitas pessoas convivam com fadiga cr\u00f4nica sem investigar sua origem nutricional.<\/p>\n\n\n\n<h2 class=\"wp-block-heading\">Sinais de que o cansa\u00e7o pode ter origem na alimenta\u00e7\u00e3o<\/h2>\n\n\n\n<p>Alguns ind\u00edcios ajudam a identificar quando a fadiga pode estar relacionada a car\u00eancias nutricionais:<\/p>\n\n\n\n<ul class=\"wp-block-list\">\n<li>Dificuldade de concentra\u00e7\u00e3o mesmo em tarefas simples<\/li>\n\n\n\n<li>Fraqueza muscular desproporcional ao esfor\u00e7o realizado<\/li>\n\n\n\n<li>Irritabilidade frequente sem motivo aparente<\/li>\n\n\n\n<li>Palidez na pele e nas mucosas<\/li>\n\n\n\n<li>Queda de cabelo ou unhas quebradi\u00e7as<\/li>\n<\/ul>\n\n\n\n<p>Esses sintomas podem surgir antes de quadros mais graves de defici\u00eancia vitam\u00ednica, funcionando como alertas do organismo.<\/p>\n\n\n<div class=\"wp-block-image\">\n<figure class=\"aligncenter size-large\"><img decoding=\"async\" width=\"1024\" height=\"457\" src=\"https:\/\/www.tuasaude.com\/news\/wp-content\/uploads\/2026\/03\/convertido-18-1-1024x457.jpg\" alt=\"\" class=\"wp-image-8707\" srcset=\"https:\/\/www.tuasaude.com\/news\/wp-content\/uploads\/2026\/03\/convertido-18-1-1024x457.jpg 1024w, https:\/\/www.tuasaude.com\/news\/wp-content\/uploads\/2026\/03\/convertido-18-1-300x134.jpg 300w, https:\/\/www.tuasaude.com\/news\/wp-content\/uploads\/2026\/03\/convertido-18-1-768x343.jpg 768w, https:\/\/www.tuasaude.com\/news\/wp-content\/uploads\/2026\/03\/convertido-18-1-750x335.jpg 750w, https:\/\/www.tuasaude.com\/news\/wp-content\/uploads\/2026\/03\/convertido-18-1-1140x509.jpg 1140w, https:\/\/www.tuasaude.com\/news\/wp-content\/uploads\/2026\/03\/convertido-18-1.jpg 1280w\" sizes=\"(max-width: 1024px) 100vw, 1024px\" \/><\/figure>\n<\/div>\n\n\n<h2 class=\"wp-block-heading\">Como investigar e tratar a fadiga de origem nutricional<\/h2>\n\n\n\n<p>A melhor forma de identificar poss\u00edveis car\u00eancias \u00e9 por meio de exames de sangue solicitados por um m\u00e9dico. Testes simples podem avaliar os n\u00edveis de vitamina B12, vitamina D, ferro, ferritina e outros marcadores importantes. A partir dos resultados, o profissional pode indicar ajustes na alimenta\u00e7\u00e3o ou, quando necess\u00e1rio, a suplementa\u00e7\u00e3o adequada.<\/p>\n\n\n\n<p>Manter uma dieta variada e equilibrada \u00e9 a base para prevenir defici\u00eancias. Carnes magras, ovos, peixes, vegetais verde-escuros, leguminosas e frutas c\u00edtricas s\u00e3o fontes importantes dos nutrientes envolvidos na produ\u00e7\u00e3o de energia. Para saber mais sobre como a alimenta\u00e7\u00e3o influencia a disposi\u00e7\u00e3o, confira o artigo do <a href=\"https:\/\/www.tuasaude.com\/news\/2026\/02\/26\/qual-a-melhor-vitamina-para-combater-o-cansaco-fisico-e-mental\/\" target=\"_blank\" rel=\"noreferrer noopener\">Tua Sa\u00fade sobre vitaminas para combater o cansa\u00e7o<\/a>.<\/p>\n\n\n\n<p><em>Este conte\u00fado tem car\u00e1ter informativo e n\u00e3o substitui a avalia\u00e7\u00e3o de um m\u00e9dico. Se voc\u00ea apresenta cansa\u00e7o persistente, procure um profissional de sa\u00fade para investigar as causas e receber orienta\u00e7\u00e3o adequada para o seu caso.<\/em><\/p>\n\n\n\n<p><\/p>\n","protected":false},"excerpt":{"rendered":"<p>Voc\u00ea dorme oito horas por noite, mas acorda sentindo o corpo pesado e a mente enevoada? Esse cansa\u00e7o que n\u00e3o passa pode n\u00e3o ser apenas falta de descanso. A defici\u00eancia de vitaminas essenciais interfere diretamente na produ\u00e7\u00e3o de energia das c\u00e9lulas e no funcionamento do sistema nervoso, provocando fadiga f\u00edsica e mental que persiste mesmo [&hellip;]<\/p>\n","protected":false},"author":12,"featured_media":9097,"comment_status":"open","ping_status":"open","sticky":false,"template":"","format":"standard","meta":{"_yoast_wpseo_focuskw":"defici\u00eancia de vitaminas","_yoast_wpseo_title":"","_yoast_wpseo_metadesc":"Cansa\u00e7o ao acordar pode estar ligado \u00e0 defici\u00eancia de vitaminas. Entenda sinais, nutrientes envolvidos e o que estudos mostram sobre a fadiga.","jnews-multi-image_gallery":[],"jnews_single_post":{"format":"standard"},"jnews_primary_category":[],"jnews_social_meta":[],"jnews_override_counter":[],"footnotes":""},"categories":[111],"tags":[2350,1066,1815,2394,772,189,2395,2393,114,1210],"class_list":["post-8457","post","type-post","status-publish","format-standard","has-post-thumbnail","hentry","category-saude","tag-cansaco-ao-acordar","tag-deficiencia-de-ferro","tag-fadiga-mental","tag-fadiga-persistente","tag-falta-de-energia","tag-magnesio","tag-producao-de-energia","tag-sintomas-de-carencia-nutricional","tag-vitamina-d","tag-vitaminas-do-complexo-b"],"yoast_head":"<!-- This site is optimized with the Yoast SEO plugin v26.7 - https:\/\/yoast.com\/wordpress\/plugins\/seo\/ -->\n<title>Vitaminas em falta costumam deixar o corpo pesado e a mente cansada ao acordar - Tua Sa\u00fade<\/title>\n<meta name=\"description\" content=\"Cansa\u00e7o ao acordar pode estar ligado \u00e0 defici\u00eancia de vitaminas. Entenda sinais, nutrientes envolvidos e o que estudos mostram sobre a fadiga.\" \/>\n<meta name=\"robots\" content=\"index, follow, max-snippet:-1, max-image-preview:large, max-video-preview:-1\" \/>\n<link rel=\"canonical\" href=\"https:\/\/www.tuasaude.com\/news\/2026\/03\/14\/vitaminas-em-falta-costumam-deixar-o-corpo-pesado-e-a-mente-cansada-ao-acordar\/\" \/>\n<meta property=\"og:locale\" content=\"pt_BR\" \/>\n<meta property=\"og:type\" content=\"article\" \/>\n<meta property=\"og:title\" content=\"Vitaminas em falta costumam deixar o corpo pesado e a mente cansada ao acordar - Tua Sa\u00fade\" \/>\n<meta property=\"og:description\" content=\"Cansa\u00e7o ao acordar pode estar ligado \u00e0 defici\u00eancia de vitaminas. Entenda sinais, nutrientes envolvidos e o que estudos mostram sobre a fadiga.\" \/>\n<meta property=\"og:url\" content=\"https:\/\/www.tuasaude.com\/news\/2026\/03\/14\/vitaminas-em-falta-costumam-deixar-o-corpo-pesado-e-a-mente-cansada-ao-acordar\/\" \/>\n<meta property=\"og:site_name\" content=\"Tua Sa\u00fade\" \/>\n<meta property=\"article:published_time\" content=\"2026-03-14T09:20:00+00:00\" \/>\n<meta property=\"og:image\" content=\"https:\/\/www.tuasaude.com\/news\/wp-content\/uploads\/2026\/03\/creation_2574005443.png\" \/>\n\t<meta property=\"og:image:width\" content=\"1280\" \/>\n\t<meta property=\"og:image:height\" content=\"714\" \/>\n\t<meta property=\"og:image:type\" content=\"image\/png\" \/>\n<meta name=\"author\" content=\"Jeferson Henrique\" \/>\n<meta name=\"twitter:card\" content=\"summary_large_image\" \/>\n<meta name=\"twitter:label1\" content=\"Escrito por\" \/>\n\t<meta name=\"twitter:data1\" content=\"Jeferson Henrique\" \/>\n\t<meta name=\"twitter:label2\" content=\"Est. tempo de leitura\" \/>\n\t<meta name=\"twitter:data2\" content=\"5 minutos\" \/>\n<!-- \/ Yoast SEO plugin. -->","yoast_head_json":{"title":"Vitaminas em falta costumam deixar o corpo pesado e a mente cansada ao acordar - Tua Sa\u00fade","description":"Cansa\u00e7o ao acordar pode estar ligado \u00e0 defici\u00eancia de vitaminas. Entenda sinais, nutrientes envolvidos e o que estudos mostram sobre a fadiga.","robots":{"index":"index","follow":"follow","max-snippet":"max-snippet:-1","max-image-preview":"max-image-preview:large","max-video-preview":"max-video-preview:-1"},"canonical":"https:\/\/www.tuasaude.com\/news\/2026\/03\/14\/vitaminas-em-falta-costumam-deixar-o-corpo-pesado-e-a-mente-cansada-ao-acordar\/","og_locale":"pt_BR","og_type":"article","og_title":"Vitaminas em falta costumam deixar o corpo pesado e a mente cansada ao acordar - Tua Sa\u00fade","og_description":"Cansa\u00e7o ao acordar pode estar ligado \u00e0 defici\u00eancia de vitaminas. Entenda sinais, nutrientes envolvidos e o que estudos mostram sobre a fadiga.","og_url":"https:\/\/www.tuasaude.com\/news\/2026\/03\/14\/vitaminas-em-falta-costumam-deixar-o-corpo-pesado-e-a-mente-cansada-ao-acordar\/","og_site_name":"Tua Sa\u00fade","article_published_time":"2026-03-14T09:20:00+00:00","og_image":[{"width":1280,"height":714,"url":"https:\/\/www.tuasaude.com\/news\/wp-content\/uploads\/2026\/03\/creation_2574005443.png","type":"image\/png"}],"author":"Jeferson Henrique","twitter_card":"summary_large_image","twitter_misc":{"Escrito por":"Jeferson Henrique","Est. tempo de leitura":"5 minutos"},"schema":{"@context":"https:\/\/schema.org","@graph":[{"@type":"Article","@id":"https:\/\/www.tuasaude.com\/news\/2026\/03\/14\/vitaminas-em-falta-costumam-deixar-o-corpo-pesado-e-a-mente-cansada-ao-acordar\/#article","isPartOf":{"@id":"https:\/\/www.tuasaude.com\/news\/2026\/03\/14\/vitaminas-em-falta-costumam-deixar-o-corpo-pesado-e-a-mente-cansada-ao-acordar\/"},"author":{"name":"Jeferson Henrique","@id":"https:\/\/www.tuasaude.com\/news\/#\/schema\/person\/963d63d4e1f0c81f5f3a70ba4bcb0ef7"},"headline":"Vitaminas em falta costumam deixar o corpo pesado e a mente cansada ao acordar","datePublished":"2026-03-14T09:20:00+00:00","mainEntityOfPage":{"@id":"https:\/\/www.tuasaude.com\/news\/2026\/03\/14\/vitaminas-em-falta-costumam-deixar-o-corpo-pesado-e-a-mente-cansada-ao-acordar\/"},"wordCount":715,"commentCount":0,"image":{"@id":"https:\/\/www.tuasaude.com\/news\/2026\/03\/14\/vitaminas-em-falta-costumam-deixar-o-corpo-pesado-e-a-mente-cansada-ao-acordar\/#primaryimage"},"thumbnailUrl":"https:\/\/www.tuasaude.com\/news\/wp-content\/uploads\/2026\/03\/creation_2574005443.png","keywords":["cansa\u00e7o ao acordar","defici\u00eancia de ferro","fadiga mental","fadiga persistente","falta de energia","magn\u00e9sio","produ\u00e7\u00e3o de energia","sintomas de car\u00eancia nutricional","vitamina d","vitaminas do complexo B"],"articleSection":["Sa\u00fade"],"inLanguage":"pt-BR","potentialAction":[{"@type":"CommentAction","name":"Comment","target":["https:\/\/www.tuasaude.com\/news\/2026\/03\/14\/vitaminas-em-falta-costumam-deixar-o-corpo-pesado-e-a-mente-cansada-ao-acordar\/#respond"]}]},{"@type":"WebPage","@id":"https:\/\/www.tuasaude.com\/news\/2026\/03\/14\/vitaminas-em-falta-costumam-deixar-o-corpo-pesado-e-a-mente-cansada-ao-acordar\/","url":"https:\/\/www.tuasaude.com\/news\/2026\/03\/14\/vitaminas-em-falta-costumam-deixar-o-corpo-pesado-e-a-mente-cansada-ao-acordar\/","name":"Vitaminas em falta costumam deixar o corpo pesado e a mente cansada ao acordar - Tua Sa\u00fade","isPartOf":{"@id":"https:\/\/www.tuasaude.com\/news\/#website"},"primaryImageOfPage":{"@id":"https:\/\/www.tuasaude.com\/news\/2026\/03\/14\/vitaminas-em-falta-costumam-deixar-o-corpo-pesado-e-a-mente-cansada-ao-acordar\/#primaryimage"},"image":{"@id":"https:\/\/www.tuasaude.com\/news\/2026\/03\/14\/vitaminas-em-falta-costumam-deixar-o-corpo-pesado-e-a-mente-cansada-ao-acordar\/#primaryimage"},"thumbnailUrl":"https:\/\/www.tuasaude.com\/news\/wp-content\/uploads\/2026\/03\/creation_2574005443.png","datePublished":"2026-03-14T09:20:00+00:00","author":{"@id":"https:\/\/www.tuasaude.com\/news\/#\/schema\/person\/963d63d4e1f0c81f5f3a70ba4bcb0ef7"},"description":"Cansa\u00e7o ao acordar pode estar ligado \u00e0 defici\u00eancia de vitaminas. Entenda sinais, nutrientes envolvidos e o que estudos mostram sobre a fadiga.","breadcrumb":{"@id":"https:\/\/www.tuasaude.com\/news\/2026\/03\/14\/vitaminas-em-falta-costumam-deixar-o-corpo-pesado-e-a-mente-cansada-ao-acordar\/#breadcrumb"},"inLanguage":"pt-BR","potentialAction":[{"@type":"ReadAction","target":["https:\/\/www.tuasaude.com\/news\/2026\/03\/14\/vitaminas-em-falta-costumam-deixar-o-corpo-pesado-e-a-mente-cansada-ao-acordar\/"]}]},{"@type":"ImageObject","inLanguage":"pt-BR","@id":"https:\/\/www.tuasaude.com\/news\/2026\/03\/14\/vitaminas-em-falta-costumam-deixar-o-corpo-pesado-e-a-mente-cansada-ao-acordar\/#primaryimage","url":"https:\/\/www.tuasaude.com\/news\/wp-content\/uploads\/2026\/03\/creation_2574005443.png","contentUrl":"https:\/\/www.tuasaude.com\/news\/wp-content\/uploads\/2026\/03\/creation_2574005443.png","width":1280,"height":714,"caption":"Nutrientes como vitaminas do complexo B, vitamina D, ferro e magn\u00e9sio participam da produ\u00e7\u00e3o de energia e do funcionamento do sistema nervoso."},{"@type":"BreadcrumbList","@id":"https:\/\/www.tuasaude.com\/news\/2026\/03\/14\/vitaminas-em-falta-costumam-deixar-o-corpo-pesado-e-a-mente-cansada-ao-acordar\/#breadcrumb","itemListElement":[{"@type":"ListItem","position":1,"name":"In\u00edcio","item":"https:\/\/www.tuasaude.com\/news\/"},{"@type":"ListItem","position":2,"name":"Vitaminas em falta costumam deixar o corpo pesado e a mente cansada ao acordar"}]},{"@type":"WebSite","@id":"https:\/\/www.tuasaude.com\/news\/#website","url":"https:\/\/www.tuasaude.com\/news\/","name":"Tua Sa\u00fade","description":"Seu site de sa\u00fade","potentialAction":[{"@type":"SearchAction","target":{"@type":"EntryPoint","urlTemplate":"https:\/\/www.tuasaude.com\/news\/?s={search_term_string}"},"query-input":{"@type":"PropertyValueSpecification","valueRequired":true,"valueName":"search_term_string"}}],"inLanguage":"pt-BR"},{"@type":"Person","@id":"https:\/\/www.tuasaude.com\/news\/#\/schema\/person\/963d63d4e1f0c81f5f3a70ba4bcb0ef7","name":"Jeferson Henrique","image":{"@type":"ImageObject","inLanguage":"pt-BR","@id":"https:\/\/www.tuasaude.com\/news\/#\/schema\/person\/image\/","url":"https:\/\/secure.gravatar.com\/avatar\/1a476a54a48eb3cdea5dd2f016708263892c6b9f5e54b641df7c65e980fd6f69?s=96&d=mm&r=g","contentUrl":"https:\/\/secure.gravatar.com\/avatar\/1a476a54a48eb3cdea5dd2f016708263892c6b9f5e54b641df7c65e980fd6f69?s=96&d=mm&r=g","caption":"Jeferson Henrique"},"sameAs":["https:\/\/www.tuasaude.com\/news\/"],"url":"https:\/\/www.tuasaude.com\/news\/author\/jeferson-henrique\/"}]}},"_links":{"self":[{"href":"https:\/\/www.tuasaude.com\/news\/wp-json\/wp\/v2\/posts\/8457","targetHints":{"allow":["GET"]}}],"collection":[{"href":"https:\/\/www.tuasaude.com\/news\/wp-json\/wp\/v2\/posts"}],"about":[{"href":"https:\/\/www.tuasaude.com\/news\/wp-json\/wp\/v2\/types\/post"}],"author":[{"embeddable":true,"href":"https:\/\/www.tuasaude.com\/news\/wp-json\/wp\/v2\/users\/12"}],"replies":[{"embeddable":true,"href":"https:\/\/www.tuasaude.com\/news\/wp-json\/wp\/v2\/comments?post=8457"}],"version-history":[{"count":3,"href":"https:\/\/www.tuasaude.com\/news\/wp-json\/wp\/v2\/posts\/8457\/revisions"}],"predecessor-version":[{"id":9118,"href":"https:\/\/www.tuasaude.com\/news\/wp-json\/wp\/v2\/posts\/8457\/revisions\/9118"}],"wp:featuredmedia":[{"embeddable":true,"href":"https:\/\/www.tuasaude.com\/news\/wp-json\/wp\/v2\/media\/9097"}],"wp:attachment":[{"href":"https:\/\/www.tuasaude.com\/news\/wp-json\/wp\/v2\/media?parent=8457"}],"wp:term":[{"taxonomy":"category","embeddable":true,"href":"https:\/\/www.tuasaude.com\/news\/wp-json\/wp\/v2\/categories?post=8457"},{"taxonomy":"post_tag","embeddable":true,"href":"https:\/\/www.tuasaude.com\/news\/wp-json\/wp\/v2\/tags?post=8457"}],"curies":[{"name":"wp","href":"https:\/\/api.w.org\/{rel}","templated":true}]}}