{"id":8440,"date":"2026-03-13T17:18:00","date_gmt":"2026-03-13T20:18:00","guid":{"rendered":"https:\/\/www.tuasaude.com\/news\/?p=8440"},"modified":"2026-03-12T13:56:45","modified_gmt":"2026-03-12T16:56:45","slug":"dor-de-cabeca-ao-acordar-nem-sempre-vem-do-estresse-e-pode-comecar-na-forma-de-dormir","status":"publish","type":"post","link":"https:\/\/www.tuasaude.com\/news\/2026\/03\/13\/dor-de-cabeca-ao-acordar-nem-sempre-vem-do-estresse-e-pode-comecar-na-forma-de-dormir\/","title":{"rendered":"Dor de cabe\u00e7a ao acordar nem sempre vem do estresse e pode come\u00e7ar na forma de dormir"},"content":{"rendered":"\n<p>Acordar com dor de cabe\u00e7a \u00e9 mais comum do que parece, e nem sempre o estresse \u00e9 o culpado. Em muitos casos, a causa est\u00e1 relacionada \u00e0 forma como voc\u00ea dorme ou ao h\u00e1bito de ranger os dentes durante a noite. Identificar esses fatores pode ser o primeiro passo para manh\u00e3s mais leves e sem dor, especialmente quando os sintomas se repetem com frequ\u00eancia.<\/p>\n\n\n\n<h2 class=\"wp-block-heading\">Como a posi\u00e7\u00e3o de dormir causa dor de cabe\u00e7a<\/h2>\n\n\n\n<p>A posi\u00e7\u00e3o em que voc\u00ea dorme afeta diretamente o alinhamento do pesco\u00e7o e da coluna. Quando a cabe\u00e7a fica em uma posi\u00e7\u00e3o inadequada por v\u00e1rias horas, os m\u00fasculos do pesco\u00e7o ficam tensos e as articula\u00e7\u00f5es cervicais sofrem press\u00e3o excessiva. Essa tens\u00e3o pode irradiar para a cabe\u00e7a e provocar dor ao despertar.<\/p>\n\n\n\n<p>Dormir de bru\u00e7os \u00e9 a posi\u00e7\u00e3o mais prejudicial, pois for\u00e7a o pesco\u00e7o a ficar torcido para um dos lados durante toda a noite. J\u00e1 dormir de lado ou de costas, com um travesseiro que mantenha o pesco\u00e7o alinhado, reduz significativamente o risco de acordar com desconforto.<\/p>\n\n\n<div class=\"wp-block-image\">\n<figure class=\"aligncenter size-large\"><img decoding=\"async\" width=\"1024\" height=\"571\" src=\"https:\/\/www.tuasaude.com\/news\/wp-content\/uploads\/2026\/03\/creation_2563970500-1024x571.png\" alt=\"Dor de cabe\u00e7a ao acordar nem sempre vem do estresse e pode come\u00e7ar na forma de dormir\" class=\"wp-image-8495\" srcset=\"https:\/\/www.tuasaude.com\/news\/wp-content\/uploads\/2026\/03\/creation_2563970500-1024x571.png 1024w, https:\/\/www.tuasaude.com\/news\/wp-content\/uploads\/2026\/03\/creation_2563970500-300x167.png 300w, https:\/\/www.tuasaude.com\/news\/wp-content\/uploads\/2026\/03\/creation_2563970500-768x428.png 768w, https:\/\/www.tuasaude.com\/news\/wp-content\/uploads\/2026\/03\/creation_2563970500-750x418.png 750w, https:\/\/www.tuasaude.com\/news\/wp-content\/uploads\/2026\/03\/creation_2563970500-1140x636.png 1140w, https:\/\/www.tuasaude.com\/news\/wp-content\/uploads\/2026\/03\/creation_2563970500.png 1280w\" sizes=\"(max-width: 1024px) 100vw, 1024px\" \/><figcaption class=\"wp-element-caption\">Dormir em posi\u00e7\u00e3o inadequada pode causar tens\u00e3o no pesco\u00e7o e dor de cabe\u00e7a ao acordar.<\/figcaption><\/figure>\n<\/div>\n\n\n<h2 class=\"wp-block-heading\">O bruxismo e sua rela\u00e7\u00e3o com dores matinais<\/h2>\n\n\n\n<p>O bruxismo do sono \u00e9 caracterizado pelo apertar ou ranger dos dentes de forma involunt\u00e1ria durante a noite. Essa atividade intensa dos m\u00fasculos da mand\u00edbula pode gerar uma dor de cabe\u00e7a do tipo tensional, que costuma ser sentida principalmente ao acordar. Muitas pessoas nem percebem que t\u00eam o h\u00e1bito, descobrindo apenas quando surgem sintomas como dor facial ou desgaste nos dentes.<\/p>\n\n\n\n<p>Al\u00e9m da dor de cabe\u00e7a, o bruxismo pode causar sensibilidade na mand\u00edbula, estalos ao abrir a boca e sensa\u00e7\u00e3o de cansa\u00e7o mesmo ap\u00f3s uma noite de sono.<\/p>\n\n\n\n<h2 class=\"wp-block-heading\">Estudo confirma a liga\u00e7\u00e3o entre bruxismo e dor de cabe\u00e7a matinal<\/h2>\n\n\n\n<p>Segundo o estudo <a href=\"https:\/\/pubmed.ncbi.nlm.nih.gov\/32323305\/\" target=\"_blank\" rel=\"noreferrer noopener\">&#8220;Wake-Up Headache Is Associated With Sleep Bruxism&#8221;<\/a>, publicado na revista Headache, existe uma rela\u00e7\u00e3o direta entre a frequ\u00eancia do bruxismo do sono e a ocorr\u00eancia de dores de cabe\u00e7a matinais. A pesquisa, realizada no Brasil com 149 participantes, demonstrou que quanto mais frequente o bruxismo, maior a chance de acordar com dor de cabe\u00e7a. O estudo tamb\u00e9m identificou que sintomas de ansiedade e depress\u00e3o estavam associados \u00e0 presen\u00e7a dessas dores, refor\u00e7ando a import\u00e2ncia de uma avalia\u00e7\u00e3o completa quando o problema se torna recorrente.<\/p>\n\n\n\n<h2 class=\"wp-block-heading\">Sinais de que sua dor de cabe\u00e7a pode ter essas causas<\/h2>\n\n\n\n<p>Alguns ind\u00edcios ajudam a identificar se a posi\u00e7\u00e3o de dormir ou o bruxismo est\u00e3o por tr\u00e1s da dor matinal. Observe se voc\u00ea apresenta:<\/p>\n\n\n\n<ul class=\"wp-block-list\">\n<li><strong>Dor concentrada nas t\u00eamporas ou na nuca<\/strong>: locais t\u00edpicos de tens\u00e3o muscular cervical e mandibular<\/li>\n\n\n\n<li><strong>Rigidez no pesco\u00e7o ao acordar<\/strong>: sinal de que a posi\u00e7\u00e3o durante o sono n\u00e3o foi adequada<\/li>\n\n\n\n<li><strong>Mand\u00edbula dolorida ou travada<\/strong>: indica poss\u00edvel bruxismo noturno<\/li>\n\n\n\n<li><strong>Desgaste vis\u00edvel nos dentes<\/strong>: consequ\u00eancia do ranger frequente<\/li>\n\n\n\n<li><strong>Dor que melhora ao longo do dia<\/strong>: caracter\u00edstica comum quando a causa est\u00e1 relacionada ao sono<\/li>\n<\/ul>\n\n\n\n<h2 class=\"wp-block-heading\">Medidas que podem ajudar a aliviar o problema<\/h2>\n\n\n\n<p>Pequenas mudan\u00e7as nos h\u00e1bitos de sono podem fazer grande diferen\u00e7a na preven\u00e7\u00e3o dessas dores. Algumas estrat\u00e9gias \u00fateis incluem:<\/p>\n\n\n\n<ul class=\"wp-block-list\">\n<li><strong>Escolher o travesseiro adequado<\/strong>: ele deve manter o pesco\u00e7o alinhado com a coluna, nem muito alto nem muito baixo<\/li>\n\n\n\n<li><strong>Evitar dormir de bru\u00e7os<\/strong>: prefira as posi\u00e7\u00f5es de lado ou de costas<\/li>\n\n\n\n<li><strong>Usar placa de prote\u00e7\u00e3o dental<\/strong>: indicada por dentista para quem tem bruxismo<\/li>\n\n\n\n<li><strong>Praticar t\u00e9cnicas de relaxamento<\/strong>: ajudam a reduzir a tens\u00e3o muscular antes de dormir<\/li>\n<\/ul>\n\n\n<div class=\"wp-block-image\">\n<figure class=\"aligncenter size-large\"><img decoding=\"async\" width=\"1024\" height=\"441\" src=\"https:\/\/www.tuasaude.com\/news\/wp-content\/uploads\/2026\/03\/convertido-13-2-1024x441.jpg\" alt=\"\" class=\"wp-image-8441\" srcset=\"https:\/\/www.tuasaude.com\/news\/wp-content\/uploads\/2026\/03\/convertido-13-2-1024x441.jpg 1024w, https:\/\/www.tuasaude.com\/news\/wp-content\/uploads\/2026\/03\/convertido-13-2-300x129.jpg 300w, https:\/\/www.tuasaude.com\/news\/wp-content\/uploads\/2026\/03\/convertido-13-2-768x331.jpg 768w, https:\/\/www.tuasaude.com\/news\/wp-content\/uploads\/2026\/03\/convertido-13-2-750x323.jpg 750w, https:\/\/www.tuasaude.com\/news\/wp-content\/uploads\/2026\/03\/convertido-13-2-1140x491.jpg 1140w, https:\/\/www.tuasaude.com\/news\/wp-content\/uploads\/2026\/03\/convertido-13-2.jpg 1280w\" sizes=\"(max-width: 1024px) 100vw, 1024px\" \/><\/figure>\n<\/div>\n\n\n<p>Para entender melhor as causas e tratamentos dispon\u00edveis, voc\u00ea pode consultar informa\u00e7\u00f5es detalhadas sobre <a href=\"https:\/\/www.tuasaude.com\/bruxismo\/\" target=\"_blank\" rel=\"noreferrer noopener\">bruxismo<\/a> e como ele afeta a sa\u00fade bucal e geral.<\/p>\n\n\n\n<p>Se as dores de cabe\u00e7a matinais forem frequentes ou intensas, \u00e9 importante procurar um m\u00e9dico ou dentista. Somente um profissional pode fazer o diagn\u00f3stico correto e indicar o tratamento mais adequado para cada situa\u00e7\u00e3o.<\/p>\n\n\n\n<p><em>Este conte\u00fado \u00e9 apenas informativo e n\u00e3o substitui a avalia\u00e7\u00e3o, diagn\u00f3stico ou tratamento realizado por um m\u00e9dico ou profissional de sa\u00fade qualificado. Em caso de d\u00favidas ou sintomas persistentes, procure orienta\u00e7\u00e3o m\u00e9dica.<\/em><\/p>\n","protected":false},"excerpt":{"rendered":"<p>Acordar com dor de cabe\u00e7a \u00e9 mais comum do que parece, e nem sempre o estresse \u00e9 o culpado. Em muitos casos, a causa est\u00e1 relacionada \u00e0 forma como voc\u00ea dorme ou ao h\u00e1bito de ranger os dentes durante a noite. Identificar esses fatores pode ser o primeiro passo para manh\u00e3s mais leves e sem [&hellip;]<\/p>\n","protected":false},"author":12,"featured_media":8494,"comment_status":"open","ping_status":"open","sticky":false,"template":"","format":"standard","meta":{"_yoast_wpseo_focuskw":"dor de cabe\u00e7a ao acordar","_yoast_wpseo_title":"","_yoast_wpseo_metadesc":"Dor de cabe\u00e7a ao acordar pode estar ligada \u00e0 posi\u00e7\u00e3o de dormir ou ao bruxismo, com tens\u00e3o no pesco\u00e7o e na mand\u00edbula durante a noite.","jnews-multi-image_gallery":[],"jnews_single_post":{"format":"standard"},"jnews_primary_category":[],"jnews_social_meta":[],"jnews_override_counter":[],"footnotes":""},"categories":[111],"tags":[1451,1450,2327,2330,2326,2329,2331,2332,2325,2328],"class_list":["post-8440","post","type-post","status-publish","format-standard","has-post-thumbnail","hentry","category-saude","tag-bruxismo","tag-dor-de-cabeca-matinal","tag-dor-na-mandibula","tag-dor-nas-temporas","tag-posicao-de-dormir","tag-ranger-os-dentes","tag-rigidez-cervical","tag-sono-e-dor-de-cabeca","tag-tensao-no-pescoco","tag-travesseiro-ideal"],"yoast_head":"<!-- This site is optimized with the Yoast SEO plugin v26.7 - https:\/\/yoast.com\/wordpress\/plugins\/seo\/ -->\n<title>Dor de cabe\u00e7a ao acordar nem sempre vem do estresse e pode come\u00e7ar na forma de dormir - Tua Sa\u00fade<\/title>\n<meta name=\"description\" content=\"Dor de cabe\u00e7a ao acordar pode estar ligada \u00e0 posi\u00e7\u00e3o de dormir ou ao bruxismo, com tens\u00e3o no pesco\u00e7o e na mand\u00edbula durante a noite.\" \/>\n<meta name=\"robots\" content=\"index, follow, max-snippet:-1, max-image-preview:large, max-video-preview:-1\" \/>\n<link rel=\"canonical\" href=\"https:\/\/www.tuasaude.com\/news\/2026\/03\/13\/dor-de-cabeca-ao-acordar-nem-sempre-vem-do-estresse-e-pode-comecar-na-forma-de-dormir\/\" \/>\n<meta property=\"og:locale\" content=\"pt_BR\" \/>\n<meta property=\"og:type\" content=\"article\" \/>\n<meta property=\"og:title\" content=\"Dor de cabe\u00e7a ao acordar nem sempre vem do estresse e pode come\u00e7ar na forma de dormir - Tua Sa\u00fade\" \/>\n<meta property=\"og:description\" content=\"Dor de cabe\u00e7a ao acordar pode estar ligada \u00e0 posi\u00e7\u00e3o de dormir ou ao bruxismo, com tens\u00e3o no pesco\u00e7o e na mand\u00edbula durante a noite.\" \/>\n<meta property=\"og:url\" content=\"https:\/\/www.tuasaude.com\/news\/2026\/03\/13\/dor-de-cabeca-ao-acordar-nem-sempre-vem-do-estresse-e-pode-comecar-na-forma-de-dormir\/\" \/>\n<meta property=\"og:site_name\" content=\"Tua Sa\u00fade\" \/>\n<meta property=\"article:published_time\" content=\"2026-03-13T20:18:00+00:00\" \/>\n<meta property=\"og:image\" content=\"https:\/\/www.tuasaude.com\/news\/wp-content\/uploads\/2026\/03\/creation_2563968947.png\" \/>\n\t<meta property=\"og:image:width\" content=\"1280\" \/>\n\t<meta property=\"og:image:height\" content=\"714\" \/>\n\t<meta property=\"og:image:type\" content=\"image\/png\" \/>\n<meta name=\"author\" content=\"Jeferson Henrique\" \/>\n<meta name=\"twitter:card\" content=\"summary_large_image\" \/>\n<meta name=\"twitter:label1\" content=\"Escrito por\" \/>\n\t<meta name=\"twitter:data1\" content=\"Jeferson Henrique\" \/>\n\t<meta name=\"twitter:label2\" content=\"Est. tempo de leitura\" \/>\n\t<meta name=\"twitter:data2\" content=\"5 minutos\" \/>\n<!-- \/ Yoast SEO plugin. -->","yoast_head_json":{"title":"Dor de cabe\u00e7a ao acordar nem sempre vem do estresse e pode come\u00e7ar na forma de dormir - Tua Sa\u00fade","description":"Dor de cabe\u00e7a ao acordar pode estar ligada \u00e0 posi\u00e7\u00e3o de dormir ou ao bruxismo, com tens\u00e3o no pesco\u00e7o e na mand\u00edbula durante a noite.","robots":{"index":"index","follow":"follow","max-snippet":"max-snippet:-1","max-image-preview":"max-image-preview:large","max-video-preview":"max-video-preview:-1"},"canonical":"https:\/\/www.tuasaude.com\/news\/2026\/03\/13\/dor-de-cabeca-ao-acordar-nem-sempre-vem-do-estresse-e-pode-comecar-na-forma-de-dormir\/","og_locale":"pt_BR","og_type":"article","og_title":"Dor de cabe\u00e7a ao acordar nem sempre vem do estresse e pode come\u00e7ar na forma de dormir - Tua Sa\u00fade","og_description":"Dor de cabe\u00e7a ao acordar pode estar ligada \u00e0 posi\u00e7\u00e3o de dormir ou ao bruxismo, com tens\u00e3o no pesco\u00e7o e na mand\u00edbula durante a noite.","og_url":"https:\/\/www.tuasaude.com\/news\/2026\/03\/13\/dor-de-cabeca-ao-acordar-nem-sempre-vem-do-estresse-e-pode-comecar-na-forma-de-dormir\/","og_site_name":"Tua Sa\u00fade","article_published_time":"2026-03-13T20:18:00+00:00","og_image":[{"width":1280,"height":714,"url":"https:\/\/www.tuasaude.com\/news\/wp-content\/uploads\/2026\/03\/creation_2563968947.png","type":"image\/png"}],"author":"Jeferson Henrique","twitter_card":"summary_large_image","twitter_misc":{"Escrito por":"Jeferson Henrique","Est. tempo de leitura":"5 minutos"},"schema":{"@context":"https:\/\/schema.org","@graph":[{"@type":"Article","@id":"https:\/\/www.tuasaude.com\/news\/2026\/03\/13\/dor-de-cabeca-ao-acordar-nem-sempre-vem-do-estresse-e-pode-comecar-na-forma-de-dormir\/#article","isPartOf":{"@id":"https:\/\/www.tuasaude.com\/news\/2026\/03\/13\/dor-de-cabeca-ao-acordar-nem-sempre-vem-do-estresse-e-pode-comecar-na-forma-de-dormir\/"},"author":{"name":"Jeferson Henrique","@id":"https:\/\/www.tuasaude.com\/news\/#\/schema\/person\/963d63d4e1f0c81f5f3a70ba4bcb0ef7"},"headline":"Dor de cabe\u00e7a ao acordar nem sempre vem do estresse e pode come\u00e7ar na forma de dormir","datePublished":"2026-03-13T20:18:00+00:00","mainEntityOfPage":{"@id":"https:\/\/www.tuasaude.com\/news\/2026\/03\/13\/dor-de-cabeca-ao-acordar-nem-sempre-vem-do-estresse-e-pode-comecar-na-forma-de-dormir\/"},"wordCount":752,"commentCount":0,"image":{"@id":"https:\/\/www.tuasaude.com\/news\/2026\/03\/13\/dor-de-cabeca-ao-acordar-nem-sempre-vem-do-estresse-e-pode-comecar-na-forma-de-dormir\/#primaryimage"},"thumbnailUrl":"https:\/\/www.tuasaude.com\/news\/wp-content\/uploads\/2026\/03\/creation_2563968947.png","keywords":["bruxismo","dor de cabe\u00e7a matinal","dor na mand\u00edbula","dor nas t\u00eamporas","posi\u00e7\u00e3o de dormir","ranger os dentes","rigidez cervical","sono e dor de cabe\u00e7a","tens\u00e3o no pesco\u00e7o","travesseiro ideal"],"articleSection":["Sa\u00fade"],"inLanguage":"pt-BR","potentialAction":[{"@type":"CommentAction","name":"Comment","target":["https:\/\/www.tuasaude.com\/news\/2026\/03\/13\/dor-de-cabeca-ao-acordar-nem-sempre-vem-do-estresse-e-pode-comecar-na-forma-de-dormir\/#respond"]}]},{"@type":"WebPage","@id":"https:\/\/www.tuasaude.com\/news\/2026\/03\/13\/dor-de-cabeca-ao-acordar-nem-sempre-vem-do-estresse-e-pode-comecar-na-forma-de-dormir\/","url":"https:\/\/www.tuasaude.com\/news\/2026\/03\/13\/dor-de-cabeca-ao-acordar-nem-sempre-vem-do-estresse-e-pode-comecar-na-forma-de-dormir\/","name":"Dor de cabe\u00e7a ao acordar nem sempre vem do estresse e pode come\u00e7ar na forma de dormir - Tua Sa\u00fade","isPartOf":{"@id":"https:\/\/www.tuasaude.com\/news\/#website"},"primaryImageOfPage":{"@id":"https:\/\/www.tuasaude.com\/news\/2026\/03\/13\/dor-de-cabeca-ao-acordar-nem-sempre-vem-do-estresse-e-pode-comecar-na-forma-de-dormir\/#primaryimage"},"image":{"@id":"https:\/\/www.tuasaude.com\/news\/2026\/03\/13\/dor-de-cabeca-ao-acordar-nem-sempre-vem-do-estresse-e-pode-comecar-na-forma-de-dormir\/#primaryimage"},"thumbnailUrl":"https:\/\/www.tuasaude.com\/news\/wp-content\/uploads\/2026\/03\/creation_2563968947.png","datePublished":"2026-03-13T20:18:00+00:00","author":{"@id":"https:\/\/www.tuasaude.com\/news\/#\/schema\/person\/963d63d4e1f0c81f5f3a70ba4bcb0ef7"},"description":"Dor de cabe\u00e7a ao acordar pode estar ligada \u00e0 posi\u00e7\u00e3o de dormir ou ao bruxismo, com tens\u00e3o no pesco\u00e7o e na mand\u00edbula durante a noite.","breadcrumb":{"@id":"https:\/\/www.tuasaude.com\/news\/2026\/03\/13\/dor-de-cabeca-ao-acordar-nem-sempre-vem-do-estresse-e-pode-comecar-na-forma-de-dormir\/#breadcrumb"},"inLanguage":"pt-BR","potentialAction":[{"@type":"ReadAction","target":["https:\/\/www.tuasaude.com\/news\/2026\/03\/13\/dor-de-cabeca-ao-acordar-nem-sempre-vem-do-estresse-e-pode-comecar-na-forma-de-dormir\/"]}]},{"@type":"ImageObject","inLanguage":"pt-BR","@id":"https:\/\/www.tuasaude.com\/news\/2026\/03\/13\/dor-de-cabeca-ao-acordar-nem-sempre-vem-do-estresse-e-pode-comecar-na-forma-de-dormir\/#primaryimage","url":"https:\/\/www.tuasaude.com\/news\/wp-content\/uploads\/2026\/03\/creation_2563968947.png","contentUrl":"https:\/\/www.tuasaude.com\/news\/wp-content\/uploads\/2026\/03\/creation_2563968947.png","width":1280,"height":714,"caption":"O bruxismo noturno pode provocar dor de cabe\u00e7a e desconforto na mand\u00edbula pela manh\u00e3."},{"@type":"BreadcrumbList","@id":"https:\/\/www.tuasaude.com\/news\/2026\/03\/13\/dor-de-cabeca-ao-acordar-nem-sempre-vem-do-estresse-e-pode-comecar-na-forma-de-dormir\/#breadcrumb","itemListElement":[{"@type":"ListItem","position":1,"name":"In\u00edcio","item":"https:\/\/www.tuasaude.com\/news\/"},{"@type":"ListItem","position":2,"name":"Dor de cabe\u00e7a ao acordar nem sempre vem do estresse e pode come\u00e7ar na forma de dormir"}]},{"@type":"WebSite","@id":"https:\/\/www.tuasaude.com\/news\/#website","url":"https:\/\/www.tuasaude.com\/news\/","name":"Tua Sa\u00fade","description":"Seu site de sa\u00fade","potentialAction":[{"@type":"SearchAction","target":{"@type":"EntryPoint","urlTemplate":"https:\/\/www.tuasaude.com\/news\/?s={search_term_string}"},"query-input":{"@type":"PropertyValueSpecification","valueRequired":true,"valueName":"search_term_string"}}],"inLanguage":"pt-BR"},{"@type":"Person","@id":"https:\/\/www.tuasaude.com\/news\/#\/schema\/person\/963d63d4e1f0c81f5f3a70ba4bcb0ef7","name":"Jeferson Henrique","image":{"@type":"ImageObject","inLanguage":"pt-BR","@id":"https:\/\/www.tuasaude.com\/news\/#\/schema\/person\/image\/","url":"https:\/\/secure.gravatar.com\/avatar\/1a476a54a48eb3cdea5dd2f016708263892c6b9f5e54b641df7c65e980fd6f69?s=96&d=mm&r=g","contentUrl":"https:\/\/secure.gravatar.com\/avatar\/1a476a54a48eb3cdea5dd2f016708263892c6b9f5e54b641df7c65e980fd6f69?s=96&d=mm&r=g","caption":"Jeferson Henrique"},"sameAs":["https:\/\/www.tuasaude.com\/news\/"],"url":"https:\/\/www.tuasaude.com\/news\/author\/jeferson-henrique\/"}]}},"_links":{"self":[{"href":"https:\/\/www.tuasaude.com\/news\/wp-json\/wp\/v2\/posts\/8440","targetHints":{"allow":["GET"]}}],"collection":[{"href":"https:\/\/www.tuasaude.com\/news\/wp-json\/wp\/v2\/posts"}],"about":[{"href":"https:\/\/www.tuasaude.com\/news\/wp-json\/wp\/v2\/types\/post"}],"author":[{"embeddable":true,"href":"https:\/\/www.tuasaude.com\/news\/wp-json\/wp\/v2\/users\/12"}],"replies":[{"embeddable":true,"href":"https:\/\/www.tuasaude.com\/news\/wp-json\/wp\/v2\/comments?post=8440"}],"version-history":[{"count":2,"href":"https:\/\/www.tuasaude.com\/news\/wp-json\/wp\/v2\/posts\/8440\/revisions"}],"predecessor-version":[{"id":8531,"href":"https:\/\/www.tuasaude.com\/news\/wp-json\/wp\/v2\/posts\/8440\/revisions\/8531"}],"wp:featuredmedia":[{"embeddable":true,"href":"https:\/\/www.tuasaude.com\/news\/wp-json\/wp\/v2\/media\/8494"}],"wp:attachment":[{"href":"https:\/\/www.tuasaude.com\/news\/wp-json\/wp\/v2\/media?parent=8440"}],"wp:term":[{"taxonomy":"category","embeddable":true,"href":"https:\/\/www.tuasaude.com\/news\/wp-json\/wp\/v2\/categories?post=8440"},{"taxonomy":"post_tag","embeddable":true,"href":"https:\/\/www.tuasaude.com\/news\/wp-json\/wp\/v2\/tags?post=8440"}],"curies":[{"name":"wp","href":"https:\/\/api.w.org\/{rel}","templated":true}]}}