{"id":8187,"date":"2026-03-12T18:20:00","date_gmt":"2026-03-12T21:20:00","guid":{"rendered":"https:\/\/www.tuasaude.com\/news\/?p=8187"},"modified":"2026-03-12T11:35:46","modified_gmt":"2026-03-12T14:35:46","slug":"por-que-tomar-sol-nos-primeiros-minutos-da-manha-faz-diferenca-no-sono","status":"publish","type":"post","link":"https:\/\/www.tuasaude.com\/news\/2026\/03\/12\/por-que-tomar-sol-nos-primeiros-minutos-da-manha-faz-diferenca-no-sono\/","title":{"rendered":"Por que tomar sol nos primeiros minutos da manh\u00e3 faz diferen\u00e7a no sono"},"content":{"rendered":"\n<p>Se voc\u00ea tem dormido mal e n\u00e3o sabe o que mais pode fazer para melhorar, talvez a resposta esteja logo nas primeiras horas do dia. A exposi\u00e7\u00e3o \u00e0 luz solar pela manh\u00e3 \u00e9 um dos sinais mais poderosos que o corpo recebe para ajustar seu<strong><a href=\"https:\/\/www.tuasaude.com\/qual-o-seu-relogio-biologico\/\" target=\"_blank\" rel=\"noreferrer noopener\"> rel\u00f3gio biol\u00f3gico<\/a><\/strong>, definindo com mais precis\u00e3o a hora de ficar alerta e, principalmente, a hora de sentir sono \u00e0 noite. Quando esse mecanismo funciona bem, a produ\u00e7\u00e3o de melatonina acontece no momento certo, o adormecer se torna mais f\u00e1cil e o <strong><a href=\"https:\/\/www.tuasaude.com\/higiene-do-sono\/\" target=\"_blank\" rel=\"noreferrer noopener\">sono <\/a><\/strong>ganha qualidade. O mais interessante \u00e9 que bastam poucos minutos de sol matinal para que esse efeito comece a acontecer.<\/p>\n\n\n\n<h2 class=\"wp-block-heading\">Como a luz da manh\u00e3 regula o rel\u00f3gio interno do corpo?<\/h2>\n\n\n\n<p>O organismo possui um sistema interno que controla os ciclos de sono e vig\u00edlia ao longo das 24 horas do dia. Esse sistema depende de sinais externos para se manter sincronizado, e o mais importante deles \u00e9 a luz natural. Quando os olhos captam a luminosidade do sol logo pela manh\u00e3, essa informa\u00e7\u00e3o chega a uma regi\u00e3o do c\u00e9rebro que funciona como um rel\u00f3gio central, indicando que \u00e9 hora de estar desperto e ativo.<\/p>\n\n\n\n<p>Esse mesmo sinal organiza a produ\u00e7\u00e3o de <strong><a href=\"https:\/\/www.tuasaude.com\/melatonina\/\" target=\"_blank\" rel=\"noreferrer noopener\">melatonina <\/a><\/strong>para que ela aumente naturalmente \u00e0 noite, no momento adequado. Sem a exposi\u00e7\u00e3o matinal \u00e0 luz solar, o rel\u00f3gio interno pode se desajustar, fazendo com que a pessoa sinta sono em hor\u00e1rios inadequados ou tenha dificuldade para adormecer quando realmente precisa descansar.<\/p>\n\n\n<div class=\"wp-block-image\">\n<figure class=\"aligncenter size-large\"><img decoding=\"async\" width=\"1024\" height=\"571\" src=\"https:\/\/www.tuasaude.com\/news\/wp-content\/uploads\/2026\/03\/creation_2559745107-1024x571.png\" alt=\"Por que tomar sol nos primeiros minutos da manh\u00e3 faz diferen\u00e7a no sono\" class=\"wp-image-8332\" srcset=\"https:\/\/www.tuasaude.com\/news\/wp-content\/uploads\/2026\/03\/creation_2559745107-1024x571.png 1024w, https:\/\/www.tuasaude.com\/news\/wp-content\/uploads\/2026\/03\/creation_2559745107-300x167.png 300w, https:\/\/www.tuasaude.com\/news\/wp-content\/uploads\/2026\/03\/creation_2559745107-768x428.png 768w, https:\/\/www.tuasaude.com\/news\/wp-content\/uploads\/2026\/03\/creation_2559745107-750x418.png 750w, https:\/\/www.tuasaude.com\/news\/wp-content\/uploads\/2026\/03\/creation_2559745107-1140x636.png 1140w, https:\/\/www.tuasaude.com\/news\/wp-content\/uploads\/2026\/03\/creation_2559745107.png 1280w\" sizes=\"(max-width: 1024px) 100vw, 1024px\" \/><figcaption class=\"wp-element-caption\">Por que tomar sol nos primeiros minutos da manh\u00e3 faz diferen\u00e7a no sono<\/figcaption><\/figure>\n<\/div>\n\n\n<h2 class=\"wp-block-heading\">Estudo com mais de 1.700 adultos confirma que a luz solar matinal melhora a qualidade do sono<\/h2>\n\n\n\n<p>A ci\u00eancia j\u00e1 acumula evid\u00eancias s\u00f3lidas sobre a rela\u00e7\u00e3o entre a luz da manh\u00e3 e o sono. Segundo o estudo observacional\u00a0<em><strong><a href=\"https:\/\/pmc.ncbi.nlm.nih.gov\/articles\/PMC12502225\/\" target=\"_blank\" rel=\"noreferrer noopener\">&#8220;O papel da luz solar na regula\u00e7\u00e3o do sono: an\u00e1lise da exposi\u00e7\u00e3o matinal, vespertina e noturna&#8221;<\/a><\/strong><\/em>,  a exposi\u00e7\u00e3o \u00e0 luz solar antes das 10 horas da manh\u00e3 foi associada a um adiantamento significativo no hor\u00e1rio de in\u00edcio do sono e a um melhor alinhamento do ritmo biol\u00f3gico. O estudo avaliou 1.762 adultos no Brasil e utilizou o \u00cdndice de Qualidade do Sono de Pittsburgh para medir os resultados. Os pesquisadores conclu\u00edram que a luz matinal funciona como o principal sinal externo para reajustar o rel\u00f3gio biol\u00f3gico, ajudando a prevenir o desalinhamento que prejudica o descanso noturno.<\/p>\n\n\n\n<h2 class=\"wp-block-heading\">Quanto tempo de sol pela manh\u00e3 \u00e9 suficiente?<\/h2>\n\n\n\n<p>N\u00e3o \u00e9 preciso passar horas ao ar livre para obter os benef\u00edcios. A ci\u00eancia indica que per\u00edodos relativamente curtos de exposi\u00e7\u00e3o j\u00e1 fazem diferen\u00e7a. Algumas orienta\u00e7\u00f5es pr\u00e1ticas para aproveitar a luz matinal:<\/p>\n\n\n\n<ul class=\"wp-block-list\">\n<li><strong>Busque de 10 a 30 minutos de luz solar<\/strong>&nbsp;nos primeiros momentos ap\u00f3s acordar, preferencialmente antes das 10 horas da manh\u00e3<\/li>\n\n\n\n<li><strong>N\u00e3o \u00e9 necess\u00e1rio sol direto intenso:<\/strong>&nbsp;mesmo em dias nublados, a luminosidade externa \u00e9 significativamente maior do que a luz artificial de ambientes fechados<\/li>\n\n\n\n<li><strong>Prefira atividades ao ar livre:<\/strong>&nbsp;uma caminhada curta, tomar o caf\u00e9 da manh\u00e3 na varanda ou simplesmente ficar perto de uma janela aberta j\u00e1 contribui<\/li>\n\n\n\n<li><strong>Evite \u00f3culos escuros nos primeiros minutos:<\/strong>\u00a0para que a retina capte adequadamente a luz, o ideal \u00e9 que os olhos recebam a luminosidade natural sem barreiras nos minutos iniciais<\/li>\n<\/ul>\n\n\n\n<h2 class=\"wp-block-heading\">Outros benef\u00edcios da exposi\u00e7\u00e3o ao sol pela manh\u00e3<\/h2>\n\n\n\n<p>Al\u00e9m de regular o sono, a luz solar matinal oferece vantagens adicionais para a sa\u00fade e o bem-estar. Entre os efeitos positivos mais relevantes est\u00e3o:<\/p>\n\n\n<div class=\"wp-block-image\">\n<figure class=\"aligncenter size-large\"><img decoding=\"async\" width=\"1024\" height=\"402\" src=\"https:\/\/www.tuasaude.com\/news\/wp-content\/uploads\/2026\/03\/convertido-10-3-1024x402.jpg\" alt=\"\" class=\"wp-image-8447\" srcset=\"https:\/\/www.tuasaude.com\/news\/wp-content\/uploads\/2026\/03\/convertido-10-3-1024x402.jpg 1024w, https:\/\/www.tuasaude.com\/news\/wp-content\/uploads\/2026\/03\/convertido-10-3-300x118.jpg 300w, https:\/\/www.tuasaude.com\/news\/wp-content\/uploads\/2026\/03\/convertido-10-3-768x302.jpg 768w, https:\/\/www.tuasaude.com\/news\/wp-content\/uploads\/2026\/03\/convertido-10-3-750x295.jpg 750w, https:\/\/www.tuasaude.com\/news\/wp-content\/uploads\/2026\/03\/convertido-10-3-1140x448.jpg 1140w, https:\/\/www.tuasaude.com\/news\/wp-content\/uploads\/2026\/03\/convertido-10-3.jpg 1280w\" sizes=\"(max-width: 1024px) 100vw, 1024px\" \/><\/figure>\n<\/div>\n\n\n<h2 class=\"wp-block-heading\">Quando a dificuldade para dormir exige avalia\u00e7\u00e3o profissional?<\/h2>\n\n\n\n<p>A exposi\u00e7\u00e3o \u00e0 luz solar pela manh\u00e3 \u00e9 uma estrat\u00e9gia simples e acess\u00edvel que pode beneficiar a maioria das pessoas. No entanto, se mesmo com bons h\u00e1bitos de sono voc\u00ea continua tendo dificuldade para adormecer, acorda muitas vezes durante a noite ou se sente constantemente cansado durante o dia, \u00e9 importante procurar um m\u00e9dico. Problemas como ins\u00f4nia cr\u00f4nica, apneia do sono e dist\u00farbios do ritmo biol\u00f3gico precisam de diagn\u00f3stico e tratamento adequados.<\/p>\n\n\n\n<p><em>Este conte\u00fado \u00e9 apenas informativo e n\u00e3o substitui a avalia\u00e7\u00e3o, o diagn\u00f3stico ou o tratamento de um m\u00e9dico. Em caso de d\u00favidas sobre a sua sa\u00fade, procure orienta\u00e7\u00e3o profissional.<\/em><\/p>\n","protected":false},"excerpt":{"rendered":"<p>Se voc\u00ea tem dormido mal e n\u00e3o sabe o que mais pode fazer para melhorar, talvez a resposta esteja logo nas primeiras horas do dia. A exposi\u00e7\u00e3o \u00e0 luz solar pela manh\u00e3 \u00e9 um dos sinais mais poderosos que o corpo recebe para ajustar seu rel\u00f3gio biol\u00f3gico, definindo com mais precis\u00e3o a hora de ficar [&hellip;]<\/p>\n","protected":false},"author":9,"featured_media":8331,"comment_status":"open","ping_status":"open","sticky":false,"template":"","format":"standard","meta":{"_yoast_wpseo_focuskw":"luz solar pela manh\u00e3","_yoast_wpseo_title":"","_yoast_wpseo_metadesc":"Exposi\u00e7\u00e3o \u00e0 luz solar pela manh\u00e3 ajuda a regular o rel\u00f3gio biol\u00f3gico e a produ\u00e7\u00e3o de melatonina, facilitando o adormecer e melhorando o sono.","jnews-multi-image_gallery":[],"jnews_single_post":{"format":"standard"},"jnews_primary_category":[],"jnews_social_meta":[],"jnews_override_counter":[],"footnotes":""},"categories":[111],"tags":[2339,763,1159,1283],"class_list":["post-8187","post","type-post","status-publish","format-standard","has-post-thumbnail","hentry","category-saude","tag-luz-solar-pela-manha","tag-melatonina","tag-qualidade-do-sono","tag-relogio-biologico"],"yoast_head":"<!-- This site is optimized with the Yoast SEO plugin v26.7 - https:\/\/yoast.com\/wordpress\/plugins\/seo\/ -->\n<title>Por que tomar sol nos primeiros minutos da manh\u00e3 faz diferen\u00e7a no sono - Tua Sa\u00fade<\/title>\n<meta name=\"description\" content=\"Exposi\u00e7\u00e3o \u00e0 luz solar pela manh\u00e3 ajuda a regular o rel\u00f3gio biol\u00f3gico e a produ\u00e7\u00e3o de melatonina, facilitando o adormecer e melhorando o sono.\" \/>\n<meta name=\"robots\" content=\"index, follow, max-snippet:-1, max-image-preview:large, max-video-preview:-1\" \/>\n<link rel=\"canonical\" href=\"https:\/\/www.tuasaude.com\/news\/2026\/03\/12\/por-que-tomar-sol-nos-primeiros-minutos-da-manha-faz-diferenca-no-sono\/\" \/>\n<meta property=\"og:locale\" content=\"pt_BR\" \/>\n<meta property=\"og:type\" content=\"article\" \/>\n<meta property=\"og:title\" content=\"Por que tomar sol nos primeiros minutos da manh\u00e3 faz diferen\u00e7a no sono - Tua Sa\u00fade\" \/>\n<meta property=\"og:description\" content=\"Exposi\u00e7\u00e3o \u00e0 luz solar pela manh\u00e3 ajuda a regular o rel\u00f3gio biol\u00f3gico e a produ\u00e7\u00e3o de melatonina, facilitando o adormecer e melhorando o sono.\" \/>\n<meta property=\"og:url\" content=\"https:\/\/www.tuasaude.com\/news\/2026\/03\/12\/por-que-tomar-sol-nos-primeiros-minutos-da-manha-faz-diferenca-no-sono\/\" \/>\n<meta property=\"og:site_name\" content=\"Tua Sa\u00fade\" \/>\n<meta property=\"article:published_time\" content=\"2026-03-12T21:20:00+00:00\" \/>\n<meta property=\"og:image\" content=\"https:\/\/www.tuasaude.com\/news\/wp-content\/uploads\/2026\/03\/creation_2559744860.png\" \/>\n\t<meta property=\"og:image:width\" content=\"1280\" \/>\n\t<meta property=\"og:image:height\" content=\"714\" \/>\n\t<meta property=\"og:image:type\" content=\"image\/png\" \/>\n<meta name=\"author\" content=\"Roberta Patriota\" \/>\n<meta name=\"twitter:card\" content=\"summary_large_image\" \/>\n<meta name=\"twitter:label1\" content=\"Escrito por\" \/>\n\t<meta name=\"twitter:data1\" content=\"Roberta Patriota\" \/>\n\t<meta name=\"twitter:label2\" content=\"Est. tempo de leitura\" \/>\n\t<meta name=\"twitter:data2\" content=\"5 minutos\" \/>\n<!-- \/ Yoast SEO plugin. -->","yoast_head_json":{"title":"Por que tomar sol nos primeiros minutos da manh\u00e3 faz diferen\u00e7a no sono - Tua Sa\u00fade","description":"Exposi\u00e7\u00e3o \u00e0 luz solar pela manh\u00e3 ajuda a regular o rel\u00f3gio biol\u00f3gico e a produ\u00e7\u00e3o de melatonina, facilitando o adormecer e melhorando o sono.","robots":{"index":"index","follow":"follow","max-snippet":"max-snippet:-1","max-image-preview":"max-image-preview:large","max-video-preview":"max-video-preview:-1"},"canonical":"https:\/\/www.tuasaude.com\/news\/2026\/03\/12\/por-que-tomar-sol-nos-primeiros-minutos-da-manha-faz-diferenca-no-sono\/","og_locale":"pt_BR","og_type":"article","og_title":"Por que tomar sol nos primeiros minutos da manh\u00e3 faz diferen\u00e7a no sono - Tua Sa\u00fade","og_description":"Exposi\u00e7\u00e3o \u00e0 luz solar pela manh\u00e3 ajuda a regular o rel\u00f3gio biol\u00f3gico e a produ\u00e7\u00e3o de melatonina, facilitando o adormecer e melhorando o sono.","og_url":"https:\/\/www.tuasaude.com\/news\/2026\/03\/12\/por-que-tomar-sol-nos-primeiros-minutos-da-manha-faz-diferenca-no-sono\/","og_site_name":"Tua Sa\u00fade","article_published_time":"2026-03-12T21:20:00+00:00","og_image":[{"width":1280,"height":714,"url":"https:\/\/www.tuasaude.com\/news\/wp-content\/uploads\/2026\/03\/creation_2559744860.png","type":"image\/png"}],"author":"Roberta Patriota","twitter_card":"summary_large_image","twitter_misc":{"Escrito por":"Roberta Patriota","Est. tempo de leitura":"5 minutos"},"schema":{"@context":"https:\/\/schema.org","@graph":[{"@type":"Article","@id":"https:\/\/www.tuasaude.com\/news\/2026\/03\/12\/por-que-tomar-sol-nos-primeiros-minutos-da-manha-faz-diferenca-no-sono\/#article","isPartOf":{"@id":"https:\/\/www.tuasaude.com\/news\/2026\/03\/12\/por-que-tomar-sol-nos-primeiros-minutos-da-manha-faz-diferenca-no-sono\/"},"author":{"name":"Roberta Patriota","@id":"https:\/\/www.tuasaude.com\/news\/#\/schema\/person\/27adc41011393316b12ef997ca893e44"},"headline":"Por que tomar sol nos primeiros minutos da manh\u00e3 faz diferen\u00e7a no sono","datePublished":"2026-03-12T21:20:00+00:00","mainEntityOfPage":{"@id":"https:\/\/www.tuasaude.com\/news\/2026\/03\/12\/por-que-tomar-sol-nos-primeiros-minutos-da-manha-faz-diferenca-no-sono\/"},"wordCount":729,"commentCount":0,"image":{"@id":"https:\/\/www.tuasaude.com\/news\/2026\/03\/12\/por-que-tomar-sol-nos-primeiros-minutos-da-manha-faz-diferenca-no-sono\/#primaryimage"},"thumbnailUrl":"https:\/\/www.tuasaude.com\/news\/wp-content\/uploads\/2026\/03\/creation_2559744860.png","keywords":["luz solar pela manh\u00e3","Melatonina","qualidade do sono","rel\u00f3gio biol\u00f3gico"],"articleSection":["Sa\u00fade"],"inLanguage":"pt-BR","potentialAction":[{"@type":"CommentAction","name":"Comment","target":["https:\/\/www.tuasaude.com\/news\/2026\/03\/12\/por-que-tomar-sol-nos-primeiros-minutos-da-manha-faz-diferenca-no-sono\/#respond"]}]},{"@type":"WebPage","@id":"https:\/\/www.tuasaude.com\/news\/2026\/03\/12\/por-que-tomar-sol-nos-primeiros-minutos-da-manha-faz-diferenca-no-sono\/","url":"https:\/\/www.tuasaude.com\/news\/2026\/03\/12\/por-que-tomar-sol-nos-primeiros-minutos-da-manha-faz-diferenca-no-sono\/","name":"Por que tomar sol nos primeiros minutos da manh\u00e3 faz diferen\u00e7a no sono - Tua Sa\u00fade","isPartOf":{"@id":"https:\/\/www.tuasaude.com\/news\/#website"},"primaryImageOfPage":{"@id":"https:\/\/www.tuasaude.com\/news\/2026\/03\/12\/por-que-tomar-sol-nos-primeiros-minutos-da-manha-faz-diferenca-no-sono\/#primaryimage"},"image":{"@id":"https:\/\/www.tuasaude.com\/news\/2026\/03\/12\/por-que-tomar-sol-nos-primeiros-minutos-da-manha-faz-diferenca-no-sono\/#primaryimage"},"thumbnailUrl":"https:\/\/www.tuasaude.com\/news\/wp-content\/uploads\/2026\/03\/creation_2559744860.png","datePublished":"2026-03-12T21:20:00+00:00","author":{"@id":"https:\/\/www.tuasaude.com\/news\/#\/schema\/person\/27adc41011393316b12ef997ca893e44"},"description":"Exposi\u00e7\u00e3o \u00e0 luz solar pela manh\u00e3 ajuda a regular o rel\u00f3gio biol\u00f3gico e a produ\u00e7\u00e3o de melatonina, facilitando o adormecer e melhorando o sono.","breadcrumb":{"@id":"https:\/\/www.tuasaude.com\/news\/2026\/03\/12\/por-que-tomar-sol-nos-primeiros-minutos-da-manha-faz-diferenca-no-sono\/#breadcrumb"},"inLanguage":"pt-BR","potentialAction":[{"@type":"ReadAction","target":["https:\/\/www.tuasaude.com\/news\/2026\/03\/12\/por-que-tomar-sol-nos-primeiros-minutos-da-manha-faz-diferenca-no-sono\/"]}]},{"@type":"ImageObject","inLanguage":"pt-BR","@id":"https:\/\/www.tuasaude.com\/news\/2026\/03\/12\/por-que-tomar-sol-nos-primeiros-minutos-da-manha-faz-diferenca-no-sono\/#primaryimage","url":"https:\/\/www.tuasaude.com\/news\/wp-content\/uploads\/2026\/03\/creation_2559744860.png","contentUrl":"https:\/\/www.tuasaude.com\/news\/wp-content\/uploads\/2026\/03\/creation_2559744860.png","width":1280,"height":714,"caption":"Al\u00e9m de melhorar o sono, o sol matinal tamb\u00e9m favorece o humor, a disposi\u00e7\u00e3o e a produ\u00e7\u00e3o de vitamina D."},{"@type":"BreadcrumbList","@id":"https:\/\/www.tuasaude.com\/news\/2026\/03\/12\/por-que-tomar-sol-nos-primeiros-minutos-da-manha-faz-diferenca-no-sono\/#breadcrumb","itemListElement":[{"@type":"ListItem","position":1,"name":"In\u00edcio","item":"https:\/\/www.tuasaude.com\/news\/"},{"@type":"ListItem","position":2,"name":"Por que tomar sol nos primeiros minutos da manh\u00e3 faz diferen\u00e7a no sono"}]},{"@type":"WebSite","@id":"https:\/\/www.tuasaude.com\/news\/#website","url":"https:\/\/www.tuasaude.com\/news\/","name":"Tua Sa\u00fade","description":"Seu site de sa\u00fade","potentialAction":[{"@type":"SearchAction","target":{"@type":"EntryPoint","urlTemplate":"https:\/\/www.tuasaude.com\/news\/?s={search_term_string}"},"query-input":{"@type":"PropertyValueSpecification","valueRequired":true,"valueName":"search_term_string"}}],"inLanguage":"pt-BR"},{"@type":"Person","@id":"https:\/\/www.tuasaude.com\/news\/#\/schema\/person\/27adc41011393316b12ef997ca893e44","name":"Roberta Patriota","image":{"@type":"ImageObject","inLanguage":"pt-BR","@id":"https:\/\/www.tuasaude.com\/news\/#\/schema\/person\/image\/","url":"https:\/\/secure.gravatar.com\/avatar\/40fc934d21bfa38a60909bb2e5f2ec503dcd4d849aa772e107feb32efe75c210?s=96&d=mm&r=g","contentUrl":"https:\/\/secure.gravatar.com\/avatar\/40fc934d21bfa38a60909bb2e5f2ec503dcd4d849aa772e107feb32efe75c210?s=96&d=mm&r=g","caption":"Roberta Patriota"},"sameAs":["https:\/\/www.tuasaude.com\/news\/"],"url":"https:\/\/www.tuasaude.com\/news\/author\/roberta-patriota\/"}]}},"_links":{"self":[{"href":"https:\/\/www.tuasaude.com\/news\/wp-json\/wp\/v2\/posts\/8187","targetHints":{"allow":["GET"]}}],"collection":[{"href":"https:\/\/www.tuasaude.com\/news\/wp-json\/wp\/v2\/posts"}],"about":[{"href":"https:\/\/www.tuasaude.com\/news\/wp-json\/wp\/v2\/types\/post"}],"author":[{"embeddable":true,"href":"https:\/\/www.tuasaude.com\/news\/wp-json\/wp\/v2\/users\/9"}],"replies":[{"embeddable":true,"href":"https:\/\/www.tuasaude.com\/news\/wp-json\/wp\/v2\/comments?post=8187"}],"version-history":[{"count":3,"href":"https:\/\/www.tuasaude.com\/news\/wp-json\/wp\/v2\/posts\/8187\/revisions"}],"predecessor-version":[{"id":8448,"href":"https:\/\/www.tuasaude.com\/news\/wp-json\/wp\/v2\/posts\/8187\/revisions\/8448"}],"wp:featuredmedia":[{"embeddable":true,"href":"https:\/\/www.tuasaude.com\/news\/wp-json\/wp\/v2\/media\/8331"}],"wp:attachment":[{"href":"https:\/\/www.tuasaude.com\/news\/wp-json\/wp\/v2\/media?parent=8187"}],"wp:term":[{"taxonomy":"category","embeddable":true,"href":"https:\/\/www.tuasaude.com\/news\/wp-json\/wp\/v2\/categories?post=8187"},{"taxonomy":"post_tag","embeddable":true,"href":"https:\/\/www.tuasaude.com\/news\/wp-json\/wp\/v2\/tags?post=8187"}],"curies":[{"name":"wp","href":"https:\/\/api.w.org\/{rel}","templated":true}]}}