{"id":8107,"date":"2026-03-11T16:10:00","date_gmt":"2026-03-11T19:10:00","guid":{"rendered":"https:\/\/www.tuasaude.com\/news\/?p=8107"},"modified":"2026-03-11T15:59:04","modified_gmt":"2026-03-11T18:59:04","slug":"o-calendario-definitivo-de-vitaminas-o-que-o-seu-corpo-exige-que-voce-reponha-aos-30-40-50-e-60-anos","status":"publish","type":"post","link":"https:\/\/www.tuasaude.com\/news\/2026\/03\/11\/o-calendario-definitivo-de-vitaminas-o-que-o-seu-corpo-exige-que-voce-reponha-aos-30-40-50-e-60-anos\/","title":{"rendered":"O calend\u00e1rio definitivo de vitaminas: o que o seu corpo exige que voc\u00ea reponha aos 30, 40, 50 e 60+ anos"},"content":{"rendered":"\n<p>A cada d\u00e9cada de vida, o organismo passa por mudan\u00e7as que alteram a forma como absorve e utiliza nutrientes essenciais. O que funcionava bem aos 20 anos pode n\u00e3o ser suficiente aos 40, e ignorar essas transforma\u00e7\u00f5es naturais aumenta o risco de problemas como fadiga, perda \u00f3ssea e decl\u00ednio cognitivo. Entender quais vitaminas merecem aten\u00e7\u00e3o em cada faixa et\u00e1ria \u00e9 o primeiro passo para manter a sa\u00fade em dia e envelhecer com mais qualidade de vida.<\/p>\n\n\n\n<h2 class=\"wp-block-heading\">Aos 30 anos o metabolismo desacelera e exige mais aten\u00e7\u00e3o<\/h2>\n\n\n\n<p>A partir dos 30 anos, o metabolismo come\u00e7a a ficar mais lento, com uma redu\u00e7\u00e3o de aproximadamente 5% por d\u00e9cada. A produ\u00e7\u00e3o de col\u00e1geno diminui, a fertilidade pode cair e o corpo j\u00e1 n\u00e3o rep\u00f5e massa muscular com a mesma facilidade de antes. Nessa fase, algumas vitaminas se tornam aliadas importantes para manter o equil\u00edbrio do organismo.<\/p>\n\n\n\n<p>Os nutrientes que merecem destaque nessa faixa et\u00e1ria incluem:<\/p>\n\n\n\n<ul class=\"wp-block-list\">\n<li><strong>Vitamina D:<\/strong> fundamental para a absor\u00e7\u00e3o de c\u00e1lcio e a sa\u00fade dos ossos, especialmente para quem passa pouco tempo ao sol<\/li>\n\n\n\n<li><strong>\u00c1cido f\u00f3lico (vitamina B9):<\/strong> importante para a sa\u00fade cardiovascular e essencial para mulheres que planejam engravidar<\/li>\n\n\n\n<li><strong>Ferro:<\/strong> ajuda a prevenir a anemia e manter os n\u00edveis de energia, principalmente em mulheres com fluxo menstrual intenso<\/li>\n\n\n\n<li><strong>Magn\u00e9sio:<\/strong> auxilia na preven\u00e7\u00e3o de c\u00e3ibras, na qualidade do sono e na redu\u00e7\u00e3o da ansiedade<\/li>\n<\/ul>\n\n\n\n<h2 class=\"wp-block-heading\">A d\u00e9cada dos 40 pede refor\u00e7o para ossos, cora\u00e7\u00e3o e horm\u00f4nios<\/h2>\n\n\n\n<p>Aos 40 anos, a densidade \u00f3ssea come\u00e7a a diminuir de forma mais acelerada, e altera\u00e7\u00f5es hormonais se tornam mais evidentes, especialmente nas mulheres que entram na perimenopausa. Os riscos de doen\u00e7as cardiovasculares tamb\u00e9m aumentam, tornando a alimenta\u00e7\u00e3o e a reposi\u00e7\u00e3o de nutrientes ainda mais relevantes.<\/p>\n\n\n\n<p>Nessa fase, \u00e9 importante refor\u00e7ar a ingest\u00e3o dos seguintes nutrientes:<\/p>\n\n\n\n<ul class=\"wp-block-list\">\n<li><strong>Vitamina K:<\/strong> atua na coagula\u00e7\u00e3o sangu\u00ednea e contribui para a fixa\u00e7\u00e3o do c\u00e1lcio nos ossos, ajudando a prevenir a osteoporose<\/li>\n\n\n\n<li><strong>Vitamina B6:<\/strong> participa da regula\u00e7\u00e3o hormonal e do metabolismo das prote\u00ednas, aliviando sintomas da perimenopausa<\/li>\n\n\n\n<li><strong>Vitamina A:<\/strong> protege a sa\u00fade dos olhos e fortalece o sistema imunol\u00f3gico, presente em alimentos como cenoura e batata-doce<\/li>\n\n\n\n<li><strong>C\u00e1lcio:<\/strong> essencial para manter a estrutura dos ossos e prevenir fraturas futuras<\/li>\n<\/ul>\n\n\n<div class=\"wp-block-image\">\n<figure class=\"aligncenter size-large\"><img decoding=\"async\" width=\"1024\" height=\"558\" src=\"https:\/\/www.tuasaude.com\/news\/wp-content\/uploads\/2026\/03\/Gemini_Generated_Image_7gubzt7gubzt7gub-1024x558.jpg\" alt=\"Com o avan\u00e7o da idade, vitaminas como D, c\u00e1lcio e B12 ganham mais import\u00e2ncia para ossos, energia e imunidade.\" class=\"wp-image-8108\" srcset=\"https:\/\/www.tuasaude.com\/news\/wp-content\/uploads\/2026\/03\/Gemini_Generated_Image_7gubzt7gubzt7gub-1024x558.jpg 1024w, https:\/\/www.tuasaude.com\/news\/wp-content\/uploads\/2026\/03\/Gemini_Generated_Image_7gubzt7gubzt7gub-300x164.jpg 300w, https:\/\/www.tuasaude.com\/news\/wp-content\/uploads\/2026\/03\/Gemini_Generated_Image_7gubzt7gubzt7gub-768x419.jpg 768w, https:\/\/www.tuasaude.com\/news\/wp-content\/uploads\/2026\/03\/Gemini_Generated_Image_7gubzt7gubzt7gub-750x409.jpg 750w, https:\/\/www.tuasaude.com\/news\/wp-content\/uploads\/2026\/03\/Gemini_Generated_Image_7gubzt7gubzt7gub-1140x622.jpg 1140w, https:\/\/www.tuasaude.com\/news\/wp-content\/uploads\/2026\/03\/Gemini_Generated_Image_7gubzt7gubzt7gub.jpg 1280w\" sizes=\"(max-width: 1024px) 100vw, 1024px\" \/><figcaption class=\"wp-element-caption\">Com o avan\u00e7o da idade, vitaminas como D, c\u00e1lcio e B12 ganham mais import\u00e2ncia para ossos, energia e imunidade.<\/figcaption><\/figure>\n<\/div>\n\n\n<h2 class=\"wp-block-heading\">Depois dos 50 a absor\u00e7\u00e3o de nutrientes diminui naturalmente<\/h2>\n\n\n\n<p>Por volta dos 50 anos, o corpo produz menos \u00e1cido estomacal, o que compromete a absor\u00e7\u00e3o de nutrientes como a vitamina B12. Nas mulheres, a menopausa completa traz uma queda significativa nos n\u00edveis de estrog\u00eanio, acelerando a perda \u00f3ssea e aumentando o risco de problemas cardiovasculares. Nos homens, a tend\u00eancia ao ganho de gordura abdominal e a perda de massa muscular se intensificam.<\/p>\n\n\n\n<p>A vitamina B12 merece aten\u00e7\u00e3o especial nessa fase, j\u00e1 que entre 10% e 30% das pessoas acima dos 50 anos apresentam dificuldade em absorv\u00ea-la a partir dos alimentos. A suplementa\u00e7\u00e3o com a forma sint\u00e9tica dessa vitamina costuma ser mais eficiente, pois n\u00e3o depende do \u00e1cido estomacal para ser aproveitada. Al\u00e9m dela, a vitamina C ganha protagonismo por suas propriedades antioxidantes, que protegem as c\u00e9lulas e fortalecem a imunidade, e o \u00f4mega-3 se torna um aliado importante para a sa\u00fade do cora\u00e7\u00e3o e do c\u00e9rebro.<\/p>\n\n\n\n<h2 class=\"wp-block-heading\">O que a ci\u00eancia diz sobre nutri\u00e7\u00e3o e envelhecimento saud\u00e1vel<\/h2>\n\n\n\n<p>A rela\u00e7\u00e3o entre nutrientes e qualidade de vida ao longo dos anos \u00e9 amplamente respaldada por pesquisas cient\u00edficas. Segundo a revis\u00e3o narrativa <em>&#8220;Nutritional and lifestyle management of the aging journey&#8221;<\/em>, publicada no peri\u00f3dico <em>Frontiers in Nutrition<\/em> em 2023, adultos mais velhos apresentam maior tend\u00eancia a ingest\u00e3o insuficiente de energia e micronutrientes, sendo as defici\u00eancias mais comuns em vitamina B12, ferro, vitamina D e c\u00e1lcio. O estudo destaca que mudan\u00e7as no sistema digestivo podem come\u00e7ar j\u00e1 aos 40 anos e se tornam bastante prevalentes aos 75, refor\u00e7ando a import\u00e2ncia de ajustar a alimenta\u00e7\u00e3o e considerar a suplementa\u00e7\u00e3o ao longo das d\u00e9cadas. Voc\u00ea pode conferir o estudo completo em: <a href=\"https:\/\/pmc.ncbi.nlm.nih.gov\/articles\/PMC9903079\/\" target=\"_blank\" rel=\"noreferrer noopener\">PMC &#8211; Frontiers in Nutrition<\/a>.<\/p>\n\n\n\n<h2 class=\"wp-block-heading\">Aos 60 anos ou mais o cuidado nutricional precisa ser individualizado<\/h2>\n\n\n\n<p>Ap\u00f3s os 60 anos, o organismo enfrenta um conjunto de desafios que tornam a nutri\u00e7\u00e3o ainda mais importante. A pele produz menos vitamina D, a absor\u00e7\u00e3o intestinal fica comprometida e o uso cont\u00ednuo de medicamentos pode interferir na capta\u00e7\u00e3o de nutrientes essenciais. Nessa fase, as vitaminas do complexo B, a vitamina D, o c\u00e1lcio, o zinco e o pot\u00e1ssio s\u00e3o considerados priorit\u00e1rios para manter a sa\u00fade dos ossos, do sistema nervoso e da imunidade.<\/p>\n\n\n\n<p>Para quem deseja se aprofundar nas principais vitaminas indicadas para a terceira idade e saber quando a suplementa\u00e7\u00e3o pode ser necess\u00e1ria, o <a href=\"https:\/\/www.tuasaude.com\/suplemento-para-idosos\/\" target=\"_blank\" rel=\"noreferrer noopener\">Tua Sa\u00fade<\/a> traz um guia completo sobre o tema. Em qualquer faixa et\u00e1ria, a melhor estrat\u00e9gia \u00e9 realizar exames de rotina e buscar orienta\u00e7\u00e3o de um m\u00e9dico ou nutricionista antes de iniciar qualquer tipo de suplementa\u00e7\u00e3o. Cada organismo tem necessidades individuais, e somente um profissional de sa\u00fade pode avaliar o que realmente faz sentido para a sua realidade.<\/p>\n\n\n\n<p><em><strong>Disclaimer:<\/strong> Este conte\u00fado tem car\u00e1ter exclusivamente informativo e n\u00e3o substitui, em nenhuma hip\u00f3tese, a consulta, o diagn\u00f3stico ou o tratamento de um m\u00e9dico ou profissional de sa\u00fade qualificado. Sempre procure orienta\u00e7\u00e3o profissional antes de tomar decis\u00f5es relacionadas \u00e0 sua sa\u00fade.<\/em><\/p>\n","protected":false},"excerpt":{"rendered":"<p>A cada d\u00e9cada de vida, o organismo passa por mudan\u00e7as que alteram a forma como absorve e utiliza nutrientes essenciais. O que funcionava bem aos 20 anos pode n\u00e3o ser suficiente aos 40, e ignorar essas transforma\u00e7\u00f5es naturais aumenta o risco de problemas como fadiga, perda \u00f3ssea e decl\u00ednio cognitivo. Entender quais vitaminas merecem aten\u00e7\u00e3o [&hellip;]<\/p>\n","protected":false},"author":6,"featured_media":8109,"comment_status":"open","ping_status":"open","sticky":false,"template":"","format":"standard","meta":{"_yoast_wpseo_focuskw":"vitaminas","_yoast_wpseo_title":"","_yoast_wpseo_metadesc":"Aos 30, 40, 50 e 60+ o corpo precisa de vitaminas diferentes. Veja o calend\u00e1rio que mostra o que seu organismo come\u00e7a a exigir.","jnews-multi-image_gallery":[],"jnews_single_post":{"format":"standard"},"jnews_primary_category":[],"jnews_social_meta":[],"jnews_override_counter":[],"footnotes":""},"categories":[111],"tags":[2218,194],"class_list":["post-8107","post","type-post","status-publish","format-standard","has-post-thumbnail","hentry","category-saude","tag-calendario","tag-vitaminas"],"yoast_head":"<!-- This site is optimized with the Yoast SEO plugin v26.7 - https:\/\/yoast.com\/wordpress\/plugins\/seo\/ -->\n<title>O calend\u00e1rio definitivo de vitaminas: o que o seu corpo exige que voc\u00ea reponha aos 30, 40, 50 e 60+ anos - Tua Sa\u00fade<\/title>\n<meta name=\"description\" content=\"Aos 30, 40, 50 e 60+ o corpo precisa de vitaminas diferentes. Veja o calend\u00e1rio que mostra o que seu organismo come\u00e7a a exigir.\" \/>\n<meta name=\"robots\" content=\"index, follow, max-snippet:-1, max-image-preview:large, max-video-preview:-1\" \/>\n<link rel=\"canonical\" href=\"https:\/\/www.tuasaude.com\/news\/2026\/03\/11\/o-calendario-definitivo-de-vitaminas-o-que-o-seu-corpo-exige-que-voce-reponha-aos-30-40-50-e-60-anos\/\" \/>\n<meta property=\"og:locale\" content=\"pt_BR\" \/>\n<meta property=\"og:type\" content=\"article\" \/>\n<meta property=\"og:title\" content=\"O calend\u00e1rio definitivo de vitaminas: o que o seu corpo exige que voc\u00ea reponha aos 30, 40, 50 e 60+ anos - Tua Sa\u00fade\" \/>\n<meta property=\"og:description\" content=\"Aos 30, 40, 50 e 60+ o corpo precisa de vitaminas diferentes. Veja o calend\u00e1rio que mostra o que seu organismo come\u00e7a a exigir.\" \/>\n<meta property=\"og:url\" content=\"https:\/\/www.tuasaude.com\/news\/2026\/03\/11\/o-calendario-definitivo-de-vitaminas-o-que-o-seu-corpo-exige-que-voce-reponha-aos-30-40-50-e-60-anos\/\" \/>\n<meta property=\"og:site_name\" content=\"Tua Sa\u00fade\" \/>\n<meta property=\"article:published_time\" content=\"2026-03-11T19:10:00+00:00\" \/>\n<meta property=\"og:image\" content=\"https:\/\/www.tuasaude.com\/news\/wp-content\/uploads\/2026\/03\/Gemini_Generated_Image_mq22ykmq22ykmq22.jpg\" \/>\n\t<meta property=\"og:image:width\" content=\"1280\" \/>\n\t<meta property=\"og:image:height\" content=\"698\" \/>\n\t<meta property=\"og:image:type\" content=\"image\/jpeg\" \/>\n<meta name=\"author\" content=\"Gabriel Leme\" \/>\n<meta name=\"twitter:card\" content=\"summary_large_image\" \/>\n<meta name=\"twitter:label1\" content=\"Escrito por\" \/>\n\t<meta name=\"twitter:data1\" content=\"Gabriel Leme\" \/>\n\t<meta name=\"twitter:label2\" content=\"Est. tempo de leitura\" \/>\n\t<meta name=\"twitter:data2\" content=\"6 minutos\" \/>\n<!-- \/ Yoast SEO plugin. -->","yoast_head_json":{"title":"O calend\u00e1rio definitivo de vitaminas: o que o seu corpo exige que voc\u00ea reponha aos 30, 40, 50 e 60+ anos - Tua Sa\u00fade","description":"Aos 30, 40, 50 e 60+ o corpo precisa de vitaminas diferentes. Veja o calend\u00e1rio que mostra o que seu organismo come\u00e7a a exigir.","robots":{"index":"index","follow":"follow","max-snippet":"max-snippet:-1","max-image-preview":"max-image-preview:large","max-video-preview":"max-video-preview:-1"},"canonical":"https:\/\/www.tuasaude.com\/news\/2026\/03\/11\/o-calendario-definitivo-de-vitaminas-o-que-o-seu-corpo-exige-que-voce-reponha-aos-30-40-50-e-60-anos\/","og_locale":"pt_BR","og_type":"article","og_title":"O calend\u00e1rio definitivo de vitaminas: o que o seu corpo exige que voc\u00ea reponha aos 30, 40, 50 e 60+ anos - Tua Sa\u00fade","og_description":"Aos 30, 40, 50 e 60+ o corpo precisa de vitaminas diferentes. Veja o calend\u00e1rio que mostra o que seu organismo come\u00e7a a exigir.","og_url":"https:\/\/www.tuasaude.com\/news\/2026\/03\/11\/o-calendario-definitivo-de-vitaminas-o-que-o-seu-corpo-exige-que-voce-reponha-aos-30-40-50-e-60-anos\/","og_site_name":"Tua Sa\u00fade","article_published_time":"2026-03-11T19:10:00+00:00","og_image":[{"width":1280,"height":698,"url":"https:\/\/www.tuasaude.com\/news\/wp-content\/uploads\/2026\/03\/Gemini_Generated_Image_mq22ykmq22ykmq22.jpg","type":"image\/jpeg"}],"author":"Gabriel Leme","twitter_card":"summary_large_image","twitter_misc":{"Escrito por":"Gabriel Leme","Est. tempo de leitura":"6 minutos"},"schema":{"@context":"https:\/\/schema.org","@graph":[{"@type":"Article","@id":"https:\/\/www.tuasaude.com\/news\/2026\/03\/11\/o-calendario-definitivo-de-vitaminas-o-que-o-seu-corpo-exige-que-voce-reponha-aos-30-40-50-e-60-anos\/#article","isPartOf":{"@id":"https:\/\/www.tuasaude.com\/news\/2026\/03\/11\/o-calendario-definitivo-de-vitaminas-o-que-o-seu-corpo-exige-que-voce-reponha-aos-30-40-50-e-60-anos\/"},"author":{"name":"Gabriel Leme","@id":"https:\/\/www.tuasaude.com\/news\/#\/schema\/person\/bf512a2e53b74f5544ff3040f496e593"},"headline":"O calend\u00e1rio definitivo de vitaminas: o que o seu corpo exige que voc\u00ea reponha aos 30, 40, 50 e 60+ anos","datePublished":"2026-03-11T19:10:00+00:00","mainEntityOfPage":{"@id":"https:\/\/www.tuasaude.com\/news\/2026\/03\/11\/o-calendario-definitivo-de-vitaminas-o-que-o-seu-corpo-exige-que-voce-reponha-aos-30-40-50-e-60-anos\/"},"wordCount":967,"commentCount":0,"image":{"@id":"https:\/\/www.tuasaude.com\/news\/2026\/03\/11\/o-calendario-definitivo-de-vitaminas-o-que-o-seu-corpo-exige-que-voce-reponha-aos-30-40-50-e-60-anos\/#primaryimage"},"thumbnailUrl":"https:\/\/www.tuasaude.com\/news\/wp-content\/uploads\/2026\/03\/Gemini_Generated_Image_mq22ykmq22ykmq22.jpg","keywords":["calend\u00e1rio","vitaminas"],"articleSection":["Sa\u00fade"],"inLanguage":"pt-BR","potentialAction":[{"@type":"CommentAction","name":"Comment","target":["https:\/\/www.tuasaude.com\/news\/2026\/03\/11\/o-calendario-definitivo-de-vitaminas-o-que-o-seu-corpo-exige-que-voce-reponha-aos-30-40-50-e-60-anos\/#respond"]}]},{"@type":"WebPage","@id":"https:\/\/www.tuasaude.com\/news\/2026\/03\/11\/o-calendario-definitivo-de-vitaminas-o-que-o-seu-corpo-exige-que-voce-reponha-aos-30-40-50-e-60-anos\/","url":"https:\/\/www.tuasaude.com\/news\/2026\/03\/11\/o-calendario-definitivo-de-vitaminas-o-que-o-seu-corpo-exige-que-voce-reponha-aos-30-40-50-e-60-anos\/","name":"O calend\u00e1rio definitivo de vitaminas: o que o seu corpo exige que voc\u00ea reponha aos 30, 40, 50 e 60+ anos - Tua Sa\u00fade","isPartOf":{"@id":"https:\/\/www.tuasaude.com\/news\/#website"},"primaryImageOfPage":{"@id":"https:\/\/www.tuasaude.com\/news\/2026\/03\/11\/o-calendario-definitivo-de-vitaminas-o-que-o-seu-corpo-exige-que-voce-reponha-aos-30-40-50-e-60-anos\/#primaryimage"},"image":{"@id":"https:\/\/www.tuasaude.com\/news\/2026\/03\/11\/o-calendario-definitivo-de-vitaminas-o-que-o-seu-corpo-exige-que-voce-reponha-aos-30-40-50-e-60-anos\/#primaryimage"},"thumbnailUrl":"https:\/\/www.tuasaude.com\/news\/wp-content\/uploads\/2026\/03\/Gemini_Generated_Image_mq22ykmq22ykmq22.jpg","datePublished":"2026-03-11T19:10:00+00:00","author":{"@id":"https:\/\/www.tuasaude.com\/news\/#\/schema\/person\/bf512a2e53b74f5544ff3040f496e593"},"description":"Aos 30, 40, 50 e 60+ o corpo precisa de vitaminas diferentes. Veja o calend\u00e1rio que mostra o que seu organismo come\u00e7a a exigir.","breadcrumb":{"@id":"https:\/\/www.tuasaude.com\/news\/2026\/03\/11\/o-calendario-definitivo-de-vitaminas-o-que-o-seu-corpo-exige-que-voce-reponha-aos-30-40-50-e-60-anos\/#breadcrumb"},"inLanguage":"pt-BR","potentialAction":[{"@type":"ReadAction","target":["https:\/\/www.tuasaude.com\/news\/2026\/03\/11\/o-calendario-definitivo-de-vitaminas-o-que-o-seu-corpo-exige-que-voce-reponha-aos-30-40-50-e-60-anos\/"]}]},{"@type":"ImageObject","inLanguage":"pt-BR","@id":"https:\/\/www.tuasaude.com\/news\/2026\/03\/11\/o-calendario-definitivo-de-vitaminas-o-que-o-seu-corpo-exige-que-voce-reponha-aos-30-40-50-e-60-anos\/#primaryimage","url":"https:\/\/www.tuasaude.com\/news\/wp-content\/uploads\/2026\/03\/Gemini_Generated_Image_mq22ykmq22ykmq22.jpg","contentUrl":"https:\/\/www.tuasaude.com\/news\/wp-content\/uploads\/2026\/03\/Gemini_Generated_Image_mq22ykmq22ykmq22.jpg","width":1280,"height":698,"caption":"Cada d\u00e9cada da vida muda as necessidades do corpo \u2014 e algumas vitaminas se tornam mais importantes com o passar dos anos."},{"@type":"BreadcrumbList","@id":"https:\/\/www.tuasaude.com\/news\/2026\/03\/11\/o-calendario-definitivo-de-vitaminas-o-que-o-seu-corpo-exige-que-voce-reponha-aos-30-40-50-e-60-anos\/#breadcrumb","itemListElement":[{"@type":"ListItem","position":1,"name":"In\u00edcio","item":"https:\/\/www.tuasaude.com\/news\/"},{"@type":"ListItem","position":2,"name":"O calend\u00e1rio definitivo de vitaminas: o que o seu corpo exige que voc\u00ea reponha aos 30, 40, 50 e 60+ anos"}]},{"@type":"WebSite","@id":"https:\/\/www.tuasaude.com\/news\/#website","url":"https:\/\/www.tuasaude.com\/news\/","name":"Tua Sa\u00fade","description":"Seu site de sa\u00fade","potentialAction":[{"@type":"SearchAction","target":{"@type":"EntryPoint","urlTemplate":"https:\/\/www.tuasaude.com\/news\/?s={search_term_string}"},"query-input":{"@type":"PropertyValueSpecification","valueRequired":true,"valueName":"search_term_string"}}],"inLanguage":"pt-BR"},{"@type":"Person","@id":"https:\/\/www.tuasaude.com\/news\/#\/schema\/person\/bf512a2e53b74f5544ff3040f496e593","name":"Gabriel Leme","image":{"@type":"ImageObject","inLanguage":"pt-BR","@id":"https:\/\/www.tuasaude.com\/news\/#\/schema\/person\/image\/","url":"https:\/\/secure.gravatar.com\/avatar\/a12badc2d08e73d59b38f178ebe822eca26c0445823b05fefedea89fb346439c?s=96&d=mm&r=g","contentUrl":"https:\/\/secure.gravatar.com\/avatar\/a12badc2d08e73d59b38f178ebe822eca26c0445823b05fefedea89fb346439c?s=96&d=mm&r=g","caption":"Gabriel Leme"},"sameAs":["https:\/\/www.tuasaude.com\/news"],"url":"https:\/\/www.tuasaude.com\/news\/author\/gabrielleme\/"}]}},"_links":{"self":[{"href":"https:\/\/www.tuasaude.com\/news\/wp-json\/wp\/v2\/posts\/8107","targetHints":{"allow":["GET"]}}],"collection":[{"href":"https:\/\/www.tuasaude.com\/news\/wp-json\/wp\/v2\/posts"}],"about":[{"href":"https:\/\/www.tuasaude.com\/news\/wp-json\/wp\/v2\/types\/post"}],"author":[{"embeddable":true,"href":"https:\/\/www.tuasaude.com\/news\/wp-json\/wp\/v2\/users\/6"}],"replies":[{"embeddable":true,"href":"https:\/\/www.tuasaude.com\/news\/wp-json\/wp\/v2\/comments?post=8107"}],"version-history":[{"count":1,"href":"https:\/\/www.tuasaude.com\/news\/wp-json\/wp\/v2\/posts\/8107\/revisions"}],"predecessor-version":[{"id":8110,"href":"https:\/\/www.tuasaude.com\/news\/wp-json\/wp\/v2\/posts\/8107\/revisions\/8110"}],"wp:featuredmedia":[{"embeddable":true,"href":"https:\/\/www.tuasaude.com\/news\/wp-json\/wp\/v2\/media\/8109"}],"wp:attachment":[{"href":"https:\/\/www.tuasaude.com\/news\/wp-json\/wp\/v2\/media?parent=8107"}],"wp:term":[{"taxonomy":"category","embeddable":true,"href":"https:\/\/www.tuasaude.com\/news\/wp-json\/wp\/v2\/categories?post=8107"},{"taxonomy":"post_tag","embeddable":true,"href":"https:\/\/www.tuasaude.com\/news\/wp-json\/wp\/v2\/tags?post=8107"}],"curies":[{"name":"wp","href":"https:\/\/api.w.org\/{rel}","templated":true}]}}