{"id":8082,"date":"2026-03-13T06:20:00","date_gmt":"2026-03-13T09:20:00","guid":{"rendered":"https:\/\/www.tuasaude.com\/news\/?p=8082"},"modified":"2026-03-12T21:58:28","modified_gmt":"2026-03-13T00:58:28","slug":"janela-aberta-ou-fechada-como-a-circulacao-de-ar-impacta-o-ronco-e-a-apneia","status":"publish","type":"post","link":"https:\/\/www.tuasaude.com\/news\/2026\/03\/13\/janela-aberta-ou-fechada-como-a-circulacao-de-ar-impacta-o-ronco-e-a-apneia\/","title":{"rendered":"Janela aberta ou fechada? Como a circula\u00e7\u00e3o de ar impacta o ronco e a apneia"},"content":{"rendered":"\n<p>A qualidade do ar dentro do quarto durante a noite influencia diretamente a forma como o corpo respira durante o sono. Quando o ambiente est\u00e1 com pouca ventila\u00e7\u00e3o, o ac\u00famulo de part\u00edculas irritantes, umidade desequilibrada e altos n\u00edveis de di\u00f3xido de carbono podem estreitar as vias a\u00e9reas, aumentar as vibra\u00e7\u00f5es na garganta e <strong>piorar tanto o ronco quanto epis\u00f3dios de apneia<\/strong>. Entender essa rela\u00e7\u00e3o pode ser um passo simples e acess\u00edvel para quem busca noites mais tranquilas.<\/p>\n\n\n\n<h2 class=\"wp-block-heading\">O que o ar do quarto tem a ver com o ronco<\/h2>\n\n\n\n<p>O ronco acontece quando os m\u00fasculos da garganta relaxam durante o sono e o ar passa com dificuldade, fazendo com que os tecidos vibrem. Quando o ambiente est\u00e1 com ar parado, cheio de poeira ou al\u00e9rgenos, as vias a\u00e9reas ficam ainda mais estreitas, o que intensifica essa vibra\u00e7\u00e3o e torna o ronco mais frequente e mais alto.<\/p>\n\n\n\n<p>Ambientes fechados por muitas horas acumulam subst\u00e2ncias que irritam a mucosa do nariz e da garganta. Essa irrita\u00e7\u00e3o faz com que os tecidos fiquem mais inchados, reduzindo o espa\u00e7o por onde o ar passa e criando condi\u00e7\u00f5es favor\u00e1veis tanto para o ronco quanto para epis\u00f3dios em que a respira\u00e7\u00e3o chega a parar por alguns segundos.<\/p>\n\n\n\n<h2 class=\"wp-block-heading\">Como os n\u00edveis de CO2 no quarto afetam o sono e a respira\u00e7\u00e3o<\/h2>\n\n\n\n<p>Em quartos mal ventilados, a concentra\u00e7\u00e3o de di\u00f3xido de carbono (CO2) sobe bastante ao longo da noite, especialmente com janelas e portas fechadas. Pesquisas mostram que quanto maior esse n\u00edvel, pior \u00e9 a qualidade do sono: a pessoa acorda mais vezes, dorme menos fundo e acorda sentindo que n\u00e3o descansou de verdade.<\/p>\n\n\n\n<p>Esse cen\u00e1rio \u00e9 ainda mais preocupante para quem j\u00e1 tem tend\u00eancia \u00e0 apneia. O organismo, ao detectar menos oxig\u00eanio e mais CO2 no sangue, tende a despertar parcialmente para retomar a respira\u00e7\u00e3o, fragmentando o sono v\u00e1rias vezes por noite mesmo sem que a pessoa perceba.<\/p>\n\n\n<div class=\"wp-block-image\">\n<figure class=\"aligncenter size-large\"><img decoding=\"async\" width=\"1024\" height=\"571\" src=\"https:\/\/www.tuasaude.com\/news\/wp-content\/uploads\/2026\/03\/creation_2566712698-1024x571.png\" alt=\"Janela aberta ou fechada? Como a circula\u00e7\u00e3o de ar impacta o ronco e a apneia\" class=\"wp-image-8691\" srcset=\"https:\/\/www.tuasaude.com\/news\/wp-content\/uploads\/2026\/03\/creation_2566712698-1024x571.png 1024w, https:\/\/www.tuasaude.com\/news\/wp-content\/uploads\/2026\/03\/creation_2566712698-300x167.png 300w, https:\/\/www.tuasaude.com\/news\/wp-content\/uploads\/2026\/03\/creation_2566712698-768x428.png 768w, https:\/\/www.tuasaude.com\/news\/wp-content\/uploads\/2026\/03\/creation_2566712698-750x418.png 750w, https:\/\/www.tuasaude.com\/news\/wp-content\/uploads\/2026\/03\/creation_2566712698-1140x636.png 1140w, https:\/\/www.tuasaude.com\/news\/wp-content\/uploads\/2026\/03\/creation_2566712698.png 1280w\" sizes=\"(max-width: 1024px) 100vw, 1024px\" \/><figcaption class=\"wp-element-caption\">A qualidade do ar no quarto pode influenciar diretamente o ronco durante o sono.<\/figcaption><\/figure>\n<\/div>\n\n\n<h2 class=\"wp-block-heading\">Um estudo confirma que ventilar o quarto melhora o sono<\/h2>\n\n\n\n<p>A rela\u00e7\u00e3o entre ventila\u00e7\u00e3o e qualidade do sono j\u00e1 foi investigada cientificamente. Segundo o estudo <em>Window\/door opening-mediated bedroom ventilation and its impact on sleep quality of healthy, young adults<\/em>, publicado na revista <em>Indoor Air<\/em> pela Universidade de Tecnologia de Eindhoven, abrir a janela ou a porta do quarto reduziu significativamente os n\u00edveis de CO2 e melhorou a qualidade do sono dos participantes de forma objetiva. A pesquisa monitorou 17 volunt\u00e1rios ao longo de cinco noites e concluiu que ambientes ventilados est\u00e3o diretamente relacionados a um sono mais cont\u00ednuo e reparador. Esses resultados refor\u00e7am que algo t\u00e3o simples quanto deixar uma fresta aberta pode fazer diferen\u00e7a real na respira\u00e7\u00e3o noturna. Para saber mais, acesse o estudo completo: <a href=\"https:\/\/pubmed.ncbi.nlm.nih.gov\/29164702\/\" target=\"_blank\" rel=\"noreferrer noopener\">Window\/door opening-mediated bedroom ventilation and its impact on sleep quality of healthy, young adults \u2014 PubMed<\/a>.<\/p>\n\n\n\n<h2 class=\"wp-block-heading\">O que fazer para melhorar a circula\u00e7\u00e3o de ar no quarto<\/h2>\n\n\n\n<p>Algumas mudan\u00e7as pr\u00e1ticas no ambiente do quarto podem ajudar a reduzir o ronco e melhorar a respira\u00e7\u00e3o durante a noite. Confira as principais medidas:<\/p>\n\n\n\n<ul class=\"wp-block-list\">\n<li><strong>Manter uma janela ou porta levemente aberta:<\/strong> mesmo uma fresta j\u00e1 \u00e9 suficiente para renovar o ar e reduzir o ac\u00famulo de CO2.<\/li>\n\n\n\n<li><strong>Usar um ventilador de mesa ou teto:<\/strong> ajuda a circular o ar sem a necessidade de abrir a janela, especialmente em noites frias ou em locais com muito barulho externo.<\/li>\n\n\n\n<li><strong>Limpar filtros de ar-condicionado regularmente:<\/strong> filtros sujos recirculam poeira e al\u00e9rgenos que irritam as vias a\u00e9reas e podem piorar o ronco.<\/li>\n\n\n\n<li><strong>Aspirar colch\u00f5es e trocar roupas de cama com frequ\u00eancia:<\/strong> \u00e1caros s\u00e3o uma das principais causas de congest\u00e3o nasal noturna.<\/li>\n\n\n\n<li><strong>Controlar a umidade do ambiente:<\/strong> o ar muito seco resseca as mucosas, enquanto o ar \u00famido demais favorece mofo. O ideal \u00e9 manter a umidade entre 40% e 60%.<\/li>\n<\/ul>\n\n\n<div class=\"wp-block-image\">\n<figure class=\"aligncenter size-large\"><img decoding=\"async\" width=\"1024\" height=\"422\" src=\"https:\/\/www.tuasaude.com\/news\/wp-content\/uploads\/2026\/03\/convertido-30-1024x422.jpg\" alt=\"\" class=\"wp-image-8379\" srcset=\"https:\/\/www.tuasaude.com\/news\/wp-content\/uploads\/2026\/03\/convertido-30-1024x422.jpg 1024w, https:\/\/www.tuasaude.com\/news\/wp-content\/uploads\/2026\/03\/convertido-30-300x124.jpg 300w, https:\/\/www.tuasaude.com\/news\/wp-content\/uploads\/2026\/03\/convertido-30-768x316.jpg 768w, https:\/\/www.tuasaude.com\/news\/wp-content\/uploads\/2026\/03\/convertido-30-750x309.jpg 750w, https:\/\/www.tuasaude.com\/news\/wp-content\/uploads\/2026\/03\/convertido-30-1140x469.jpg 1140w, https:\/\/www.tuasaude.com\/news\/wp-content\/uploads\/2026\/03\/convertido-30.jpg 1280w\" sizes=\"(max-width: 1024px) 100vw, 1024px\" \/><\/figure>\n<\/div>\n\n\n<h2 class=\"wp-block-heading\">Quando a circula\u00e7\u00e3o de ar n\u00e3o \u00e9 suficiente<\/h2>\n\n\n\n<p>Melhorar a ventila\u00e7\u00e3o do quarto pode amenizar o ronco leve e epis\u00f3dico, mas n\u00e3o substitui o tratamento m\u00e9dico quando a apneia j\u00e1 est\u00e1 instalada. A apneia do sono \u00e9 uma condi\u00e7\u00e3o que envolve pausas repetidas na respira\u00e7\u00e3o durante a noite e pode trazer riscos s\u00e9rios para o cora\u00e7\u00e3o, a press\u00e3o arterial e a sa\u00fade mental ao longo do tempo.<\/p>\n\n\n\n<p>Ronco frequente e alto, sensa\u00e7\u00e3o de cansa\u00e7o ao acordar, sonol\u00eancia durante o dia e relatos de paradas na respira\u00e7\u00e3o por parte de quem dorme ao lado s\u00e3o sinais que pedem avalia\u00e7\u00e3o especializada. Para entender melhor os sintomas e tratamentos dispon\u00edveis, vale conhecer mais sobre <a href=\"https:\/\/www.tuasaude.com\/apneia-do-sono\/\" target=\"_blank\" rel=\"noreferrer noopener\">apneia do sono no Tua Sa\u00fade<\/a>. Nesses casos, o m\u00e9dico especialista em sono pode indicar exames como a polissonografia e tratamentos como o uso do CPAP, que mant\u00e9m as vias a\u00e9reas abertas durante toda a noite.<\/p>\n\n\n\n<p><em><strong>Aviso:<\/strong> este conte\u00fado tem car\u00e1ter exclusivamente informativo e n\u00e3o substitui a consulta, o diagn\u00f3stico ou o tratamento por um profissional de sa\u00fade qualificado. Sempre procure orienta\u00e7\u00e3o m\u00e9dica diante de sintomas persistentes.<\/em><\/p>\n\n\n\n<p><\/p>\n","protected":false},"excerpt":{"rendered":"<p>A qualidade do ar dentro do quarto durante a noite influencia diretamente a forma como o corpo respira durante o sono. Quando o ambiente est\u00e1 com pouca ventila\u00e7\u00e3o, o ac\u00famulo de part\u00edculas irritantes, umidade desequilibrada e altos n\u00edveis de di\u00f3xido de carbono podem estreitar as vias a\u00e9reas, aumentar as vibra\u00e7\u00f5es na garganta e piorar tanto [&hellip;]<\/p>\n","protected":false},"author":12,"featured_media":8690,"comment_status":"open","ping_status":"open","sticky":false,"template":"","format":"standard","meta":{"_yoast_wpseo_focuskw":"sono","_yoast_wpseo_title":"","_yoast_wpseo_metadesc":"Saiba como a ventila\u00e7\u00e3o do quarto pode reduzir o ronco e aliviar a apneia, com base em estudo sobre CO2, circula\u00e7\u00e3o de ar e qualidade do sono.","jnews-multi-image_gallery":[],"jnews_single_post":{"format":"standard"},"jnews_primary_category":[],"jnews_social_meta":[],"jnews_override_counter":[],"footnotes":""},"categories":[111],"tags":[145,1030,1535,1796,116],"class_list":["post-8082","post","type-post","status-publish","format-standard","has-post-thumbnail","hentry","category-saude","tag-bem-estar","tag-dormir","tag-qualidade-de-sono","tag-saude-2","tag-sono"],"yoast_head":"<!-- This site is optimized with the Yoast SEO plugin v26.7 - https:\/\/yoast.com\/wordpress\/plugins\/seo\/ -->\n<title>Janela aberta ou fechada? Como a circula\u00e7\u00e3o de ar impacta o ronco e a apneia - Tua Sa\u00fade<\/title>\n<meta name=\"description\" content=\"Saiba como a ventila\u00e7\u00e3o do quarto pode reduzir o ronco e aliviar a apneia, com base em estudo sobre CO2, circula\u00e7\u00e3o de ar e qualidade do sono.\" \/>\n<meta name=\"robots\" content=\"index, follow, max-snippet:-1, max-image-preview:large, max-video-preview:-1\" \/>\n<link rel=\"canonical\" href=\"https:\/\/www.tuasaude.com\/news\/2026\/03\/13\/janela-aberta-ou-fechada-como-a-circulacao-de-ar-impacta-o-ronco-e-a-apneia\/\" \/>\n<meta property=\"og:locale\" content=\"pt_BR\" \/>\n<meta property=\"og:type\" content=\"article\" \/>\n<meta property=\"og:title\" content=\"Janela aberta ou fechada? Como a circula\u00e7\u00e3o de ar impacta o ronco e a apneia - Tua Sa\u00fade\" \/>\n<meta property=\"og:description\" content=\"Saiba como a ventila\u00e7\u00e3o do quarto pode reduzir o ronco e aliviar a apneia, com base em estudo sobre CO2, circula\u00e7\u00e3o de ar e qualidade do sono.\" \/>\n<meta property=\"og:url\" content=\"https:\/\/www.tuasaude.com\/news\/2026\/03\/13\/janela-aberta-ou-fechada-como-a-circulacao-de-ar-impacta-o-ronco-e-a-apneia\/\" \/>\n<meta property=\"og:site_name\" content=\"Tua Sa\u00fade\" \/>\n<meta property=\"article:published_time\" content=\"2026-03-13T09:20:00+00:00\" \/>\n<meta property=\"og:image\" content=\"https:\/\/www.tuasaude.com\/news\/wp-content\/uploads\/2026\/03\/creation_2566712450.png\" \/>\n\t<meta property=\"og:image:width\" content=\"1280\" \/>\n\t<meta property=\"og:image:height\" content=\"714\" \/>\n\t<meta property=\"og:image:type\" content=\"image\/png\" \/>\n<meta name=\"author\" content=\"Jeferson Henrique\" \/>\n<meta name=\"twitter:card\" content=\"summary_large_image\" \/>\n<meta name=\"twitter:label1\" content=\"Escrito por\" \/>\n\t<meta name=\"twitter:data1\" content=\"Jeferson Henrique\" \/>\n\t<meta name=\"twitter:label2\" content=\"Est. tempo de leitura\" \/>\n\t<meta name=\"twitter:data2\" content=\"6 minutos\" \/>\n<!-- \/ Yoast SEO plugin. -->","yoast_head_json":{"title":"Janela aberta ou fechada? Como a circula\u00e7\u00e3o de ar impacta o ronco e a apneia - Tua Sa\u00fade","description":"Saiba como a ventila\u00e7\u00e3o do quarto pode reduzir o ronco e aliviar a apneia, com base em estudo sobre CO2, circula\u00e7\u00e3o de ar e qualidade do sono.","robots":{"index":"index","follow":"follow","max-snippet":"max-snippet:-1","max-image-preview":"max-image-preview:large","max-video-preview":"max-video-preview:-1"},"canonical":"https:\/\/www.tuasaude.com\/news\/2026\/03\/13\/janela-aberta-ou-fechada-como-a-circulacao-de-ar-impacta-o-ronco-e-a-apneia\/","og_locale":"pt_BR","og_type":"article","og_title":"Janela aberta ou fechada? Como a circula\u00e7\u00e3o de ar impacta o ronco e a apneia - Tua Sa\u00fade","og_description":"Saiba como a ventila\u00e7\u00e3o do quarto pode reduzir o ronco e aliviar a apneia, com base em estudo sobre CO2, circula\u00e7\u00e3o de ar e qualidade do sono.","og_url":"https:\/\/www.tuasaude.com\/news\/2026\/03\/13\/janela-aberta-ou-fechada-como-a-circulacao-de-ar-impacta-o-ronco-e-a-apneia\/","og_site_name":"Tua Sa\u00fade","article_published_time":"2026-03-13T09:20:00+00:00","og_image":[{"width":1280,"height":714,"url":"https:\/\/www.tuasaude.com\/news\/wp-content\/uploads\/2026\/03\/creation_2566712450.png","type":"image\/png"}],"author":"Jeferson Henrique","twitter_card":"summary_large_image","twitter_misc":{"Escrito por":"Jeferson Henrique","Est. tempo de leitura":"6 minutos"},"schema":{"@context":"https:\/\/schema.org","@graph":[{"@type":"Article","@id":"https:\/\/www.tuasaude.com\/news\/2026\/03\/13\/janela-aberta-ou-fechada-como-a-circulacao-de-ar-impacta-o-ronco-e-a-apneia\/#article","isPartOf":{"@id":"https:\/\/www.tuasaude.com\/news\/2026\/03\/13\/janela-aberta-ou-fechada-como-a-circulacao-de-ar-impacta-o-ronco-e-a-apneia\/"},"author":{"name":"Jeferson Henrique","@id":"https:\/\/www.tuasaude.com\/news\/#\/schema\/person\/963d63d4e1f0c81f5f3a70ba4bcb0ef7"},"headline":"Janela aberta ou fechada? Como a circula\u00e7\u00e3o de ar impacta o ronco e a apneia","datePublished":"2026-03-13T09:20:00+00:00","mainEntityOfPage":{"@id":"https:\/\/www.tuasaude.com\/news\/2026\/03\/13\/janela-aberta-ou-fechada-como-a-circulacao-de-ar-impacta-o-ronco-e-a-apneia\/"},"wordCount":892,"commentCount":0,"image":{"@id":"https:\/\/www.tuasaude.com\/news\/2026\/03\/13\/janela-aberta-ou-fechada-como-a-circulacao-de-ar-impacta-o-ronco-e-a-apneia\/#primaryimage"},"thumbnailUrl":"https:\/\/www.tuasaude.com\/news\/wp-content\/uploads\/2026\/03\/creation_2566712450.png","keywords":["bem-estar","dormir","qualidade de sono","saude","sono"],"articleSection":["Sa\u00fade"],"inLanguage":"pt-BR","potentialAction":[{"@type":"CommentAction","name":"Comment","target":["https:\/\/www.tuasaude.com\/news\/2026\/03\/13\/janela-aberta-ou-fechada-como-a-circulacao-de-ar-impacta-o-ronco-e-a-apneia\/#respond"]}]},{"@type":"WebPage","@id":"https:\/\/www.tuasaude.com\/news\/2026\/03\/13\/janela-aberta-ou-fechada-como-a-circulacao-de-ar-impacta-o-ronco-e-a-apneia\/","url":"https:\/\/www.tuasaude.com\/news\/2026\/03\/13\/janela-aberta-ou-fechada-como-a-circulacao-de-ar-impacta-o-ronco-e-a-apneia\/","name":"Janela aberta ou fechada? Como a circula\u00e7\u00e3o de ar impacta o ronco e a apneia - Tua Sa\u00fade","isPartOf":{"@id":"https:\/\/www.tuasaude.com\/news\/#website"},"primaryImageOfPage":{"@id":"https:\/\/www.tuasaude.com\/news\/2026\/03\/13\/janela-aberta-ou-fechada-como-a-circulacao-de-ar-impacta-o-ronco-e-a-apneia\/#primaryimage"},"image":{"@id":"https:\/\/www.tuasaude.com\/news\/2026\/03\/13\/janela-aberta-ou-fechada-como-a-circulacao-de-ar-impacta-o-ronco-e-a-apneia\/#primaryimage"},"thumbnailUrl":"https:\/\/www.tuasaude.com\/news\/wp-content\/uploads\/2026\/03\/creation_2566712450.png","datePublished":"2026-03-13T09:20:00+00:00","author":{"@id":"https:\/\/www.tuasaude.com\/news\/#\/schema\/person\/963d63d4e1f0c81f5f3a70ba4bcb0ef7"},"description":"Saiba como a ventila\u00e7\u00e3o do quarto pode reduzir o ronco e aliviar a apneia, com base em estudo sobre CO2, circula\u00e7\u00e3o de ar e qualidade do sono.","breadcrumb":{"@id":"https:\/\/www.tuasaude.com\/news\/2026\/03\/13\/janela-aberta-ou-fechada-como-a-circulacao-de-ar-impacta-o-ronco-e-a-apneia\/#breadcrumb"},"inLanguage":"pt-BR","potentialAction":[{"@type":"ReadAction","target":["https:\/\/www.tuasaude.com\/news\/2026\/03\/13\/janela-aberta-ou-fechada-como-a-circulacao-de-ar-impacta-o-ronco-e-a-apneia\/"]}]},{"@type":"ImageObject","inLanguage":"pt-BR","@id":"https:\/\/www.tuasaude.com\/news\/2026\/03\/13\/janela-aberta-ou-fechada-como-a-circulacao-de-ar-impacta-o-ronco-e-a-apneia\/#primaryimage","url":"https:\/\/www.tuasaude.com\/news\/wp-content\/uploads\/2026\/03\/creation_2566712450.png","contentUrl":"https:\/\/www.tuasaude.com\/news\/wp-content\/uploads\/2026\/03\/creation_2566712450.png","width":1280,"height":714,"caption":"Ambientes mal ventilados podem irritar as vias a\u00e9reas e dificultar a respira\u00e7\u00e3o \u00e0 noite."},{"@type":"BreadcrumbList","@id":"https:\/\/www.tuasaude.com\/news\/2026\/03\/13\/janela-aberta-ou-fechada-como-a-circulacao-de-ar-impacta-o-ronco-e-a-apneia\/#breadcrumb","itemListElement":[{"@type":"ListItem","position":1,"name":"In\u00edcio","item":"https:\/\/www.tuasaude.com\/news\/"},{"@type":"ListItem","position":2,"name":"Janela aberta ou fechada? Como a circula\u00e7\u00e3o de ar impacta o ronco e a apneia"}]},{"@type":"WebSite","@id":"https:\/\/www.tuasaude.com\/news\/#website","url":"https:\/\/www.tuasaude.com\/news\/","name":"Tua Sa\u00fade","description":"Seu site de sa\u00fade","potentialAction":[{"@type":"SearchAction","target":{"@type":"EntryPoint","urlTemplate":"https:\/\/www.tuasaude.com\/news\/?s={search_term_string}"},"query-input":{"@type":"PropertyValueSpecification","valueRequired":true,"valueName":"search_term_string"}}],"inLanguage":"pt-BR"},{"@type":"Person","@id":"https:\/\/www.tuasaude.com\/news\/#\/schema\/person\/963d63d4e1f0c81f5f3a70ba4bcb0ef7","name":"Jeferson Henrique","image":{"@type":"ImageObject","inLanguage":"pt-BR","@id":"https:\/\/www.tuasaude.com\/news\/#\/schema\/person\/image\/","url":"https:\/\/secure.gravatar.com\/avatar\/1a476a54a48eb3cdea5dd2f016708263892c6b9f5e54b641df7c65e980fd6f69?s=96&d=mm&r=g","contentUrl":"https:\/\/secure.gravatar.com\/avatar\/1a476a54a48eb3cdea5dd2f016708263892c6b9f5e54b641df7c65e980fd6f69?s=96&d=mm&r=g","caption":"Jeferson Henrique"},"sameAs":["https:\/\/www.tuasaude.com\/news\/"],"url":"https:\/\/www.tuasaude.com\/news\/author\/jeferson-henrique\/"}]}},"_links":{"self":[{"href":"https:\/\/www.tuasaude.com\/news\/wp-json\/wp\/v2\/posts\/8082","targetHints":{"allow":["GET"]}}],"collection":[{"href":"https:\/\/www.tuasaude.com\/news\/wp-json\/wp\/v2\/posts"}],"about":[{"href":"https:\/\/www.tuasaude.com\/news\/wp-json\/wp\/v2\/types\/post"}],"author":[{"embeddable":true,"href":"https:\/\/www.tuasaude.com\/news\/wp-json\/wp\/v2\/users\/12"}],"replies":[{"embeddable":true,"href":"https:\/\/www.tuasaude.com\/news\/wp-json\/wp\/v2\/comments?post=8082"}],"version-history":[{"count":3,"href":"https:\/\/www.tuasaude.com\/news\/wp-json\/wp\/v2\/posts\/8082\/revisions"}],"predecessor-version":[{"id":8695,"href":"https:\/\/www.tuasaude.com\/news\/wp-json\/wp\/v2\/posts\/8082\/revisions\/8695"}],"wp:featuredmedia":[{"embeddable":true,"href":"https:\/\/www.tuasaude.com\/news\/wp-json\/wp\/v2\/media\/8690"}],"wp:attachment":[{"href":"https:\/\/www.tuasaude.com\/news\/wp-json\/wp\/v2\/media?parent=8082"}],"wp:term":[{"taxonomy":"category","embeddable":true,"href":"https:\/\/www.tuasaude.com\/news\/wp-json\/wp\/v2\/categories?post=8082"},{"taxonomy":"post_tag","embeddable":true,"href":"https:\/\/www.tuasaude.com\/news\/wp-json\/wp\/v2\/tags?post=8082"}],"curies":[{"name":"wp","href":"https:\/\/api.w.org\/{rel}","templated":true}]}}