{"id":8076,"date":"2026-03-13T11:30:00","date_gmt":"2026-03-13T14:30:00","guid":{"rendered":"https:\/\/www.tuasaude.com\/news\/?p=8076"},"modified":"2026-03-12T16:24:21","modified_gmt":"2026-03-12T19:24:21","slug":"os-tres-minerais-essenciais-para-fortalecer-os-ossos-depois-dos-40-anos","status":"publish","type":"post","link":"https:\/\/www.tuasaude.com\/news\/2026\/03\/13\/os-tres-minerais-essenciais-para-fortalecer-os-ossos-depois-dos-40-anos\/","title":{"rendered":"Os tr\u00eas minerais essenciais para fortalecer os ossos depois dos 40 anos"},"content":{"rendered":"\n<p>A partir dos 40 anos, o corpo come\u00e7a a perder massa \u00f3ssea de forma mais acelerada do que consegue repor, um processo que atinge especialmente as mulheres ap\u00f3s a menopausa. O que muita gente desconhece \u00e9 que manter os ossos fortes n\u00e3o depende apenas de um nutriente, mas da a\u00e7\u00e3o conjunta de tr\u00eas elementos que trabalham em cadeia: c\u00e1lcio, vitamina D e magn\u00e9sio. A defici\u00eancia de qualquer um deles compromete a absor\u00e7\u00e3o e o aproveitamento dos outros, tornando os ossos progressivamente mais fr\u00e1geis mesmo em quem acredita estar se alimentando bem.<\/p>\n\n\n\n<h2 class=\"wp-block-heading\">Por que a perda \u00f3ssea se acelera depois dos 40?<\/h2>\n\n\n\n<p>At\u00e9 os 30 anos, o organismo constr\u00f3i massa \u00f3ssea com mais rapidez do que a perde. A partir da quarta d\u00e9cada de vida, esse equil\u00edbrio se inverte gradualmente. O corpo passa a remover minerais dos ossos em ritmo maior do que consegue depositar, e a estrutura \u00f3ssea vai ficando mais porosa e vulner\u00e1vel a fraturas.<\/p>\n\n\n\n<p>Nas mulheres, a queda dos n\u00edveis de estrog\u00eanio durante a menopausa intensifica ainda mais esse processo, podendo resultar em uma perda de at\u00e9 20% da densidade \u00f3ssea nos primeiros cinco a sete anos ap\u00f3s a \u00faltima menstrua\u00e7\u00e3o. Por isso, a aten\u00e7\u00e3o \u00e0 nutri\u00e7\u00e3o \u00f3ssea precisa come\u00e7ar antes, de prefer\u00eancia ainda na casa dos 40.<\/p>\n\n\n<div class=\"wp-block-image\">\n<figure class=\"aligncenter size-large\"><img decoding=\"async\" width=\"1024\" height=\"571\" src=\"https:\/\/www.tuasaude.com\/news\/wp-content\/uploads\/2026\/03\/creation_2564976237-1024x571.png\" alt=\"Os tr\u00eas minerais essenciais para fortalecer os ossos depois dos 40 anos\" class=\"wp-image-8581\" srcset=\"https:\/\/www.tuasaude.com\/news\/wp-content\/uploads\/2026\/03\/creation_2564976237-1024x571.png 1024w, https:\/\/www.tuasaude.com\/news\/wp-content\/uploads\/2026\/03\/creation_2564976237-300x167.png 300w, https:\/\/www.tuasaude.com\/news\/wp-content\/uploads\/2026\/03\/creation_2564976237-768x428.png 768w, https:\/\/www.tuasaude.com\/news\/wp-content\/uploads\/2026\/03\/creation_2564976237-750x418.png 750w, https:\/\/www.tuasaude.com\/news\/wp-content\/uploads\/2026\/03\/creation_2564976237-1140x636.png 1140w, https:\/\/www.tuasaude.com\/news\/wp-content\/uploads\/2026\/03\/creation_2564976237.png 1280w\" sizes=\"(max-width: 1024px) 100vw, 1024px\" \/><figcaption class=\"wp-element-caption\">Ap\u00f3s os 40 anos, manter c\u00e1lcio, vitamina D e magn\u00e9sio adequados \u00e9 essencial para a sa\u00fade dos ossos.<\/figcaption><\/figure>\n<\/div>\n\n\n<h2 class=\"wp-block-heading\">O papel de cada mineral na sa\u00fade dos ossos<\/h2>\n\n\n\n<p><a href=\"https:\/\/www.tuasaude.com\/calcio\/\" target=\"_blank\" rel=\"noreferrer noopener\">C\u00e1lcio<\/a>, vitamina D e magn\u00e9sio formam um trio interdependente. Cada um cumpre uma fun\u00e7\u00e3o espec\u00edfica, e a aus\u00eancia de qualquer um deles cria um efeito domin\u00f3 que enfraquece toda a estrutura \u00f3ssea:<\/p>\n\n\n\n<div style=\"display: flex; flex-wrap: wrap; gap: 20px; justify-content: center; font-family: 'Segoe UI', Roboto, Helvetica, sans-serif; padding: 40px; background-color: #f1f5f9;\">\n\n  <div style=\"flex: 1; min-width: 250px; max-width: 280px; background: #ffffff; border: 1px solid #e2e8f0; padding: 25px; border-radius: 20px; box-shadow: 0 10px 25px rgba(0,0,0,0.05); text-align: center;\">\n\n    <div style=\"font-size: 32px; margin-bottom: 15px;\">\ud83e\uddb4<\/div>\n\n    <h3 style=\"color: #334155; font-size: 1.1em; margin-bottom: 12px; letter-spacing: 1px;\">C\u00c1LCIO<\/h3>\n\n    <p style=\"color: #475569; font-size: 0.95em; line-height: 1.6; margin: 0;\">\n      \u00c9 o principal <strong>componente mineral dos ossos<\/strong>, respons\u00e1vel pela rigidez e resist\u00eancia da estrutura esquel\u00e9tica.\n    <\/p>\n\n  <\/div>\n\n  <div style=\"flex: 1; min-width: 250px; max-width: 280px; background: #ffffff; border: 1px solid #e2e8f0; padding: 25px; border-radius: 20px; box-shadow: 0 10px 25px rgba(0,0,0,0.05); text-align: center;\">\n\n    <div style=\"font-size: 32px; margin-bottom: 15px;\">\u2600\ufe0f<\/div>\n\n    <h3 style=\"color: #334155; font-size: 1.1em; margin-bottom: 12px; letter-spacing: 1px;\">VITAMINA D<\/h3>\n\n    <p style=\"color: #475569; font-size: 0.95em; line-height: 1.6; margin: 0;\">\n      Funciona como a <strong>chave para absor\u00e7\u00e3o do c\u00e1lcio<\/strong>, permitindo que o intestino utilize o mineral da alimenta\u00e7\u00e3o.\n    <\/p>\n\n  <\/div>\n\n  <div style=\"flex: 1; min-width: 250px; max-width: 280px; background: #ffffff; border: 1px solid #e2e8f0; padding: 25px; border-radius: 20px; box-shadow: 0 10px 25px rgba(0,0,0,0.05); text-align: center;\">\n\n    <div style=\"font-size: 32px; margin-bottom: 15px;\">\u2699\ufe0f<\/div>\n\n    <h3 style=\"color: #334155; font-size: 1.1em; margin-bottom: 12px; letter-spacing: 1px;\">MAGN\u00c9SIO<\/h3>\n\n    <p style=\"color: #475569; font-size: 0.95em; line-height: 1.6; margin: 0;\">\n      Participa da <strong>ativa\u00e7\u00e3o da vitamina D<\/strong> e ajuda a regular o metabolismo do c\u00e1lcio no organismo.\n    <\/p>\n\n  <\/div>\n\n<\/div>\n\n\n\n<h2 class=\"wp-block-heading\">Revis\u00e3o narrativa publicada na Maturitas confirma a import\u00e2ncia da suplementa\u00e7\u00e3o combinada<\/h2>\n\n\n\n<p>Segundo a revis\u00e3o narrativa&nbsp;<em><a href=\"https:\/\/pubmed.ncbi.nlm.nih.gov\/32972636\/\" target=\"_blank\" rel=\"noreferrer noopener\">&#8220;Calcium, vitamin D, vitamin K2, and magnesium supplementation and skeletal health&#8221;<\/a><\/em>, publicada na revista&nbsp;<strong>Maturitas<\/strong>&nbsp;e indexada no&nbsp;<strong>PubMed<\/strong>, a suplementa\u00e7\u00e3o de c\u00e1lcio e vitamina D \u00e9 considerada essencial no manejo da osteoporose, enquanto o magn\u00e9sio aparece como nutriente envolvido no metabolismo \u00f3sseo com potencial para melhorar a qualidade do osso. A revis\u00e3o analisou dados de revis\u00f5es sistem\u00e1ticas, metan\u00e1lises e ensaios cl\u00ednicos randomizados e concluiu que a combina\u00e7\u00e3o de v\u00e1rios nutrientes \u00f3sseos \u2014 c\u00e1lcio, vitamina D, magn\u00e9sio e prote\u00edna \u2014 pode ser necess\u00e1ria para o efeito mais eficaz na sa\u00fade dos ossos e na preven\u00e7\u00e3o da osteoporose.<\/p>\n\n\n\n<h2 class=\"wp-block-heading\">Fontes alimentares ricas nesses tr\u00eas minerais<\/h2>\n\n\n\n<p>\u00c9 poss\u00edvel obter boas quantidades dos tr\u00eas nutrientes por meio da alimenta\u00e7\u00e3o, desde que haja variedade e regularidade no consumo. As principais fontes incluem:<\/p>\n\n\n\n<ul class=\"wp-block-list\">\n<li><strong>Fontes de c\u00e1lcio<\/strong> \u2014 leite e derivados, sardinha com osso, br\u00f3colis, couve, tofu preparado com c\u00e1lcio e gergelim.<\/li>\n\n\n\n<li><strong>Fontes de vitamina D<\/strong> \u2014 exposi\u00e7\u00e3o solar moderada de 15 a 20 minutos por dia, salm\u00e3o, atum, gema de ovo e cogumelos expostos ao sol. Em muitos casos, a suplementa\u00e7\u00e3o \u00e9 necess\u00e1ria, especialmente em regi\u00f5es com baixa incid\u00eancia solar.<\/li>\n\n\n\n<li><strong>Fontes de magn\u00e9sio<\/strong> \u2014 castanhas, am\u00eandoas, sementes de ab\u00f3bora, espinafre, abacate, feij\u00e3o-preto e chocolate amargo com alto teor de cacau.<\/li>\n<\/ul>\n\n\n\n<p>A <a href=\"https:\/\/www.tuasaude.com\/calcio\/\" target=\"_blank\" rel=\"noreferrer noopener\">recomenda\u00e7\u00e3o di\u00e1ria de c\u00e1lcio<\/a> para adultos acima de 50 anos \u00e9 de 1.200 mg, de vitamina D \u00e9 de pelo menos 600 a 800 UI, e de magn\u00e9sio varia entre 320 e 420 mg dependendo do sexo.<\/p>\n\n\n\n<h2 class=\"wp-block-heading\">Quando procurar avalia\u00e7\u00e3o profissional para a sa\u00fade dos ossos?<\/h2>\n\n\n\n<p>A perda de massa \u00f3ssea \u00e9 silenciosa e frequentemente s\u00f3 \u00e9 percebida quando ocorre uma fratura. Por isso, exames como a densitometria \u00f3ssea s\u00e3o fundamentais para quem j\u00e1 passou dos 40, especialmente mulheres na menopausa, pessoas com hist\u00f3rico familiar de osteoporose ou quem faz uso prolongado de medicamentos que afetam os ossos.<\/p>\n\n\n\n<p>Antes de iniciar qualquer suplementa\u00e7\u00e3o por conta pr\u00f3pria, \u00e9 essencial consultar um m\u00e9dico ou nutricionista. Somente um profissional pode avaliar os n\u00edveis individuais de cada nutriente, identificar defici\u00eancias e indicar as doses corretas para proteger os ossos sem riscos \u00e0 sa\u00fade.<\/p>\n","protected":false},"excerpt":{"rendered":"<p>A partir dos 40 anos, o corpo come\u00e7a a perder massa \u00f3ssea de forma mais acelerada do que consegue repor, um processo que atinge especialmente as mulheres ap\u00f3s a menopausa. O que muita gente desconhece \u00e9 que manter os ossos fortes n\u00e3o depende apenas de um nutriente, mas da a\u00e7\u00e3o conjunta de tr\u00eas elementos que [&hellip;]<\/p>\n","protected":false},"author":11,"featured_media":8586,"comment_status":"open","ping_status":"open","sticky":false,"template":"","format":"standard","meta":{"_yoast_wpseo_focuskw":"ossos","_yoast_wpseo_title":"","_yoast_wpseo_metadesc":"C\u00e1lcio, vitamina D e magn\u00e9sio formam um trio essencial para fortalecer os ossos ap\u00f3s os 40 anos e reduzir o risco de perda de massa \u00f3ssea.","jnews-multi-image_gallery":[],"jnews_single_post":{"format":"standard"},"jnews_primary_category":[],"jnews_social_meta":[],"jnews_override_counter":[],"footnotes":""},"categories":[111],"tags":[2210,2209,136,402],"class_list":["post-8076","post","type-post","status-publish","format-standard","has-post-thumbnail","hentry","category-saude","tag-fortalecer-os-ossos","tag-minerais-essenciais","tag-saude","tag-saude-dos-ossos"],"yoast_head":"<!-- This site is optimized with the Yoast SEO plugin v26.7 - https:\/\/yoast.com\/wordpress\/plugins\/seo\/ -->\n<title>Os tr\u00eas minerais essenciais para fortalecer os ossos depois dos 40 anos - Tua Sa\u00fade<\/title>\n<meta name=\"description\" content=\"C\u00e1lcio, vitamina D e magn\u00e9sio formam um trio essencial para fortalecer os ossos ap\u00f3s os 40 anos e reduzir o risco de perda de massa \u00f3ssea.\" \/>\n<meta name=\"robots\" content=\"index, follow, max-snippet:-1, max-image-preview:large, max-video-preview:-1\" \/>\n<link rel=\"canonical\" href=\"https:\/\/www.tuasaude.com\/news\/2026\/03\/13\/os-tres-minerais-essenciais-para-fortalecer-os-ossos-depois-dos-40-anos\/\" \/>\n<meta property=\"og:locale\" content=\"pt_BR\" \/>\n<meta property=\"og:type\" content=\"article\" \/>\n<meta property=\"og:title\" content=\"Os tr\u00eas minerais essenciais para fortalecer os ossos depois dos 40 anos - Tua Sa\u00fade\" \/>\n<meta property=\"og:description\" content=\"C\u00e1lcio, vitamina D e magn\u00e9sio formam um trio essencial para fortalecer os ossos ap\u00f3s os 40 anos e reduzir o risco de perda de massa \u00f3ssea.\" \/>\n<meta property=\"og:url\" content=\"https:\/\/www.tuasaude.com\/news\/2026\/03\/13\/os-tres-minerais-essenciais-para-fortalecer-os-ossos-depois-dos-40-anos\/\" \/>\n<meta property=\"og:site_name\" content=\"Tua Sa\u00fade\" \/>\n<meta property=\"article:published_time\" content=\"2026-03-13T14:30:00+00:00\" \/>\n<meta property=\"og:image\" content=\"https:\/\/www.tuasaude.com\/news\/wp-content\/uploads\/2026\/03\/creation_2565072966.png\" \/>\n\t<meta property=\"og:image:width\" content=\"1280\" \/>\n\t<meta property=\"og:image:height\" content=\"714\" \/>\n\t<meta property=\"og:image:type\" content=\"image\/png\" \/>\n<meta name=\"author\" content=\"Gessika Julia Carvalho\" \/>\n<meta name=\"twitter:card\" content=\"summary_large_image\" \/>\n<meta name=\"twitter:label1\" content=\"Escrito por\" \/>\n\t<meta name=\"twitter:data1\" content=\"Gessika Julia Carvalho\" \/>\n\t<meta name=\"twitter:label2\" content=\"Est. tempo de leitura\" \/>\n\t<meta name=\"twitter:data2\" content=\"5 minutos\" \/>\n<!-- \/ Yoast SEO plugin. -->","yoast_head_json":{"title":"Os tr\u00eas minerais essenciais para fortalecer os ossos depois dos 40 anos - Tua Sa\u00fade","description":"C\u00e1lcio, vitamina D e magn\u00e9sio formam um trio essencial para fortalecer os ossos ap\u00f3s os 40 anos e reduzir o risco de perda de massa \u00f3ssea.","robots":{"index":"index","follow":"follow","max-snippet":"max-snippet:-1","max-image-preview":"max-image-preview:large","max-video-preview":"max-video-preview:-1"},"canonical":"https:\/\/www.tuasaude.com\/news\/2026\/03\/13\/os-tres-minerais-essenciais-para-fortalecer-os-ossos-depois-dos-40-anos\/","og_locale":"pt_BR","og_type":"article","og_title":"Os tr\u00eas minerais essenciais para fortalecer os ossos depois dos 40 anos - Tua Sa\u00fade","og_description":"C\u00e1lcio, vitamina D e magn\u00e9sio formam um trio essencial para fortalecer os ossos ap\u00f3s os 40 anos e reduzir o risco de perda de massa \u00f3ssea.","og_url":"https:\/\/www.tuasaude.com\/news\/2026\/03\/13\/os-tres-minerais-essenciais-para-fortalecer-os-ossos-depois-dos-40-anos\/","og_site_name":"Tua Sa\u00fade","article_published_time":"2026-03-13T14:30:00+00:00","og_image":[{"width":1280,"height":714,"url":"https:\/\/www.tuasaude.com\/news\/wp-content\/uploads\/2026\/03\/creation_2565072966.png","type":"image\/png"}],"author":"Gessika Julia Carvalho","twitter_card":"summary_large_image","twitter_misc":{"Escrito por":"Gessika Julia Carvalho","Est. tempo de leitura":"5 minutos"},"schema":{"@context":"https:\/\/schema.org","@graph":[{"@type":"Article","@id":"https:\/\/www.tuasaude.com\/news\/2026\/03\/13\/os-tres-minerais-essenciais-para-fortalecer-os-ossos-depois-dos-40-anos\/#article","isPartOf":{"@id":"https:\/\/www.tuasaude.com\/news\/2026\/03\/13\/os-tres-minerais-essenciais-para-fortalecer-os-ossos-depois-dos-40-anos\/"},"author":{"name":"Gessika Julia Carvalho","@id":"https:\/\/www.tuasaude.com\/news\/#\/schema\/person\/2e9df841be69ec84f5d20ddb8d273ac2"},"headline":"Os tr\u00eas minerais essenciais para fortalecer os ossos depois dos 40 anos","datePublished":"2026-03-13T14:30:00+00:00","mainEntityOfPage":{"@id":"https:\/\/www.tuasaude.com\/news\/2026\/03\/13\/os-tres-minerais-essenciais-para-fortalecer-os-ossos-depois-dos-40-anos\/"},"wordCount":756,"commentCount":0,"image":{"@id":"https:\/\/www.tuasaude.com\/news\/2026\/03\/13\/os-tres-minerais-essenciais-para-fortalecer-os-ossos-depois-dos-40-anos\/#primaryimage"},"thumbnailUrl":"https:\/\/www.tuasaude.com\/news\/wp-content\/uploads\/2026\/03\/creation_2565072966.png","keywords":["fortalecer os ossos","minerais essenciais","sa\u00fade","sa\u00fade dos ossos"],"articleSection":["Sa\u00fade"],"inLanguage":"pt-BR","potentialAction":[{"@type":"CommentAction","name":"Comment","target":["https:\/\/www.tuasaude.com\/news\/2026\/03\/13\/os-tres-minerais-essenciais-para-fortalecer-os-ossos-depois-dos-40-anos\/#respond"]}]},{"@type":"WebPage","@id":"https:\/\/www.tuasaude.com\/news\/2026\/03\/13\/os-tres-minerais-essenciais-para-fortalecer-os-ossos-depois-dos-40-anos\/","url":"https:\/\/www.tuasaude.com\/news\/2026\/03\/13\/os-tres-minerais-essenciais-para-fortalecer-os-ossos-depois-dos-40-anos\/","name":"Os tr\u00eas minerais essenciais para fortalecer os ossos depois dos 40 anos - Tua Sa\u00fade","isPartOf":{"@id":"https:\/\/www.tuasaude.com\/news\/#website"},"primaryImageOfPage":{"@id":"https:\/\/www.tuasaude.com\/news\/2026\/03\/13\/os-tres-minerais-essenciais-para-fortalecer-os-ossos-depois-dos-40-anos\/#primaryimage"},"image":{"@id":"https:\/\/www.tuasaude.com\/news\/2026\/03\/13\/os-tres-minerais-essenciais-para-fortalecer-os-ossos-depois-dos-40-anos\/#primaryimage"},"thumbnailUrl":"https:\/\/www.tuasaude.com\/news\/wp-content\/uploads\/2026\/03\/creation_2565072966.png","datePublished":"2026-03-13T14:30:00+00:00","author":{"@id":"https:\/\/www.tuasaude.com\/news\/#\/schema\/person\/2e9df841be69ec84f5d20ddb8d273ac2"},"description":"C\u00e1lcio, vitamina D e magn\u00e9sio formam um trio essencial para fortalecer os ossos ap\u00f3s os 40 anos e reduzir o risco de perda de massa \u00f3ssea.","breadcrumb":{"@id":"https:\/\/www.tuasaude.com\/news\/2026\/03\/13\/os-tres-minerais-essenciais-para-fortalecer-os-ossos-depois-dos-40-anos\/#breadcrumb"},"inLanguage":"pt-BR","potentialAction":[{"@type":"ReadAction","target":["https:\/\/www.tuasaude.com\/news\/2026\/03\/13\/os-tres-minerais-essenciais-para-fortalecer-os-ossos-depois-dos-40-anos\/"]}]},{"@type":"ImageObject","inLanguage":"pt-BR","@id":"https:\/\/www.tuasaude.com\/news\/2026\/03\/13\/os-tres-minerais-essenciais-para-fortalecer-os-ossos-depois-dos-40-anos\/#primaryimage","url":"https:\/\/www.tuasaude.com\/news\/wp-content\/uploads\/2026\/03\/creation_2565072966.png","contentUrl":"https:\/\/www.tuasaude.com\/news\/wp-content\/uploads\/2026\/03\/creation_2565072966.png","width":1280,"height":714,"caption":"O equil\u00edbrio entre c\u00e1lcio, vitamina D e magn\u00e9sio ajuda a prevenir a perda de massa \u00f3ssea."},{"@type":"BreadcrumbList","@id":"https:\/\/www.tuasaude.com\/news\/2026\/03\/13\/os-tres-minerais-essenciais-para-fortalecer-os-ossos-depois-dos-40-anos\/#breadcrumb","itemListElement":[{"@type":"ListItem","position":1,"name":"In\u00edcio","item":"https:\/\/www.tuasaude.com\/news\/"},{"@type":"ListItem","position":2,"name":"Os tr\u00eas minerais essenciais para fortalecer os ossos depois dos 40 anos"}]},{"@type":"WebSite","@id":"https:\/\/www.tuasaude.com\/news\/#website","url":"https:\/\/www.tuasaude.com\/news\/","name":"Tua Sa\u00fade","description":"Seu site de sa\u00fade","potentialAction":[{"@type":"SearchAction","target":{"@type":"EntryPoint","urlTemplate":"https:\/\/www.tuasaude.com\/news\/?s={search_term_string}"},"query-input":{"@type":"PropertyValueSpecification","valueRequired":true,"valueName":"search_term_string"}}],"inLanguage":"pt-BR"},{"@type":"Person","@id":"https:\/\/www.tuasaude.com\/news\/#\/schema\/person\/2e9df841be69ec84f5d20ddb8d273ac2","name":"Gessika Julia Carvalho","image":{"@type":"ImageObject","inLanguage":"pt-BR","@id":"https:\/\/www.tuasaude.com\/news\/#\/schema\/person\/image\/","url":"https:\/\/secure.gravatar.com\/avatar\/0fcc8769024577fd0bc6a8b766055690f76a8e8f29dfb2a2f89cf04db8d0f2d2?s=96&d=mm&r=g","contentUrl":"https:\/\/secure.gravatar.com\/avatar\/0fcc8769024577fd0bc6a8b766055690f76a8e8f29dfb2a2f89cf04db8d0f2d2?s=96&d=mm&r=g","caption":"Gessika Julia Carvalho"},"sameAs":["https:\/\/www.tuasaude.com\/news\/"],"url":"https:\/\/www.tuasaude.com\/news\/author\/gessika-julia\/"}]}},"_links":{"self":[{"href":"https:\/\/www.tuasaude.com\/news\/wp-json\/wp\/v2\/posts\/8076","targetHints":{"allow":["GET"]}}],"collection":[{"href":"https:\/\/www.tuasaude.com\/news\/wp-json\/wp\/v2\/posts"}],"about":[{"href":"https:\/\/www.tuasaude.com\/news\/wp-json\/wp\/v2\/types\/post"}],"author":[{"embeddable":true,"href":"https:\/\/www.tuasaude.com\/news\/wp-json\/wp\/v2\/users\/11"}],"replies":[{"embeddable":true,"href":"https:\/\/www.tuasaude.com\/news\/wp-json\/wp\/v2\/comments?post=8076"}],"version-history":[{"count":2,"href":"https:\/\/www.tuasaude.com\/news\/wp-json\/wp\/v2\/posts\/8076\/revisions"}],"predecessor-version":[{"id":8623,"href":"https:\/\/www.tuasaude.com\/news\/wp-json\/wp\/v2\/posts\/8076\/revisions\/8623"}],"wp:featuredmedia":[{"embeddable":true,"href":"https:\/\/www.tuasaude.com\/news\/wp-json\/wp\/v2\/media\/8586"}],"wp:attachment":[{"href":"https:\/\/www.tuasaude.com\/news\/wp-json\/wp\/v2\/media?parent=8076"}],"wp:term":[{"taxonomy":"category","embeddable":true,"href":"https:\/\/www.tuasaude.com\/news\/wp-json\/wp\/v2\/categories?post=8076"},{"taxonomy":"post_tag","embeddable":true,"href":"https:\/\/www.tuasaude.com\/news\/wp-json\/wp\/v2\/tags?post=8076"}],"curies":[{"name":"wp","href":"https:\/\/api.w.org\/{rel}","templated":true}]}}