{"id":8037,"date":"2026-03-11T13:04:17","date_gmt":"2026-03-11T16:04:17","guid":{"rendered":"https:\/\/www.tuasaude.com\/news\/?p=8037"},"modified":"2026-03-11T13:04:18","modified_gmt":"2026-03-11T16:04:18","slug":"dor-nas-costas-ao-respirar-fundo-pode-ser-problema-no-pulmao","status":"publish","type":"post","link":"https:\/\/www.tuasaude.com\/news\/2026\/03\/11\/dor-nas-costas-ao-respirar-fundo-pode-ser-problema-no-pulmao\/","title":{"rendered":"Dor nas costas ao respirar fundo pode ser problema no pulm\u00e3o"},"content":{"rendered":"\n<p>Sentir dor nas costas ao respirar fundo nem sempre significa um problema grave, mas pode ser um sinal de que algo no pulm\u00e3o ou nas estruturas ao redor dele precisa de aten\u00e7\u00e3o. Na maioria dos casos, essa dor est\u00e1 ligada \u00e0 inflama\u00e7\u00e3o da pleura, a infec\u00e7\u00f5es respirat\u00f3rias como pneumonia ou, em situa\u00e7\u00f5es mais raras, a condi\u00e7\u00f5es que exigem atendimento de urg\u00eancia, como a embolia pulmonar. Entender as poss\u00edveis causas \u00e9 o primeiro passo para saber quando procurar ajuda m\u00e9dica.<\/p>\n\n\n\n<h2 class=\"wp-block-heading\">Por que a dor nas costas piora ao puxar o ar<\/h2>\n\n\n\n<p>Quando respiramos fundo, os pulm\u00f5es se expandem e toda a caixa tor\u00e1cica acompanha esse movimento. Se houver qualquer inflama\u00e7\u00e3o, infec\u00e7\u00e3o ou irrita\u00e7\u00e3o nas membranas que revestem os pulm\u00f5es, nos m\u00fasculos entre as costelas ou nos pr\u00f3prios tecidos pulmonares, esse movimento de expans\u00e3o provoca dor. Por isso, o desconforto aparece ou piora justamente no momento da inspira\u00e7\u00e3o profunda.<\/p>\n\n\n\n<p>Vale lembrar que o pulm\u00e3o em si possui poucos receptores de dor. Na pr\u00e1tica, o que costuma doer s\u00e3o as estruturas vizinhas, como a pleura, os m\u00fasculos intercostais e as costelas. \u00c9 por essa raz\u00e3o que muitas condi\u00e7\u00f5es pulmonares se manifestam como dor nas costas, e n\u00e3o necessariamente no peito.<\/p>\n\n\n<div class=\"wp-block-image\">\n<figure class=\"aligncenter size-large\"><img decoding=\"async\" width=\"1024\" height=\"558\" src=\"https:\/\/www.tuasaude.com\/news\/wp-content\/uploads\/2026\/03\/Gemini_Generated_Image_l908avl908avl908-1024x558.jpg\" alt=\"Inflama\u00e7\u00f5es na pleura ou infec\u00e7\u00f5es pulmonares podem causar dor nas costas ao inspirar profundamente.\" class=\"wp-image-8040\" srcset=\"https:\/\/www.tuasaude.com\/news\/wp-content\/uploads\/2026\/03\/Gemini_Generated_Image_l908avl908avl908-1024x558.jpg 1024w, https:\/\/www.tuasaude.com\/news\/wp-content\/uploads\/2026\/03\/Gemini_Generated_Image_l908avl908avl908-300x164.jpg 300w, https:\/\/www.tuasaude.com\/news\/wp-content\/uploads\/2026\/03\/Gemini_Generated_Image_l908avl908avl908-768x419.jpg 768w, https:\/\/www.tuasaude.com\/news\/wp-content\/uploads\/2026\/03\/Gemini_Generated_Image_l908avl908avl908-750x409.jpg 750w, https:\/\/www.tuasaude.com\/news\/wp-content\/uploads\/2026\/03\/Gemini_Generated_Image_l908avl908avl908-1140x622.jpg 1140w, https:\/\/www.tuasaude.com\/news\/wp-content\/uploads\/2026\/03\/Gemini_Generated_Image_l908avl908avl908.jpg 1280w\" sizes=\"(max-width: 1024px) 100vw, 1024px\" \/><figcaption class=\"wp-element-caption\">Inflama\u00e7\u00f5es na pleura ou infec\u00e7\u00f5es pulmonares podem causar dor nas costas ao inspirar profundamente.<\/figcaption><\/figure>\n<\/div>\n\n\n<h2 class=\"wp-block-heading\">Principais causas pulmonares da dor ao respirar fundo<\/h2>\n\n\n\n<p>Diversas condi\u00e7\u00f5es ligadas ao sistema respirat\u00f3rio podem provocar dor nas costas durante a respira\u00e7\u00e3o profunda. Conhecer cada uma delas ajuda a identificar sinais de alerta e agir com mais rapidez. As causas mais frequentes incluem:<\/p>\n\n\n\n<ul class=\"wp-block-list\">\n<li><strong>Pleurite (ou pleurisia):<\/strong> inflama\u00e7\u00e3o da membrana que reveste os pulm\u00f5es, causando uma dor aguda que piora ao inspirar, tossir ou espirrar. Pode ser provocada por v\u00edrus, bact\u00e9rias ou doen\u00e7as autoimunes.<\/li>\n\n\n\n<li><strong>Pneumonia:<\/strong> infec\u00e7\u00e3o no pulm\u00e3o que causa dor ao respirar acompanhada de febre, tosse com catarro e cansa\u00e7o intenso. Crian\u00e7as e idosos precisam de aten\u00e7\u00e3o especial.<\/li>\n\n\n\n<li><strong>Embolia pulmonar:<\/strong> bloqueio de uma art\u00e9ria do pulm\u00e3o por um co\u00e1gulo, gerando dor s\u00fabita, falta de ar e, em alguns casos, tosse com sangue. \u00c9 uma emerg\u00eancia m\u00e9dica.<\/li>\n\n\n\n<li><strong>Pneumot\u00f3rax:<\/strong> ac\u00famulo de ar entre o pulm\u00e3o e a parede do t\u00f3rax, que faz o pulm\u00e3o murchar parcial ou totalmente, provocando dor intensa e dificuldade para respirar.<\/li>\n<\/ul>\n\n\n\n<h2 class=\"wp-block-heading\">Estudo cient\u00edfico refor\u00e7a a import\u00e2ncia do diagn\u00f3stico r\u00e1pido<\/h2>\n\n\n\n<p>A identifica\u00e7\u00e3o correta da causa da dor ao respirar pode salvar vidas, especialmente quando o problema \u00e9 de origem pulmonar. Segundo o artigo <em>&#8220;Pleuritic Chest Pain: Sorting Through the Differential Diagnosis&#8221;<\/em>, publicado na revista <em>American Family Physician<\/em>, a embolia pulmonar \u00e9 a causa grave mais comum entre pacientes que chegam ao pronto-socorro com dor ao respirar, sendo encontrada em 5% a 21% dos casos avaliados. O estudo destaca que condi\u00e7\u00f5es como infarto, pneumonia e pneumot\u00f3rax tamb\u00e9m devem ser investigadas antes de se considerar diagn\u00f3sticos menos urgentes. Essa informa\u00e7\u00e3o refor\u00e7a a necessidade de n\u00e3o ignorar esse tipo de dor, sobretudo quando ela surge de forma s\u00fabita ou vem acompanhada de falta de ar. Confira o estudo completo em: <a href=\"https:\/\/pubmed.ncbi.nlm.nih.gov\/28925655\/\" target=\"_blank\" rel=\"noreferrer noopener\">PubMed (PMID: 28925655)<\/a>.<\/p>\n\n\n\n<h2 class=\"wp-block-heading\">Sinais de alerta que pedem atendimento imediato<\/h2>\n\n\n\n<p>Nem toda dor nas costas ao respirar exige uma ida ao hospital. Em muitos casos, o desconforto pode estar relacionado a uma gripe, resfriado ou tens\u00e3o muscular e tende a melhorar em poucos dias. No entanto, alguns sinais indicam que a situa\u00e7\u00e3o pode ser mais s\u00e9ria e exigem avalia\u00e7\u00e3o m\u00e9dica urgente:<\/p>\n\n\n\n<ul class=\"wp-block-list\">\n<li>Dor intensa e s\u00fabita que n\u00e3o alivia com repouso<\/li>\n\n\n\n<li>Falta de ar ou dificuldade respirat\u00f3ria progressiva<\/li>\n\n\n\n<li>Febre alta persistente por mais de 48 horas<\/li>\n\n\n\n<li>Tosse com sangue ou catarro amarelado<\/li>\n\n\n\n<li>Pele com tom azulado, especialmente nos l\u00e1bios e nas pontas dos dedos<\/li>\n<\/ul>\n\n\n\n<p>Se voc\u00ea apresentar qualquer um desses sintomas junto com a dor nas costas ao respirar, procure um pronto-socorro. O diagn\u00f3stico precoce \u00e9 fundamental para evitar complica\u00e7\u00f5es graves. Para entender melhor outras poss\u00edveis causas e o que fazer em cada situa\u00e7\u00e3o, consulte tamb\u00e9m o conte\u00fado completo do <a href=\"https:\/\/www.tuasaude.com\/en\/why-does-my-back-hurt-when-i-breathe\/\" target=\"_blank\" rel=\"noreferrer noopener\">Tua Sa\u00fade sobre dor nas costas ao respirar<\/a>.<\/p>\n\n\n\n<h2 class=\"wp-block-heading\">Quando procurar um m\u00e9dico e quais exames podem ser solicitados<\/h2>\n\n\n\n<p>Sempre que a dor nas costas ao respirar fundo persistir por mais de tr\u00eas dias, vier acompanhada de outros sintomas ou interferir nas atividades do dia a dia, o ideal \u00e9 buscar orienta\u00e7\u00e3o de um cl\u00ednico geral ou pneumologista. Na consulta, o m\u00e9dico poder\u00e1 ouvir os pulm\u00f5es com estetosc\u00f3pio e solicitar exames como raio-X de t\u00f3rax, tomografia computadorizada ou exames de sangue para identificar a causa do problema e indicar o tratamento adequado.<\/p>\n\n\n\n<p><em><strong>Aviso importante:<\/strong> este conte\u00fado tem car\u00e1ter exclusivamente informativo e n\u00e3o substitui, em nenhuma hip\u00f3tese, a consulta, o diagn\u00f3stico ou o tratamento de um profissional de sa\u00fade qualificado. Diante de qualquer sintoma, procure orienta\u00e7\u00e3o m\u00e9dica.<\/em><\/p>\n","protected":false},"excerpt":{"rendered":"<p>Sentir dor nas costas ao respirar fundo nem sempre significa um problema grave, mas pode ser um sinal de que algo no pulm\u00e3o ou nas estruturas ao redor dele precisa de aten\u00e7\u00e3o. Na maioria dos casos, essa dor est\u00e1 ligada \u00e0 inflama\u00e7\u00e3o da pleura, a infec\u00e7\u00f5es respirat\u00f3rias como pneumonia ou, em situa\u00e7\u00f5es mais raras, a [&hellip;]<\/p>\n","protected":false},"author":6,"featured_media":8039,"comment_status":"open","ping_status":"open","sticky":false,"template":"","format":"standard","meta":{"_yoast_wpseo_focuskw":"Dor nas costas","_yoast_wpseo_title":"","_yoast_wpseo_metadesc":"Dor nas costas ao respirar fundo pode indicar problema no pulm\u00e3o. Veja causas poss\u00edveis e os sinais que indicam urg\u00eancia.","jnews-multi-image_gallery":[],"jnews_single_post":{"format":"standard"},"jnews_primary_category":[],"jnews_social_meta":[],"jnews_override_counter":[],"footnotes":""},"categories":[111],"tags":[123],"class_list":["post-8037","post","type-post","status-publish","format-standard","has-post-thumbnail","hentry","category-saude","tag-dor-nas-costas"],"yoast_head":"<!-- This site is optimized with the Yoast SEO plugin v26.7 - https:\/\/yoast.com\/wordpress\/plugins\/seo\/ -->\n<title>Dor nas costas ao respirar fundo pode ser problema no pulm\u00e3o - Tua Sa\u00fade<\/title>\n<meta name=\"description\" content=\"Dor nas costas ao respirar fundo pode indicar problema no pulm\u00e3o. Veja causas poss\u00edveis e os sinais que indicam urg\u00eancia.\" \/>\n<meta name=\"robots\" content=\"index, follow, max-snippet:-1, max-image-preview:large, max-video-preview:-1\" \/>\n<link rel=\"canonical\" href=\"https:\/\/www.tuasaude.com\/news\/2026\/03\/11\/dor-nas-costas-ao-respirar-fundo-pode-ser-problema-no-pulmao\/\" \/>\n<meta property=\"og:locale\" content=\"pt_BR\" \/>\n<meta property=\"og:type\" content=\"article\" \/>\n<meta property=\"og:title\" content=\"Dor nas costas ao respirar fundo pode ser problema no pulm\u00e3o - Tua Sa\u00fade\" \/>\n<meta property=\"og:description\" content=\"Dor nas costas ao respirar fundo pode indicar problema no pulm\u00e3o. Veja causas poss\u00edveis e os sinais que indicam urg\u00eancia.\" \/>\n<meta property=\"og:url\" content=\"https:\/\/www.tuasaude.com\/news\/2026\/03\/11\/dor-nas-costas-ao-respirar-fundo-pode-ser-problema-no-pulmao\/\" \/>\n<meta property=\"og:site_name\" content=\"Tua Sa\u00fade\" \/>\n<meta property=\"article:published_time\" content=\"2026-03-11T16:04:17+00:00\" \/>\n<meta property=\"article:modified_time\" content=\"2026-03-11T16:04:18+00:00\" \/>\n<meta property=\"og:image\" content=\"https:\/\/www.tuasaude.com\/news\/wp-content\/uploads\/2026\/03\/Gemini_Generated_Image_fb5bjufb5bjufb5b.jpg\" \/>\n\t<meta property=\"og:image:width\" content=\"1280\" \/>\n\t<meta property=\"og:image:height\" content=\"698\" \/>\n\t<meta property=\"og:image:type\" content=\"image\/jpeg\" \/>\n<meta name=\"author\" content=\"Gabriel Leme\" \/>\n<meta name=\"twitter:card\" content=\"summary_large_image\" \/>\n<meta name=\"twitter:label1\" content=\"Escrito por\" \/>\n\t<meta name=\"twitter:data1\" content=\"Gabriel Leme\" \/>\n\t<meta name=\"twitter:label2\" content=\"Est. tempo de leitura\" \/>\n\t<meta name=\"twitter:data2\" content=\"5 minutos\" \/>\n<!-- \/ Yoast SEO plugin. -->","yoast_head_json":{"title":"Dor nas costas ao respirar fundo pode ser problema no pulm\u00e3o - Tua Sa\u00fade","description":"Dor nas costas ao respirar fundo pode indicar problema no pulm\u00e3o. Veja causas poss\u00edveis e os sinais que indicam urg\u00eancia.","robots":{"index":"index","follow":"follow","max-snippet":"max-snippet:-1","max-image-preview":"max-image-preview:large","max-video-preview":"max-video-preview:-1"},"canonical":"https:\/\/www.tuasaude.com\/news\/2026\/03\/11\/dor-nas-costas-ao-respirar-fundo-pode-ser-problema-no-pulmao\/","og_locale":"pt_BR","og_type":"article","og_title":"Dor nas costas ao respirar fundo pode ser problema no pulm\u00e3o - Tua Sa\u00fade","og_description":"Dor nas costas ao respirar fundo pode indicar problema no pulm\u00e3o. Veja causas poss\u00edveis e os sinais que indicam urg\u00eancia.","og_url":"https:\/\/www.tuasaude.com\/news\/2026\/03\/11\/dor-nas-costas-ao-respirar-fundo-pode-ser-problema-no-pulmao\/","og_site_name":"Tua Sa\u00fade","article_published_time":"2026-03-11T16:04:17+00:00","article_modified_time":"2026-03-11T16:04:18+00:00","og_image":[{"width":1280,"height":698,"url":"https:\/\/www.tuasaude.com\/news\/wp-content\/uploads\/2026\/03\/Gemini_Generated_Image_fb5bjufb5bjufb5b.jpg","type":"image\/jpeg"}],"author":"Gabriel Leme","twitter_card":"summary_large_image","twitter_misc":{"Escrito por":"Gabriel Leme","Est. tempo de leitura":"5 minutos"},"schema":{"@context":"https:\/\/schema.org","@graph":[{"@type":"Article","@id":"https:\/\/www.tuasaude.com\/news\/2026\/03\/11\/dor-nas-costas-ao-respirar-fundo-pode-ser-problema-no-pulmao\/#article","isPartOf":{"@id":"https:\/\/www.tuasaude.com\/news\/2026\/03\/11\/dor-nas-costas-ao-respirar-fundo-pode-ser-problema-no-pulmao\/"},"author":{"name":"Gabriel Leme","@id":"https:\/\/www.tuasaude.com\/news\/#\/schema\/person\/bf512a2e53b74f5544ff3040f496e593"},"headline":"Dor nas costas ao respirar fundo pode ser problema no pulm\u00e3o","datePublished":"2026-03-11T16:04:17+00:00","dateModified":"2026-03-11T16:04:18+00:00","mainEntityOfPage":{"@id":"https:\/\/www.tuasaude.com\/news\/2026\/03\/11\/dor-nas-costas-ao-respirar-fundo-pode-ser-problema-no-pulmao\/"},"wordCount":862,"commentCount":0,"image":{"@id":"https:\/\/www.tuasaude.com\/news\/2026\/03\/11\/dor-nas-costas-ao-respirar-fundo-pode-ser-problema-no-pulmao\/#primaryimage"},"thumbnailUrl":"https:\/\/www.tuasaude.com\/news\/wp-content\/uploads\/2026\/03\/Gemini_Generated_Image_fb5bjufb5bjufb5b.jpg","keywords":["dor nas costas"],"articleSection":["Sa\u00fade"],"inLanguage":"pt-BR","potentialAction":[{"@type":"CommentAction","name":"Comment","target":["https:\/\/www.tuasaude.com\/news\/2026\/03\/11\/dor-nas-costas-ao-respirar-fundo-pode-ser-problema-no-pulmao\/#respond"]}]},{"@type":"WebPage","@id":"https:\/\/www.tuasaude.com\/news\/2026\/03\/11\/dor-nas-costas-ao-respirar-fundo-pode-ser-problema-no-pulmao\/","url":"https:\/\/www.tuasaude.com\/news\/2026\/03\/11\/dor-nas-costas-ao-respirar-fundo-pode-ser-problema-no-pulmao\/","name":"Dor nas costas ao respirar fundo pode ser problema no pulm\u00e3o - Tua Sa\u00fade","isPartOf":{"@id":"https:\/\/www.tuasaude.com\/news\/#website"},"primaryImageOfPage":{"@id":"https:\/\/www.tuasaude.com\/news\/2026\/03\/11\/dor-nas-costas-ao-respirar-fundo-pode-ser-problema-no-pulmao\/#primaryimage"},"image":{"@id":"https:\/\/www.tuasaude.com\/news\/2026\/03\/11\/dor-nas-costas-ao-respirar-fundo-pode-ser-problema-no-pulmao\/#primaryimage"},"thumbnailUrl":"https:\/\/www.tuasaude.com\/news\/wp-content\/uploads\/2026\/03\/Gemini_Generated_Image_fb5bjufb5bjufb5b.jpg","datePublished":"2026-03-11T16:04:17+00:00","dateModified":"2026-03-11T16:04:18+00:00","author":{"@id":"https:\/\/www.tuasaude.com\/news\/#\/schema\/person\/bf512a2e53b74f5544ff3040f496e593"},"description":"Dor nas costas ao respirar fundo pode indicar problema no pulm\u00e3o. Veja causas poss\u00edveis e os sinais que indicam urg\u00eancia.","breadcrumb":{"@id":"https:\/\/www.tuasaude.com\/news\/2026\/03\/11\/dor-nas-costas-ao-respirar-fundo-pode-ser-problema-no-pulmao\/#breadcrumb"},"inLanguage":"pt-BR","potentialAction":[{"@type":"ReadAction","target":["https:\/\/www.tuasaude.com\/news\/2026\/03\/11\/dor-nas-costas-ao-respirar-fundo-pode-ser-problema-no-pulmao\/"]}]},{"@type":"ImageObject","inLanguage":"pt-BR","@id":"https:\/\/www.tuasaude.com\/news\/2026\/03\/11\/dor-nas-costas-ao-respirar-fundo-pode-ser-problema-no-pulmao\/#primaryimage","url":"https:\/\/www.tuasaude.com\/news\/wp-content\/uploads\/2026\/03\/Gemini_Generated_Image_fb5bjufb5bjufb5b.jpg","contentUrl":"https:\/\/www.tuasaude.com\/news\/wp-content\/uploads\/2026\/03\/Gemini_Generated_Image_fb5bjufb5bjufb5b.jpg","width":1280,"height":698,"caption":"Dor nas costas que piora ao respirar fundo pode estar ligada a problemas pulmonares e merece aten\u00e7\u00e3o."},{"@type":"BreadcrumbList","@id":"https:\/\/www.tuasaude.com\/news\/2026\/03\/11\/dor-nas-costas-ao-respirar-fundo-pode-ser-problema-no-pulmao\/#breadcrumb","itemListElement":[{"@type":"ListItem","position":1,"name":"In\u00edcio","item":"https:\/\/www.tuasaude.com\/news\/"},{"@type":"ListItem","position":2,"name":"Dor nas costas ao respirar fundo pode ser problema no pulm\u00e3o"}]},{"@type":"WebSite","@id":"https:\/\/www.tuasaude.com\/news\/#website","url":"https:\/\/www.tuasaude.com\/news\/","name":"Tua Sa\u00fade","description":"Seu site de sa\u00fade","potentialAction":[{"@type":"SearchAction","target":{"@type":"EntryPoint","urlTemplate":"https:\/\/www.tuasaude.com\/news\/?s={search_term_string}"},"query-input":{"@type":"PropertyValueSpecification","valueRequired":true,"valueName":"search_term_string"}}],"inLanguage":"pt-BR"},{"@type":"Person","@id":"https:\/\/www.tuasaude.com\/news\/#\/schema\/person\/bf512a2e53b74f5544ff3040f496e593","name":"Gabriel Leme","image":{"@type":"ImageObject","inLanguage":"pt-BR","@id":"https:\/\/www.tuasaude.com\/news\/#\/schema\/person\/image\/","url":"https:\/\/secure.gravatar.com\/avatar\/a12badc2d08e73d59b38f178ebe822eca26c0445823b05fefedea89fb346439c?s=96&d=mm&r=g","contentUrl":"https:\/\/secure.gravatar.com\/avatar\/a12badc2d08e73d59b38f178ebe822eca26c0445823b05fefedea89fb346439c?s=96&d=mm&r=g","caption":"Gabriel Leme"},"sameAs":["https:\/\/www.tuasaude.com\/news"],"url":"https:\/\/www.tuasaude.com\/news\/author\/gabrielleme\/"}]}},"_links":{"self":[{"href":"https:\/\/www.tuasaude.com\/news\/wp-json\/wp\/v2\/posts\/8037","targetHints":{"allow":["GET"]}}],"collection":[{"href":"https:\/\/www.tuasaude.com\/news\/wp-json\/wp\/v2\/posts"}],"about":[{"href":"https:\/\/www.tuasaude.com\/news\/wp-json\/wp\/v2\/types\/post"}],"author":[{"embeddable":true,"href":"https:\/\/www.tuasaude.com\/news\/wp-json\/wp\/v2\/users\/6"}],"replies":[{"embeddable":true,"href":"https:\/\/www.tuasaude.com\/news\/wp-json\/wp\/v2\/comments?post=8037"}],"version-history":[{"count":1,"href":"https:\/\/www.tuasaude.com\/news\/wp-json\/wp\/v2\/posts\/8037\/revisions"}],"predecessor-version":[{"id":8045,"href":"https:\/\/www.tuasaude.com\/news\/wp-json\/wp\/v2\/posts\/8037\/revisions\/8045"}],"wp:featuredmedia":[{"embeddable":true,"href":"https:\/\/www.tuasaude.com\/news\/wp-json\/wp\/v2\/media\/8039"}],"wp:attachment":[{"href":"https:\/\/www.tuasaude.com\/news\/wp-json\/wp\/v2\/media?parent=8037"}],"wp:term":[{"taxonomy":"category","embeddable":true,"href":"https:\/\/www.tuasaude.com\/news\/wp-json\/wp\/v2\/categories?post=8037"},{"taxonomy":"post_tag","embeddable":true,"href":"https:\/\/www.tuasaude.com\/news\/wp-json\/wp\/v2\/tags?post=8037"}],"curies":[{"name":"wp","href":"https:\/\/api.w.org\/{rel}","templated":true}]}}