{"id":8027,"date":"2026-03-12T14:48:00","date_gmt":"2026-03-12T17:48:00","guid":{"rendered":"https:\/\/www.tuasaude.com\/news\/?p=8027"},"modified":"2026-03-12T00:06:48","modified_gmt":"2026-03-12T03:06:48","slug":"pressao-no-trabalho-esta-por-tras-do-aumento-de-problemas-de-saude-mental","status":"publish","type":"post","link":"https:\/\/www.tuasaude.com\/news\/2026\/03\/12\/pressao-no-trabalho-esta-por-tras-do-aumento-de-problemas-de-saude-mental\/","title":{"rendered":"Press\u00e3o no trabalho est\u00e1 por tr\u00e1s do aumento de problemas de sa\u00fade mental"},"content":{"rendered":"\n<p>O ambiente de trabalho pode ser uma fonte de realiza\u00e7\u00e3o e prop\u00f3sito, mas tamb\u00e9m pode se tornar um dos principais gatilhos para o adoecimento emocional. No Brasil, os n\u00fameros j\u00e1 n\u00e3o deixam d\u00favida:&nbsp;<strong>em 2024, mais de 472 mil trabalhadores foram afastados por transtornos mentais<\/strong>, um aumento de 68% em rela\u00e7\u00e3o ao ano anterior, segundo o Minist\u00e9rio da Previd\u00eancia Social. Entender o que est\u00e1 por tr\u00e1s desse cen\u00e1rio \u00e9 o primeiro passo para proteger sua sa\u00fade \u2014 e a de quem est\u00e1 ao seu redor.<\/p>\n\n\n\n<h2 class=\"wp-block-heading\">Por que o trabalho afeta tanto a sa\u00fade mental<\/h2>\n\n\n\n<p>O trabalho ocupa grande parte da vida das pessoas e, dependendo de como \u00e9 organizado, pode tanto proteger quanto prejudicar o bem-estar emocional. Fatores como metas imposs\u00edveis, jornadas longas, falta de reconhecimento e rela\u00e7\u00f5es interpessoais hostis criam um ambiente de tens\u00e3o constante que o corpo e a mente n\u00e3o conseguem sustentar por muito tempo.<\/p>\n\n\n\n<p>Segundo a Organiza\u00e7\u00e3o Mundial da Sa\u00fade (OMS), ambientes com cargas excessivas, ass\u00e9dio e aus\u00eancia de autonomia representam riscos diretos \u00e0 sa\u00fade mental dos trabalhadores. A OMS aponta ainda que o trabalho amplifica desigualdades sociais, tornando grupos historicamente vulner\u00e1veis ainda mais expostos ao sofrimento ps\u00edquico.<\/p>\n\n\n<div class=\"wp-block-image\">\n<figure class=\"aligncenter size-large\"><img decoding=\"async\" width=\"1024\" height=\"571\" src=\"https:\/\/www.tuasaude.com\/news\/wp-content\/uploads\/2026\/03\/creation_2558115294-1024x571.png\" alt=\"Press\u00e3o no trabalho est\u00e1 por tr\u00e1s do aumento de problemas de sa\u00fade mental\" class=\"wp-image-8215\" srcset=\"https:\/\/www.tuasaude.com\/news\/wp-content\/uploads\/2026\/03\/creation_2558115294-1024x571.png 1024w, https:\/\/www.tuasaude.com\/news\/wp-content\/uploads\/2026\/03\/creation_2558115294-300x167.png 300w, https:\/\/www.tuasaude.com\/news\/wp-content\/uploads\/2026\/03\/creation_2558115294-768x428.png 768w, https:\/\/www.tuasaude.com\/news\/wp-content\/uploads\/2026\/03\/creation_2558115294-750x418.png 750w, https:\/\/www.tuasaude.com\/news\/wp-content\/uploads\/2026\/03\/creation_2558115294-1140x636.png 1140w, https:\/\/www.tuasaude.com\/news\/wp-content\/uploads\/2026\/03\/creation_2558115294.png 1280w\" sizes=\"(max-width: 1024px) 100vw, 1024px\" \/><figcaption class=\"wp-element-caption\">O trabalho pode impactar diretamente a sa\u00fade mental, especialmente em ambientes com press\u00e3o excessiva, metas irreais e falta de reconhecimento.<\/figcaption><\/figure>\n<\/div>\n\n\n<h2 class=\"wp-block-heading\">Os principais problemas de sa\u00fade mental ligados ao trabalho<\/h2>\n\n\n\n<p>Ansiedade, depress\u00e3o e a s\u00edndrome do esgotamento profissional \u2014 conhecida como burnout \u2014 est\u00e3o entre os transtornos mais frequentes no contexto ocupacional. O burnout, reconhecido pela OMS desde 2019 como um fen\u00f4meno ocupacional e inclu\u00eddo na CID-11, \u00e9 resultado do estresse cr\u00f4nico no trabalho que n\u00e3o foi tratado a tempo.<\/p>\n\n\n\n<p>Os dados do Instituto Nacional do Seguro Social (INSS) mostram que epis\u00f3dios depressivos, transtornos de ansiedade e burnout lideram os motivos de afastamento no pa\u00eds. Mais do que doen\u00e7as individuais, esses quadros revelam falhas estruturais no modo como o trabalho est\u00e1 organizado nas empresas brasileiras.<\/p>\n\n\n\n<h2 class=\"wp-block-heading\">Sinais de alerta que merecem aten\u00e7\u00e3o<\/h2>\n\n\n\n<p>Reconhecer os primeiros sinais de adoecimento mental relacionado ao trabalho \u00e9 fundamental para agir antes que o quadro se agrave. Muitas pessoas normalizam sintomas que, na verdade, indicam que algo precisa mudar.<\/p>\n\n\n\n<ul class=\"wp-block-list\">\n<li>Cansa\u00e7o extremo que n\u00e3o melhora mesmo ap\u00f3s descanso<\/li>\n\n\n\n<li>Dificuldade de concentra\u00e7\u00e3o e esquecimentos frequentes<\/li>\n\n\n\n<li>Irritabilidade ou choro sem motivo aparente<\/li>\n\n\n\n<li>Sensa\u00e7\u00e3o de que o trabalho nunca est\u00e1 bom o suficiente<\/li>\n\n\n\n<li>Distanciamento emocional de colegas e tarefas<\/li>\n\n\n\n<li>Ins\u00f4nia ou sono excessivo relacionados \u00e0 press\u00e3o do trabalho<\/li>\n<\/ul>\n\n\n\n<h2 class=\"wp-block-heading\">O que a ci\u00eancia diz sobre programas de sa\u00fade mental no trabalho<\/h2>\n\n\n\n<p>Segundo a revis\u00e3o sistem\u00e1tica&nbsp;<em>Effectiveness of Workplace Mental Health Programs in Reducing Occupational Burnout<\/em>, publicada no&nbsp;<strong>PubMed\/PMC (National Institutes of Health)<\/strong>, programas estruturados de sa\u00fade mental no ambiente corporativo s\u00e3o eficazes para reduzir o burnout, diminuir o absente\u00edsmo e melhorar o bem-estar dos colaboradores. O estudo refor\u00e7a que interven\u00e7\u00f5es combinadas \u2014 que unem mudan\u00e7as organizacionais a suporte individual \u2014 apresentam os melhores resultados. De acordo com os pesquisadores, o retorno sobre o investimento em sa\u00fade mental no trabalho pode ser significativo tanto para os trabalhadores quanto para as empresas.&nbsp;<a href=\"https:\/\/pmc.ncbi.nlm.nih.gov\/articles\/PMC12375206\/\" target=\"_blank\" rel=\"noreferrer noopener\">Acesse a revis\u00e3o sistem\u00e1tica completa no PubMed.<\/a><\/p>\n\n\n<div class=\"wp-block-image\">\n<figure class=\"aligncenter size-large\"><img decoding=\"async\" width=\"1024\" height=\"422\" src=\"https:\/\/www.tuasaude.com\/news\/wp-content\/uploads\/2026\/03\/convertido-20-1024x422.jpg\" alt=\"\" class=\"wp-image-8033\" srcset=\"https:\/\/www.tuasaude.com\/news\/wp-content\/uploads\/2026\/03\/convertido-20-1024x422.jpg 1024w, https:\/\/www.tuasaude.com\/news\/wp-content\/uploads\/2026\/03\/convertido-20-300x124.jpg 300w, https:\/\/www.tuasaude.com\/news\/wp-content\/uploads\/2026\/03\/convertido-20-768x316.jpg 768w, https:\/\/www.tuasaude.com\/news\/wp-content\/uploads\/2026\/03\/convertido-20-750x309.jpg 750w, https:\/\/www.tuasaude.com\/news\/wp-content\/uploads\/2026\/03\/convertido-20-1140x469.jpg 1140w, https:\/\/www.tuasaude.com\/news\/wp-content\/uploads\/2026\/03\/convertido-20.jpg 1280w\" sizes=\"(max-width: 1024px) 100vw, 1024px\" \/><\/figure>\n<\/div>\n\n\n<h2 class=\"wp-block-heading\">O que empresas e trabalhadores podem fazer na pr\u00e1tica<\/h2>\n\n\n\n<p>A responsabilidade pela sa\u00fade mental no trabalho \u00e9 compartilhada. Desde maio de 2025, a atualiza\u00e7\u00e3o da Norma Regulamentadora n\u00ba 1 (NR-1) exige que empresas brasileiras incluam a avalia\u00e7\u00e3o de riscos psicossociais \u2014 como estresse, ass\u00e9dio e sobrecarga \u2014 na gest\u00e3o de seguran\u00e7a e sa\u00fade ocupacional.<\/p>\n\n\n\n<p>Algumas a\u00e7\u00f5es fazem diferen\u00e7a tanto no n\u00edvel individual quanto organizacional:<\/p>\n\n\n\n<ul class=\"wp-block-list\">\n<li><strong>Para trabalhadores:<\/strong>&nbsp;estabelecer limites entre vida pessoal e profissional, praticar atividade f\u00edsica, buscar apoio psicol\u00f3gico sem esperar a situa\u00e7\u00e3o se agravar<\/li>\n\n\n\n<li><strong>Para lideran\u00e7as:<\/strong>&nbsp;criar espa\u00e7os de escuta, reconhecer o desempenho da equipe e n\u00e3o normalizar press\u00e3o excessiva como parte da cultura<\/li>\n\n\n\n<li><strong>Para empresas:<\/strong>&nbsp;implementar programas de sa\u00fade emocional, revisar metas e cargas de trabalho, e garantir canais seguros para relatos de ass\u00e9dio<\/li>\n<\/ul>\n\n\n\n<p>A sa\u00fade mental no trabalho \u00e9 uma quest\u00e3o que envolve pessoas, escolhas e estruturas. Se voc\u00ea percebe sinais de sofrimento emocional em si mesmo ou em colegas,&nbsp;<strong>procure orienta\u00e7\u00e3o de um profissional de sa\u00fade mental<\/strong>&nbsp;\u2014 psic\u00f3logo ou psiquiatra \u2014 para uma avalia\u00e7\u00e3o adequada \u00e0 sua situa\u00e7\u00e3o.<\/p>\n","protected":false},"excerpt":{"rendered":"<p>O ambiente de trabalho pode ser uma fonte de realiza\u00e7\u00e3o e prop\u00f3sito, mas tamb\u00e9m pode se tornar um dos principais gatilhos para o adoecimento emocional. No Brasil, os n\u00fameros j\u00e1 n\u00e3o deixam d\u00favida:&nbsp;em 2024, mais de 472 mil trabalhadores foram afastados por transtornos mentais, um aumento de 68% em rela\u00e7\u00e3o ao ano anterior, segundo o [&hellip;]<\/p>\n","protected":false},"author":12,"featured_media":8244,"comment_status":"open","ping_status":"open","sticky":false,"template":"","format":"standard","meta":{"_yoast_wpseo_focuskw":"Sa\u00fade mental","_yoast_wpseo_title":"","_yoast_wpseo_metadesc":"Problemas de sa\u00fade mental no trabalho crescem no Brasil. Entenda os principais fatores que levam ao adoecimento emocional e os sinais de alerta.","jnews-multi-image_gallery":[],"jnews_single_post":{"format":"standard"},"jnews_primary_category":[],"jnews_social_meta":[],"jnews_override_counter":[],"footnotes":""},"categories":[111],"tags":[145,193,136,2204,2203],"class_list":["post-8027","post","type-post","status-publish","format-standard","has-post-thumbnail","hentry","category-saude","tag-bem-estar","tag-cansaco","tag-saude","tag-saude-mental-2","tag-trabalho"],"yoast_head":"<!-- This site is optimized with the Yoast SEO plugin v26.7 - https:\/\/yoast.com\/wordpress\/plugins\/seo\/ -->\n<title>Press\u00e3o no trabalho est\u00e1 por tr\u00e1s do aumento de problemas de sa\u00fade mental - Tua Sa\u00fade<\/title>\n<meta name=\"description\" content=\"Problemas de sa\u00fade mental no trabalho crescem no Brasil. Entenda os principais fatores que levam ao adoecimento emocional e os sinais de alerta.\" \/>\n<meta name=\"robots\" content=\"index, follow, max-snippet:-1, max-image-preview:large, max-video-preview:-1\" \/>\n<link rel=\"canonical\" href=\"https:\/\/www.tuasaude.com\/news\/2026\/03\/12\/pressao-no-trabalho-esta-por-tras-do-aumento-de-problemas-de-saude-mental\/\" \/>\n<meta property=\"og:locale\" content=\"pt_BR\" \/>\n<meta property=\"og:type\" content=\"article\" \/>\n<meta property=\"og:title\" content=\"Press\u00e3o no trabalho est\u00e1 por tr\u00e1s do aumento de problemas de sa\u00fade mental - Tua Sa\u00fade\" \/>\n<meta property=\"og:description\" content=\"Problemas de sa\u00fade mental no trabalho crescem no Brasil. Entenda os principais fatores que levam ao adoecimento emocional e os sinais de alerta.\" \/>\n<meta property=\"og:url\" content=\"https:\/\/www.tuasaude.com\/news\/2026\/03\/12\/pressao-no-trabalho-esta-por-tras-do-aumento-de-problemas-de-saude-mental\/\" \/>\n<meta property=\"og:site_name\" content=\"Tua Sa\u00fade\" \/>\n<meta property=\"article:published_time\" content=\"2026-03-12T17:48:00+00:00\" \/>\n<meta property=\"og:image\" content=\"https:\/\/www.tuasaude.com\/news\/wp-content\/uploads\/2026\/03\/creation_2558114853.png\" \/>\n\t<meta property=\"og:image:width\" content=\"1280\" \/>\n\t<meta property=\"og:image:height\" content=\"714\" \/>\n\t<meta property=\"og:image:type\" content=\"image\/png\" \/>\n<meta name=\"author\" content=\"Jeferson Henrique\" \/>\n<meta name=\"twitter:card\" content=\"summary_large_image\" \/>\n<meta name=\"twitter:label1\" content=\"Escrito por\" \/>\n\t<meta name=\"twitter:data1\" content=\"Jeferson Henrique\" \/>\n\t<meta name=\"twitter:label2\" content=\"Est. tempo de leitura\" \/>\n\t<meta name=\"twitter:data2\" content=\"5 minutos\" \/>\n<!-- \/ Yoast SEO plugin. -->","yoast_head_json":{"title":"Press\u00e3o no trabalho est\u00e1 por tr\u00e1s do aumento de problemas de sa\u00fade mental - Tua Sa\u00fade","description":"Problemas de sa\u00fade mental no trabalho crescem no Brasil. Entenda os principais fatores que levam ao adoecimento emocional e os sinais de alerta.","robots":{"index":"index","follow":"follow","max-snippet":"max-snippet:-1","max-image-preview":"max-image-preview:large","max-video-preview":"max-video-preview:-1"},"canonical":"https:\/\/www.tuasaude.com\/news\/2026\/03\/12\/pressao-no-trabalho-esta-por-tras-do-aumento-de-problemas-de-saude-mental\/","og_locale":"pt_BR","og_type":"article","og_title":"Press\u00e3o no trabalho est\u00e1 por tr\u00e1s do aumento de problemas de sa\u00fade mental - Tua Sa\u00fade","og_description":"Problemas de sa\u00fade mental no trabalho crescem no Brasil. Entenda os principais fatores que levam ao adoecimento emocional e os sinais de alerta.","og_url":"https:\/\/www.tuasaude.com\/news\/2026\/03\/12\/pressao-no-trabalho-esta-por-tras-do-aumento-de-problemas-de-saude-mental\/","og_site_name":"Tua Sa\u00fade","article_published_time":"2026-03-12T17:48:00+00:00","og_image":[{"width":1280,"height":714,"url":"https:\/\/www.tuasaude.com\/news\/wp-content\/uploads\/2026\/03\/creation_2558114853.png","type":"image\/png"}],"author":"Jeferson Henrique","twitter_card":"summary_large_image","twitter_misc":{"Escrito por":"Jeferson Henrique","Est. tempo de leitura":"5 minutos"},"schema":{"@context":"https:\/\/schema.org","@graph":[{"@type":"Article","@id":"https:\/\/www.tuasaude.com\/news\/2026\/03\/12\/pressao-no-trabalho-esta-por-tras-do-aumento-de-problemas-de-saude-mental\/#article","isPartOf":{"@id":"https:\/\/www.tuasaude.com\/news\/2026\/03\/12\/pressao-no-trabalho-esta-por-tras-do-aumento-de-problemas-de-saude-mental\/"},"author":{"name":"Jeferson Henrique","@id":"https:\/\/www.tuasaude.com\/news\/#\/schema\/person\/963d63d4e1f0c81f5f3a70ba4bcb0ef7"},"headline":"Press\u00e3o no trabalho est\u00e1 por tr\u00e1s do aumento de problemas de sa\u00fade mental","datePublished":"2026-03-12T17:48:00+00:00","mainEntityOfPage":{"@id":"https:\/\/www.tuasaude.com\/news\/2026\/03\/12\/pressao-no-trabalho-esta-por-tras-do-aumento-de-problemas-de-saude-mental\/"},"wordCount":767,"commentCount":0,"image":{"@id":"https:\/\/www.tuasaude.com\/news\/2026\/03\/12\/pressao-no-trabalho-esta-por-tras-do-aumento-de-problemas-de-saude-mental\/#primaryimage"},"thumbnailUrl":"https:\/\/www.tuasaude.com\/news\/wp-content\/uploads\/2026\/03\/creation_2558114853.png","keywords":["bem-estar","cansa\u00e7o","sa\u00fade","saude mental","trabalho"],"articleSection":["Sa\u00fade"],"inLanguage":"pt-BR","potentialAction":[{"@type":"CommentAction","name":"Comment","target":["https:\/\/www.tuasaude.com\/news\/2026\/03\/12\/pressao-no-trabalho-esta-por-tras-do-aumento-de-problemas-de-saude-mental\/#respond"]}]},{"@type":"WebPage","@id":"https:\/\/www.tuasaude.com\/news\/2026\/03\/12\/pressao-no-trabalho-esta-por-tras-do-aumento-de-problemas-de-saude-mental\/","url":"https:\/\/www.tuasaude.com\/news\/2026\/03\/12\/pressao-no-trabalho-esta-por-tras-do-aumento-de-problemas-de-saude-mental\/","name":"Press\u00e3o no trabalho est\u00e1 por tr\u00e1s do aumento de problemas de sa\u00fade mental - Tua Sa\u00fade","isPartOf":{"@id":"https:\/\/www.tuasaude.com\/news\/#website"},"primaryImageOfPage":{"@id":"https:\/\/www.tuasaude.com\/news\/2026\/03\/12\/pressao-no-trabalho-esta-por-tras-do-aumento-de-problemas-de-saude-mental\/#primaryimage"},"image":{"@id":"https:\/\/www.tuasaude.com\/news\/2026\/03\/12\/pressao-no-trabalho-esta-por-tras-do-aumento-de-problemas-de-saude-mental\/#primaryimage"},"thumbnailUrl":"https:\/\/www.tuasaude.com\/news\/wp-content\/uploads\/2026\/03\/creation_2558114853.png","datePublished":"2026-03-12T17:48:00+00:00","author":{"@id":"https:\/\/www.tuasaude.com\/news\/#\/schema\/person\/963d63d4e1f0c81f5f3a70ba4bcb0ef7"},"description":"Problemas de sa\u00fade mental no trabalho crescem no Brasil. Entenda os principais fatores que levam ao adoecimento emocional e os sinais de alerta.","breadcrumb":{"@id":"https:\/\/www.tuasaude.com\/news\/2026\/03\/12\/pressao-no-trabalho-esta-por-tras-do-aumento-de-problemas-de-saude-mental\/#breadcrumb"},"inLanguage":"pt-BR","potentialAction":[{"@type":"ReadAction","target":["https:\/\/www.tuasaude.com\/news\/2026\/03\/12\/pressao-no-trabalho-esta-por-tras-do-aumento-de-problemas-de-saude-mental\/"]}]},{"@type":"ImageObject","inLanguage":"pt-BR","@id":"https:\/\/www.tuasaude.com\/news\/2026\/03\/12\/pressao-no-trabalho-esta-por-tras-do-aumento-de-problemas-de-saude-mental\/#primaryimage","url":"https:\/\/www.tuasaude.com\/news\/wp-content\/uploads\/2026\/03\/creation_2558114853.png","contentUrl":"https:\/\/www.tuasaude.com\/news\/wp-content\/uploads\/2026\/03\/creation_2558114853.png","width":1280,"height":714,"caption":"Cansa\u00e7o constante, irritabilidade, dificuldade de concentra\u00e7\u00e3o e ins\u00f4nia podem ser sinais de alerta de sofrimento emocional relacionado ao trabalho."},{"@type":"BreadcrumbList","@id":"https:\/\/www.tuasaude.com\/news\/2026\/03\/12\/pressao-no-trabalho-esta-por-tras-do-aumento-de-problemas-de-saude-mental\/#breadcrumb","itemListElement":[{"@type":"ListItem","position":1,"name":"In\u00edcio","item":"https:\/\/www.tuasaude.com\/news\/"},{"@type":"ListItem","position":2,"name":"Press\u00e3o no trabalho est\u00e1 por tr\u00e1s do aumento de problemas de sa\u00fade mental"}]},{"@type":"WebSite","@id":"https:\/\/www.tuasaude.com\/news\/#website","url":"https:\/\/www.tuasaude.com\/news\/","name":"Tua Sa\u00fade","description":"Seu site de sa\u00fade","potentialAction":[{"@type":"SearchAction","target":{"@type":"EntryPoint","urlTemplate":"https:\/\/www.tuasaude.com\/news\/?s={search_term_string}"},"query-input":{"@type":"PropertyValueSpecification","valueRequired":true,"valueName":"search_term_string"}}],"inLanguage":"pt-BR"},{"@type":"Person","@id":"https:\/\/www.tuasaude.com\/news\/#\/schema\/person\/963d63d4e1f0c81f5f3a70ba4bcb0ef7","name":"Jeferson Henrique","image":{"@type":"ImageObject","inLanguage":"pt-BR","@id":"https:\/\/www.tuasaude.com\/news\/#\/schema\/person\/image\/","url":"https:\/\/secure.gravatar.com\/avatar\/1a476a54a48eb3cdea5dd2f016708263892c6b9f5e54b641df7c65e980fd6f69?s=96&d=mm&r=g","contentUrl":"https:\/\/secure.gravatar.com\/avatar\/1a476a54a48eb3cdea5dd2f016708263892c6b9f5e54b641df7c65e980fd6f69?s=96&d=mm&r=g","caption":"Jeferson Henrique"},"sameAs":["https:\/\/www.tuasaude.com\/news\/"],"url":"https:\/\/www.tuasaude.com\/news\/author\/jeferson-henrique\/"}]}},"_links":{"self":[{"href":"https:\/\/www.tuasaude.com\/news\/wp-json\/wp\/v2\/posts\/8027","targetHints":{"allow":["GET"]}}],"collection":[{"href":"https:\/\/www.tuasaude.com\/news\/wp-json\/wp\/v2\/posts"}],"about":[{"href":"https:\/\/www.tuasaude.com\/news\/wp-json\/wp\/v2\/types\/post"}],"author":[{"embeddable":true,"href":"https:\/\/www.tuasaude.com\/news\/wp-json\/wp\/v2\/users\/12"}],"replies":[{"embeddable":true,"href":"https:\/\/www.tuasaude.com\/news\/wp-json\/wp\/v2\/comments?post=8027"}],"version-history":[{"count":3,"href":"https:\/\/www.tuasaude.com\/news\/wp-json\/wp\/v2\/posts\/8027\/revisions"}],"predecessor-version":[{"id":8260,"href":"https:\/\/www.tuasaude.com\/news\/wp-json\/wp\/v2\/posts\/8027\/revisions\/8260"}],"wp:featuredmedia":[{"embeddable":true,"href":"https:\/\/www.tuasaude.com\/news\/wp-json\/wp\/v2\/media\/8244"}],"wp:attachment":[{"href":"https:\/\/www.tuasaude.com\/news\/wp-json\/wp\/v2\/media?parent=8027"}],"wp:term":[{"taxonomy":"category","embeddable":true,"href":"https:\/\/www.tuasaude.com\/news\/wp-json\/wp\/v2\/categories?post=8027"},{"taxonomy":"post_tag","embeddable":true,"href":"https:\/\/www.tuasaude.com\/news\/wp-json\/wp\/v2\/tags?post=8027"}],"curies":[{"name":"wp","href":"https:\/\/api.w.org\/{rel}","templated":true}]}}