{"id":8023,"date":"2026-03-12T12:55:00","date_gmt":"2026-03-12T15:55:00","guid":{"rendered":"https:\/\/www.tuasaude.com\/news\/?p=8023"},"modified":"2026-03-12T00:06:52","modified_gmt":"2026-03-12T03:06:52","slug":"esses-habitos-do-dia-a-dia-podem-proteger-ou-prejudicar-os-pulmoes","status":"publish","type":"post","link":"https:\/\/www.tuasaude.com\/news\/2026\/03\/12\/esses-habitos-do-dia-a-dia-podem-proteger-ou-prejudicar-os-pulmoes\/","title":{"rendered":"Esses h\u00e1bitos do dia a dia podem proteger ou prejudicar os pulm\u00f5es"},"content":{"rendered":"\n<p>Os pulm\u00f5es s\u00e3o os \u00f3rg\u00e3os mais importantes do sistema respirat\u00f3rio e trabalham sem parar para manter cada c\u00e9lula do seu corpo com vida. A cada respira\u00e7\u00e3o, eles captam o oxig\u00eanio do ar e eliminam o di\u00f3xido de carbono produzido pelo organismo \u2014 um processo t\u00e3o essencial que, sem ele, o corpo simplesmente <strong>para de funcionar<\/strong>. Entender como esse \u00f3rg\u00e3o trabalha, quais doen\u00e7as podem afet\u00e1-lo e o que fazer para preserv\u00e1-lo \u00e9 o primeiro passo para cuidar melhor da sua sa\u00fade.<\/p>\n\n\n\n<h2 class=\"wp-block-heading\">Como o pulm\u00e3o funciona no seu corpo<\/h2>\n\n\n\n<p>O ser humano possui dois pulm\u00f5es localizados dentro do t\u00f3rax, um de cada lado do cora\u00e7\u00e3o. O pulm\u00e3o direito \u00e9 dividido em tr\u00eas partes (lobos) e o esquerdo em duas, justamente para dar espa\u00e7o ao cora\u00e7\u00e3o. Juntos, eles formam uma superf\u00edcie de troca gasosa que pode chegar a mais de 100 metros quadrados \u2014 \u00e1rea suficiente para abastecer todo o organismo de oxig\u00eanio.<\/p>\n\n\n\n<p>O ar entra pelo nariz ou pela boca, passa pela garganta e pela traqueia at\u00e9 chegar aos br\u00f4nquios, que se ramificam como uma \u00e1rvore dentro dos pulm\u00f5es. No fim dessas ramifica\u00e7\u00f5es est\u00e3o os alv\u00e9olos, pequenos sacos de ar onde o oxig\u00eanio passa para o sangue e o di\u00f3xido de carbono \u00e9 retirado. Esse processo acontece milhares de vezes por dia, de forma autom\u00e1tica e silenciosa.<\/p>\n\n\n<div class=\"wp-block-image\">\n<figure class=\"aligncenter size-large\"><img decoding=\"async\" width=\"1024\" height=\"571\" src=\"https:\/\/www.tuasaude.com\/news\/wp-content\/uploads\/2026\/03\/creation_2558119946-1024x571.png\" alt=\"Esses h\u00e1bitos do dia a dia podem proteger ou prejudicar os pulm\u00f5es\" class=\"wp-image-8221\" srcset=\"https:\/\/www.tuasaude.com\/news\/wp-content\/uploads\/2026\/03\/creation_2558119946-1024x571.png 1024w, https:\/\/www.tuasaude.com\/news\/wp-content\/uploads\/2026\/03\/creation_2558119946-300x167.png 300w, https:\/\/www.tuasaude.com\/news\/wp-content\/uploads\/2026\/03\/creation_2558119946-768x428.png 768w, https:\/\/www.tuasaude.com\/news\/wp-content\/uploads\/2026\/03\/creation_2558119946-750x418.png 750w, https:\/\/www.tuasaude.com\/news\/wp-content\/uploads\/2026\/03\/creation_2558119946-1140x636.png 1140w, https:\/\/www.tuasaude.com\/news\/wp-content\/uploads\/2026\/03\/creation_2558119946.png 1280w\" sizes=\"(max-width: 1024px) 100vw, 1024px\" \/><figcaption class=\"wp-element-caption\">Os pulm\u00f5es s\u00e3o respons\u00e1veis por captar oxig\u00eanio e eliminar di\u00f3xido de carbono, processo essencial para manter o corpo funcionando.<\/figcaption><\/figure>\n<\/div>\n\n\n<h2 class=\"wp-block-heading\">Doen\u00e7as que afetam os pulm\u00f5es<\/h2>\n\n\n\n<p>Diversas condi\u00e7\u00f5es podem comprometer a sa\u00fade pulmonar, algumas silenciosas no in\u00edcio e outras com sintomas mais evidentes. Conhec\u00ea-las ajuda a identificar sinais de alerta mais cedo. As doen\u00e7as mais comuns que afetam os pulm\u00f5es incluem:<\/p>\n\n\n\n<ul class=\"wp-block-list\">\n<li><strong>Asma:<\/strong>&nbsp;causa estreitamento das vias respirat\u00f3rias, dificultando a passagem do ar e provocando chiado no peito e falta de ar.<\/li>\n\n\n\n<li><strong>DPOC (Doen\u00e7a Pulmonar Obstrutiva Cr\u00f4nica):<\/strong>&nbsp;grupo de doen\u00e7as, como enfisema e bronquite cr\u00f4nica, que obstruem progressivamente o fluxo de ar e s\u00e3o fortemente ligadas ao tabagismo.<\/li>\n\n\n\n<li><strong>Pneumonia:<\/strong>&nbsp;inflama\u00e7\u00e3o dos alv\u00e9olos causada por v\u00edrus, bact\u00e9rias ou fungos, que pode ser grave em pessoas com imunidade baixa.<\/li>\n\n\n\n<li><strong>Tuberculose:<\/strong>&nbsp;infec\u00e7\u00e3o bacteriana que afeta principalmente o tecido pulmonar e exige tratamento longo com antibi\u00f3ticos espec\u00edficos.<\/li>\n\n\n\n<li><strong>C\u00e2ncer de pulm\u00e3o:<\/strong>&nbsp;um dos tipos de c\u00e2ncer mais letais, com forte associa\u00e7\u00e3o ao tabagismo e \u00e0 exposi\u00e7\u00e3o prolongada a subst\u00e2ncias t\u00f3xicas.<\/li>\n<\/ul>\n\n\n\n<h2 class=\"wp-block-heading\">O que prejudica a sa\u00fade dos pulm\u00f5es<\/h2>\n\n\n\n<p>Os pulm\u00f5es s\u00e3o \u00f3rg\u00e3os sens\u00edveis e est\u00e3o em contato direto com tudo que \u00e9 inalado. Por isso, certos h\u00e1bitos e exposi\u00e7\u00f5es rotineiras representam riscos s\u00e9rios para o tecido pulmonar ao longo do tempo. Os principais fatores que prejudicam os pulm\u00f5es s\u00e3o:<\/p>\n\n\n\n<ul class=\"wp-block-list\">\n<li><strong>Tabagismo:<\/strong>&nbsp;principal causa de doen\u00e7as pulmonares cr\u00f4nicas e c\u00e2ncer de pulm\u00e3o no mundo.<\/li>\n\n\n\n<li><strong>Polui\u00e7\u00e3o do ar:<\/strong>&nbsp;part\u00edculas finas presentes em ambientes urbanos e industriais irritam as vias respirat\u00f3rias de forma cont\u00ednua.<\/li>\n\n\n\n<li><strong>Exposi\u00e7\u00e3o ocupacional:<\/strong>&nbsp;contato prolongado com poeira, fuma\u00e7a qu\u00edmica ou amianto aumenta o risco de doen\u00e7as pulmonares graves.<\/li>\n\n\n\n<li><strong>Sedentarismo:<\/strong>&nbsp;a falta de atividade f\u00edsica reduz a capacidade respirat\u00f3ria com o tempo.<\/li>\n\n\n\n<li><strong>Infec\u00e7\u00f5es respirat\u00f3rias n\u00e3o tratadas:<\/strong>&nbsp;podem evoluir para complica\u00e7\u00f5es s\u00e9rias quando ignoradas.<\/li>\n<\/ul>\n\n\n\n<h2 class=\"wp-block-heading\">O que a ci\u00eancia diz sobre exerc\u00edcio f\u00edsico e sa\u00fade pulmonar<\/h2>\n\n\n\n<p>A rela\u00e7\u00e3o entre atividade f\u00edsica e fun\u00e7\u00e3o pulmonar vai muito al\u00e9m do condicionamento f\u00edsico. Um estudo de coorte com dados do UK Biobank, publicado em 2023 na revista&nbsp;<em>Respiratory Medicine<\/em>, acompanhou milhares de adultos e mostrou que n\u00edveis mais baixos de atividade f\u00edsica estavam associados a um decl\u00ednio mais acelerado da fun\u00e7\u00e3o pulmonar ao longo do tempo. Os pesquisadores tamb\u00e9m identificaram uma forte liga\u00e7\u00e3o entre perda de for\u00e7a muscular e piora na capacidade respirat\u00f3ria. Segundo o estudo&nbsp;<a href=\"https:\/\/www.resmedjournal.com\/article\/S0954-6111(23)00364-5\/fulltext\" target=\"_blank\" rel=\"noreferrer noopener\"><em>The longitudinal association between physical activity, strength and fitness, and lung function<\/em><\/a>, publicado na&nbsp;<em>Respiratory Medicine<\/em>&nbsp;em 2023, manter-se ativo regularmente \u00e9 uma das formas mais eficazes de preservar a sa\u00fade dos pulm\u00f5es na vida adulta \u2014 especialmente \u00e0 medida que a idade avan\u00e7a.<\/p>\n\n\n<div class=\"wp-block-image\">\n<figure class=\"aligncenter size-large\"><img decoding=\"async\" width=\"1024\" height=\"441\" src=\"https:\/\/www.tuasaude.com\/news\/wp-content\/uploads\/2026\/03\/convertido-19-1024x441.jpg\" alt=\"\" class=\"wp-image-8029\" srcset=\"https:\/\/www.tuasaude.com\/news\/wp-content\/uploads\/2026\/03\/convertido-19-1024x441.jpg 1024w, https:\/\/www.tuasaude.com\/news\/wp-content\/uploads\/2026\/03\/convertido-19-300x129.jpg 300w, https:\/\/www.tuasaude.com\/news\/wp-content\/uploads\/2026\/03\/convertido-19-768x331.jpg 768w, https:\/\/www.tuasaude.com\/news\/wp-content\/uploads\/2026\/03\/convertido-19-750x323.jpg 750w, https:\/\/www.tuasaude.com\/news\/wp-content\/uploads\/2026\/03\/convertido-19-1140x491.jpg 1140w, https:\/\/www.tuasaude.com\/news\/wp-content\/uploads\/2026\/03\/convertido-19.jpg 1280w\" sizes=\"(max-width: 1024px) 100vw, 1024px\" \/><\/figure>\n<\/div>\n\n\n<h2 class=\"wp-block-heading\">H\u00e1bitos que protegem os pulm\u00f5es no dia a dia<\/h2>\n\n\n\n<p>Pequenas mudan\u00e7as na rotina t\u00eam impacto direto na sa\u00fade respirat\u00f3ria. N\u00e3o fumar \u2014 ou parar de fumar o quanto antes \u2014 \u00e9 a medida mais importante. Praticar atividade f\u00edsica regularmente, mesmo caminhadas de intensidade moderada, ajuda a fortalecer os m\u00fasculos respons\u00e1veis pela respira\u00e7\u00e3o e a manter a capacidade pulmonar por mais tempo.<\/p>\n\n\n\n<p>Ambientes bem ventilados, longe de fuma\u00e7a e poeira, tamb\u00e9m fazem diferen\u00e7a. Manter a vacina\u00e7\u00e3o em dia \u2014 especialmente contra gripe e pneumonia \u2014 reduz o risco de infec\u00e7\u00f5es que podem sobrecarregar os pulm\u00f5es. Beber \u00e1gua suficiente ao longo do dia contribui para que as vias respirat\u00f3rias fiquem \u00famidas e funcionem melhor na filtragem do ar.<\/p>\n\n\n\n<p><em>Se voc\u00ea apresentar tosse persistente, falta de ar, chiado no peito ou qualquer outro sintoma respirat\u00f3rio, procure um m\u00e9dico para avalia\u00e7\u00e3o. Somente um profissional de sa\u00fade pode diagnosticar doen\u00e7as pulmonares e indicar o tratamento mais adequado para o seu caso.<\/em><\/p>\n","protected":false},"excerpt":{"rendered":"<p>Os pulm\u00f5es s\u00e3o os \u00f3rg\u00e3os mais importantes do sistema respirat\u00f3rio e trabalham sem parar para manter cada c\u00e9lula do seu corpo com vida. A cada respira\u00e7\u00e3o, eles captam o oxig\u00eanio do ar e eliminam o di\u00f3xido de carbono produzido pelo organismo \u2014 um processo t\u00e3o essencial que, sem ele, o corpo simplesmente para de funcionar. [&hellip;]<\/p>\n","protected":false},"author":12,"featured_media":8220,"comment_status":"open","ping_status":"open","sticky":false,"template":"","format":"standard","meta":{"_yoast_wpseo_focuskw":"pulmao","_yoast_wpseo_title":"","_yoast_wpseo_metadesc":"Os pulm\u00f5es s\u00e3o essenciais para levar oxig\u00eanio ao corpo. Entenda como funcionam, quais doen\u00e7as podem afet\u00e1-los e o que ajuda a proteger a sa\u00fade respirat\u00f3ria.","jnews-multi-image_gallery":[],"jnews_single_post":{"format":"standard"},"jnews_primary_category":[],"jnews_social_meta":[],"jnews_override_counter":[],"footnotes":""},"categories":[111],"tags":[145,197,1796,1496],"class_list":["post-8023","post","type-post","status-publish","format-standard","has-post-thumbnail","hentry","category-saude","tag-bem-estar","tag-respiracao","tag-saude-2","tag-saude-pulmonar"],"yoast_head":"<!-- This site is optimized with the Yoast SEO plugin v26.7 - https:\/\/yoast.com\/wordpress\/plugins\/seo\/ -->\n<title>Esses h\u00e1bitos do dia a dia podem proteger ou prejudicar os pulm\u00f5es - Tua Sa\u00fade<\/title>\n<meta name=\"description\" content=\"Os pulm\u00f5es s\u00e3o essenciais para levar oxig\u00eanio ao corpo. Entenda como funcionam, quais doen\u00e7as podem afet\u00e1-los e o que ajuda a proteger a sa\u00fade respirat\u00f3ria.\" \/>\n<meta name=\"robots\" content=\"index, follow, max-snippet:-1, max-image-preview:large, max-video-preview:-1\" \/>\n<link rel=\"canonical\" href=\"https:\/\/www.tuasaude.com\/news\/2026\/03\/12\/esses-habitos-do-dia-a-dia-podem-proteger-ou-prejudicar-os-pulmoes\/\" \/>\n<meta property=\"og:locale\" content=\"pt_BR\" \/>\n<meta property=\"og:type\" content=\"article\" \/>\n<meta property=\"og:title\" content=\"Esses h\u00e1bitos do dia a dia podem proteger ou prejudicar os pulm\u00f5es - Tua Sa\u00fade\" \/>\n<meta property=\"og:description\" content=\"Os pulm\u00f5es s\u00e3o essenciais para levar oxig\u00eanio ao corpo. Entenda como funcionam, quais doen\u00e7as podem afet\u00e1-los e o que ajuda a proteger a sa\u00fade respirat\u00f3ria.\" \/>\n<meta property=\"og:url\" content=\"https:\/\/www.tuasaude.com\/news\/2026\/03\/12\/esses-habitos-do-dia-a-dia-podem-proteger-ou-prejudicar-os-pulmoes\/\" \/>\n<meta property=\"og:site_name\" content=\"Tua Sa\u00fade\" \/>\n<meta property=\"article:published_time\" content=\"2026-03-12T15:55:00+00:00\" \/>\n<meta property=\"og:image\" content=\"https:\/\/www.tuasaude.com\/news\/wp-content\/uploads\/2026\/03\/creation_2558119628.png\" \/>\n\t<meta property=\"og:image:width\" content=\"1280\" \/>\n\t<meta property=\"og:image:height\" content=\"714\" \/>\n\t<meta property=\"og:image:type\" content=\"image\/png\" \/>\n<meta name=\"author\" content=\"Jeferson Henrique\" \/>\n<meta name=\"twitter:card\" content=\"summary_large_image\" \/>\n<meta name=\"twitter:label1\" content=\"Escrito por\" \/>\n\t<meta name=\"twitter:data1\" content=\"Jeferson Henrique\" \/>\n\t<meta name=\"twitter:label2\" content=\"Est. tempo de leitura\" \/>\n\t<meta name=\"twitter:data2\" content=\"5 minutos\" \/>\n<!-- \/ Yoast SEO plugin. -->","yoast_head_json":{"title":"Esses h\u00e1bitos do dia a dia podem proteger ou prejudicar os pulm\u00f5es - Tua Sa\u00fade","description":"Os pulm\u00f5es s\u00e3o essenciais para levar oxig\u00eanio ao corpo. Entenda como funcionam, quais doen\u00e7as podem afet\u00e1-los e o que ajuda a proteger a sa\u00fade respirat\u00f3ria.","robots":{"index":"index","follow":"follow","max-snippet":"max-snippet:-1","max-image-preview":"max-image-preview:large","max-video-preview":"max-video-preview:-1"},"canonical":"https:\/\/www.tuasaude.com\/news\/2026\/03\/12\/esses-habitos-do-dia-a-dia-podem-proteger-ou-prejudicar-os-pulmoes\/","og_locale":"pt_BR","og_type":"article","og_title":"Esses h\u00e1bitos do dia a dia podem proteger ou prejudicar os pulm\u00f5es - Tua Sa\u00fade","og_description":"Os pulm\u00f5es s\u00e3o essenciais para levar oxig\u00eanio ao corpo. Entenda como funcionam, quais doen\u00e7as podem afet\u00e1-los e o que ajuda a proteger a sa\u00fade respirat\u00f3ria.","og_url":"https:\/\/www.tuasaude.com\/news\/2026\/03\/12\/esses-habitos-do-dia-a-dia-podem-proteger-ou-prejudicar-os-pulmoes\/","og_site_name":"Tua Sa\u00fade","article_published_time":"2026-03-12T15:55:00+00:00","og_image":[{"width":1280,"height":714,"url":"https:\/\/www.tuasaude.com\/news\/wp-content\/uploads\/2026\/03\/creation_2558119628.png","type":"image\/png"}],"author":"Jeferson Henrique","twitter_card":"summary_large_image","twitter_misc":{"Escrito por":"Jeferson Henrique","Est. tempo de leitura":"5 minutos"},"schema":{"@context":"https:\/\/schema.org","@graph":[{"@type":"Article","@id":"https:\/\/www.tuasaude.com\/news\/2026\/03\/12\/esses-habitos-do-dia-a-dia-podem-proteger-ou-prejudicar-os-pulmoes\/#article","isPartOf":{"@id":"https:\/\/www.tuasaude.com\/news\/2026\/03\/12\/esses-habitos-do-dia-a-dia-podem-proteger-ou-prejudicar-os-pulmoes\/"},"author":{"name":"Jeferson Henrique","@id":"https:\/\/www.tuasaude.com\/news\/#\/schema\/person\/963d63d4e1f0c81f5f3a70ba4bcb0ef7"},"headline":"Esses h\u00e1bitos do dia a dia podem proteger ou prejudicar os pulm\u00f5es","datePublished":"2026-03-12T15:55:00+00:00","mainEntityOfPage":{"@id":"https:\/\/www.tuasaude.com\/news\/2026\/03\/12\/esses-habitos-do-dia-a-dia-podem-proteger-ou-prejudicar-os-pulmoes\/"},"wordCount":934,"commentCount":0,"image":{"@id":"https:\/\/www.tuasaude.com\/news\/2026\/03\/12\/esses-habitos-do-dia-a-dia-podem-proteger-ou-prejudicar-os-pulmoes\/#primaryimage"},"thumbnailUrl":"https:\/\/www.tuasaude.com\/news\/wp-content\/uploads\/2026\/03\/creation_2558119628.png","keywords":["bem-estar","respira\u00e7\u00e3o","saude","sa\u00fade pulmonar"],"articleSection":["Sa\u00fade"],"inLanguage":"pt-BR","potentialAction":[{"@type":"CommentAction","name":"Comment","target":["https:\/\/www.tuasaude.com\/news\/2026\/03\/12\/esses-habitos-do-dia-a-dia-podem-proteger-ou-prejudicar-os-pulmoes\/#respond"]}]},{"@type":"WebPage","@id":"https:\/\/www.tuasaude.com\/news\/2026\/03\/12\/esses-habitos-do-dia-a-dia-podem-proteger-ou-prejudicar-os-pulmoes\/","url":"https:\/\/www.tuasaude.com\/news\/2026\/03\/12\/esses-habitos-do-dia-a-dia-podem-proteger-ou-prejudicar-os-pulmoes\/","name":"Esses h\u00e1bitos do dia a dia podem proteger ou prejudicar os pulm\u00f5es - Tua Sa\u00fade","isPartOf":{"@id":"https:\/\/www.tuasaude.com\/news\/#website"},"primaryImageOfPage":{"@id":"https:\/\/www.tuasaude.com\/news\/2026\/03\/12\/esses-habitos-do-dia-a-dia-podem-proteger-ou-prejudicar-os-pulmoes\/#primaryimage"},"image":{"@id":"https:\/\/www.tuasaude.com\/news\/2026\/03\/12\/esses-habitos-do-dia-a-dia-podem-proteger-ou-prejudicar-os-pulmoes\/#primaryimage"},"thumbnailUrl":"https:\/\/www.tuasaude.com\/news\/wp-content\/uploads\/2026\/03\/creation_2558119628.png","datePublished":"2026-03-12T15:55:00+00:00","author":{"@id":"https:\/\/www.tuasaude.com\/news\/#\/schema\/person\/963d63d4e1f0c81f5f3a70ba4bcb0ef7"},"description":"Os pulm\u00f5es s\u00e3o essenciais para levar oxig\u00eanio ao corpo. Entenda como funcionam, quais doen\u00e7as podem afet\u00e1-los e o que ajuda a proteger a sa\u00fade respirat\u00f3ria.","breadcrumb":{"@id":"https:\/\/www.tuasaude.com\/news\/2026\/03\/12\/esses-habitos-do-dia-a-dia-podem-proteger-ou-prejudicar-os-pulmoes\/#breadcrumb"},"inLanguage":"pt-BR","potentialAction":[{"@type":"ReadAction","target":["https:\/\/www.tuasaude.com\/news\/2026\/03\/12\/esses-habitos-do-dia-a-dia-podem-proteger-ou-prejudicar-os-pulmoes\/"]}]},{"@type":"ImageObject","inLanguage":"pt-BR","@id":"https:\/\/www.tuasaude.com\/news\/2026\/03\/12\/esses-habitos-do-dia-a-dia-podem-proteger-ou-prejudicar-os-pulmoes\/#primaryimage","url":"https:\/\/www.tuasaude.com\/news\/wp-content\/uploads\/2026\/03\/creation_2558119628.png","contentUrl":"https:\/\/www.tuasaude.com\/news\/wp-content\/uploads\/2026\/03\/creation_2558119628.png","width":1280,"height":714,"caption":"N\u00e3o fumar, praticar atividade f\u00edsica e evitar polui\u00e7\u00e3o e fuma\u00e7a s\u00e3o h\u00e1bitos importantes para proteger a sa\u00fade dos pulm\u00f5es."},{"@type":"BreadcrumbList","@id":"https:\/\/www.tuasaude.com\/news\/2026\/03\/12\/esses-habitos-do-dia-a-dia-podem-proteger-ou-prejudicar-os-pulmoes\/#breadcrumb","itemListElement":[{"@type":"ListItem","position":1,"name":"In\u00edcio","item":"https:\/\/www.tuasaude.com\/news\/"},{"@type":"ListItem","position":2,"name":"Esses h\u00e1bitos do dia a dia podem proteger ou prejudicar os pulm\u00f5es"}]},{"@type":"WebSite","@id":"https:\/\/www.tuasaude.com\/news\/#website","url":"https:\/\/www.tuasaude.com\/news\/","name":"Tua Sa\u00fade","description":"Seu site de sa\u00fade","potentialAction":[{"@type":"SearchAction","target":{"@type":"EntryPoint","urlTemplate":"https:\/\/www.tuasaude.com\/news\/?s={search_term_string}"},"query-input":{"@type":"PropertyValueSpecification","valueRequired":true,"valueName":"search_term_string"}}],"inLanguage":"pt-BR"},{"@type":"Person","@id":"https:\/\/www.tuasaude.com\/news\/#\/schema\/person\/963d63d4e1f0c81f5f3a70ba4bcb0ef7","name":"Jeferson Henrique","image":{"@type":"ImageObject","inLanguage":"pt-BR","@id":"https:\/\/www.tuasaude.com\/news\/#\/schema\/person\/image\/","url":"https:\/\/secure.gravatar.com\/avatar\/1a476a54a48eb3cdea5dd2f016708263892c6b9f5e54b641df7c65e980fd6f69?s=96&d=mm&r=g","contentUrl":"https:\/\/secure.gravatar.com\/avatar\/1a476a54a48eb3cdea5dd2f016708263892c6b9f5e54b641df7c65e980fd6f69?s=96&d=mm&r=g","caption":"Jeferson Henrique"},"sameAs":["https:\/\/www.tuasaude.com\/news\/"],"url":"https:\/\/www.tuasaude.com\/news\/author\/jeferson-henrique\/"}]}},"_links":{"self":[{"href":"https:\/\/www.tuasaude.com\/news\/wp-json\/wp\/v2\/posts\/8023","targetHints":{"allow":["GET"]}}],"collection":[{"href":"https:\/\/www.tuasaude.com\/news\/wp-json\/wp\/v2\/posts"}],"about":[{"href":"https:\/\/www.tuasaude.com\/news\/wp-json\/wp\/v2\/types\/post"}],"author":[{"embeddable":true,"href":"https:\/\/www.tuasaude.com\/news\/wp-json\/wp\/v2\/users\/12"}],"replies":[{"embeddable":true,"href":"https:\/\/www.tuasaude.com\/news\/wp-json\/wp\/v2\/comments?post=8023"}],"version-history":[{"count":4,"href":"https:\/\/www.tuasaude.com\/news\/wp-json\/wp\/v2\/posts\/8023\/revisions"}],"predecessor-version":[{"id":8264,"href":"https:\/\/www.tuasaude.com\/news\/wp-json\/wp\/v2\/posts\/8023\/revisions\/8264"}],"wp:featuredmedia":[{"embeddable":true,"href":"https:\/\/www.tuasaude.com\/news\/wp-json\/wp\/v2\/media\/8220"}],"wp:attachment":[{"href":"https:\/\/www.tuasaude.com\/news\/wp-json\/wp\/v2\/media?parent=8023"}],"wp:term":[{"taxonomy":"category","embeddable":true,"href":"https:\/\/www.tuasaude.com\/news\/wp-json\/wp\/v2\/categories?post=8023"},{"taxonomy":"post_tag","embeddable":true,"href":"https:\/\/www.tuasaude.com\/news\/wp-json\/wp\/v2\/tags?post=8023"}],"curies":[{"name":"wp","href":"https:\/\/api.w.org\/{rel}","templated":true}]}}