{"id":8015,"date":"2026-03-12T11:15:00","date_gmt":"2026-03-12T14:15:00","guid":{"rendered":"https:\/\/www.tuasaude.com\/news\/?p=8015"},"modified":"2026-03-12T00:06:58","modified_gmt":"2026-03-12T03:06:58","slug":"exaustao-constante-e-dificuldade-de-concentracao-podem-indicar-burnout","status":"publish","type":"post","link":"https:\/\/www.tuasaude.com\/news\/2026\/03\/12\/exaustao-constante-e-dificuldade-de-concentracao-podem-indicar-burnout\/","title":{"rendered":"Exaust\u00e3o constante e dificuldade de concentra\u00e7\u00e3o podem indicar burnout"},"content":{"rendered":"\n<p>Cansa\u00e7o que n\u00e3o passa com o descanso. Dificuldade de concentra\u00e7\u00e3o. Sensa\u00e7\u00e3o de que o trabalho perdeu o sentido. Esses podem ser os primeiros sinais de algo que vai muito al\u00e9m do estresse comum \u2014 a s\u00edndrome de burnout, reconhecida pela Organiza\u00e7\u00e3o Mundial da Sa\u00fade (OMS) como doen\u00e7a ocupacional desde 2022 e adotada oficialmente no Brasil pelo novo CID-11 em 2025. O pa\u00eds ocupa a segunda posi\u00e7\u00e3o no ranking mundial de casos, com cerca de 30% das pessoas que trabalham afetadas pela condi\u00e7\u00e3o, segundo a Associa\u00e7\u00e3o Nacional de Medicina do Trabalho (Anamt). Entender o que \u00e9, como se manifesta e o que fazer a respeito nunca foi t\u00e3o urgente.<\/p>\n\n\n\n<h2 class=\"wp-block-heading\">O que \u00e9 burnout e o que o diferencia do estresse comum<\/h2>\n\n\n\n<p>O burnout \u00e9 classificado pelo CID-11 como um dist\u00farbio decorrente do estresse cr\u00f4nico no ambiente de trabalho que n\u00e3o foi adequadamente gerenciado. Ele se distingue do cansa\u00e7o passageiro por tr\u00eas caracter\u00edsticas centrais:&nbsp;<strong>exaust\u00e3o emocional e f\u00edsica persistente<\/strong>,&nbsp;<strong>sentimentos de negativismo ou distanciamento em rela\u00e7\u00e3o ao trabalho<\/strong>&nbsp;e&nbsp;<strong>redu\u00e7\u00e3o da efic\u00e1cia profissional<\/strong>. Uma pessoa em burnout pode ter energia para atividades pessoais \u2014 sair com amigos, curtir um filme \u2014 mas sente uma resist\u00eancia profunda e intranspon\u00edvel ao ambiente de trabalho. Essa distin\u00e7\u00e3o \u00e9 importante porque o burnout n\u00e3o \u00e9 frescura, fraqueza ou falta de comprometimento: \u00e9 uma resposta biol\u00f3gica e psicol\u00f3gica ao esgotamento prolongado.<\/p>\n\n\n<div class=\"wp-block-image\">\n<figure class=\"aligncenter size-large\"><img decoding=\"async\" width=\"1024\" height=\"571\" src=\"https:\/\/www.tuasaude.com\/news\/wp-content\/uploads\/2026\/03\/creation_2558161127-1024x571.png\" alt=\"Exaust\u00e3o constante e dificuldade de concentra\u00e7\u00e3o podem indicar burnout\" class=\"wp-image-8229\" srcset=\"https:\/\/www.tuasaude.com\/news\/wp-content\/uploads\/2026\/03\/creation_2558161127-1024x571.png 1024w, https:\/\/www.tuasaude.com\/news\/wp-content\/uploads\/2026\/03\/creation_2558161127-300x167.png 300w, https:\/\/www.tuasaude.com\/news\/wp-content\/uploads\/2026\/03\/creation_2558161127-768x428.png 768w, https:\/\/www.tuasaude.com\/news\/wp-content\/uploads\/2026\/03\/creation_2558161127-750x418.png 750w, https:\/\/www.tuasaude.com\/news\/wp-content\/uploads\/2026\/03\/creation_2558161127-1140x636.png 1140w, https:\/\/www.tuasaude.com\/news\/wp-content\/uploads\/2026\/03\/creation_2558161127.png 1280w\" sizes=\"(max-width: 1024px) 100vw, 1024px\" \/><figcaption class=\"wp-element-caption\">Exaust\u00e3o constante e dificuldade de concentra\u00e7\u00e3o podem indicar burnout<\/figcaption><\/figure>\n<\/div>\n\n\n<h2 class=\"wp-block-heading\">Sintomas que aparecem antes do colapso<\/h2>\n\n\n\n<p>O burnout raramente chega de uma vez. Ele se instala de forma silenciosa, e reconhecer os sinais precoces pode evitar um quadro mais grave. Os sintomas mais comuns incluem:<\/p>\n\n\n\n<ul class=\"wp-block-list\">\n<li><strong>Exaust\u00e3o f\u00edsica e mental constante<\/strong>, que n\u00e3o melhora com folgas ou fins de semana<\/li>\n\n\n\n<li><strong>Dificuldade de concentra\u00e7\u00e3o<\/strong>&nbsp;e queda no rendimento em tarefas que antes eram simples<\/li>\n\n\n\n<li><strong>Irritabilidade, ansiedade e sensa\u00e7\u00e3o de inseguran\u00e7a<\/strong>&nbsp;sem causa aparente<\/li>\n\n\n\n<li><strong>Altera\u00e7\u00f5es no sono<\/strong>&nbsp;\u2014 ins\u00f4nia ou sonol\u00eancia excessiva, mesmo ap\u00f3s noites longas<\/li>\n\n\n\n<li><strong>Cinismo e indiferen\u00e7a<\/strong>&nbsp;em rela\u00e7\u00e3o ao trabalho, \u00e0s tarefas e aos colegas<\/li>\n\n\n\n<li><strong>Sintomas f\u00edsicos<\/strong>&nbsp;como dores de cabe\u00e7a frequentes, tens\u00e3o muscular e problemas gastrointestinais<\/li>\n\n\n\n<li><strong>Sensa\u00e7\u00e3o de fracasso e incompet\u00eancia<\/strong>, mesmo quando o desempenho ainda \u00e9 adequado<\/li>\n<\/ul>\n\n\n\n<h2 class=\"wp-block-heading\">O que os dados brasileiros revelam sobre a s\u00edndrome<\/h2>\n\n\n\n<p>Um estudo publicado em 2025 na&nbsp;<em>Revista Brasileira de Medicina do Trabalho<\/em>, com dados do DATASUS referentes ao per\u00edodo de 2014 a 2024, revelou um crescimento de 96,4% nos casos notificados de burnout no Brasil ao longo da \u00faltima d\u00e9cada. O ano de 2024 registrou o maior pico hist\u00f3rico de notifica\u00e7\u00f5es \u2014 28,4% de todos os casos registrados no per\u00edodo. O perfil predominante s\u00e3o mulheres (71,6%), entre 35 e 49 anos, concentradas nas regi\u00f5es Sudeste e Nordeste. Em mais da metade dos casos (51,7%), houve necessidade de uso de psicof\u00e1rmacos. Os pesquisadores apontam que o aumento pode estar relacionado tanto \u00e0 maior preval\u00eancia real da s\u00edndrome quanto \u00e0 melhora no diagn\u00f3stico e na conscientiza\u00e7\u00e3o sobre sa\u00fade mental. Voc\u00ea pode acessar o estudo completo na&nbsp;<a href=\"https:\/\/rbmt.org.br\/details\/3153\/pt-BR\/sindrome-de-burnout-no-brasil--2014%E2%80%93-2024---variacoes-regionais-e-tendencia-temporal-em-um-estudo-epidemiologico\" target=\"_blank\" rel=\"noreferrer noopener\">Revista Brasileira de Medicina do Trabalho<\/a>.<\/p>\n\n\n\n<h2 class=\"wp-block-heading\">Quem est\u00e1 mais vulner\u00e1vel e por qu\u00ea<\/h2>\n\n\n\n<p>Embora qualquer trabalhador possa desenvolver burnout, alguns grupos apresentam risco mais elevado. Profissionais de sa\u00fade, educa\u00e7\u00e3o, seguran\u00e7a p\u00fablica e atendimento ao cliente est\u00e3o entre os mais afetados \u2014 \u00e1reas marcadas por alta press\u00e3o emocional, cobran\u00e7a por resultados e pouco controle sobre as condi\u00e7\u00f5es de trabalho. Mulheres com dupla jornada \u2014 que conciliam carreira, maternidade e responsabilidades dom\u00e9sticas \u2014 aparecem de forma consistente nos dados como o grupo mais vulner\u00e1vel. Caracter\u00edsticas individuais como perfeccionismo, dificuldade em estabelecer limites e tend\u00eancia \u00e0 autocobran\u00e7a excessiva tamb\u00e9m ampliam o risco. No fundo, por\u00e9m, especialistas da Fiocruz e da UFF s\u00e3o enf\u00e1ticos: o problema n\u00e3o est\u00e1 no trabalhador, mas nas condi\u00e7\u00f5es e na organiza\u00e7\u00e3o do trabalho \u2014 metas irreais, gest\u00e3o autorit\u00e1ria e aus\u00eancia de participa\u00e7\u00e3o nos processos decis\u00f3rios s\u00e3o os principais fatores estruturais.<\/p>\n\n\n<div class=\"wp-block-image\">\n<figure class=\"aligncenter size-large\"><img decoding=\"async\" width=\"1024\" height=\"422\" src=\"https:\/\/www.tuasaude.com\/news\/wp-content\/uploads\/2026\/03\/convertido-17-1024x422.jpg\" alt=\"\" class=\"wp-image-8020\" srcset=\"https:\/\/www.tuasaude.com\/news\/wp-content\/uploads\/2026\/03\/convertido-17-1024x422.jpg 1024w, https:\/\/www.tuasaude.com\/news\/wp-content\/uploads\/2026\/03\/convertido-17-300x124.jpg 300w, https:\/\/www.tuasaude.com\/news\/wp-content\/uploads\/2026\/03\/convertido-17-768x316.jpg 768w, https:\/\/www.tuasaude.com\/news\/wp-content\/uploads\/2026\/03\/convertido-17-750x309.jpg 750w, https:\/\/www.tuasaude.com\/news\/wp-content\/uploads\/2026\/03\/convertido-17-1140x469.jpg 1140w, https:\/\/www.tuasaude.com\/news\/wp-content\/uploads\/2026\/03\/convertido-17.jpg 1280w\" sizes=\"(max-width: 1024px) 100vw, 1024px\" \/><\/figure>\n<\/div>\n\n\n<h2 class=\"wp-block-heading\">Como tratar e o que as empresas precisam mudar<\/h2>\n\n\n\n<p>O tratamento do burnout \u00e9 multidisciplinar e pode envolver psicoterapia, acompanhamento psiqui\u00e1trico quando necess\u00e1rio, e em muitos casos afastamento tempor\u00e1rio do trabalho para recupera\u00e7\u00e3o. A Terapia Cognitivo-Comportamental (TCC) tem boas evid\u00eancias de efic\u00e1cia para os sintomas associados ao esgotamento, como ansiedade e pensamentos disfuncionais sobre desempenho. No entanto, especialistas s\u00e3o un\u00e2nimes: tratar o indiv\u00edduo sem mudar o ambiente tem efeito limitado. Empresas que investem em gest\u00e3o participativa, redu\u00e7\u00e3o de sobrecarga, limites claros de jornada e suporte psicol\u00f3gico acess\u00edvel conseguem resultados muito mais duradouros. O burnout j\u00e1 provoca afastamentos, erros, rotatividade e perda de produtividade \u2014 o custo de ignor\u00e1-lo \u00e9 alto para todos os lados.<\/p>\n\n\n\n<p><em>Este artigo tem car\u00e1ter informativo. Se voc\u00ea se identifica com os sintomas descritos, procure um psic\u00f3logo ou m\u00e9dico do trabalho para avalia\u00e7\u00e3o. O burnout tem tratamento, e pedir ajuda \u00e9 o primeiro passo.<\/em><\/p>\n","protected":false},"excerpt":{"rendered":"<p>Cansa\u00e7o que n\u00e3o passa com o descanso. Dificuldade de concentra\u00e7\u00e3o. Sensa\u00e7\u00e3o de que o trabalho perdeu o sentido. Esses podem ser os primeiros sinais de algo que vai muito al\u00e9m do estresse comum \u2014 a s\u00edndrome de burnout, reconhecida pela Organiza\u00e7\u00e3o Mundial da Sa\u00fade (OMS) como doen\u00e7a ocupacional desde 2022 e adotada oficialmente no Brasil [&hellip;]<\/p>\n","protected":false},"author":12,"featured_media":8228,"comment_status":"open","ping_status":"open","sticky":false,"template":"","format":"standard","meta":{"_yoast_wpseo_focuskw":"Burnout","_yoast_wpseo_title":"","_yoast_wpseo_metadesc":"Burnout \u00e9 um esgotamento ligado ao trabalho que cresce no Brasil. Veja os sintomas mais comuns e por que o problema n\u00e3o pode mais ser ignorado.","jnews-multi-image_gallery":[],"jnews_single_post":{"format":"standard"},"jnews_primary_category":[],"jnews_social_meta":[],"jnews_override_counter":[],"footnotes":""},"categories":[111],"tags":[145,1391,193,1393,136],"class_list":["post-8015","post","type-post","status-publish","format-standard","has-post-thumbnail","hentry","category-saude","tag-bem-estar","tag-burnout","tag-cansaco","tag-qualidade-do-trabalho","tag-saude"],"yoast_head":"<!-- This site is optimized with the Yoast SEO plugin v26.7 - https:\/\/yoast.com\/wordpress\/plugins\/seo\/ -->\n<title>Exaust\u00e3o constante e dificuldade de concentra\u00e7\u00e3o podem indicar burnout - Tua Sa\u00fade<\/title>\n<meta name=\"description\" content=\"Burnout \u00e9 um esgotamento ligado ao trabalho que cresce no Brasil. Veja os sintomas mais comuns e por que o problema n\u00e3o pode mais ser ignorado.\" \/>\n<meta name=\"robots\" content=\"index, follow, max-snippet:-1, max-image-preview:large, max-video-preview:-1\" \/>\n<link rel=\"canonical\" href=\"https:\/\/www.tuasaude.com\/news\/2026\/03\/12\/exaustao-constante-e-dificuldade-de-concentracao-podem-indicar-burnout\/\" \/>\n<meta property=\"og:locale\" content=\"pt_BR\" \/>\n<meta property=\"og:type\" content=\"article\" \/>\n<meta property=\"og:title\" content=\"Exaust\u00e3o constante e dificuldade de concentra\u00e7\u00e3o podem indicar burnout - Tua Sa\u00fade\" \/>\n<meta property=\"og:description\" content=\"Burnout \u00e9 um esgotamento ligado ao trabalho que cresce no Brasil. Veja os sintomas mais comuns e por que o problema n\u00e3o pode mais ser ignorado.\" \/>\n<meta property=\"og:url\" content=\"https:\/\/www.tuasaude.com\/news\/2026\/03\/12\/exaustao-constante-e-dificuldade-de-concentracao-podem-indicar-burnout\/\" \/>\n<meta property=\"og:site_name\" content=\"Tua Sa\u00fade\" \/>\n<meta property=\"article:published_time\" content=\"2026-03-12T14:15:00+00:00\" \/>\n<meta property=\"og:image\" content=\"https:\/\/www.tuasaude.com\/news\/wp-content\/uploads\/2026\/03\/creation_2558128482.png\" \/>\n\t<meta property=\"og:image:width\" content=\"1280\" \/>\n\t<meta property=\"og:image:height\" content=\"714\" \/>\n\t<meta property=\"og:image:type\" content=\"image\/png\" \/>\n<meta name=\"author\" content=\"Jeferson Henrique\" \/>\n<meta name=\"twitter:card\" content=\"summary_large_image\" \/>\n<meta name=\"twitter:label1\" content=\"Escrito por\" \/>\n\t<meta name=\"twitter:data1\" content=\"Jeferson Henrique\" \/>\n\t<meta name=\"twitter:label2\" content=\"Est. tempo de leitura\" \/>\n\t<meta name=\"twitter:data2\" content=\"5 minutos\" \/>\n<!-- \/ Yoast SEO plugin. -->","yoast_head_json":{"title":"Exaust\u00e3o constante e dificuldade de concentra\u00e7\u00e3o podem indicar burnout - Tua Sa\u00fade","description":"Burnout \u00e9 um esgotamento ligado ao trabalho que cresce no Brasil. Veja os sintomas mais comuns e por que o problema n\u00e3o pode mais ser ignorado.","robots":{"index":"index","follow":"follow","max-snippet":"max-snippet:-1","max-image-preview":"max-image-preview:large","max-video-preview":"max-video-preview:-1"},"canonical":"https:\/\/www.tuasaude.com\/news\/2026\/03\/12\/exaustao-constante-e-dificuldade-de-concentracao-podem-indicar-burnout\/","og_locale":"pt_BR","og_type":"article","og_title":"Exaust\u00e3o constante e dificuldade de concentra\u00e7\u00e3o podem indicar burnout - Tua Sa\u00fade","og_description":"Burnout \u00e9 um esgotamento ligado ao trabalho que cresce no Brasil. Veja os sintomas mais comuns e por que o problema n\u00e3o pode mais ser ignorado.","og_url":"https:\/\/www.tuasaude.com\/news\/2026\/03\/12\/exaustao-constante-e-dificuldade-de-concentracao-podem-indicar-burnout\/","og_site_name":"Tua Sa\u00fade","article_published_time":"2026-03-12T14:15:00+00:00","og_image":[{"width":1280,"height":714,"url":"https:\/\/www.tuasaude.com\/news\/wp-content\/uploads\/2026\/03\/creation_2558128482.png","type":"image\/png"}],"author":"Jeferson Henrique","twitter_card":"summary_large_image","twitter_misc":{"Escrito por":"Jeferson Henrique","Est. tempo de leitura":"5 minutos"},"schema":{"@context":"https:\/\/schema.org","@graph":[{"@type":"Article","@id":"https:\/\/www.tuasaude.com\/news\/2026\/03\/12\/exaustao-constante-e-dificuldade-de-concentracao-podem-indicar-burnout\/#article","isPartOf":{"@id":"https:\/\/www.tuasaude.com\/news\/2026\/03\/12\/exaustao-constante-e-dificuldade-de-concentracao-podem-indicar-burnout\/"},"author":{"name":"Jeferson Henrique","@id":"https:\/\/www.tuasaude.com\/news\/#\/schema\/person\/963d63d4e1f0c81f5f3a70ba4bcb0ef7"},"headline":"Exaust\u00e3o constante e dificuldade de concentra\u00e7\u00e3o podem indicar burnout","datePublished":"2026-03-12T14:15:00+00:00","mainEntityOfPage":{"@id":"https:\/\/www.tuasaude.com\/news\/2026\/03\/12\/exaustao-constante-e-dificuldade-de-concentracao-podem-indicar-burnout\/"},"wordCount":868,"commentCount":0,"image":{"@id":"https:\/\/www.tuasaude.com\/news\/2026\/03\/12\/exaustao-constante-e-dificuldade-de-concentracao-podem-indicar-burnout\/#primaryimage"},"thumbnailUrl":"https:\/\/www.tuasaude.com\/news\/wp-content\/uploads\/2026\/03\/creation_2558128482.png","keywords":["bem-estar","burnout","cansa\u00e7o","qualidade do trabalho","sa\u00fade"],"articleSection":["Sa\u00fade"],"inLanguage":"pt-BR","potentialAction":[{"@type":"CommentAction","name":"Comment","target":["https:\/\/www.tuasaude.com\/news\/2026\/03\/12\/exaustao-constante-e-dificuldade-de-concentracao-podem-indicar-burnout\/#respond"]}]},{"@type":"WebPage","@id":"https:\/\/www.tuasaude.com\/news\/2026\/03\/12\/exaustao-constante-e-dificuldade-de-concentracao-podem-indicar-burnout\/","url":"https:\/\/www.tuasaude.com\/news\/2026\/03\/12\/exaustao-constante-e-dificuldade-de-concentracao-podem-indicar-burnout\/","name":"Exaust\u00e3o constante e dificuldade de concentra\u00e7\u00e3o podem indicar burnout - Tua Sa\u00fade","isPartOf":{"@id":"https:\/\/www.tuasaude.com\/news\/#website"},"primaryImageOfPage":{"@id":"https:\/\/www.tuasaude.com\/news\/2026\/03\/12\/exaustao-constante-e-dificuldade-de-concentracao-podem-indicar-burnout\/#primaryimage"},"image":{"@id":"https:\/\/www.tuasaude.com\/news\/2026\/03\/12\/exaustao-constante-e-dificuldade-de-concentracao-podem-indicar-burnout\/#primaryimage"},"thumbnailUrl":"https:\/\/www.tuasaude.com\/news\/wp-content\/uploads\/2026\/03\/creation_2558128482.png","datePublished":"2026-03-12T14:15:00+00:00","author":{"@id":"https:\/\/www.tuasaude.com\/news\/#\/schema\/person\/963d63d4e1f0c81f5f3a70ba4bcb0ef7"},"description":"Burnout \u00e9 um esgotamento ligado ao trabalho que cresce no Brasil. Veja os sintomas mais comuns e por que o problema n\u00e3o pode mais ser ignorado.","breadcrumb":{"@id":"https:\/\/www.tuasaude.com\/news\/2026\/03\/12\/exaustao-constante-e-dificuldade-de-concentracao-podem-indicar-burnout\/#breadcrumb"},"inLanguage":"pt-BR","potentialAction":[{"@type":"ReadAction","target":["https:\/\/www.tuasaude.com\/news\/2026\/03\/12\/exaustao-constante-e-dificuldade-de-concentracao-podem-indicar-burnout\/"]}]},{"@type":"ImageObject","inLanguage":"pt-BR","@id":"https:\/\/www.tuasaude.com\/news\/2026\/03\/12\/exaustao-constante-e-dificuldade-de-concentracao-podem-indicar-burnout\/#primaryimage","url":"https:\/\/www.tuasaude.com\/news\/wp-content\/uploads\/2026\/03\/creation_2558128482.png","contentUrl":"https:\/\/www.tuasaude.com\/news\/wp-content\/uploads\/2026\/03\/creation_2558128482.png","width":1280,"height":714,"caption":"Quando os sintomas persistem e afetam a rotina, \u00e9 importante procurar apoio de um psic\u00f3logo ou m\u00e9dico."},{"@type":"BreadcrumbList","@id":"https:\/\/www.tuasaude.com\/news\/2026\/03\/12\/exaustao-constante-e-dificuldade-de-concentracao-podem-indicar-burnout\/#breadcrumb","itemListElement":[{"@type":"ListItem","position":1,"name":"In\u00edcio","item":"https:\/\/www.tuasaude.com\/news\/"},{"@type":"ListItem","position":2,"name":"Exaust\u00e3o constante e dificuldade de concentra\u00e7\u00e3o podem indicar burnout"}]},{"@type":"WebSite","@id":"https:\/\/www.tuasaude.com\/news\/#website","url":"https:\/\/www.tuasaude.com\/news\/","name":"Tua Sa\u00fade","description":"Seu site de sa\u00fade","potentialAction":[{"@type":"SearchAction","target":{"@type":"EntryPoint","urlTemplate":"https:\/\/www.tuasaude.com\/news\/?s={search_term_string}"},"query-input":{"@type":"PropertyValueSpecification","valueRequired":true,"valueName":"search_term_string"}}],"inLanguage":"pt-BR"},{"@type":"Person","@id":"https:\/\/www.tuasaude.com\/news\/#\/schema\/person\/963d63d4e1f0c81f5f3a70ba4bcb0ef7","name":"Jeferson Henrique","image":{"@type":"ImageObject","inLanguage":"pt-BR","@id":"https:\/\/www.tuasaude.com\/news\/#\/schema\/person\/image\/","url":"https:\/\/secure.gravatar.com\/avatar\/1a476a54a48eb3cdea5dd2f016708263892c6b9f5e54b641df7c65e980fd6f69?s=96&d=mm&r=g","contentUrl":"https:\/\/secure.gravatar.com\/avatar\/1a476a54a48eb3cdea5dd2f016708263892c6b9f5e54b641df7c65e980fd6f69?s=96&d=mm&r=g","caption":"Jeferson Henrique"},"sameAs":["https:\/\/www.tuasaude.com\/news\/"],"url":"https:\/\/www.tuasaude.com\/news\/author\/jeferson-henrique\/"}]}},"_links":{"self":[{"href":"https:\/\/www.tuasaude.com\/news\/wp-json\/wp\/v2\/posts\/8015","targetHints":{"allow":["GET"]}}],"collection":[{"href":"https:\/\/www.tuasaude.com\/news\/wp-json\/wp\/v2\/posts"}],"about":[{"href":"https:\/\/www.tuasaude.com\/news\/wp-json\/wp\/v2\/types\/post"}],"author":[{"embeddable":true,"href":"https:\/\/www.tuasaude.com\/news\/wp-json\/wp\/v2\/users\/12"}],"replies":[{"embeddable":true,"href":"https:\/\/www.tuasaude.com\/news\/wp-json\/wp\/v2\/comments?post=8015"}],"version-history":[{"count":3,"href":"https:\/\/www.tuasaude.com\/news\/wp-json\/wp\/v2\/posts\/8015\/revisions"}],"predecessor-version":[{"id":8268,"href":"https:\/\/www.tuasaude.com\/news\/wp-json\/wp\/v2\/posts\/8015\/revisions\/8268"}],"wp:featuredmedia":[{"embeddable":true,"href":"https:\/\/www.tuasaude.com\/news\/wp-json\/wp\/v2\/media\/8228"}],"wp:attachment":[{"href":"https:\/\/www.tuasaude.com\/news\/wp-json\/wp\/v2\/media?parent=8015"}],"wp:term":[{"taxonomy":"category","embeddable":true,"href":"https:\/\/www.tuasaude.com\/news\/wp-json\/wp\/v2\/categories?post=8015"},{"taxonomy":"post_tag","embeddable":true,"href":"https:\/\/www.tuasaude.com\/news\/wp-json\/wp\/v2\/tags?post=8015"}],"curies":[{"name":"wp","href":"https:\/\/api.w.org\/{rel}","templated":true}]}}