{"id":7926,"date":"2026-03-12T20:10:00","date_gmt":"2026-03-12T23:10:00","guid":{"rendered":"https:\/\/www.tuasaude.com\/news\/?p=7926"},"modified":"2026-03-11T20:03:28","modified_gmt":"2026-03-11T23:03:28","slug":"o-melhor-horario-para-consumir-alimentos-ricos-em-fibras-para-evacuar-na-manha-seguinte","status":"publish","type":"post","link":"https:\/\/www.tuasaude.com\/news\/2026\/03\/12\/o-melhor-horario-para-consumir-alimentos-ricos-em-fibras-para-evacuar-na-manha-seguinte\/","title":{"rendered":"O melhor hor\u00e1rio para consumir alimentos ricos em fibras para evacuar na manh\u00e3 seguinte"},"content":{"rendered":"\n<p>A regularidade intestinal depende n\u00e3o apenas do que voc\u00ea come, mas tamb\u00e9m de quando come. O hor\u00e1rio em que as fibras s\u00e3o consumidas influencia diretamente o tr\u00e2nsito intestinal e pode ser a diferen\u00e7a entre acordar com o intestino funcionando ou passar mais um dia com dificuldade para evacuar. Consumir alimentos ricos em fibras no jantar e incluir uma por\u00e7\u00e3o adequada no caf\u00e9 da manh\u00e3 aproveita os ritmos naturais do intestino e favorece a evacua\u00e7\u00e3o logo nas primeiras horas do dia.<\/p>\n\n\n\n<h2 class=\"wp-block-heading\">Como as fibras atuam no intestino e por que o hor\u00e1rio importa?<\/h2>\n\n\n\n<p>As fibras alimentares passam pelo sistema digestivo sem serem digeridas. As fibras insol\u00faveis adicionam volume \u00e0s fezes e aceleram o<a href=\"https:\/\/www.tuasaude.com\/prisao-de-ventre\/\" target=\"_blank\" rel=\"noreferrer noopener\"> tr\u00e2nsito pelo intestino grosso<\/a>, enquanto as fibras sol\u00faveis absorvem \u00e1gua e amolecem o bolo fecal, facilitando a evacua\u00e7\u00e3o. Esse processo n\u00e3o \u00e9 instant\u00e2neo \u2014 dependendo do tipo de fibra, o efeito no intestino ocorre entre 12 e 24 horas ap\u00f3s o consumo.<\/p>\n\n\n\n<p>\u00c9 por isso que consumir uma refei\u00e7\u00e3o rica em fibras no jantar \u2014 entre 18h e 20h \u2014 permite que as fibras percorram o sistema digestivo durante a noite e cheguem ao intestino grosso prontas para serem eliminadas pela manh\u00e3, quando o corpo est\u00e1 biologicamente mais preparado para evacuar.<\/p>\n\n\n<div class=\"wp-block-image\">\n<figure class=\"aligncenter size-large\"><img decoding=\"async\" width=\"1024\" height=\"571\" src=\"https:\/\/www.tuasaude.com\/news\/wp-content\/uploads\/2026\/03\/creation_2556615157-1024x571.jpg\" alt=\"O melhor hor\u00e1rio para consumir alimentos ricos em fibras para evacuar na manh\u00e3 seguinte\" class=\"wp-image-8121\" srcset=\"https:\/\/www.tuasaude.com\/news\/wp-content\/uploads\/2026\/03\/creation_2556615157-1024x571.jpg 1024w, https:\/\/www.tuasaude.com\/news\/wp-content\/uploads\/2026\/03\/creation_2556615157-300x167.jpg 300w, https:\/\/www.tuasaude.com\/news\/wp-content\/uploads\/2026\/03\/creation_2556615157-768x428.jpg 768w, https:\/\/www.tuasaude.com\/news\/wp-content\/uploads\/2026\/03\/creation_2556615157-750x418.jpg 750w, https:\/\/www.tuasaude.com\/news\/wp-content\/uploads\/2026\/03\/creation_2556615157-1140x636.jpg 1140w, https:\/\/www.tuasaude.com\/news\/wp-content\/uploads\/2026\/03\/creation_2556615157.jpg 1280w\" sizes=\"(max-width: 1024px) 100vw, 1024px\" \/><figcaption class=\"wp-element-caption\">Comer fibras no jantar ajuda o alimento a chegar ao intestino grosso durante a noite, favorecendo a evacua\u00e7\u00e3o pela manh\u00e3.<\/figcaption><\/figure>\n<\/div>\n\n\n<h2 class=\"wp-block-heading\">O papel do reflexo natural que o corpo ativa ao comer pela manh\u00e3<\/h2>\n\n\n\n<p>O corpo possui um mecanismo autom\u00e1tico chamado reflexo gastroc\u00f3lico, que aumenta os movimentos do intestino grosso toda vez que o est\u00f4mago \u00e9 distendido pela chegada de alimentos. Esse reflexo \u00e9 mais ativo pela manh\u00e3, especialmente ap\u00f3s o caf\u00e9 da manh\u00e3, e \u00e9 a raz\u00e3o pela qual muitas pessoas sentem vontade de evacuar logo depois de comer pela primeira vez no dia.<\/p>\n\n\n\n<p>Quando as fibras consumidas no jantar j\u00e1 est\u00e3o posicionadas no intestino grosso, o caf\u00e9 da manh\u00e3 funciona como o gatilho que impulsiona o bolo fecal para a elimina\u00e7\u00e3o. Incluir fibras tamb\u00e9m na primeira refei\u00e7\u00e3o do dia potencializa esse efeito e ajuda a criar uma rotina intestinal previs\u00edvel.<\/p>\n\n\n\n<h2 class=\"wp-block-heading\">Revis\u00e3o publicada no PubMed confirma a influ\u00eancia das fibras no tr\u00e2nsito intestinal<\/h2>\n\n\n\n<p>Segundo a revis\u00e3o <em><a href=\"https:\/\/pubmed.ncbi.nlm.nih.gov\/7494680\/\" target=\"_blank\" rel=\"noreferrer noopener\">&#8220;An overview of the effects of dietary fiber on gastrointestinal transit&#8221;<\/a><\/em>, publicada na revista <strong>Pediatrics<\/strong> e indexada no <strong>PubMed<\/strong>, as fibras afetam cada fase da motilidade gastrointestinal de forma diferente, mas o efeito mais expressivo na redu\u00e7\u00e3o do tempo de tr\u00e2nsito e no aumento da frequ\u00eancia das evacua\u00e7\u00f5es ocorre no intestino grosso. A revis\u00e3o destaca que, de modo geral, a inclus\u00e3o de fibras na dieta aumenta a frequ\u00eancia dos movimentos intestinais e representa um benef\u00edcio consider\u00e1vel no tratamento da constipa\u00e7\u00e3o. <\/p>\n\n\n\n<h2 class=\"wp-block-heading\">Alimentos ricos em fibras ideais para o jantar e o caf\u00e9 da manh\u00e3<\/h2>\n\n\n\n<p>Escolher as fontes certas de fibras para cada refei\u00e7\u00e3o maximiza o efeito sobre o intestino. Algumas op\u00e7\u00f5es pr\u00e1ticas incluem:<\/p>\n\n\n\n<div style=\"display: flex; flex-wrap: wrap; gap: 20px; justify-content: center; font-family: 'Segoe UI', Roboto, Helvetica, sans-serif; padding: 40px; background-color: #f1f5f9;\">\n\n  <div style=\"flex: 1; min-width: 250px; max-width: 280px; background: #ffffff; border: 1px solid #e2e8f0; padding: 25px; border-radius: 20px; box-shadow: 0 10px 25px rgba(0,0,0,0.05); text-align: center;\">\n    <div style=\"font-size: 32px; margin-bottom: 15px;\">\ud83e\udd66<\/div>\n    <h3 style=\"color: #334155; font-size: 1.1em; margin-bottom: 12px; letter-spacing: 1px;\">JANTAR<\/h3>\n    <p style=\"color: #475569; font-size: 0.95em; line-height: 1.6; margin: 0;\">\n      Vegetais cozidos como <strong>br\u00f3colis, abobrinha e cenoura<\/strong>, al\u00e9m de lentilha, feij\u00e3o e arroz integral.\n    <\/p>\n  <\/div>\n\n  <div style=\"flex: 1; min-width: 250px; max-width: 280px; background: #ffffff; border: 1px solid #e2e8f0; padding: 25px; border-radius: 20px; box-shadow: 0 10px 25px rgba(0,0,0,0.05); text-align: center;\">\n    <div style=\"font-size: 32px; margin-bottom: 15px;\">\ud83e\udd63<\/div>\n    <h3 style=\"color: #334155; font-size: 1.1em; margin-bottom: 12px; letter-spacing: 1px;\">CAF\u00c9 DA MANH\u00c3<\/h3>\n    <p style=\"color: #475569; font-size: 0.95em; line-height: 1.6; margin: 0;\">\n      Aveia com <strong>mam\u00e3o, ameixa ou kiwi<\/strong>, acompanhada de chia ou linha\u00e7a.\n    <\/p>\n  <\/div>\n\n  <div style=\"flex: 1; min-width: 250px; max-width: 280px; background: #ffffff; border: 1px solid #e2e8f0; padding: 25px; border-radius: 20px; box-shadow: 0 10px 25px rgba(0,0,0,0.05); text-align: center;\">\n    <div style=\"font-size: 32px; margin-bottom: 15px;\">\ud83c\udf4e<\/div>\n    <h3 style=\"color: #334155; font-size: 1.1em; margin-bottom: 12px; letter-spacing: 1px;\">AO LONGO DO DIA<\/h3>\n    <p style=\"color: #475569; font-size: 0.95em; line-height: 1.6; margin: 0;\">\n      Inclua <strong>ma\u00e7\u00e3, pera, castanhas e vegetais crus<\/strong> em lanches e saladas.\n    <\/p>\n  <\/div>\n\n  <div style=\"flex: 1; min-width: 250px; max-width: 280px; background: #ffffff; border: 1px solid #e2e8f0; padding: 25px; border-radius: 20px; box-shadow: 0 10px 25px rgba(0,0,0,0.05); text-align: center;\">\n    <div style=\"font-size: 32px; margin-bottom: 15px;\">\ud83d\udca7<\/div>\n    <h3 style=\"color: #334155; font-size: 1.1em; margin-bottom: 12px; letter-spacing: 1px;\">HIDRATA\u00c7\u00c3O<\/h3>\n    <p style=\"color: #475569; font-size: 0.95em; line-height: 1.6; margin: 0;\">\n      Beba <strong>bastante \u00e1gua<\/strong> junto com as fibras para evitar piora da constipa\u00e7\u00e3o.\n    <\/p>\n  <\/div>\n\n<\/div>\n\n\n\n<p>\u00c9 fundamental aumentar a ingest\u00e3o de \u00e1gua junto com as fibras. Sem hidrata\u00e7\u00e3o adequada, o excesso de fibras pode ter o efeito contr\u00e1rio e piorar a constipa\u00e7\u00e3o em vez de alivi\u00e1-la.<\/p>\n\n\n\n<h2 class=\"wp-block-heading\">Quando a constipa\u00e7\u00e3o precisa de avalia\u00e7\u00e3o m\u00e9dica?<\/h2>\n\n\n\n<p>Se mesmo com uma dieta rica em fibras, boa hidrata\u00e7\u00e3o e rotina alimentar regular o<a href=\"https:\/\/www.tuasaude.com\/prisao-de-ventre\/\" target=\"_blank\" rel=\"noreferrer noopener\"> intestino continua preso <\/a>por mais de uma semana, \u00e9 importante procurar orienta\u00e7\u00e3o m\u00e9dica. A constipa\u00e7\u00e3o persistente pode ter causas que v\u00e3o al\u00e9m da alimenta\u00e7\u00e3o, como altera\u00e7\u00f5es na motilidade intestinal, uso de medicamentos ou condi\u00e7\u00f5es que precisam de investiga\u00e7\u00e3o espec\u00edfica.<\/p>\n\n\n\n<p>Cada pessoa possui um ritmo intestinal pr\u00f3prio que pode ser influenciado por fatores individuais. Somente um m\u00e9dico ou nutricionista pode avaliar corretamente o quadro e orientar as melhores estrat\u00e9gias para regularizar o funcionamento do intestino de forma segura.<\/p>\n","protected":false},"excerpt":{"rendered":"<p>A regularidade intestinal depende n\u00e3o apenas do que voc\u00ea come, mas tamb\u00e9m de quando come. O hor\u00e1rio em que as fibras s\u00e3o consumidas influencia diretamente o tr\u00e2nsito intestinal e pode ser a diferen\u00e7a entre acordar com o intestino funcionando ou passar mais um dia com dificuldade para evacuar. Consumir alimentos ricos em fibras no jantar [&hellip;]<\/p>\n","protected":false},"author":11,"featured_media":8120,"comment_status":"open","ping_status":"open","sticky":false,"template":"","format":"standard","meta":{"_yoast_wpseo_focuskw":"alimentos ricos em fibras","_yoast_wpseo_title":"","_yoast_wpseo_metadesc":"Consumir alimentos ricos em fibras no jantar pode ajudar o intestino a funcionar melhor e favorecer a evacua\u00e7\u00e3o na manh\u00e3 seguinte.","jnews-multi-image_gallery":[],"jnews_single_post":{"format":"standard"},"jnews_primary_category":[],"jnews_social_meta":[],"jnews_override_counter":[],"footnotes":""},"categories":[111],"tags":[2187,2188,136,299],"class_list":["post-7926","post","type-post","status-publish","format-standard","has-post-thumbnail","hentry","category-saude","tag-evacuar","tag-fibras-no-transito-intestinal","tag-saude","tag-saude-intestinal"],"yoast_head":"<!-- This site is optimized with the Yoast SEO plugin v26.7 - https:\/\/yoast.com\/wordpress\/plugins\/seo\/ -->\n<title>O melhor hor\u00e1rio para consumir alimentos ricos em fibras para evacuar na manh\u00e3 seguinte - Tua Sa\u00fade<\/title>\n<meta name=\"description\" content=\"Consumir alimentos ricos em fibras no jantar pode ajudar o intestino a funcionar melhor e favorecer a evacua\u00e7\u00e3o na manh\u00e3 seguinte.\" \/>\n<meta name=\"robots\" content=\"index, follow, max-snippet:-1, max-image-preview:large, max-video-preview:-1\" \/>\n<link rel=\"canonical\" href=\"https:\/\/www.tuasaude.com\/news\/2026\/03\/12\/o-melhor-horario-para-consumir-alimentos-ricos-em-fibras-para-evacuar-na-manha-seguinte\/\" \/>\n<meta property=\"og:locale\" content=\"pt_BR\" \/>\n<meta property=\"og:type\" content=\"article\" \/>\n<meta property=\"og:title\" content=\"O melhor hor\u00e1rio para consumir alimentos ricos em fibras para evacuar na manh\u00e3 seguinte - Tua Sa\u00fade\" \/>\n<meta property=\"og:description\" content=\"Consumir alimentos ricos em fibras no jantar pode ajudar o intestino a funcionar melhor e favorecer a evacua\u00e7\u00e3o na manh\u00e3 seguinte.\" \/>\n<meta property=\"og:url\" content=\"https:\/\/www.tuasaude.com\/news\/2026\/03\/12\/o-melhor-horario-para-consumir-alimentos-ricos-em-fibras-para-evacuar-na-manha-seguinte\/\" \/>\n<meta property=\"og:site_name\" content=\"Tua Sa\u00fade\" \/>\n<meta property=\"article:published_time\" content=\"2026-03-12T23:10:00+00:00\" \/>\n<meta property=\"og:image\" content=\"https:\/\/www.tuasaude.com\/news\/wp-content\/uploads\/2026\/03\/creation_2556614493.jpg\" \/>\n\t<meta property=\"og:image:width\" content=\"1280\" \/>\n\t<meta property=\"og:image:height\" content=\"714\" \/>\n\t<meta property=\"og:image:type\" content=\"image\/jpeg\" \/>\n<meta name=\"author\" content=\"Gessika Julia Carvalho\" \/>\n<meta name=\"twitter:card\" content=\"summary_large_image\" \/>\n<meta name=\"twitter:label1\" content=\"Escrito por\" \/>\n\t<meta name=\"twitter:data1\" content=\"Gessika Julia Carvalho\" \/>\n\t<meta name=\"twitter:label2\" content=\"Est. tempo de leitura\" \/>\n\t<meta name=\"twitter:data2\" content=\"5 minutos\" \/>\n<!-- \/ Yoast SEO plugin. -->","yoast_head_json":{"title":"O melhor hor\u00e1rio para consumir alimentos ricos em fibras para evacuar na manh\u00e3 seguinte - Tua Sa\u00fade","description":"Consumir alimentos ricos em fibras no jantar pode ajudar o intestino a funcionar melhor e favorecer a evacua\u00e7\u00e3o na manh\u00e3 seguinte.","robots":{"index":"index","follow":"follow","max-snippet":"max-snippet:-1","max-image-preview":"max-image-preview:large","max-video-preview":"max-video-preview:-1"},"canonical":"https:\/\/www.tuasaude.com\/news\/2026\/03\/12\/o-melhor-horario-para-consumir-alimentos-ricos-em-fibras-para-evacuar-na-manha-seguinte\/","og_locale":"pt_BR","og_type":"article","og_title":"O melhor hor\u00e1rio para consumir alimentos ricos em fibras para evacuar na manh\u00e3 seguinte - Tua Sa\u00fade","og_description":"Consumir alimentos ricos em fibras no jantar pode ajudar o intestino a funcionar melhor e favorecer a evacua\u00e7\u00e3o na manh\u00e3 seguinte.","og_url":"https:\/\/www.tuasaude.com\/news\/2026\/03\/12\/o-melhor-horario-para-consumir-alimentos-ricos-em-fibras-para-evacuar-na-manha-seguinte\/","og_site_name":"Tua Sa\u00fade","article_published_time":"2026-03-12T23:10:00+00:00","og_image":[{"width":1280,"height":714,"url":"https:\/\/www.tuasaude.com\/news\/wp-content\/uploads\/2026\/03\/creation_2556614493.jpg","type":"image\/jpeg"}],"author":"Gessika Julia Carvalho","twitter_card":"summary_large_image","twitter_misc":{"Escrito por":"Gessika Julia Carvalho","Est. tempo de leitura":"5 minutos"},"schema":{"@context":"https:\/\/schema.org","@graph":[{"@type":"Article","@id":"https:\/\/www.tuasaude.com\/news\/2026\/03\/12\/o-melhor-horario-para-consumir-alimentos-ricos-em-fibras-para-evacuar-na-manha-seguinte\/#article","isPartOf":{"@id":"https:\/\/www.tuasaude.com\/news\/2026\/03\/12\/o-melhor-horario-para-consumir-alimentos-ricos-em-fibras-para-evacuar-na-manha-seguinte\/"},"author":{"name":"Gessika Julia Carvalho","@id":"https:\/\/www.tuasaude.com\/news\/#\/schema\/person\/2e9df841be69ec84f5d20ddb8d273ac2"},"headline":"O melhor hor\u00e1rio para consumir alimentos ricos em fibras para evacuar na manh\u00e3 seguinte","datePublished":"2026-03-12T23:10:00+00:00","mainEntityOfPage":{"@id":"https:\/\/www.tuasaude.com\/news\/2026\/03\/12\/o-melhor-horario-para-consumir-alimentos-ricos-em-fibras-para-evacuar-na-manha-seguinte\/"},"wordCount":735,"commentCount":0,"image":{"@id":"https:\/\/www.tuasaude.com\/news\/2026\/03\/12\/o-melhor-horario-para-consumir-alimentos-ricos-em-fibras-para-evacuar-na-manha-seguinte\/#primaryimage"},"thumbnailUrl":"https:\/\/www.tuasaude.com\/news\/wp-content\/uploads\/2026\/03\/creation_2556614493.jpg","keywords":["evacuar","fibras no tr\u00e2nsito intestinal","sa\u00fade","sa\u00fade intestinal"],"articleSection":["Sa\u00fade"],"inLanguage":"pt-BR","potentialAction":[{"@type":"CommentAction","name":"Comment","target":["https:\/\/www.tuasaude.com\/news\/2026\/03\/12\/o-melhor-horario-para-consumir-alimentos-ricos-em-fibras-para-evacuar-na-manha-seguinte\/#respond"]}]},{"@type":"WebPage","@id":"https:\/\/www.tuasaude.com\/news\/2026\/03\/12\/o-melhor-horario-para-consumir-alimentos-ricos-em-fibras-para-evacuar-na-manha-seguinte\/","url":"https:\/\/www.tuasaude.com\/news\/2026\/03\/12\/o-melhor-horario-para-consumir-alimentos-ricos-em-fibras-para-evacuar-na-manha-seguinte\/","name":"O melhor hor\u00e1rio para consumir alimentos ricos em fibras para evacuar na manh\u00e3 seguinte - Tua Sa\u00fade","isPartOf":{"@id":"https:\/\/www.tuasaude.com\/news\/#website"},"primaryImageOfPage":{"@id":"https:\/\/www.tuasaude.com\/news\/2026\/03\/12\/o-melhor-horario-para-consumir-alimentos-ricos-em-fibras-para-evacuar-na-manha-seguinte\/#primaryimage"},"image":{"@id":"https:\/\/www.tuasaude.com\/news\/2026\/03\/12\/o-melhor-horario-para-consumir-alimentos-ricos-em-fibras-para-evacuar-na-manha-seguinte\/#primaryimage"},"thumbnailUrl":"https:\/\/www.tuasaude.com\/news\/wp-content\/uploads\/2026\/03\/creation_2556614493.jpg","datePublished":"2026-03-12T23:10:00+00:00","author":{"@id":"https:\/\/www.tuasaude.com\/news\/#\/schema\/person\/2e9df841be69ec84f5d20ddb8d273ac2"},"description":"Consumir alimentos ricos em fibras no jantar pode ajudar o intestino a funcionar melhor e favorecer a evacua\u00e7\u00e3o na manh\u00e3 seguinte.","breadcrumb":{"@id":"https:\/\/www.tuasaude.com\/news\/2026\/03\/12\/o-melhor-horario-para-consumir-alimentos-ricos-em-fibras-para-evacuar-na-manha-seguinte\/#breadcrumb"},"inLanguage":"pt-BR","potentialAction":[{"@type":"ReadAction","target":["https:\/\/www.tuasaude.com\/news\/2026\/03\/12\/o-melhor-horario-para-consumir-alimentos-ricos-em-fibras-para-evacuar-na-manha-seguinte\/"]}]},{"@type":"ImageObject","inLanguage":"pt-BR","@id":"https:\/\/www.tuasaude.com\/news\/2026\/03\/12\/o-melhor-horario-para-consumir-alimentos-ricos-em-fibras-para-evacuar-na-manha-seguinte\/#primaryimage","url":"https:\/\/www.tuasaude.com\/news\/wp-content\/uploads\/2026\/03\/creation_2556614493.jpg","contentUrl":"https:\/\/www.tuasaude.com\/news\/wp-content\/uploads\/2026\/03\/creation_2556614493.jpg","width":1280,"height":714,"caption":"O caf\u00e9 da manh\u00e3 ativa o reflexo gastroc\u00f3lico, estimulando o intestino e facilitando o funcionamento regular."},{"@type":"BreadcrumbList","@id":"https:\/\/www.tuasaude.com\/news\/2026\/03\/12\/o-melhor-horario-para-consumir-alimentos-ricos-em-fibras-para-evacuar-na-manha-seguinte\/#breadcrumb","itemListElement":[{"@type":"ListItem","position":1,"name":"In\u00edcio","item":"https:\/\/www.tuasaude.com\/news\/"},{"@type":"ListItem","position":2,"name":"O melhor hor\u00e1rio para consumir alimentos ricos em fibras para evacuar na manh\u00e3 seguinte"}]},{"@type":"WebSite","@id":"https:\/\/www.tuasaude.com\/news\/#website","url":"https:\/\/www.tuasaude.com\/news\/","name":"Tua Sa\u00fade","description":"Seu site de sa\u00fade","potentialAction":[{"@type":"SearchAction","target":{"@type":"EntryPoint","urlTemplate":"https:\/\/www.tuasaude.com\/news\/?s={search_term_string}"},"query-input":{"@type":"PropertyValueSpecification","valueRequired":true,"valueName":"search_term_string"}}],"inLanguage":"pt-BR"},{"@type":"Person","@id":"https:\/\/www.tuasaude.com\/news\/#\/schema\/person\/2e9df841be69ec84f5d20ddb8d273ac2","name":"Gessika Julia Carvalho","image":{"@type":"ImageObject","inLanguage":"pt-BR","@id":"https:\/\/www.tuasaude.com\/news\/#\/schema\/person\/image\/","url":"https:\/\/secure.gravatar.com\/avatar\/0fcc8769024577fd0bc6a8b766055690f76a8e8f29dfb2a2f89cf04db8d0f2d2?s=96&d=mm&r=g","contentUrl":"https:\/\/secure.gravatar.com\/avatar\/0fcc8769024577fd0bc6a8b766055690f76a8e8f29dfb2a2f89cf04db8d0f2d2?s=96&d=mm&r=g","caption":"Gessika Julia Carvalho"},"sameAs":["https:\/\/www.tuasaude.com\/news\/"],"url":"https:\/\/www.tuasaude.com\/news\/author\/gessika-julia\/"}]}},"_links":{"self":[{"href":"https:\/\/www.tuasaude.com\/news\/wp-json\/wp\/v2\/posts\/7926","targetHints":{"allow":["GET"]}}],"collection":[{"href":"https:\/\/www.tuasaude.com\/news\/wp-json\/wp\/v2\/posts"}],"about":[{"href":"https:\/\/www.tuasaude.com\/news\/wp-json\/wp\/v2\/types\/post"}],"author":[{"embeddable":true,"href":"https:\/\/www.tuasaude.com\/news\/wp-json\/wp\/v2\/users\/11"}],"replies":[{"embeddable":true,"href":"https:\/\/www.tuasaude.com\/news\/wp-json\/wp\/v2\/comments?post=7926"}],"version-history":[{"count":2,"href":"https:\/\/www.tuasaude.com\/news\/wp-json\/wp\/v2\/posts\/7926\/revisions"}],"predecessor-version":[{"id":8173,"href":"https:\/\/www.tuasaude.com\/news\/wp-json\/wp\/v2\/posts\/7926\/revisions\/8173"}],"wp:featuredmedia":[{"embeddable":true,"href":"https:\/\/www.tuasaude.com\/news\/wp-json\/wp\/v2\/media\/8120"}],"wp:attachment":[{"href":"https:\/\/www.tuasaude.com\/news\/wp-json\/wp\/v2\/media?parent=7926"}],"wp:term":[{"taxonomy":"category","embeddable":true,"href":"https:\/\/www.tuasaude.com\/news\/wp-json\/wp\/v2\/categories?post=7926"},{"taxonomy":"post_tag","embeddable":true,"href":"https:\/\/www.tuasaude.com\/news\/wp-json\/wp\/v2\/tags?post=7926"}],"curies":[{"name":"wp","href":"https:\/\/api.w.org\/{rel}","templated":true}]}}