{"id":7900,"date":"2026-03-12T15:50:00","date_gmt":"2026-03-12T18:50:00","guid":{"rendered":"https:\/\/www.tuasaude.com\/news\/?p=7900"},"modified":"2026-03-12T00:56:44","modified_gmt":"2026-03-12T03:56:44","slug":"as-unhas-quebradicas-e-com-linhas-verticais-estao-de-alguma-forma-ligadas-a-uma-funcao-metabolica-crucial","status":"publish","type":"post","link":"https:\/\/www.tuasaude.com\/news\/2026\/03\/12\/as-unhas-quebradicas-e-com-linhas-verticais-estao-de-alguma-forma-ligadas-a-uma-funcao-metabolica-crucial\/","title":{"rendered":"As unhas quebradi\u00e7as e com linhas verticais est\u00e3o de alguma forma ligadas a uma fun\u00e7\u00e3o metab\u00f3lica crucial"},"content":{"rendered":"\n<p>Unhas que quebram facilmente e apresentam linhas verticais marcadas costumam ser vistas apenas como um inc\u00f4modo est\u00e9tico. Por\u00e9m, a apar\u00eancia das unhas reflete diretamente o que est\u00e1 acontecendo dentro do organismo. A forma\u00e7\u00e3o saud\u00e1vel da unha depende de nutrientes como ferro, zinco e biotina, e de fun\u00e7\u00f5es metab\u00f3licas reguladas principalmente pela tireoide e pelo f\u00edgado. Quando algo est\u00e1 em desequil\u00edbrio nessas \u00e1reas, as unhas costumam ser um dos primeiros sinais vis\u00edveis.<\/p>\n\n\n\n<h2 class=\"wp-block-heading\">Como o metabolismo influencia a sa\u00fade das unhas?<\/h2>\n\n\n\n<p>As <a href=\"https:\/\/www.tuasaude.com\/unhas-fracas\/\" target=\"_blank\" rel=\"noreferrer noopener\">unhas s\u00e3o formadas por uma prote\u00edna chamada queratina<\/a>, cuja produ\u00e7\u00e3o depende de um conjunto de nutrientes e de horm\u00f4nios que regulam o metabolismo. A tireoide tem um papel central nesse processo, pois seus horm\u00f4nios controlam a velocidade com que as c\u00e9lulas se renovam \u2014 incluindo as c\u00e9lulas respons\u00e1veis pelo crescimento das unhas.<\/p>\n\n\n\n<p>Quando a tireoide funciona abaixo do normal, as unhas tendem a crescer mais devagar, ficar ressecadas e quebradi\u00e7as. J\u00e1 o f\u00edgado \u00e9 respons\u00e1vel por processar nutrientes essenciais para a produ\u00e7\u00e3o de queratina, como amino\u00e1cidos que cont\u00eam enxofre. Qualquer altera\u00e7\u00e3o hep\u00e1tica pode comprometer a qualidade das unhas mesmo que a alimenta\u00e7\u00e3o esteja adequada.<\/p>\n\n\n<div class=\"wp-block-image\">\n<figure class=\"aligncenter size-large\"><img decoding=\"async\" width=\"1024\" height=\"571\" src=\"https:\/\/www.tuasaude.com\/news\/wp-content\/uploads\/2026\/03\/creation_2558111171-1024x571.png\" alt=\"As unhas quebradi\u00e7as e com linhas verticais est\u00e3o de alguma forma ligadas a uma fun\u00e7\u00e3o metab\u00f3lica crucial\" class=\"wp-image-8241\" srcset=\"https:\/\/www.tuasaude.com\/news\/wp-content\/uploads\/2026\/03\/creation_2558111171-1024x571.png 1024w, https:\/\/www.tuasaude.com\/news\/wp-content\/uploads\/2026\/03\/creation_2558111171-300x167.png 300w, https:\/\/www.tuasaude.com\/news\/wp-content\/uploads\/2026\/03\/creation_2558111171-768x428.png 768w, https:\/\/www.tuasaude.com\/news\/wp-content\/uploads\/2026\/03\/creation_2558111171-750x418.png 750w, https:\/\/www.tuasaude.com\/news\/wp-content\/uploads\/2026\/03\/creation_2558111171-1140x636.png 1140w, https:\/\/www.tuasaude.com\/news\/wp-content\/uploads\/2026\/03\/creation_2558111171.png 1280w\" sizes=\"(max-width: 1024px) 100vw, 1024px\" \/><figcaption class=\"wp-element-caption\">As unhas quebradi\u00e7as e com linhas verticais est\u00e3o de alguma forma ligadas a uma fun\u00e7\u00e3o metab\u00f3lica crucial<\/figcaption><\/figure>\n<\/div>\n\n\n<h2 class=\"wp-block-heading\">O que as linhas verticais e horizontais nas unhas podem indicar?<\/h2>\n\n\n\n<p>As linhas que aparecem nas unhas contam hist\u00f3rias diferentes dependendo de sua dire\u00e7\u00e3o e intensidade. Os principais sinais que merecem aten\u00e7\u00e3o incluem:<\/p>\n\n\n\n<div style=\"display: flex; flex-wrap: wrap; gap: 20px; justify-content: center; font-family: 'Segoe UI', Roboto, Helvetica, sans-serif; padding: 40px; background-color: #f1f5f9;\">\n\n  <div style=\"flex: 1; min-width: 250px; max-width: 280px; background: #ffffff; border: 1px solid #e2e8f0; padding: 25px; border-radius: 20px; box-shadow: 0 10px 25px rgba(0,0,0,0.05); text-align: center;\">\n\n    <div style=\"font-size: 32px; margin-bottom: 15px;\">\ud83d\udccf<\/div>\n\n    <h3 style=\"color: #334155; font-size: 1.1em; margin-bottom: 12px; letter-spacing: 1px;\">LINHAS VERTICAIS<\/h3>\n\n    <p style=\"color: #475569; font-size: 0.95em; line-height: 1.6; margin: 0;\">\n      Podem indicar <strong>defici\u00eancia de ferro, zinco ou biotina<\/strong>, al\u00e9m de estarem associadas \u00e0 desidrata\u00e7\u00e3o ou hipotireoidismo.\n    <\/p>\n\n  <\/div>\n\n  <div style=\"flex: 1; min-width: 250px; max-width: 280px; background: #ffffff; border: 1px solid #e2e8f0; padding: 25px; border-radius: 20px; box-shadow: 0 10px 25px rgba(0,0,0,0.05); text-align: center;\">\n\n    <div style=\"font-size: 32px; margin-bottom: 15px;\">\u2796<\/div>\n\n    <h3 style=\"color: #334155; font-size: 1.1em; margin-bottom: 12px; letter-spacing: 1px;\">LINHAS HORIZONTAIS<\/h3>\n\n    <p style=\"color: #475569; font-size: 0.95em; line-height: 1.6; margin: 0;\">\n      Conhecidas como <strong>linhas de Beau<\/strong>, podem surgir ap\u00f3s febre, estresse f\u00edsico ou desnutri\u00e7\u00e3o.\n    <\/p>\n\n  <\/div>\n\n  <div style=\"flex: 1; min-width: 250px; max-width: 280px; background: #ffffff; border: 1px solid #e2e8f0; padding: 25px; border-radius: 20px; box-shadow: 0 10px 25px rgba(0,0,0,0.05); text-align: center;\">\n\n    <div style=\"font-size: 32px; margin-bottom: 15px;\">\ud83e\udd44<\/div>\n\n    <h3 style=\"color: #334155; font-size: 1.1em; margin-bottom: 12px; letter-spacing: 1px;\">UNHAS EM COLHER<\/h3>\n\n    <p style=\"color: #475569; font-size: 0.95em; line-height: 1.6; margin: 0;\">\n      A superf\u00edcie c\u00f4ncava pode estar associada \u00e0 <strong>anemia por defici\u00eancia de ferro<\/strong>.\n    <\/p>\n\n  <\/div>\n\n  <div style=\"flex: 1; min-width: 250px; max-width: 280px; background: #ffffff; border: 1px solid #e2e8f0; padding: 25px; border-radius: 20px; box-shadow: 0 10px 25px rgba(0,0,0,0.05); text-align: center;\">\n\n    <div style=\"font-size: 32px; margin-bottom: 15px;\">\ud83e\udd0d<\/div>\n\n    <h3 style=\"color: #334155; font-size: 1.1em; margin-bottom: 12px; letter-spacing: 1px;\">UNHAS P\u00c1LIDAS<\/h3>\n\n    <p style=\"color: #475569; font-size: 0.95em; line-height: 1.6; margin: 0;\">\n      Unhas muito claras ou sem a meia-lua podem indicar <strong>anemia ou problemas circulat\u00f3rios<\/strong>.\n    <\/p>\n\n  <\/div>\n\n<\/div>\n\n\n\n<h2 class=\"wp-block-heading\">Revis\u00e3o publicada no PubMed confirma a liga\u00e7\u00e3o entre nutri\u00e7\u00e3o e altera\u00e7\u00f5es nas unhas<\/h2>\n\n\n\n<p>Segundo a revis\u00e3o<a href=\"https:\/\/pubmed.ncbi.nlm.nih.gov\/20620759\/\" target=\"_blank\" rel=\"noreferrer noopener\"> <em>&#8220;Nutrition and nail disease&#8221;<\/em>, <\/a>publicada na revista <strong>Clinics in Dermatology<\/strong> e indexada no <strong>PubMed<\/strong>, praticamente toda defici\u00eancia nutricional pode afetar o crescimento das unhas de alguma maneira. O estudo detalha a composi\u00e7\u00e3o da unha saud\u00e1vel, incluindo seu conte\u00fado de queratina, enxofre e minerais como ferro, zinco, c\u00e1lcio e cobre, e descreve como estados de desnutri\u00e7\u00e3o se manifestam atrav\u00e9s de altera\u00e7\u00f5es vis\u00edveis na textura, cor e resist\u00eancia das unhas. <\/p>\n\n\n\n<h2 class=\"wp-block-heading\">H\u00e1bitos que ajudam a fortalecer as unhas de dentro para fora<\/h2>\n\n\n\n<p>Antes de investir em tratamentos externos, vale cuidar dos fatores internos que sustentam a sa\u00fade das unhas. Algumas medidas pr\u00e1ticas podem fazer diferen\u00e7a:<\/p>\n\n\n\n<ul class=\"wp-block-list\">\n<li>Incluir na alimenta\u00e7\u00e3o fontes de ferro como carnes vermelhas, feij\u00e3o e folhas verde-escuras, e de zinco como castanhas, sementes e frutos do mar.<\/li>\n\n\n\n<li>Consumir alimentos ricos em biotina, como ovos, nozes e gr\u00e3os integrais, nutriente essencial para a produ\u00e7\u00e3o de queratina.<\/li>\n\n\n\n<li>Manter a hidrata\u00e7\u00e3o adequada ao longo do dia, pois a desidrata\u00e7\u00e3o enfraquece a estrutura das unhas.<\/li>\n\n\n\n<li>Evitar o uso excessivo de acetona e produtos qu\u00edmicos agressivos que enfraquecem a camada protetora das unhas.<\/li>\n<\/ul>\n\n\n\n<h2 class=\"wp-block-heading\">Quando as mudan\u00e7as nas unhas pedem avalia\u00e7\u00e3o m\u00e9dica?<\/h2>\n\n\n\n<p>Se as<a href=\"https:\/\/www.tuasaude.com\/unhas-fracas\/\" target=\"_blank\" rel=\"noreferrer noopener\"> unhas est\u00e3o permanentemente quebradi\u00e7as<\/a>, com linhas muito marcadas, mudan\u00e7a de cor ou formato, mesmo com alimenta\u00e7\u00e3o equilibrada, \u00e9 importante investigar poss\u00edveis causas internas. Altera\u00e7\u00f5es na tireoide, anemias e disfun\u00e7\u00f5es hep\u00e1ticas podem ser identificadas por meio de exames simples de sangue.<\/p>\n\n\n\n<p>Cada pessoa possui um perfil metab\u00f3lico e nutricional \u00fanico. Somente um m\u00e9dico pode avaliar corretamente o que as mudan\u00e7as nas unhas est\u00e3o sinalizando e indicar o tratamento mais adequado para cada caso.<\/p>\n","protected":false},"excerpt":{"rendered":"<p>Unhas que quebram facilmente e apresentam linhas verticais marcadas costumam ser vistas apenas como um inc\u00f4modo est\u00e9tico. Por\u00e9m, a apar\u00eancia das unhas reflete diretamente o que est\u00e1 acontecendo dentro do organismo. A forma\u00e7\u00e3o saud\u00e1vel da unha depende de nutrientes como ferro, zinco e biotina, e de fun\u00e7\u00f5es metab\u00f3licas reguladas principalmente pela tireoide e pelo f\u00edgado. [&hellip;]<\/p>\n","protected":false},"author":11,"featured_media":8309,"comment_status":"open","ping_status":"open","sticky":false,"template":"","format":"standard","meta":{"_yoast_wpseo_focuskw":"unhas quebradi\u00e7as e com linhas verticais","_yoast_wpseo_title":"","_yoast_wpseo_metadesc":"Unhas quebradi\u00e7as e com linhas verticais podem indicar defici\u00eancia de ferro, zinco ou altera\u00e7\u00f5es no metabolismo. Entenda os sinais.","jnews-multi-image_gallery":[],"jnews_single_post":{"format":"standard"},"jnews_primary_category":[],"jnews_social_meta":[],"jnews_override_counter":[],"footnotes":""},"categories":[111],"tags":[2177,136,2178,2176],"class_list":["post-7900","post","type-post","status-publish","format-standard","has-post-thumbnail","hentry","category-saude","tag-funcao-metabolica","tag-saude","tag-saude-das-unhas","tag-unhas-quebradicas"],"yoast_head":"<!-- This site is optimized with the Yoast SEO plugin v26.7 - https:\/\/yoast.com\/wordpress\/plugins\/seo\/ -->\n<title>As unhas quebradi\u00e7as e com linhas verticais est\u00e3o de alguma forma ligadas a uma fun\u00e7\u00e3o metab\u00f3lica crucial - Tua Sa\u00fade<\/title>\n<meta name=\"description\" content=\"Unhas quebradi\u00e7as e com linhas verticais podem indicar defici\u00eancia de ferro, zinco ou altera\u00e7\u00f5es no metabolismo. Entenda os sinais.\" \/>\n<meta name=\"robots\" content=\"index, follow, max-snippet:-1, max-image-preview:large, max-video-preview:-1\" \/>\n<link rel=\"canonical\" href=\"https:\/\/www.tuasaude.com\/news\/2026\/03\/12\/as-unhas-quebradicas-e-com-linhas-verticais-estao-de-alguma-forma-ligadas-a-uma-funcao-metabolica-crucial\/\" \/>\n<meta property=\"og:locale\" content=\"pt_BR\" \/>\n<meta property=\"og:type\" content=\"article\" \/>\n<meta property=\"og:title\" content=\"As unhas quebradi\u00e7as e com linhas verticais est\u00e3o de alguma forma ligadas a uma fun\u00e7\u00e3o metab\u00f3lica crucial - Tua Sa\u00fade\" \/>\n<meta property=\"og:description\" content=\"Unhas quebradi\u00e7as e com linhas verticais podem indicar defici\u00eancia de ferro, zinco ou altera\u00e7\u00f5es no metabolismo. Entenda os sinais.\" \/>\n<meta property=\"og:url\" content=\"https:\/\/www.tuasaude.com\/news\/2026\/03\/12\/as-unhas-quebradicas-e-com-linhas-verticais-estao-de-alguma-forma-ligadas-a-uma-funcao-metabolica-crucial\/\" \/>\n<meta property=\"og:site_name\" content=\"Tua Sa\u00fade\" \/>\n<meta property=\"article:published_time\" content=\"2026-03-12T18:50:00+00:00\" \/>\n<meta property=\"og:image\" content=\"https:\/\/www.tuasaude.com\/news\/wp-content\/uploads\/2026\/03\/creation_2559081591.png\" \/>\n\t<meta property=\"og:image:width\" content=\"1280\" \/>\n\t<meta property=\"og:image:height\" content=\"714\" \/>\n\t<meta property=\"og:image:type\" content=\"image\/png\" \/>\n<meta name=\"author\" content=\"Gessika Julia Carvalho\" \/>\n<meta name=\"twitter:card\" content=\"summary_large_image\" \/>\n<meta name=\"twitter:label1\" content=\"Escrito por\" \/>\n\t<meta name=\"twitter:data1\" content=\"Gessika Julia Carvalho\" \/>\n\t<meta name=\"twitter:label2\" content=\"Est. tempo de leitura\" \/>\n\t<meta name=\"twitter:data2\" content=\"4 minutos\" \/>\n<!-- \/ Yoast SEO plugin. -->","yoast_head_json":{"title":"As unhas quebradi\u00e7as e com linhas verticais est\u00e3o de alguma forma ligadas a uma fun\u00e7\u00e3o metab\u00f3lica crucial - Tua Sa\u00fade","description":"Unhas quebradi\u00e7as e com linhas verticais podem indicar defici\u00eancia de ferro, zinco ou altera\u00e7\u00f5es no metabolismo. Entenda os sinais.","robots":{"index":"index","follow":"follow","max-snippet":"max-snippet:-1","max-image-preview":"max-image-preview:large","max-video-preview":"max-video-preview:-1"},"canonical":"https:\/\/www.tuasaude.com\/news\/2026\/03\/12\/as-unhas-quebradicas-e-com-linhas-verticais-estao-de-alguma-forma-ligadas-a-uma-funcao-metabolica-crucial\/","og_locale":"pt_BR","og_type":"article","og_title":"As unhas quebradi\u00e7as e com linhas verticais est\u00e3o de alguma forma ligadas a uma fun\u00e7\u00e3o metab\u00f3lica crucial - Tua Sa\u00fade","og_description":"Unhas quebradi\u00e7as e com linhas verticais podem indicar defici\u00eancia de ferro, zinco ou altera\u00e7\u00f5es no metabolismo. Entenda os sinais.","og_url":"https:\/\/www.tuasaude.com\/news\/2026\/03\/12\/as-unhas-quebradicas-e-com-linhas-verticais-estao-de-alguma-forma-ligadas-a-uma-funcao-metabolica-crucial\/","og_site_name":"Tua Sa\u00fade","article_published_time":"2026-03-12T18:50:00+00:00","og_image":[{"width":1280,"height":714,"url":"https:\/\/www.tuasaude.com\/news\/wp-content\/uploads\/2026\/03\/creation_2559081591.png","type":"image\/png"}],"author":"Gessika Julia Carvalho","twitter_card":"summary_large_image","twitter_misc":{"Escrito por":"Gessika Julia Carvalho","Est. tempo de leitura":"4 minutos"},"schema":{"@context":"https:\/\/schema.org","@graph":[{"@type":"Article","@id":"https:\/\/www.tuasaude.com\/news\/2026\/03\/12\/as-unhas-quebradicas-e-com-linhas-verticais-estao-de-alguma-forma-ligadas-a-uma-funcao-metabolica-crucial\/#article","isPartOf":{"@id":"https:\/\/www.tuasaude.com\/news\/2026\/03\/12\/as-unhas-quebradicas-e-com-linhas-verticais-estao-de-alguma-forma-ligadas-a-uma-funcao-metabolica-crucial\/"},"author":{"name":"Gessika Julia Carvalho","@id":"https:\/\/www.tuasaude.com\/news\/#\/schema\/person\/2e9df841be69ec84f5d20ddb8d273ac2"},"headline":"As unhas quebradi\u00e7as e com linhas verticais est\u00e3o de alguma forma ligadas a uma fun\u00e7\u00e3o metab\u00f3lica crucial","datePublished":"2026-03-12T18:50:00+00:00","mainEntityOfPage":{"@id":"https:\/\/www.tuasaude.com\/news\/2026\/03\/12\/as-unhas-quebradicas-e-com-linhas-verticais-estao-de-alguma-forma-ligadas-a-uma-funcao-metabolica-crucial\/"},"wordCount":675,"commentCount":0,"image":{"@id":"https:\/\/www.tuasaude.com\/news\/2026\/03\/12\/as-unhas-quebradicas-e-com-linhas-verticais-estao-de-alguma-forma-ligadas-a-uma-funcao-metabolica-crucial\/#primaryimage"},"thumbnailUrl":"https:\/\/www.tuasaude.com\/news\/wp-content\/uploads\/2026\/03\/creation_2559081591.png","keywords":["fun\u00e7\u00e3o metab\u00f3lica","sa\u00fade","sa\u00fade das unhas","unhas quebradi\u00e7as"],"articleSection":["Sa\u00fade"],"inLanguage":"pt-BR","potentialAction":[{"@type":"CommentAction","name":"Comment","target":["https:\/\/www.tuasaude.com\/news\/2026\/03\/12\/as-unhas-quebradicas-e-com-linhas-verticais-estao-de-alguma-forma-ligadas-a-uma-funcao-metabolica-crucial\/#respond"]}]},{"@type":"WebPage","@id":"https:\/\/www.tuasaude.com\/news\/2026\/03\/12\/as-unhas-quebradicas-e-com-linhas-verticais-estao-de-alguma-forma-ligadas-a-uma-funcao-metabolica-crucial\/","url":"https:\/\/www.tuasaude.com\/news\/2026\/03\/12\/as-unhas-quebradicas-e-com-linhas-verticais-estao-de-alguma-forma-ligadas-a-uma-funcao-metabolica-crucial\/","name":"As unhas quebradi\u00e7as e com linhas verticais est\u00e3o de alguma forma ligadas a uma fun\u00e7\u00e3o metab\u00f3lica crucial - Tua Sa\u00fade","isPartOf":{"@id":"https:\/\/www.tuasaude.com\/news\/#website"},"primaryImageOfPage":{"@id":"https:\/\/www.tuasaude.com\/news\/2026\/03\/12\/as-unhas-quebradicas-e-com-linhas-verticais-estao-de-alguma-forma-ligadas-a-uma-funcao-metabolica-crucial\/#primaryimage"},"image":{"@id":"https:\/\/www.tuasaude.com\/news\/2026\/03\/12\/as-unhas-quebradicas-e-com-linhas-verticais-estao-de-alguma-forma-ligadas-a-uma-funcao-metabolica-crucial\/#primaryimage"},"thumbnailUrl":"https:\/\/www.tuasaude.com\/news\/wp-content\/uploads\/2026\/03\/creation_2559081591.png","datePublished":"2026-03-12T18:50:00+00:00","author":{"@id":"https:\/\/www.tuasaude.com\/news\/#\/schema\/person\/2e9df841be69ec84f5d20ddb8d273ac2"},"description":"Unhas quebradi\u00e7as e com linhas verticais podem indicar defici\u00eancia de ferro, zinco ou altera\u00e7\u00f5es no metabolismo. Entenda os sinais.","breadcrumb":{"@id":"https:\/\/www.tuasaude.com\/news\/2026\/03\/12\/as-unhas-quebradicas-e-com-linhas-verticais-estao-de-alguma-forma-ligadas-a-uma-funcao-metabolica-crucial\/#breadcrumb"},"inLanguage":"pt-BR","potentialAction":[{"@type":"ReadAction","target":["https:\/\/www.tuasaude.com\/news\/2026\/03\/12\/as-unhas-quebradicas-e-com-linhas-verticais-estao-de-alguma-forma-ligadas-a-uma-funcao-metabolica-crucial\/"]}]},{"@type":"ImageObject","inLanguage":"pt-BR","@id":"https:\/\/www.tuasaude.com\/news\/2026\/03\/12\/as-unhas-quebradicas-e-com-linhas-verticais-estao-de-alguma-forma-ligadas-a-uma-funcao-metabolica-crucial\/#primaryimage","url":"https:\/\/www.tuasaude.com\/news\/wp-content\/uploads\/2026\/03\/creation_2559081591.png","contentUrl":"https:\/\/www.tuasaude.com\/news\/wp-content\/uploads\/2026\/03\/creation_2559081591.png","width":1280,"height":714,"caption":"Mudan\u00e7as persistentes nas unhas podem ser um sinal do organismo e merecem avalia\u00e7\u00e3o m\u00e9dica."},{"@type":"BreadcrumbList","@id":"https:\/\/www.tuasaude.com\/news\/2026\/03\/12\/as-unhas-quebradicas-e-com-linhas-verticais-estao-de-alguma-forma-ligadas-a-uma-funcao-metabolica-crucial\/#breadcrumb","itemListElement":[{"@type":"ListItem","position":1,"name":"In\u00edcio","item":"https:\/\/www.tuasaude.com\/news\/"},{"@type":"ListItem","position":2,"name":"As unhas quebradi\u00e7as e com linhas verticais est\u00e3o de alguma forma ligadas a uma fun\u00e7\u00e3o metab\u00f3lica crucial"}]},{"@type":"WebSite","@id":"https:\/\/www.tuasaude.com\/news\/#website","url":"https:\/\/www.tuasaude.com\/news\/","name":"Tua Sa\u00fade","description":"Seu site de sa\u00fade","potentialAction":[{"@type":"SearchAction","target":{"@type":"EntryPoint","urlTemplate":"https:\/\/www.tuasaude.com\/news\/?s={search_term_string}"},"query-input":{"@type":"PropertyValueSpecification","valueRequired":true,"valueName":"search_term_string"}}],"inLanguage":"pt-BR"},{"@type":"Person","@id":"https:\/\/www.tuasaude.com\/news\/#\/schema\/person\/2e9df841be69ec84f5d20ddb8d273ac2","name":"Gessika Julia Carvalho","image":{"@type":"ImageObject","inLanguage":"pt-BR","@id":"https:\/\/www.tuasaude.com\/news\/#\/schema\/person\/image\/","url":"https:\/\/secure.gravatar.com\/avatar\/0fcc8769024577fd0bc6a8b766055690f76a8e8f29dfb2a2f89cf04db8d0f2d2?s=96&d=mm&r=g","contentUrl":"https:\/\/secure.gravatar.com\/avatar\/0fcc8769024577fd0bc6a8b766055690f76a8e8f29dfb2a2f89cf04db8d0f2d2?s=96&d=mm&r=g","caption":"Gessika Julia Carvalho"},"sameAs":["https:\/\/www.tuasaude.com\/news\/"],"url":"https:\/\/www.tuasaude.com\/news\/author\/gessika-julia\/"}]}},"_links":{"self":[{"href":"https:\/\/www.tuasaude.com\/news\/wp-json\/wp\/v2\/posts\/7900","targetHints":{"allow":["GET"]}}],"collection":[{"href":"https:\/\/www.tuasaude.com\/news\/wp-json\/wp\/v2\/posts"}],"about":[{"href":"https:\/\/www.tuasaude.com\/news\/wp-json\/wp\/v2\/types\/post"}],"author":[{"embeddable":true,"href":"https:\/\/www.tuasaude.com\/news\/wp-json\/wp\/v2\/users\/11"}],"replies":[{"embeddable":true,"href":"https:\/\/www.tuasaude.com\/news\/wp-json\/wp\/v2\/comments?post=7900"}],"version-history":[{"count":2,"href":"https:\/\/www.tuasaude.com\/news\/wp-json\/wp\/v2\/posts\/7900\/revisions"}],"predecessor-version":[{"id":8258,"href":"https:\/\/www.tuasaude.com\/news\/wp-json\/wp\/v2\/posts\/7900\/revisions\/8258"}],"wp:featuredmedia":[{"embeddable":true,"href":"https:\/\/www.tuasaude.com\/news\/wp-json\/wp\/v2\/media\/8309"}],"wp:attachment":[{"href":"https:\/\/www.tuasaude.com\/news\/wp-json\/wp\/v2\/media?parent=7900"}],"wp:term":[{"taxonomy":"category","embeddable":true,"href":"https:\/\/www.tuasaude.com\/news\/wp-json\/wp\/v2\/categories?post=7900"},{"taxonomy":"post_tag","embeddable":true,"href":"https:\/\/www.tuasaude.com\/news\/wp-json\/wp\/v2\/tags?post=7900"}],"curies":[{"name":"wp","href":"https:\/\/api.w.org\/{rel}","templated":true}]}}