{"id":7850,"date":"2026-03-11T15:00:00","date_gmt":"2026-03-11T18:00:00","guid":{"rendered":"https:\/\/www.tuasaude.com\/news\/?p=7850"},"modified":"2026-03-11T09:42:41","modified_gmt":"2026-03-11T12:42:41","slug":"quantas-horas-e-normal-sentir-cansaco-apos-as-refeicoes-para-manter-a-saude-metabolica","status":"publish","type":"post","link":"https:\/\/www.tuasaude.com\/news\/2026\/03\/11\/quantas-horas-e-normal-sentir-cansaco-apos-as-refeicoes-para-manter-a-saude-metabolica\/","title":{"rendered":"Quantas horas \u00e9 normal sentir cansa\u00e7o ap\u00f3s as refei\u00e7\u00f5es para manter a sa\u00fade metab\u00f3lica"},"content":{"rendered":"\n<p>Uma leve <strong><a href=\"https:\/\/www.tuasaude.com\/8-doencas-que-causam-cansaco-excessivo\/\" target=\"_blank\" rel=\"noreferrer noopener\">sonol\u00eancia <\/a><\/strong>ap\u00f3s refei\u00e7\u00f5es \u00e9 completamente normal e at\u00e9 esperada. O organismo redireciona energia para a digest\u00e3o, ativa o <strong><a href=\"https:\/\/www.tuasaude.com\/sistema-nervoso\/\" target=\"_blank\" rel=\"noreferrer noopener\">sistema nervoso<\/a><\/strong> respons\u00e1vel pelo repouso e experimenta uma eleva\u00e7\u00e3o transit\u00f3ria de subst\u00e2ncias no c\u00e9rebro que favorecem o relaxamento. O problema come\u00e7a quando esse cansa\u00e7o dura mais do que deveria, vem acompanhado de confus\u00e3o mental ou impede qualquer atividade por uma ou mais horas. Nesses casos, o corpo pode estar sinalizando que algo no metabolismo n\u00e3o est\u00e1 funcionando bem e entender essa diferen\u00e7a pode ser decisivo para a sa\u00fade a longo prazo.<\/p>\n\n\n\n<h2 class=\"wp-block-heading\">O que acontece no corpo durante a sonol\u00eancia ap\u00f3s refei\u00e7\u00f5es?<\/h2>\n\n\n\n<p>Imediatamente ap\u00f3s uma refei\u00e7\u00e3o, o <strong><a href=\"https:\/\/www.tuasaude.com\/sistema-digestorio\/\" target=\"_blank\" rel=\"noreferrer noopener\">sistema digestivo<\/a><\/strong> entra em a\u00e7\u00e3o e o sistema nervoso parassimp\u00e1tico, respons\u00e1vel pelo estado de repouso e recupera\u00e7\u00e3o, assume o controle. Esse processo desvia sangue para os \u00f3rg\u00e3os digestivos, reduz temporariamente a disposi\u00e7\u00e3o e provoca uma sensa\u00e7\u00e3o natural de relaxamento. Ao mesmo tempo, o consumo de <strong><a href=\"https:\/\/www.tuasaude.com\/carboidratos\/\" target=\"_blank\" rel=\"noreferrer noopener\">carboidratos<\/a><\/strong> estimula a libera\u00e7\u00e3o de insulina, que favorece a entrada do amino\u00e1cido triptofano no c\u00e9rebro, onde ele contribui para a produ\u00e7\u00e3o de subst\u00e2ncias associadas ao sono.<\/p>\n\n\n\n<p>Esse conjunto de rea\u00e7\u00f5es \u00e9 fisiol\u00f3gico e faz parte do funcionamento normal do organismo. O cansa\u00e7o que decorre desse processo costuma durar entre 20 e 30 minutos e desaparece naturalmente, sem interferir na capacidade de racioc\u00ednio ou nas atividades do dia.<\/p>\n\n\n<div class=\"wp-block-image\">\n<figure class=\"aligncenter size-large\"><img decoding=\"async\" width=\"1024\" height=\"571\" src=\"https:\/\/www.tuasaude.com\/news\/wp-content\/uploads\/2026\/03\/freepik__fotografia-realista-de-uma-pessoa-aps-o-almoo-em-u__86115-1024x571.png\" alt=\"Quantas horas \u00e9 normal sentir cansa\u00e7o ap\u00f3s as refei\u00e7\u00f5es para manter a sa\u00fade metab\u00f3lica\" class=\"wp-image-7877\" srcset=\"https:\/\/www.tuasaude.com\/news\/wp-content\/uploads\/2026\/03\/freepik__fotografia-realista-de-uma-pessoa-aps-o-almoo-em-u__86115-1024x571.png 1024w, https:\/\/www.tuasaude.com\/news\/wp-content\/uploads\/2026\/03\/freepik__fotografia-realista-de-uma-pessoa-aps-o-almoo-em-u__86115-300x167.png 300w, https:\/\/www.tuasaude.com\/news\/wp-content\/uploads\/2026\/03\/freepik__fotografia-realista-de-uma-pessoa-aps-o-almoo-em-u__86115-768x428.png 768w, https:\/\/www.tuasaude.com\/news\/wp-content\/uploads\/2026\/03\/freepik__fotografia-realista-de-uma-pessoa-aps-o-almoo-em-u__86115-750x418.png 750w, https:\/\/www.tuasaude.com\/news\/wp-content\/uploads\/2026\/03\/freepik__fotografia-realista-de-uma-pessoa-aps-o-almoo-em-u__86115-1140x636.png 1140w, https:\/\/www.tuasaude.com\/news\/wp-content\/uploads\/2026\/03\/freepik__fotografia-realista-de-uma-pessoa-aps-o-almoo-em-u__86115.png 1280w\" sizes=\"(max-width: 1024px) 100vw, 1024px\" \/><figcaption class=\"wp-element-caption\">Sonol\u00eancia intensa ou que dura mais de uma hora pode indicar altera\u00e7\u00f5es no metabolismo do a\u00e7\u00facar no sangue.<\/figcaption><\/figure>\n<\/div>\n\n\n<h2 class=\"wp-block-heading\">O que a ci\u00eancia diz sobre o limite saud\u00e1vel de sonol\u00eancia p\u00f3s-refei\u00e7\u00e3o<\/h2>\n\n\n\n<p>Nem toda sonol\u00eancia ap\u00f3s as refei\u00e7\u00f5es \u00e9 inofensiva. Segundo a revis\u00e3o cient\u00edfica\u00a0<strong><a href=\"https:\/\/www.mdpi.com\/2072-6643\/14\/4\/823\" target=\"_blank\" rel=\"noreferrer noopener\">Efeitos da dieta, estilo de vida, crononutri\u00e7\u00e3o e interven\u00e7\u00f5es diet\u00e9ticas alternativas na glicemia p\u00f3s-prandial e resist\u00eancia \u00e0 insulina<\/a><\/strong>, publicada na revista\u00a0<strong>Nutrients<\/strong>\u00a0e indexada no PubMed em 2022, refei\u00e7\u00f5es com alta carga glic\u00eamica, ricas em carboidratos refinados e a\u00e7\u00facares,  provocam picos elevados de glicose seguidos de uma queda brusca nos n\u00edveis de a\u00e7\u00facar no sangue. Esse ciclo de alta e queda r\u00e1pida exige uma resposta compensat\u00f3ria intensa do organismo, que pode se manifestar como fadiga prolongada, dificuldade de concentra\u00e7\u00e3o e uma necessidade urgente de deitar ou dormir bem al\u00e9m dos 30 minutos considerados normais. Os autores destacam que esse padr\u00e3o repetido ao longo do tempo est\u00e1 associado ao desenvolvimento de resist\u00eancia \u00e0 insulina, condi\u00e7\u00e3o em que as c\u00e9lulas deixam de responder adequadamente ao horm\u00f4nio respons\u00e1vel por regular o a\u00e7\u00facar no sangue.<\/p>\n\n\n\n<h2 class=\"wp-block-heading\">Sinais de que o cansa\u00e7o p\u00f3s-refei\u00e7\u00e3o pode indicar um problema metab\u00f3lico<\/h2>\n\n\n\n<p>Distinguir o cansa\u00e7o fisiol\u00f3gico do patol\u00f3gico n\u00e3o exige exames de laborat\u00f3rio em um primeiro momento. Existem sinais pr\u00e1ticos que merecem aten\u00e7\u00e3o e que, quando recorrentes, indicam a necessidade de avalia\u00e7\u00e3o m\u00e9dica:<\/p>\n\n\n<div class=\"wp-block-image\">\n<figure class=\"aligncenter size-large\"><img decoding=\"async\" width=\"1024\" height=\"346\" src=\"https:\/\/www.tuasaude.com\/news\/wp-content\/uploads\/2026\/03\/convertido-11-1024x346.jpg\" alt=\"\" class=\"wp-image-7941\" srcset=\"https:\/\/www.tuasaude.com\/news\/wp-content\/uploads\/2026\/03\/convertido-11-1024x346.jpg 1024w, https:\/\/www.tuasaude.com\/news\/wp-content\/uploads\/2026\/03\/convertido-11-300x101.jpg 300w, https:\/\/www.tuasaude.com\/news\/wp-content\/uploads\/2026\/03\/convertido-11-768x260.jpg 768w, https:\/\/www.tuasaude.com\/news\/wp-content\/uploads\/2026\/03\/convertido-11-750x254.jpg 750w, https:\/\/www.tuasaude.com\/news\/wp-content\/uploads\/2026\/03\/convertido-11-1140x386.jpg 1140w, https:\/\/www.tuasaude.com\/news\/wp-content\/uploads\/2026\/03\/convertido-11.jpg 1280w\" sizes=\"(max-width: 1024px) 100vw, 1024px\" \/><\/figure>\n<\/div>\n\n\n<h2 class=\"wp-block-heading\">Quais alimentos e h\u00e1bitos prolongam desnecessariamente esse cansa\u00e7o?<\/h2>\n\n\n\n<p>O tipo de refei\u00e7\u00e3o influencia diretamente a dura\u00e7\u00e3o e a intensidade do cansa\u00e7o p\u00f3s-prandial. Refei\u00e7\u00f5es compostas principalmente por carboidratos refinados, p\u00e3o branco, arroz branco em excesso, massas simples, doces e bebidas a\u00e7ucaradas,  elevam a <strong><a href=\"https:\/\/www.tuasaude.com\/glicose\/\" target=\"_blank\" rel=\"noreferrer noopener\">glicose<\/a><\/strong> no sangue rapidamente e provocam uma resposta hormonal intensa, resultando num cansa\u00e7o mais acentuado e prolongado do que o necess\u00e1rio.<\/p>\n\n\n\n<p>Em contrapartida, refei\u00e7\u00f5es equilibradas, com <strong><a href=\"https:\/\/www.tuasaude.com\/beneficios-das-proteinas\/\" target=\"_blank\" rel=\"noreferrer noopener\">prote\u00ednas <\/a><\/strong>magras, gorduras saud\u00e1veis, fibras e carboidratos de digest\u00e3o mais lenta, elevam a glicose de forma gradual, evitando o pico seguido de queda abrupta. Esse padr\u00e3o alimentar est\u00e1 associado a uma sonol\u00eancia p\u00f3s-refei\u00e7\u00e3o muito mais breve e a um estado de energia mais est\u00e1vel ao longo do dia.<\/p>\n\n\n\n<h2 class=\"wp-block-heading\">Quando procurar orienta\u00e7\u00e3o m\u00e9dica por causa da sonol\u00eancia ap\u00f3s refei\u00e7\u00f5es?<\/h2>\n\n\n\n<p>A sonol\u00eancia de 20 a 30 minutos ap\u00f3s refei\u00e7\u00f5es equilibradas \u00e9 um fen\u00f4meno normal e n\u00e3o exige nenhuma a\u00e7\u00e3o. Mas quando o cansa\u00e7o \u00e9 intenso, frequente e dura mais de uma hora, especialmente se vier acompanhado de outros sintomas, pode ser o sinal inicial de condi\u00e7\u00f5es como <strong><a href=\"https:\/\/www.tuasaude.com\/resistencia-a-insulina\/\" target=\"_blank\" rel=\"noreferrer noopener\">resist\u00eancia \u00e0 insulina<\/a><\/strong>, pr\u00e9-diabetes ou outros desequil\u00edbrios metab\u00f3licos que s\u00f3 um profissional de sa\u00fade consegue identificar com precis\u00e3o.<\/p>\n\n\n\n<p>Antes de atribuir esse cansa\u00e7o apenas ao estilo de vida ou \u00e0 qualidade do sono, vale consultar um m\u00e9dico. Exames simples de sangue, como a glicemia em jejum e a insulina de jejum, j\u00e1 oferecem uma vis\u00e3o inicial sobre o metabolismo da glicose. Apenas um profissional de sa\u00fade pode avaliar o contexto cl\u00ednico completo e indicar se mudan\u00e7as alimentares, acompanhamento nutricional ou investiga\u00e7\u00e3o adicional s\u00e3o necess\u00e1rios.<\/p>\n","protected":false},"excerpt":{"rendered":"<p>Uma leve sonol\u00eancia ap\u00f3s refei\u00e7\u00f5es \u00e9 completamente normal e at\u00e9 esperada. O organismo redireciona energia para a digest\u00e3o, ativa o sistema nervoso respons\u00e1vel pelo repouso e experimenta uma eleva\u00e7\u00e3o transit\u00f3ria de subst\u00e2ncias no c\u00e9rebro que favorecem o relaxamento. O problema come\u00e7a quando esse cansa\u00e7o dura mais do que deveria, vem acompanhado de confus\u00e3o mental ou [&hellip;]<\/p>\n","protected":false},"author":9,"featured_media":7878,"comment_status":"open","ping_status":"open","sticky":false,"template":"","format":"standard","meta":{"_yoast_wpseo_focuskw":"sonol\u00eancia ap\u00f3s as refei\u00e7\u00f5es","_yoast_wpseo_title":"","_yoast_wpseo_metadesc":"Uma leve sonol\u00eancia ap\u00f3s as refei\u00e7\u00f5es \u00e9 normal, mas a dura\u00e7\u00e3o do cansa\u00e7o pode indicar como est\u00e1 a sa\u00fade metab\u00f3lica do organismo.","jnews-multi-image_gallery":[],"jnews_single_post":{"format":"standard"},"jnews_primary_category":[],"jnews_social_meta":[],"jnews_override_counter":[],"footnotes":""},"categories":[111],"tags":[2148,2149,2150,2147],"class_list":["post-7850","post","type-post","status-publish","format-standard","has-post-thumbnail","hentry","category-saude","tag-cansaco-depois-de-comer","tag-metabolismo-e-cansaco-apos-comer","tag-pico-de-glicose-e-cansaco","tag-sonolencia-apos-as-refeicoes"],"yoast_head":"<!-- This site is optimized with the Yoast SEO plugin v26.7 - https:\/\/yoast.com\/wordpress\/plugins\/seo\/ -->\n<title>Quantas horas \u00e9 normal sentir cansa\u00e7o ap\u00f3s as refei\u00e7\u00f5es para manter a sa\u00fade metab\u00f3lica - Tua Sa\u00fade<\/title>\n<meta name=\"description\" content=\"Uma leve sonol\u00eancia ap\u00f3s as refei\u00e7\u00f5es \u00e9 normal, mas a dura\u00e7\u00e3o do cansa\u00e7o pode indicar como est\u00e1 a sa\u00fade metab\u00f3lica do organismo.\" \/>\n<meta name=\"robots\" content=\"index, follow, max-snippet:-1, max-image-preview:large, max-video-preview:-1\" \/>\n<link rel=\"canonical\" href=\"https:\/\/www.tuasaude.com\/news\/2026\/03\/11\/quantas-horas-e-normal-sentir-cansaco-apos-as-refeicoes-para-manter-a-saude-metabolica\/\" \/>\n<meta property=\"og:locale\" content=\"pt_BR\" \/>\n<meta property=\"og:type\" content=\"article\" \/>\n<meta property=\"og:title\" content=\"Quantas horas \u00e9 normal sentir cansa\u00e7o ap\u00f3s as refei\u00e7\u00f5es para manter a sa\u00fade metab\u00f3lica - Tua Sa\u00fade\" \/>\n<meta property=\"og:description\" content=\"Uma leve sonol\u00eancia ap\u00f3s as refei\u00e7\u00f5es \u00e9 normal, mas a dura\u00e7\u00e3o do cansa\u00e7o pode indicar como est\u00e1 a sa\u00fade metab\u00f3lica do organismo.\" \/>\n<meta property=\"og:url\" content=\"https:\/\/www.tuasaude.com\/news\/2026\/03\/11\/quantas-horas-e-normal-sentir-cansaco-apos-as-refeicoes-para-manter-a-saude-metabolica\/\" \/>\n<meta property=\"og:site_name\" content=\"Tua Sa\u00fade\" \/>\n<meta property=\"article:published_time\" content=\"2026-03-11T18:00:00+00:00\" \/>\n<meta property=\"og:image\" content=\"https:\/\/www.tuasaude.com\/news\/wp-content\/uploads\/2026\/03\/freepik__ilustrao-simples-de-uma-pessoa-sentada-mesa-aps-um__86114.png\" \/>\n\t<meta property=\"og:image:width\" content=\"1280\" \/>\n\t<meta property=\"og:image:height\" content=\"714\" \/>\n\t<meta property=\"og:image:type\" content=\"image\/png\" \/>\n<meta name=\"author\" content=\"Roberta Patriota\" \/>\n<meta name=\"twitter:card\" content=\"summary_large_image\" \/>\n<meta name=\"twitter:label1\" content=\"Escrito por\" \/>\n\t<meta name=\"twitter:data1\" content=\"Roberta Patriota\" \/>\n\t<meta name=\"twitter:label2\" content=\"Est. tempo de leitura\" \/>\n\t<meta name=\"twitter:data2\" content=\"5 minutos\" \/>\n<!-- \/ Yoast SEO plugin. -->","yoast_head_json":{"title":"Quantas horas \u00e9 normal sentir cansa\u00e7o ap\u00f3s as refei\u00e7\u00f5es para manter a sa\u00fade metab\u00f3lica - Tua Sa\u00fade","description":"Uma leve sonol\u00eancia ap\u00f3s as refei\u00e7\u00f5es \u00e9 normal, mas a dura\u00e7\u00e3o do cansa\u00e7o pode indicar como est\u00e1 a sa\u00fade metab\u00f3lica do organismo.","robots":{"index":"index","follow":"follow","max-snippet":"max-snippet:-1","max-image-preview":"max-image-preview:large","max-video-preview":"max-video-preview:-1"},"canonical":"https:\/\/www.tuasaude.com\/news\/2026\/03\/11\/quantas-horas-e-normal-sentir-cansaco-apos-as-refeicoes-para-manter-a-saude-metabolica\/","og_locale":"pt_BR","og_type":"article","og_title":"Quantas horas \u00e9 normal sentir cansa\u00e7o ap\u00f3s as refei\u00e7\u00f5es para manter a sa\u00fade metab\u00f3lica - Tua Sa\u00fade","og_description":"Uma leve sonol\u00eancia ap\u00f3s as refei\u00e7\u00f5es \u00e9 normal, mas a dura\u00e7\u00e3o do cansa\u00e7o pode indicar como est\u00e1 a sa\u00fade metab\u00f3lica do organismo.","og_url":"https:\/\/www.tuasaude.com\/news\/2026\/03\/11\/quantas-horas-e-normal-sentir-cansaco-apos-as-refeicoes-para-manter-a-saude-metabolica\/","og_site_name":"Tua Sa\u00fade","article_published_time":"2026-03-11T18:00:00+00:00","og_image":[{"width":1280,"height":714,"url":"https:\/\/www.tuasaude.com\/news\/wp-content\/uploads\/2026\/03\/freepik__ilustrao-simples-de-uma-pessoa-sentada-mesa-aps-um__86114.png","type":"image\/png"}],"author":"Roberta Patriota","twitter_card":"summary_large_image","twitter_misc":{"Escrito por":"Roberta Patriota","Est. tempo de leitura":"5 minutos"},"schema":{"@context":"https:\/\/schema.org","@graph":[{"@type":"Article","@id":"https:\/\/www.tuasaude.com\/news\/2026\/03\/11\/quantas-horas-e-normal-sentir-cansaco-apos-as-refeicoes-para-manter-a-saude-metabolica\/#article","isPartOf":{"@id":"https:\/\/www.tuasaude.com\/news\/2026\/03\/11\/quantas-horas-e-normal-sentir-cansaco-apos-as-refeicoes-para-manter-a-saude-metabolica\/"},"author":{"name":"Roberta Patriota","@id":"https:\/\/www.tuasaude.com\/news\/#\/schema\/person\/27adc41011393316b12ef997ca893e44"},"headline":"Quantas horas \u00e9 normal sentir cansa\u00e7o ap\u00f3s as refei\u00e7\u00f5es para manter a sa\u00fade metab\u00f3lica","datePublished":"2026-03-11T18:00:00+00:00","mainEntityOfPage":{"@id":"https:\/\/www.tuasaude.com\/news\/2026\/03\/11\/quantas-horas-e-normal-sentir-cansaco-apos-as-refeicoes-para-manter-a-saude-metabolica\/"},"wordCount":824,"commentCount":0,"image":{"@id":"https:\/\/www.tuasaude.com\/news\/2026\/03\/11\/quantas-horas-e-normal-sentir-cansaco-apos-as-refeicoes-para-manter-a-saude-metabolica\/#primaryimage"},"thumbnailUrl":"https:\/\/www.tuasaude.com\/news\/wp-content\/uploads\/2026\/03\/freepik__ilustrao-simples-de-uma-pessoa-sentada-mesa-aps-um__86114.png","keywords":["cansa\u00e7o depois de comer","metabolismo e cansa\u00e7o ap\u00f3s comer","pico de glicose e cansa\u00e7o","sonol\u00eancia ap\u00f3s as refei\u00e7\u00f5es"],"articleSection":["Sa\u00fade"],"inLanguage":"pt-BR","potentialAction":[{"@type":"CommentAction","name":"Comment","target":["https:\/\/www.tuasaude.com\/news\/2026\/03\/11\/quantas-horas-e-normal-sentir-cansaco-apos-as-refeicoes-para-manter-a-saude-metabolica\/#respond"]}]},{"@type":"WebPage","@id":"https:\/\/www.tuasaude.com\/news\/2026\/03\/11\/quantas-horas-e-normal-sentir-cansaco-apos-as-refeicoes-para-manter-a-saude-metabolica\/","url":"https:\/\/www.tuasaude.com\/news\/2026\/03\/11\/quantas-horas-e-normal-sentir-cansaco-apos-as-refeicoes-para-manter-a-saude-metabolica\/","name":"Quantas horas \u00e9 normal sentir cansa\u00e7o ap\u00f3s as refei\u00e7\u00f5es para manter a sa\u00fade metab\u00f3lica - Tua Sa\u00fade","isPartOf":{"@id":"https:\/\/www.tuasaude.com\/news\/#website"},"primaryImageOfPage":{"@id":"https:\/\/www.tuasaude.com\/news\/2026\/03\/11\/quantas-horas-e-normal-sentir-cansaco-apos-as-refeicoes-para-manter-a-saude-metabolica\/#primaryimage"},"image":{"@id":"https:\/\/www.tuasaude.com\/news\/2026\/03\/11\/quantas-horas-e-normal-sentir-cansaco-apos-as-refeicoes-para-manter-a-saude-metabolica\/#primaryimage"},"thumbnailUrl":"https:\/\/www.tuasaude.com\/news\/wp-content\/uploads\/2026\/03\/freepik__ilustrao-simples-de-uma-pessoa-sentada-mesa-aps-um__86114.png","datePublished":"2026-03-11T18:00:00+00:00","author":{"@id":"https:\/\/www.tuasaude.com\/news\/#\/schema\/person\/27adc41011393316b12ef997ca893e44"},"description":"Uma leve sonol\u00eancia ap\u00f3s as refei\u00e7\u00f5es \u00e9 normal, mas a dura\u00e7\u00e3o do cansa\u00e7o pode indicar como est\u00e1 a sa\u00fade metab\u00f3lica do organismo.","breadcrumb":{"@id":"https:\/\/www.tuasaude.com\/news\/2026\/03\/11\/quantas-horas-e-normal-sentir-cansaco-apos-as-refeicoes-para-manter-a-saude-metabolica\/#breadcrumb"},"inLanguage":"pt-BR","potentialAction":[{"@type":"ReadAction","target":["https:\/\/www.tuasaude.com\/news\/2026\/03\/11\/quantas-horas-e-normal-sentir-cansaco-apos-as-refeicoes-para-manter-a-saude-metabolica\/"]}]},{"@type":"ImageObject","inLanguage":"pt-BR","@id":"https:\/\/www.tuasaude.com\/news\/2026\/03\/11\/quantas-horas-e-normal-sentir-cansaco-apos-as-refeicoes-para-manter-a-saude-metabolica\/#primaryimage","url":"https:\/\/www.tuasaude.com\/news\/wp-content\/uploads\/2026\/03\/freepik__ilustrao-simples-de-uma-pessoa-sentada-mesa-aps-um__86114.png","contentUrl":"https:\/\/www.tuasaude.com\/news\/wp-content\/uploads\/2026\/03\/freepik__ilustrao-simples-de-uma-pessoa-sentada-mesa-aps-um__86114.png","width":1280,"height":714,"caption":"Leve sonol\u00eancia ap\u00f3s comer \u00e9 normal e costuma durar cerca de 20 a 30 minutos enquanto o corpo realiza a digest\u00e3o."},{"@type":"BreadcrumbList","@id":"https:\/\/www.tuasaude.com\/news\/2026\/03\/11\/quantas-horas-e-normal-sentir-cansaco-apos-as-refeicoes-para-manter-a-saude-metabolica\/#breadcrumb","itemListElement":[{"@type":"ListItem","position":1,"name":"In\u00edcio","item":"https:\/\/www.tuasaude.com\/news\/"},{"@type":"ListItem","position":2,"name":"Quantas horas \u00e9 normal sentir cansa\u00e7o ap\u00f3s as refei\u00e7\u00f5es para manter a sa\u00fade metab\u00f3lica"}]},{"@type":"WebSite","@id":"https:\/\/www.tuasaude.com\/news\/#website","url":"https:\/\/www.tuasaude.com\/news\/","name":"Tua Sa\u00fade","description":"Seu site de sa\u00fade","potentialAction":[{"@type":"SearchAction","target":{"@type":"EntryPoint","urlTemplate":"https:\/\/www.tuasaude.com\/news\/?s={search_term_string}"},"query-input":{"@type":"PropertyValueSpecification","valueRequired":true,"valueName":"search_term_string"}}],"inLanguage":"pt-BR"},{"@type":"Person","@id":"https:\/\/www.tuasaude.com\/news\/#\/schema\/person\/27adc41011393316b12ef997ca893e44","name":"Roberta Patriota","image":{"@type":"ImageObject","inLanguage":"pt-BR","@id":"https:\/\/www.tuasaude.com\/news\/#\/schema\/person\/image\/","url":"https:\/\/secure.gravatar.com\/avatar\/40fc934d21bfa38a60909bb2e5f2ec503dcd4d849aa772e107feb32efe75c210?s=96&d=mm&r=g","contentUrl":"https:\/\/secure.gravatar.com\/avatar\/40fc934d21bfa38a60909bb2e5f2ec503dcd4d849aa772e107feb32efe75c210?s=96&d=mm&r=g","caption":"Roberta Patriota"},"sameAs":["https:\/\/www.tuasaude.com\/news\/"],"url":"https:\/\/www.tuasaude.com\/news\/author\/roberta-patriota\/"}]}},"_links":{"self":[{"href":"https:\/\/www.tuasaude.com\/news\/wp-json\/wp\/v2\/posts\/7850","targetHints":{"allow":["GET"]}}],"collection":[{"href":"https:\/\/www.tuasaude.com\/news\/wp-json\/wp\/v2\/posts"}],"about":[{"href":"https:\/\/www.tuasaude.com\/news\/wp-json\/wp\/v2\/types\/post"}],"author":[{"embeddable":true,"href":"https:\/\/www.tuasaude.com\/news\/wp-json\/wp\/v2\/users\/9"}],"replies":[{"embeddable":true,"href":"https:\/\/www.tuasaude.com\/news\/wp-json\/wp\/v2\/comments?post=7850"}],"version-history":[{"count":3,"href":"https:\/\/www.tuasaude.com\/news\/wp-json\/wp\/v2\/posts\/7850\/revisions"}],"predecessor-version":[{"id":7942,"href":"https:\/\/www.tuasaude.com\/news\/wp-json\/wp\/v2\/posts\/7850\/revisions\/7942"}],"wp:featuredmedia":[{"embeddable":true,"href":"https:\/\/www.tuasaude.com\/news\/wp-json\/wp\/v2\/media\/7878"}],"wp:attachment":[{"href":"https:\/\/www.tuasaude.com\/news\/wp-json\/wp\/v2\/media?parent=7850"}],"wp:term":[{"taxonomy":"category","embeddable":true,"href":"https:\/\/www.tuasaude.com\/news\/wp-json\/wp\/v2\/categories?post=7850"},{"taxonomy":"post_tag","embeddable":true,"href":"https:\/\/www.tuasaude.com\/news\/wp-json\/wp\/v2\/tags?post=7850"}],"curies":[{"name":"wp","href":"https:\/\/api.w.org\/{rel}","templated":true}]}}