{"id":778,"date":"2026-01-16T20:00:00","date_gmt":"2026-01-16T23:00:00","guid":{"rendered":"https:\/\/www.tuasaude.com\/news\/?p=778"},"modified":"2026-01-16T09:57:25","modified_gmt":"2026-01-16T12:57:25","slug":"o-que-a-gengiva-inchada-e-vermelha-esta-tentando-avisar","status":"publish","type":"post","link":"https:\/\/www.tuasaude.com\/news\/2026\/01\/16\/o-que-a-gengiva-inchada-e-vermelha-esta-tentando-avisar\/","title":{"rendered":"O que a gengiva inchada e vermelha est\u00e1 tentando avisar"},"content":{"rendered":"\n<p>A <strong><a href=\"https:\/\/www.tuasaude.com\/cancer-na-gengiva\/\" target=\"_blank\" rel=\"noreferrer noopener\">gengivite<\/a><\/strong> \u00e9 uma inflama\u00e7\u00e3o revers\u00edvel dos tecidos gengivais, caracterizada clinicamente pelo sangramento e <strong><a href=\"https:\/\/www.tuasaude.com\/pus-na-gengiva\/\" target=\"_blank\" rel=\"noreferrer noopener\">edema<\/a><\/strong>. Segundo a Organiza\u00e7\u00e3o Mundial da Sa\u00fade (OMS), a condi\u00e7\u00e3o \u00e9 o resultado do ac\u00famulo de biofilme bacteriano, que desencadeia uma resposta imunit\u00e1ria local. Ignorar esses sinais pode levar \u00e0 periodontite, uma patologia grave que compromete o ligamento periodontal e o osso alveolar, tornando o diagn\u00f3stico precoce e a higiene rigorosa fundamentais para evitar a perda dent\u00e1ria e complica\u00e7\u00f5es sist\u00eamicas.<\/p>\n\n\n\n<h2 class=\"wp-block-heading\">O que define a gengivite?<\/h2>\n\n\n\n<p>A gengivite \u00e9 uma les\u00e3o inflamat\u00f3ria confinada aos tecidos moles da gengiva, sem evid\u00eancia de perda de inser\u00e7\u00e3o \u00f3ssea. De acordo com o estudo exato <strong><a href=\"https:\/\/pubmed.ncbi.nlm.nih.gov\/32491354\/\" target=\"_blank\" rel=\"noreferrer noopener\">&#8220;Gingivitis&#8221;<\/a><\/strong> disponibilizado na plataforma<strong> PubMed<\/strong>, a inflama\u00e7\u00e3o ocorre devido \u00e0 libera\u00e7\u00e3o de toxinas bacterianas que aumentam a permeabilidade vascular no tecido gengival.<\/p>\n\n\n\n<p>Clinicamente, a gengivite \u00e9 identificada pela altera\u00e7\u00e3o na cor, forma e consist\u00eancia da margem gengival. Por ser uma condi\u00e7\u00e3o frequentemente indolor, o paciente pode n\u00e3o buscar aux\u00edlio at\u00e9 que o sangramento se torne espont\u00e2neo, sinalizando que a resposta inflamat\u00f3ria do hospedeiro atingiu est\u00e1gios de maior congest\u00e3o capilar.<\/p>\n\n\n<div class=\"wp-block-image\">\n<figure class=\"aligncenter size-large\"><img decoding=\"async\" width=\"1024\" height=\"585\" src=\"https:\/\/www.tuasaude.com\/news\/wp-content\/uploads\/2026\/01\/freepik__35mm-film-photography-pessoa-adulta-escovando-os-d__61917-1024x585.jpeg\" alt=\"O que a gengiva inchada e vermelha est\u00e1 tentando avisar\" class=\"wp-image-965\"\/><figcaption class=\"wp-element-caption\">A gengivite \u00e9 uma les\u00e3o inflamat\u00f3ria confinada aos tecidos moles da gengiva, sem evid\u00eancia de perda de inser\u00e7\u00e3o \u00f3ssea<\/figcaption><\/figure>\n<\/div>\n\n\n<h2 class=\"wp-block-heading\">Quais s\u00e3o os sintomas principais?<\/h2>\n\n\n\n<p>Os sintomas manifestam-se como alertas biol\u00f3gicos de que o biofilme est\u00e1 agredindo os tecidos de prote\u00e7\u00e3o. O sangramento ao toque \u00e9 o indicador mais sens\u00edvel de inflama\u00e7\u00e3o ativa, superando a percep\u00e7\u00e3o visual do paciente.<\/p>\n\n\n\n<p>Abaixo, listamos os principais indicadores cl\u00ednicos da presen\u00e7a de gengivite:<\/p>\n\n\n\n<table style=\"width: 100%; border-collapse: collapse; font-family: 'Segoe UI', Tahoma, Geneva, Verdana, sans-serif; border-radius: 10px; overflow: hidden; box-shadow: 0 4px 12px rgba(0,0,0,0.1); border: 1px solid #e0e0e0;\">\n  <thead>\n    <tr style=\"background-color: #1976d2; color: #ffffff; text-align: left;\">\n      <th style=\"padding: 15px; width: 30%;\">Indicador Cl\u00ednico<\/th>\n      <th style=\"padding: 15px;\">Descri\u00e7\u00e3o e Manifesta\u00e7\u00e3o<\/th>\n    <\/tr>\n  <\/thead>\n  <tbody>\n    <tr style=\"background-color: #f8f9fa;\">\n      <td style=\"padding: 12px; border-bottom: 1px solid #eee;\"><b>Sangramento<\/b><\/td>\n      <td style=\"padding: 12px; border-bottom: 1px solid #eee;\">Percebido durante a escova\u00e7\u00e3o, uso do fio dental ou atrav\u00e9s de sondagem em consult\u00f3rio.<\/td>\n    <\/tr>\n    <tr style=\"background-color: #ffffff;\">\n      <td style=\"padding: 12px; border-bottom: 1px solid #eee;\"><b>Eritema (Vermelhid\u00e3o)<\/b><\/td>\n      <td style=\"padding: 12px; border-bottom: 1px solid #eee;\">Mudan\u00e7a da cor rosa p\u00e1lido (saud\u00e1vel) para um tom vermelho vivo ou cian\u00f3tico.<\/td>\n    <\/tr>\n    <tr style=\"background-color: #f8f9fa;\">\n      <td style=\"padding: 12px; border-bottom: 1px solid #eee;\"><b>Edema (Incha\u00e7o)<\/b><\/td>\n      <td style=\"padding: 12px; border-bottom: 1px solid #eee;\">Tecido inchado, com perda do contorno firme e arredondamento das papilas entre os dentes.<\/td>\n    <\/tr>\n    <tr style=\"background-color: #ffffff;\">\n      <td style=\"padding: 12px; border-bottom: 1px solid #eee;\"><b>Halitose<\/b><\/td>\n      <td style=\"padding: 12px; border-bottom: 1px solid #eee;\">Mau h\u00e1lito causado por compostos sulfurados vol\u00e1teis produzidos pelas bact\u00e9rias acumuladas.<\/td>\n    <\/tr>\n  <\/tbody>\n<\/table>\n\n\n\n<h2 class=\"wp-block-heading\">Quais causas favorecem a inflama\u00e7\u00e3o?<\/h2>\n\n\n\n<p>A causa prim\u00e1ria \u00e9 o ac\u00famulo de placa, mas fatores sist\u00eamicos modulam a gravidade da resposta. No artigo t\u00e9cnico <strong><a href=\"https:\/\/pubmed.ncbi.nlm.nih.gov\/15978238\/\" target=\"_blank\" rel=\"noreferrer noopener\">&#8220;Etiology and Pathogenesis of Periodontal Diseases&#8221;<\/a><\/strong>, publicado n<strong>a PubMed<\/strong>, demonstra-se que altera\u00e7\u00f5es hormonais e doen\u00e7as metab\u00f3licas, como o diabetes, exacerbam a inflama\u00e7\u00e3o gengival.<\/p>\n\n\n\n<p>O tabagismo tamb\u00e9m \u00e9 uma causa cr\u00edtica, embora possa mascarar o sangramento devido \u00e0 vasoconstri\u00e7\u00e3o, retardando o diagn\u00f3stico. Al\u00e9m disso, o uso de certas medica\u00e7\u00f5es e o estresse cr\u00f4nico podem comprometer a resposta imune local, facilitando a prolifera\u00e7\u00e3o de microrganismos patog\u00eanicos no sulco gengival.<\/p>\n\n\n\n<h2 class=\"wp-block-heading\">Como funciona o tratamento eficaz?<\/h2>\n\n\n\n<p>O tratamento foca na desorganiza\u00e7\u00e3o mec\u00e2nica do biofilme e na remo\u00e7\u00e3o de dep\u00f3sitos calcificados (t\u00e1rtaro). Segundo as diretrizes do <strong>Minist\u00e9rio da Sa\u00fade<\/strong> no manual &#8220;Caderno de Aten\u00e7\u00e3o B\u00e1sica: Sa\u00fade Bucal&#8221;, a raspagem e o polimento coron\u00e1rio s\u00e3o os procedimentos essenciais para restabelecer a sa\u00fade dos tecidos.<\/p>\n\n\n\n<p>A efic\u00e1cia do tratamento cl\u00ednico depende diretamente do controle de placa realizado pelo paciente em seu domic\u00edlio. Em situa\u00e7\u00f5es de inflama\u00e7\u00e3o aguda, o uso auxiliar de agentes qu\u00edmicos, como o bochecho de digliconato de clorexidina a 0,12%, pode ser indicado para reduzir a carga bacteriana e favorecer a cicatriza\u00e7\u00e3o inicial.<\/p>\n\n\n<div class=\"wp-block-image\">\n<figure class=\"aligncenter size-large\"><img decoding=\"async\" width=\"1024\" height=\"571\" src=\"https:\/\/www.tuasaude.com\/news\/wp-content\/uploads\/2026\/01\/freepik__crie-um-infogrfico-horizontal-intitulado-gengivite__35189-1024x571.png\" alt=\"O que a gengiva inchada e vermelha est\u00e1 tentando avisar\" class=\"wp-image-890\" srcset=\"https:\/\/www.tuasaude.com\/news\/wp-content\/uploads\/2026\/01\/freepik__crie-um-infogrfico-horizontal-intitulado-gengivite__35189-1024x571.png 1024w, https:\/\/www.tuasaude.com\/news\/wp-content\/uploads\/2026\/01\/freepik__crie-um-infogrfico-horizontal-intitulado-gengivite__35189-300x167.png 300w, https:\/\/www.tuasaude.com\/news\/wp-content\/uploads\/2026\/01\/freepik__crie-um-infogrfico-horizontal-intitulado-gengivite__35189-768x428.png 768w, https:\/\/www.tuasaude.com\/news\/wp-content\/uploads\/2026\/01\/freepik__crie-um-infogrfico-horizontal-intitulado-gengivite__35189-750x418.png 750w, https:\/\/www.tuasaude.com\/news\/wp-content\/uploads\/2026\/01\/freepik__crie-um-infogrfico-horizontal-intitulado-gengivite__35189-1140x636.png 1140w, https:\/\/www.tuasaude.com\/news\/wp-content\/uploads\/2026\/01\/freepik__crie-um-infogrfico-horizontal-intitulado-gengivite__35189.png 1280w\" sizes=\"(max-width: 1024px) 100vw, 1024px\" \/><figcaption class=\"wp-element-caption\">A gengivite \u00e9 uma les\u00e3o inflamat\u00f3ria confinada aos tecidos moles da gengiva, sem evid\u00eancia de perda de inser\u00e7\u00e3o \u00f3ssea<\/figcaption><\/figure>\n<\/div>\n\n\n<h2 class=\"wp-block-heading\">Quais cuidados evitam a reincid\u00eancia?<\/h2>\n\n\n\n<p>A preven\u00e7\u00e3o da gengivite exige a manuten\u00e7\u00e3o de um ambiente bucal que impe\u00e7a a matura\u00e7\u00e3o de col\u00f4nias bacterianas complexas. O estudo exato <strong><a href=\"https:\/\/periobasics.com\/mechanical-plaque-control\/\" target=\"_blank\" rel=\"noreferrer noopener\">&#8220;Mechanical plaque control&#8221;<\/a><\/strong>, refor\u00e7a que a combina\u00e7\u00e3o de escova\u00e7\u00e3o t\u00e9cnica e limpeza interdental \u00e9 a \u00fanica forma de prevenir a recidiva inflamat\u00f3ria.<\/p>\n\n\n\n<p>As estrat\u00e9gias de controle recomendadas para manter a sa\u00fade gengival incluem:<\/p>\n\n\n\n<ul class=\"wp-block-list\">\n<li><strong>Limpeza interproximal:<\/strong> Uso obrigat\u00f3rio de fio dental ou escovas interdentais para remover a placa entre os dentes.<\/li>\n\n\n\n<li><strong>T\u00e9cnica de Bass modificada:<\/strong> Escova\u00e7\u00e3o com cerdas em 45 graus voltadas para o sulco gengival.<\/li>\n\n\n\n<li><strong>Visitas peri\u00f3dicas:<\/strong> Monitoramento profissional a cada seis meses para remo\u00e7\u00e3o de c\u00e1lculo supra e subgengival.<\/li>\n\n\n\n<li><strong>Controle diet\u00e9tico:<\/strong> Redu\u00e7\u00e3o da frequ\u00eancia de ingest\u00e3o de carboidratos ferment\u00e1veis que alimentam o biofilme.<\/li>\n<\/ul>\n\n\n\n<p><strong>Nota:<\/strong> Este conte\u00fado tem car\u00e1ter informativo e n\u00e3o substitui a consulta cl\u00ednica. Caso apresente sangramento persistente ou incha\u00e7o na gengiva, busque orienta\u00e7\u00e3o m\u00e9dica profissional ou de um cirurgi\u00e3o-dentista.<\/p>\n","protected":false},"excerpt":{"rendered":"<p>A gengivite \u00e9 uma inflama\u00e7\u00e3o revers\u00edvel dos tecidos gengivais, caracterizada clinicamente pelo sangramento e edema. Segundo a Organiza\u00e7\u00e3o Mundial da Sa\u00fade (OMS), a condi\u00e7\u00e3o \u00e9 o resultado do ac\u00famulo de biofilme bacteriano, que desencadeia uma resposta imunit\u00e1ria local. Ignorar esses sinais pode levar \u00e0 periodontite, uma patologia grave que compromete o ligamento periodontal e o [&hellip;]<\/p>\n","protected":false},"author":9,"featured_media":963,"comment_status":"open","ping_status":"open","sticky":false,"template":"","format":"standard","meta":{"_yoast_wpseo_focuskw":"gengivite","_yoast_wpseo_title":"","_yoast_wpseo_metadesc":"Sangramento, incha\u00e7o e mau h\u00e1lito podem indicar gengivite e mostram a import\u00e2ncia do controle di\u00e1rio da placa bacteriana.","jnews-multi-image_gallery":[],"jnews_single_post":{"format":"standard"},"jnews_primary_category":[],"jnews_social_meta":[],"jnews_override_counter":[],"footnotes":""},"categories":[111],"tags":[270,271,268,269],"class_list":["post-778","post","type-post","status-publish","format-standard","has-post-thumbnail","hentry","category-saude","tag-gengiva-inchada","tag-gengiva-sangrando","tag-gengivite","tag-sintomas-de-gengivite"],"yoast_head":"<!-- This site is optimized with the Yoast SEO plugin v26.7 - https:\/\/yoast.com\/wordpress\/plugins\/seo\/ -->\n<title>O que a gengiva inchada e vermelha est\u00e1 tentando avisar - Tua Sa\u00fade<\/title>\n<meta name=\"description\" content=\"Sangramento, incha\u00e7o e mau h\u00e1lito podem indicar gengivite e mostram a import\u00e2ncia do controle di\u00e1rio da placa bacteriana.\" \/>\n<meta name=\"robots\" content=\"index, follow, max-snippet:-1, max-image-preview:large, max-video-preview:-1\" \/>\n<link rel=\"canonical\" href=\"https:\/\/www.tuasaude.com\/news\/2026\/01\/16\/o-que-a-gengiva-inchada-e-vermelha-esta-tentando-avisar\/\" \/>\n<meta property=\"og:locale\" content=\"pt_BR\" \/>\n<meta property=\"og:type\" content=\"article\" \/>\n<meta property=\"og:title\" content=\"O que a gengiva inchada e vermelha est\u00e1 tentando avisar - Tua Sa\u00fade\" \/>\n<meta property=\"og:description\" content=\"Sangramento, incha\u00e7o e mau h\u00e1lito podem indicar gengivite e mostram a import\u00e2ncia do controle di\u00e1rio da placa bacteriana.\" \/>\n<meta property=\"og:url\" content=\"https:\/\/www.tuasaude.com\/news\/2026\/01\/16\/o-que-a-gengiva-inchada-e-vermelha-esta-tentando-avisar\/\" \/>\n<meta property=\"og:site_name\" content=\"Tua Sa\u00fade\" \/>\n<meta property=\"article:published_time\" content=\"2026-01-16T23:00:00+00:00\" \/>\n<meta property=\"og:image\" content=\"https:\/\/www.tuasaude.com\/news\/wp-content\/uploads\/2026\/01\/freepik__35mm-film-photography-close-suave-de-gengiva-human__61916-scaled-e1768568053607.jpeg\" \/>\n\t<meta property=\"og:image:width\" content=\"1280\" \/>\n\t<meta property=\"og:image:height\" content=\"732\" \/>\n\t<meta property=\"og:image:type\" content=\"image\/jpeg\" \/>\n<meta name=\"author\" content=\"Roberta Patriota\" \/>\n<meta name=\"twitter:card\" content=\"summary_large_image\" \/>\n<meta name=\"twitter:label1\" content=\"Escrito por\" \/>\n\t<meta name=\"twitter:data1\" content=\"Roberta Patriota\" \/>\n\t<meta name=\"twitter:label2\" content=\"Est. tempo de leitura\" \/>\n\t<meta name=\"twitter:data2\" content=\"5 minutos\" \/>\n<!-- \/ Yoast SEO plugin. -->","yoast_head_json":{"title":"O que a gengiva inchada e vermelha est\u00e1 tentando avisar - Tua Sa\u00fade","description":"Sangramento, incha\u00e7o e mau h\u00e1lito podem indicar gengivite e mostram a import\u00e2ncia do controle di\u00e1rio da placa bacteriana.","robots":{"index":"index","follow":"follow","max-snippet":"max-snippet:-1","max-image-preview":"max-image-preview:large","max-video-preview":"max-video-preview:-1"},"canonical":"https:\/\/www.tuasaude.com\/news\/2026\/01\/16\/o-que-a-gengiva-inchada-e-vermelha-esta-tentando-avisar\/","og_locale":"pt_BR","og_type":"article","og_title":"O que a gengiva inchada e vermelha est\u00e1 tentando avisar - Tua Sa\u00fade","og_description":"Sangramento, incha\u00e7o e mau h\u00e1lito podem indicar gengivite e mostram a import\u00e2ncia do controle di\u00e1rio da placa bacteriana.","og_url":"https:\/\/www.tuasaude.com\/news\/2026\/01\/16\/o-que-a-gengiva-inchada-e-vermelha-esta-tentando-avisar\/","og_site_name":"Tua Sa\u00fade","article_published_time":"2026-01-16T23:00:00+00:00","og_image":[{"width":1280,"height":732,"url":"https:\/\/www.tuasaude.com\/news\/wp-content\/uploads\/2026\/01\/freepik__35mm-film-photography-close-suave-de-gengiva-human__61916-scaled-e1768568053607.jpeg","type":"image\/jpeg"}],"author":"Roberta Patriota","twitter_card":"summary_large_image","twitter_misc":{"Escrito por":"Roberta Patriota","Est. tempo de leitura":"5 minutos"},"schema":{"@context":"https:\/\/schema.org","@graph":[{"@type":"Article","@id":"https:\/\/www.tuasaude.com\/news\/2026\/01\/16\/o-que-a-gengiva-inchada-e-vermelha-esta-tentando-avisar\/#article","isPartOf":{"@id":"https:\/\/www.tuasaude.com\/news\/2026\/01\/16\/o-que-a-gengiva-inchada-e-vermelha-esta-tentando-avisar\/"},"author":{"name":"Roberta Patriota","@id":"https:\/\/www.tuasaude.com\/news\/#\/schema\/person\/27adc41011393316b12ef997ca893e44"},"headline":"O que a gengiva inchada e vermelha est\u00e1 tentando avisar","datePublished":"2026-01-16T23:00:00+00:00","mainEntityOfPage":{"@id":"https:\/\/www.tuasaude.com\/news\/2026\/01\/16\/o-que-a-gengiva-inchada-e-vermelha-esta-tentando-avisar\/"},"wordCount":786,"commentCount":0,"image":{"@id":"https:\/\/www.tuasaude.com\/news\/2026\/01\/16\/o-que-a-gengiva-inchada-e-vermelha-esta-tentando-avisar\/#primaryimage"},"thumbnailUrl":"https:\/\/www.tuasaude.com\/news\/wp-content\/uploads\/2026\/01\/freepik__35mm-film-photography-close-suave-de-gengiva-human__61916-scaled-e1768568053607.jpeg","keywords":["gengiva inchada","gengiva sangrando","Gengivite","sintomas de gengivite"],"articleSection":["Sa\u00fade"],"inLanguage":"pt-BR","potentialAction":[{"@type":"CommentAction","name":"Comment","target":["https:\/\/www.tuasaude.com\/news\/2026\/01\/16\/o-que-a-gengiva-inchada-e-vermelha-esta-tentando-avisar\/#respond"]}]},{"@type":"WebPage","@id":"https:\/\/www.tuasaude.com\/news\/2026\/01\/16\/o-que-a-gengiva-inchada-e-vermelha-esta-tentando-avisar\/","url":"https:\/\/www.tuasaude.com\/news\/2026\/01\/16\/o-que-a-gengiva-inchada-e-vermelha-esta-tentando-avisar\/","name":"O que a gengiva inchada e vermelha est\u00e1 tentando avisar - Tua Sa\u00fade","isPartOf":{"@id":"https:\/\/www.tuasaude.com\/news\/#website"},"primaryImageOfPage":{"@id":"https:\/\/www.tuasaude.com\/news\/2026\/01\/16\/o-que-a-gengiva-inchada-e-vermelha-esta-tentando-avisar\/#primaryimage"},"image":{"@id":"https:\/\/www.tuasaude.com\/news\/2026\/01\/16\/o-que-a-gengiva-inchada-e-vermelha-esta-tentando-avisar\/#primaryimage"},"thumbnailUrl":"https:\/\/www.tuasaude.com\/news\/wp-content\/uploads\/2026\/01\/freepik__35mm-film-photography-close-suave-de-gengiva-human__61916-scaled-e1768568053607.jpeg","datePublished":"2026-01-16T23:00:00+00:00","author":{"@id":"https:\/\/www.tuasaude.com\/news\/#\/schema\/person\/27adc41011393316b12ef997ca893e44"},"description":"Sangramento, incha\u00e7o e mau h\u00e1lito podem indicar gengivite e mostram a import\u00e2ncia do controle di\u00e1rio da placa bacteriana.","breadcrumb":{"@id":"https:\/\/www.tuasaude.com\/news\/2026\/01\/16\/o-que-a-gengiva-inchada-e-vermelha-esta-tentando-avisar\/#breadcrumb"},"inLanguage":"pt-BR","potentialAction":[{"@type":"ReadAction","target":["https:\/\/www.tuasaude.com\/news\/2026\/01\/16\/o-que-a-gengiva-inchada-e-vermelha-esta-tentando-avisar\/"]}]},{"@type":"ImageObject","inLanguage":"pt-BR","@id":"https:\/\/www.tuasaude.com\/news\/2026\/01\/16\/o-que-a-gengiva-inchada-e-vermelha-esta-tentando-avisar\/#primaryimage","url":"https:\/\/www.tuasaude.com\/news\/wp-content\/uploads\/2026\/01\/freepik__35mm-film-photography-close-suave-de-gengiva-human__61916-scaled-e1768568053607.jpeg","contentUrl":"https:\/\/www.tuasaude.com\/news\/wp-content\/uploads\/2026\/01\/freepik__35mm-film-photography-close-suave-de-gengiva-human__61916-scaled-e1768568053607.jpeg","width":1280,"height":732,"caption":"A gengivite \u00e9 uma les\u00e3o inflamat\u00f3ria confinada aos tecidos moles da gengiva, sem evid\u00eancia de perda de inser\u00e7\u00e3o \u00f3ssea"},{"@type":"BreadcrumbList","@id":"https:\/\/www.tuasaude.com\/news\/2026\/01\/16\/o-que-a-gengiva-inchada-e-vermelha-esta-tentando-avisar\/#breadcrumb","itemListElement":[{"@type":"ListItem","position":1,"name":"In\u00edcio","item":"https:\/\/www.tuasaude.com\/news\/"},{"@type":"ListItem","position":2,"name":"O que a gengiva inchada e vermelha est\u00e1 tentando avisar"}]},{"@type":"WebSite","@id":"https:\/\/www.tuasaude.com\/news\/#website","url":"https:\/\/www.tuasaude.com\/news\/","name":"Tua Sa\u00fade","description":"Seu site de sa\u00fade","potentialAction":[{"@type":"SearchAction","target":{"@type":"EntryPoint","urlTemplate":"https:\/\/www.tuasaude.com\/news\/?s={search_term_string}"},"query-input":{"@type":"PropertyValueSpecification","valueRequired":true,"valueName":"search_term_string"}}],"inLanguage":"pt-BR"},{"@type":"Person","@id":"https:\/\/www.tuasaude.com\/news\/#\/schema\/person\/27adc41011393316b12ef997ca893e44","name":"Roberta Patriota","image":{"@type":"ImageObject","inLanguage":"pt-BR","@id":"https:\/\/www.tuasaude.com\/news\/#\/schema\/person\/image\/","url":"https:\/\/secure.gravatar.com\/avatar\/40fc934d21bfa38a60909bb2e5f2ec503dcd4d849aa772e107feb32efe75c210?s=96&d=mm&r=g","contentUrl":"https:\/\/secure.gravatar.com\/avatar\/40fc934d21bfa38a60909bb2e5f2ec503dcd4d849aa772e107feb32efe75c210?s=96&d=mm&r=g","caption":"Roberta Patriota"},"sameAs":["https:\/\/www.tuasaude.com\/news\/"],"url":"https:\/\/www.tuasaude.com\/news\/author\/roberta-patriota\/"}]}},"_links":{"self":[{"href":"https:\/\/www.tuasaude.com\/news\/wp-json\/wp\/v2\/posts\/778","targetHints":{"allow":["GET"]}}],"collection":[{"href":"https:\/\/www.tuasaude.com\/news\/wp-json\/wp\/v2\/posts"}],"about":[{"href":"https:\/\/www.tuasaude.com\/news\/wp-json\/wp\/v2\/types\/post"}],"author":[{"embeddable":true,"href":"https:\/\/www.tuasaude.com\/news\/wp-json\/wp\/v2\/users\/9"}],"replies":[{"embeddable":true,"href":"https:\/\/www.tuasaude.com\/news\/wp-json\/wp\/v2\/comments?post=778"}],"version-history":[{"count":4,"href":"https:\/\/www.tuasaude.com\/news\/wp-json\/wp\/v2\/posts\/778\/revisions"}],"predecessor-version":[{"id":967,"href":"https:\/\/www.tuasaude.com\/news\/wp-json\/wp\/v2\/posts\/778\/revisions\/967"}],"wp:featuredmedia":[{"embeddable":true,"href":"https:\/\/www.tuasaude.com\/news\/wp-json\/wp\/v2\/media\/963"}],"wp:attachment":[{"href":"https:\/\/www.tuasaude.com\/news\/wp-json\/wp\/v2\/media?parent=778"}],"wp:term":[{"taxonomy":"category","embeddable":true,"href":"https:\/\/www.tuasaude.com\/news\/wp-json\/wp\/v2\/categories?post=778"},{"taxonomy":"post_tag","embeddable":true,"href":"https:\/\/www.tuasaude.com\/news\/wp-json\/wp\/v2\/tags?post=778"}],"curies":[{"name":"wp","href":"https:\/\/api.w.org\/{rel}","templated":true}]}}