{"id":776,"date":"2026-01-16T14:00:00","date_gmt":"2026-01-16T17:00:00","guid":{"rendered":"https:\/\/www.tuasaude.com\/news\/?p=776"},"modified":"2026-01-16T09:33:36","modified_gmt":"2026-01-16T12:33:36","slug":"entender-o-ciclo-circadiano-muda-a-forma-como-voce-dorme","status":"publish","type":"post","link":"https:\/\/www.tuasaude.com\/news\/2026\/01\/16\/entender-o-ciclo-circadiano-muda-a-forma-como-voce-dorme\/","title":{"rendered":"Entender o ciclo circadiano muda a forma como voc\u00ea dorme"},"content":{"rendered":"\n<p>O ciclo circadiano \u00e9 o mecanismo biol\u00f3gico interno que regula o ritmo das fun\u00e7\u00f5es org\u00e2nicas em um per\u00edodo de 24 horas, atuando como um rel\u00f3gio central. Ele influencia a libera\u00e7\u00e3o de horm\u00f4nios, a temperatura corporal e a regenera\u00e7\u00e3o celular, sendo guiado principalmente pela altern\u00e2ncia entre luz e escurid\u00e3o. Compreender esse sistema \u00e9 fundamental para otimizar a qualidade do <strong><a href=\"https:\/\/www.tuasaude.com\/medico-responde\/dormir-demais-pode-ser-sintoma-de-doenca\/\" target=\"_blank\" rel=\"noreferrer noopener\">sono<\/a><\/strong> e prevenir doen\u00e7as, permitindo que o corpo trabalhe em harmonia com os est\u00edmulos ambientais.<\/p>\n\n\n\n<h2 class=\"wp-block-heading\">O que define o ciclo circadiano?<\/h2>\n\n\n\n<p>O ciclo circadiano \u00e9 uma oscila\u00e7\u00e3o biol\u00f3gica interna que permite ao corpo antecipar e se adaptar \u00e0s mudan\u00e7as do dia e da noite. De acordo com o estudo exato <strong><a href=\"https:\/\/pubmed.ncbi.nlm.nih.gov\/30137792\/\" target=\"_blank\" rel=\"noreferrer noopener\">&#8220;Physiology, Circadian Rhythm&#8221;<\/a><\/strong>, disponibilizado na <strong>PubMed<\/strong>, este sistema \u00e9 controlado pelo n\u00facleo supraquiasm\u00e1tico (NSQ) no hipot\u00e1lamo, que coordena os rel\u00f3gios perif\u00e9ricos em diversos \u00f3rg\u00e3os.<\/p>\n\n\n\n<p>Este mecanismo garante que processos como a digest\u00e3o e a secre\u00e7\u00e3o hormonal ocorram nos momentos de maior efici\u00eancia metab\u00f3lica. Quando o ciclo est\u00e1 alinhado, o corpo libera cortisol pela manh\u00e3 para fornecer energia e inicia a secre\u00e7\u00e3o de melatonina ao anoitecer para facilitar o <strong><a href=\"https:\/\/www.tuasaude.com\/calculadora\/dormir-melhor\/\" target=\"_blank\" rel=\"noreferrer noopener\">repouso<\/a><\/strong> reparador e a manuten\u00e7\u00e3o da homeostase.<\/p>\n\n\n<div class=\"wp-block-image\">\n<figure class=\"aligncenter size-large\"><img decoding=\"async\" width=\"1024\" height=\"585\" src=\"https:\/\/www.tuasaude.com\/news\/wp-content\/uploads\/2026\/01\/freepik__35mm-film-photography-pessoa-adulta-exposta-luz-so__74115-1024x585.jpeg\" alt=\"Entender o ciclo circadiano muda a forma como voc\u00ea dorme\" class=\"wp-image-855\" srcset=\"https:\/\/www.tuasaude.com\/news\/wp-content\/uploads\/2026\/01\/freepik__35mm-film-photography-pessoa-adulta-exposta-luz-so__74115-1024x585.jpeg 1024w, https:\/\/www.tuasaude.com\/news\/wp-content\/uploads\/2026\/01\/freepik__35mm-film-photography-pessoa-adulta-exposta-luz-so__74115-300x171.jpeg 300w, https:\/\/www.tuasaude.com\/news\/wp-content\/uploads\/2026\/01\/freepik__35mm-film-photography-pessoa-adulta-exposta-luz-so__74115-768x439.jpeg 768w, https:\/\/www.tuasaude.com\/news\/wp-content\/uploads\/2026\/01\/freepik__35mm-film-photography-pessoa-adulta-exposta-luz-so__74115-750x428.jpeg 750w, https:\/\/www.tuasaude.com\/news\/wp-content\/uploads\/2026\/01\/freepik__35mm-film-photography-pessoa-adulta-exposta-luz-so__74115-1140x651.jpeg 1140w, https:\/\/www.tuasaude.com\/news\/wp-content\/uploads\/2026\/01\/freepik__35mm-film-photography-pessoa-adulta-exposta-luz-so__74115.jpeg 1280w\" sizes=\"(max-width: 1024px) 100vw, 1024px\" \/><figcaption class=\"wp-element-caption\">A regula\u00e7\u00e3o ocorre atrav\u00e9s da recep\u00e7\u00e3o de luz solar pelas c\u00e9lulas ganglionares da retina<\/figcaption><\/figure>\n<\/div>\n\n\n<h2 class=\"wp-block-heading\">Como o corpo regula o rel\u00f3gio biol\u00f3gico?<\/h2>\n\n\n\n<p>A regula\u00e7\u00e3o ocorre atrav\u00e9s da recep\u00e7\u00e3o de luz solar pelas c\u00e9lulas ganglionares da retina, que enviam sinais ao c\u00e9rebro para suprimir ou ativar a gl\u00e2ndula pineal. Este processo qu\u00edmico determina a transi\u00e7\u00e3o entre o estado de alerta e o de sonol\u00eancia, conforme descrito na revis\u00e3o t\u00e9cnica <strong><a href=\"https:\/\/pubmed.ncbi.nlm.nih.gov\/11584554\/\" target=\"_blank\" rel=\"noreferrer noopener\">&#8220;Overview of Circadian Rhythms&#8221;<\/a><\/strong>, publicada no portal do <strong>PubMed<\/strong>.<\/p>\n\n\n\n<p>Al\u00e9m da luz, o corpo utiliza sincronizadores secund\u00e1rios, como os hor\u00e1rios das refei\u00e7\u00f5es e a temperatura externa, para ajustar o tempo biol\u00f3gico. A estabilidade desses est\u00edmulos fortalece a amplitude do ritmo circadiano, garantindo que o pico de alerta coincida com as demandas de desempenho f\u00edsico e cognitivo do indiv\u00edduo.<\/p>\n\n\n\n<p>Para o corpo funcionar com efici\u00eancia, o rel\u00f3gio biol\u00f3gico coordena os seguintes pilares:<\/p>\n\n\n\n<ul class=\"wp-block-list\">\n<li><strong>Produ\u00e7\u00e3o hormonal:<\/strong> Regula a secre\u00e7\u00e3o puls\u00e1til de insulina e o horm\u00f4nio do crescimento (GH).<\/li>\n\n\n\n<li><strong>Temperatura corporal:<\/strong> O organismo atinge o nadir (ponto mais baixo) de temperatura durante a madrugada para preservar energia.<\/li>\n\n\n\n<li><strong>Frequ\u00eancia card\u00edaca:<\/strong> Ajusta a press\u00e3o arterial para n\u00edveis mais baixos durante o sono profundo.<\/li>\n\n\n\n<li><strong>Metabolismo lip\u00eddico:<\/strong> Otimiza a queima de gordura e o processamento de nutrientes conforme o per\u00edodo do dia.<\/li>\n<\/ul>\n\n\n\n<h2 class=\"wp-block-heading\">Quais s\u00e3o os sinais de um ciclo desregulado?<\/h2>\n\n\n\n<p>Quando h\u00e1 um desalinhamento entre o rel\u00f3gio interno e o ambiente, o organismo entra em um estado de &#8220;cronodisrup\u00e7\u00e3o&#8221;, que prejudica a sa\u00fade sist\u00eamica. O estudo &#8220;<strong><a href=\"https:\/\/pubmed.ncbi.nlm.nih.gov\/39007272\/\" target=\"_blank\" rel=\"noreferrer noopener\">Circadian disruption, clock genes, and metabolic health<\/a><\/strong>&#8220;, indexado no <strong>PubMed<\/strong>, demonstra que essa quebra de ritmo est\u00e1 diretamente ligada ao aumento do risco de obesidade e diabetes tipo 2.<\/p>\n\n\n\n<p>A exposi\u00e7\u00e3o \u00e0 luz azul artificial durante a noite \u00e9 um dos principais fatores de desregula\u00e7\u00e3o, pois engana o c\u00e9rebro, fazendo-o acreditar que ainda \u00e9 dia. Sinais como ins\u00f4nia, cansa\u00e7o matinal excessivo, irritabilidade e lapsos de mem\u00f3ria indicam que o sistema circadiano n\u00e3o est\u00e1 conseguindo realizar as fun\u00e7\u00f5es de reparo noturno adequadamente.<\/p>\n\n\n<div class=\"wp-block-image\">\n<figure class=\"aligncenter size-large\"><img decoding=\"async\" width=\"1024\" height=\"571\" src=\"https:\/\/www.tuasaude.com\/news\/wp-content\/uploads\/2026\/01\/freepik__crie-um-infogrfico-horizontal-intitulado-ciclo-cir__35188-1024x571.png\" alt=\"Entender o ciclo circadiano muda a forma como voc\u00ea dorme\" class=\"wp-image-887\" srcset=\"https:\/\/www.tuasaude.com\/news\/wp-content\/uploads\/2026\/01\/freepik__crie-um-infogrfico-horizontal-intitulado-ciclo-cir__35188-1024x571.png 1024w, https:\/\/www.tuasaude.com\/news\/wp-content\/uploads\/2026\/01\/freepik__crie-um-infogrfico-horizontal-intitulado-ciclo-cir__35188-300x167.png 300w, https:\/\/www.tuasaude.com\/news\/wp-content\/uploads\/2026\/01\/freepik__crie-um-infogrfico-horizontal-intitulado-ciclo-cir__35188-768x428.png 768w, https:\/\/www.tuasaude.com\/news\/wp-content\/uploads\/2026\/01\/freepik__crie-um-infogrfico-horizontal-intitulado-ciclo-cir__35188-750x418.png 750w, https:\/\/www.tuasaude.com\/news\/wp-content\/uploads\/2026\/01\/freepik__crie-um-infogrfico-horizontal-intitulado-ciclo-cir__35188-1140x636.png 1140w, https:\/\/www.tuasaude.com\/news\/wp-content\/uploads\/2026\/01\/freepik__crie-um-infogrfico-horizontal-intitulado-ciclo-cir__35188.png 1280w\" sizes=\"(max-width: 1024px) 100vw, 1024px\" \/><figcaption class=\"wp-element-caption\">A regula\u00e7\u00e3o ocorre atrav\u00e9s da recep\u00e7\u00e3o de luz solar pelas c\u00e9lulas ganglionares da retina<\/figcaption><\/figure>\n<\/div>\n\n\n<h2 class=\"wp-block-heading\">Como regular o ritmo circadiano naturalmente?<\/h2>\n\n\n\n<p>Sincronizar o rel\u00f3gio biol\u00f3gico exige mudan\u00e7as comportamentais que priorizam a higiene do sono e a exposi\u00e7\u00e3o estrat\u00e9gica \u00e0 luz natural. Segundo recomenda\u00e7\u00f5es da <strong>Organiza\u00e7\u00e3o Mundial da Sa\u00fade (OMS)<\/strong>, a regularidade nos hor\u00e1rios de despertar e de alimenta\u00e7\u00e3o \u00e9 o fator mais importante para restabelecer a estabilidade biol\u00f3gica.<\/p>\n\n\n\n<p>Abaixo, listamos pr\u00e1ticas essenciais para reajustar seu ciclo circadiano:<\/p>\n\n\n\n<table style=\"width: 100%; border-collapse: collapse; font-family: 'Segoe UI', Arial, sans-serif; border-radius: 10px; overflow: hidden; box-shadow: 0 4px 15px rgba(0,0,0,0.1); border: 1px solid #dcdde1;\">\n  <thead>\n    <tr style=\"background-color: #2c3e50; color: #ffffff; text-align: left;\">\n      <th style=\"padding: 16px; width: 30%;\">Pr\u00e1tica Essencial<\/th>\n      <th style=\"padding: 16px;\">Mecanismo de A\u00e7\u00e3o e Objetivo<\/th>\n    <\/tr>\n  <\/thead>\n  <tbody>\n    <tr style=\"background-color: #fdfaf4;\">\n      <td style=\"padding: 14px; border-bottom: 1px solid #dcdde1;\"><b>Exposi\u00e7\u00e3o Matinal<\/b><\/td>\n      <td style=\"padding: 14px; border-bottom: 1px solid #dcdde1;\">Luz solar nos primeiros 30 minutos do dia ajuda a &#8220;zerar&#8221; o rel\u00f3gio interno e sinaliza a produ\u00e7\u00e3o de cortisol.<\/td>\n    <\/tr>\n    <tr style=\"background-color: #ffffff;\">\n      <td style=\"padding: 14px; border-bottom: 1px solid #dcdde1;\"><b>Bloqueio de Luz Azul<\/b><\/td>\n      <td style=\"padding: 14px; border-bottom: 1px solid #dcdde1;\">Evitar telas 2h antes de dormir para permitir a libera\u00e7\u00e3o natural da <b>melatonina<\/b> pela gl\u00e2ndula pineal.<\/td>\n    <\/tr>\n    <tr style=\"background-color: #fdfaf4;\">\n      <td style=\"padding: 14px; border-bottom: 1px solid #dcdde1;\"><b>Exerc\u00edcio F\u00edsico<\/b><\/td>\n      <td style=\"padding: 14px; border-bottom: 1px solid #dcdde1;\">Atividades durante o dia refor\u00e7am o sinal de vig\u00edlia, melhorando a press\u00e3o de sono durante a noite.<\/td>\n    <\/tr>\n    <tr style=\"background-color: #ffffff;\">\n      <td style=\"padding: 14px; border-bottom: 1px solid #dcdde1;\"><b>Jantar Leve<\/b><\/td>\n      <td style=\"padding: 14px; border-bottom: 1px solid #dcdde1;\">Evita que o sistema digestivo (rel\u00f3gio perif\u00e9rico) entre em conflito com o c\u00e9rebro durante o repouso.<\/td>\n    <\/tr>\n  <\/tbody>\n<\/table>\n\n\n\n<h2 class=\"wp-block-heading\">Por que a regularidade biol\u00f3gica \u00e9 vital?<\/h2>\n\n\n\n<p>A estabilidade do ciclo circadiano \u00e9 um dos maiores preditores de longevidade e sa\u00fade mental, influenciando a capacidade de resposta ao estresse. Durante o sono sincronizado, o c\u00e9rebro ativa o sistema glinf\u00e1tico, respons\u00e1vel pela limpeza de toxinas metab\u00f3licas acumuladas durante o per\u00edodo de vig\u00edlia.<\/p>\n\n\n\n<p>Manter o corpo sincronizado com o ciclo de 24 horas reduz a inflama\u00e7\u00e3o sist\u00eamica e melhora a efici\u00eancia de tratamentos m\u00e9dicos e farmacol\u00f3gicos. Investir na regula\u00e7\u00e3o do ritmo circadiano \u00e9 uma estrat\u00e9gia preventiva de baixo custo que impacta diretamente na imunidade, no humor e na performance global do organismo.<\/p>\n\n\n\n<p><strong>Nota:<\/strong> Este conte\u00fado tem car\u00e1ter informativo. Caso voc\u00ea apresente dificuldades cr\u00f4nicas de sono ou sintomas de fadiga extrema, busque orienta\u00e7\u00e3o m\u00e9dica profissional para uma avalia\u00e7\u00e3o cl\u00ednica detalhada.<\/p>\n","protected":false},"excerpt":{"rendered":"<p>O ciclo circadiano \u00e9 o mecanismo biol\u00f3gico interno que regula o ritmo das fun\u00e7\u00f5es org\u00e2nicas em um per\u00edodo de 24 horas, atuando como um rel\u00f3gio central. Ele influencia a libera\u00e7\u00e3o de horm\u00f4nios, a temperatura corporal e a regenera\u00e7\u00e3o celular, sendo guiado principalmente pela altern\u00e2ncia entre luz e escurid\u00e3o. Compreender esse sistema \u00e9 fundamental para otimizar [&hellip;]<\/p>\n","protected":false},"author":9,"featured_media":854,"comment_status":"open","ping_status":"open","sticky":false,"template":"","format":"standard","meta":{"_yoast_wpseo_focuskw":"ciclo circadiano","_yoast_wpseo_title":"","_yoast_wpseo_metadesc":"Entenda como o ciclo circadiano regula sono, horm\u00f4nios e metabolismo e por que manter esse ritmo alinhado protege a sa\u00fade.","jnews-multi-image_gallery":[],"jnews_single_post":{"format":"standard"},"jnews_primary_category":[],"jnews_social_meta":[],"jnews_override_counter":[],"footnotes":""},"categories":[111],"tags":[265,266,267,116],"class_list":["post-776","post","type-post","status-publish","format-standard","has-post-thumbnail","hentry","category-saude","tag-ciclo-circadiano","tag-dormir-bem","tag-habitos-que-regulam-o-ciclo-circadiano","tag-sono"],"yoast_head":"<!-- This site is optimized with the Yoast SEO plugin v26.7 - https:\/\/yoast.com\/wordpress\/plugins\/seo\/ -->\n<title>Entender o ciclo circadiano muda a forma como voc\u00ea dorme - Tua Sa\u00fade<\/title>\n<meta name=\"description\" content=\"Entenda como o ciclo circadiano regula sono, horm\u00f4nios e metabolismo e por que manter esse ritmo alinhado protege a sa\u00fade.\" \/>\n<meta name=\"robots\" content=\"index, follow, max-snippet:-1, max-image-preview:large, max-video-preview:-1\" \/>\n<link rel=\"canonical\" href=\"https:\/\/www.tuasaude.com\/news\/2026\/01\/16\/entender-o-ciclo-circadiano-muda-a-forma-como-voce-dorme\/\" \/>\n<meta property=\"og:locale\" content=\"pt_BR\" \/>\n<meta property=\"og:type\" content=\"article\" \/>\n<meta property=\"og:title\" content=\"Entender o ciclo circadiano muda a forma como voc\u00ea dorme - Tua Sa\u00fade\" \/>\n<meta property=\"og:description\" content=\"Entenda como o ciclo circadiano regula sono, horm\u00f4nios e metabolismo e por que manter esse ritmo alinhado protege a sa\u00fade.\" \/>\n<meta property=\"og:url\" content=\"https:\/\/www.tuasaude.com\/news\/2026\/01\/16\/entender-o-ciclo-circadiano-muda-a-forma-como-voce-dorme\/\" \/>\n<meta property=\"og:site_name\" content=\"Tua Sa\u00fade\" \/>\n<meta property=\"article:published_time\" content=\"2026-01-16T17:00:00+00:00\" \/>\n<meta property=\"og:image\" content=\"https:\/\/www.tuasaude.com\/news\/wp-content\/uploads\/2026\/01\/freepik__35mm-film-photography-pessoa-adulta-dormindo-tranq__74114.jpeg\" \/>\n\t<meta property=\"og:image:width\" content=\"1280\" \/>\n\t<meta property=\"og:image:height\" content=\"731\" \/>\n\t<meta property=\"og:image:type\" content=\"image\/jpeg\" \/>\n<meta name=\"author\" content=\"Roberta Patriota\" \/>\n<meta name=\"twitter:card\" content=\"summary_large_image\" \/>\n<meta name=\"twitter:label1\" content=\"Escrito por\" \/>\n\t<meta name=\"twitter:data1\" content=\"Roberta Patriota\" \/>\n\t<meta name=\"twitter:label2\" content=\"Est. tempo de leitura\" \/>\n\t<meta name=\"twitter:data2\" content=\"5 minutos\" \/>\n<!-- \/ Yoast SEO plugin. -->","yoast_head_json":{"title":"Entender o ciclo circadiano muda a forma como voc\u00ea dorme - Tua Sa\u00fade","description":"Entenda como o ciclo circadiano regula sono, horm\u00f4nios e metabolismo e por que manter esse ritmo alinhado protege a sa\u00fade.","robots":{"index":"index","follow":"follow","max-snippet":"max-snippet:-1","max-image-preview":"max-image-preview:large","max-video-preview":"max-video-preview:-1"},"canonical":"https:\/\/www.tuasaude.com\/news\/2026\/01\/16\/entender-o-ciclo-circadiano-muda-a-forma-como-voce-dorme\/","og_locale":"pt_BR","og_type":"article","og_title":"Entender o ciclo circadiano muda a forma como voc\u00ea dorme - Tua Sa\u00fade","og_description":"Entenda como o ciclo circadiano regula sono, horm\u00f4nios e metabolismo e por que manter esse ritmo alinhado protege a sa\u00fade.","og_url":"https:\/\/www.tuasaude.com\/news\/2026\/01\/16\/entender-o-ciclo-circadiano-muda-a-forma-como-voce-dorme\/","og_site_name":"Tua Sa\u00fade","article_published_time":"2026-01-16T17:00:00+00:00","og_image":[{"width":1280,"height":731,"url":"https:\/\/www.tuasaude.com\/news\/wp-content\/uploads\/2026\/01\/freepik__35mm-film-photography-pessoa-adulta-dormindo-tranq__74114.jpeg","type":"image\/jpeg"}],"author":"Roberta Patriota","twitter_card":"summary_large_image","twitter_misc":{"Escrito por":"Roberta Patriota","Est. tempo de leitura":"5 minutos"},"schema":{"@context":"https:\/\/schema.org","@graph":[{"@type":"Article","@id":"https:\/\/www.tuasaude.com\/news\/2026\/01\/16\/entender-o-ciclo-circadiano-muda-a-forma-como-voce-dorme\/#article","isPartOf":{"@id":"https:\/\/www.tuasaude.com\/news\/2026\/01\/16\/entender-o-ciclo-circadiano-muda-a-forma-como-voce-dorme\/"},"author":{"name":"Roberta Patriota","@id":"https:\/\/www.tuasaude.com\/news\/#\/schema\/person\/27adc41011393316b12ef997ca893e44"},"headline":"Entender o ciclo circadiano muda a forma como voc\u00ea dorme","datePublished":"2026-01-16T17:00:00+00:00","mainEntityOfPage":{"@id":"https:\/\/www.tuasaude.com\/news\/2026\/01\/16\/entender-o-ciclo-circadiano-muda-a-forma-como-voce-dorme\/"},"wordCount":913,"commentCount":0,"image":{"@id":"https:\/\/www.tuasaude.com\/news\/2026\/01\/16\/entender-o-ciclo-circadiano-muda-a-forma-como-voce-dorme\/#primaryimage"},"thumbnailUrl":"https:\/\/www.tuasaude.com\/news\/wp-content\/uploads\/2026\/01\/freepik__35mm-film-photography-pessoa-adulta-dormindo-tranq__74114.jpeg","keywords":["ciclo circadiano","dormir bem","h\u00e1bitos que regulam o ciclo circadiano","sono"],"articleSection":["Sa\u00fade"],"inLanguage":"pt-BR","potentialAction":[{"@type":"CommentAction","name":"Comment","target":["https:\/\/www.tuasaude.com\/news\/2026\/01\/16\/entender-o-ciclo-circadiano-muda-a-forma-como-voce-dorme\/#respond"]}]},{"@type":"WebPage","@id":"https:\/\/www.tuasaude.com\/news\/2026\/01\/16\/entender-o-ciclo-circadiano-muda-a-forma-como-voce-dorme\/","url":"https:\/\/www.tuasaude.com\/news\/2026\/01\/16\/entender-o-ciclo-circadiano-muda-a-forma-como-voce-dorme\/","name":"Entender o ciclo circadiano muda a forma como voc\u00ea dorme - Tua Sa\u00fade","isPartOf":{"@id":"https:\/\/www.tuasaude.com\/news\/#website"},"primaryImageOfPage":{"@id":"https:\/\/www.tuasaude.com\/news\/2026\/01\/16\/entender-o-ciclo-circadiano-muda-a-forma-como-voce-dorme\/#primaryimage"},"image":{"@id":"https:\/\/www.tuasaude.com\/news\/2026\/01\/16\/entender-o-ciclo-circadiano-muda-a-forma-como-voce-dorme\/#primaryimage"},"thumbnailUrl":"https:\/\/www.tuasaude.com\/news\/wp-content\/uploads\/2026\/01\/freepik__35mm-film-photography-pessoa-adulta-dormindo-tranq__74114.jpeg","datePublished":"2026-01-16T17:00:00+00:00","author":{"@id":"https:\/\/www.tuasaude.com\/news\/#\/schema\/person\/27adc41011393316b12ef997ca893e44"},"description":"Entenda como o ciclo circadiano regula sono, horm\u00f4nios e metabolismo e por que manter esse ritmo alinhado protege a sa\u00fade.","breadcrumb":{"@id":"https:\/\/www.tuasaude.com\/news\/2026\/01\/16\/entender-o-ciclo-circadiano-muda-a-forma-como-voce-dorme\/#breadcrumb"},"inLanguage":"pt-BR","potentialAction":[{"@type":"ReadAction","target":["https:\/\/www.tuasaude.com\/news\/2026\/01\/16\/entender-o-ciclo-circadiano-muda-a-forma-como-voce-dorme\/"]}]},{"@type":"ImageObject","inLanguage":"pt-BR","@id":"https:\/\/www.tuasaude.com\/news\/2026\/01\/16\/entender-o-ciclo-circadiano-muda-a-forma-como-voce-dorme\/#primaryimage","url":"https:\/\/www.tuasaude.com\/news\/wp-content\/uploads\/2026\/01\/freepik__35mm-film-photography-pessoa-adulta-dormindo-tranq__74114.jpeg","contentUrl":"https:\/\/www.tuasaude.com\/news\/wp-content\/uploads\/2026\/01\/freepik__35mm-film-photography-pessoa-adulta-dormindo-tranq__74114.jpeg","width":1280,"height":731,"caption":"A regula\u00e7\u00e3o ocorre atrav\u00e9s da recep\u00e7\u00e3o de luz solar pelas c\u00e9lulas ganglionares da retina"},{"@type":"BreadcrumbList","@id":"https:\/\/www.tuasaude.com\/news\/2026\/01\/16\/entender-o-ciclo-circadiano-muda-a-forma-como-voce-dorme\/#breadcrumb","itemListElement":[{"@type":"ListItem","position":1,"name":"In\u00edcio","item":"https:\/\/www.tuasaude.com\/news\/"},{"@type":"ListItem","position":2,"name":"Entender o ciclo circadiano muda a forma como voc\u00ea dorme"}]},{"@type":"WebSite","@id":"https:\/\/www.tuasaude.com\/news\/#website","url":"https:\/\/www.tuasaude.com\/news\/","name":"Tua Sa\u00fade","description":"Seu site de sa\u00fade","potentialAction":[{"@type":"SearchAction","target":{"@type":"EntryPoint","urlTemplate":"https:\/\/www.tuasaude.com\/news\/?s={search_term_string}"},"query-input":{"@type":"PropertyValueSpecification","valueRequired":true,"valueName":"search_term_string"}}],"inLanguage":"pt-BR"},{"@type":"Person","@id":"https:\/\/www.tuasaude.com\/news\/#\/schema\/person\/27adc41011393316b12ef997ca893e44","name":"Roberta Patriota","image":{"@type":"ImageObject","inLanguage":"pt-BR","@id":"https:\/\/www.tuasaude.com\/news\/#\/schema\/person\/image\/","url":"https:\/\/secure.gravatar.com\/avatar\/40fc934d21bfa38a60909bb2e5f2ec503dcd4d849aa772e107feb32efe75c210?s=96&d=mm&r=g","contentUrl":"https:\/\/secure.gravatar.com\/avatar\/40fc934d21bfa38a60909bb2e5f2ec503dcd4d849aa772e107feb32efe75c210?s=96&d=mm&r=g","caption":"Roberta Patriota"},"sameAs":["https:\/\/www.tuasaude.com\/news\/"],"url":"https:\/\/www.tuasaude.com\/news\/author\/roberta-patriota\/"}]}},"_links":{"self":[{"href":"https:\/\/www.tuasaude.com\/news\/wp-json\/wp\/v2\/posts\/776","targetHints":{"allow":["GET"]}}],"collection":[{"href":"https:\/\/www.tuasaude.com\/news\/wp-json\/wp\/v2\/posts"}],"about":[{"href":"https:\/\/www.tuasaude.com\/news\/wp-json\/wp\/v2\/types\/post"}],"author":[{"embeddable":true,"href":"https:\/\/www.tuasaude.com\/news\/wp-json\/wp\/v2\/users\/9"}],"replies":[{"embeddable":true,"href":"https:\/\/www.tuasaude.com\/news\/wp-json\/wp\/v2\/comments?post=776"}],"version-history":[{"count":3,"href":"https:\/\/www.tuasaude.com\/news\/wp-json\/wp\/v2\/posts\/776\/revisions"}],"predecessor-version":[{"id":960,"href":"https:\/\/www.tuasaude.com\/news\/wp-json\/wp\/v2\/posts\/776\/revisions\/960"}],"wp:featuredmedia":[{"embeddable":true,"href":"https:\/\/www.tuasaude.com\/news\/wp-json\/wp\/v2\/media\/854"}],"wp:attachment":[{"href":"https:\/\/www.tuasaude.com\/news\/wp-json\/wp\/v2\/media?parent=776"}],"wp:term":[{"taxonomy":"category","embeddable":true,"href":"https:\/\/www.tuasaude.com\/news\/wp-json\/wp\/v2\/categories?post=776"},{"taxonomy":"post_tag","embeddable":true,"href":"https:\/\/www.tuasaude.com\/news\/wp-json\/wp\/v2\/tags?post=776"}],"curies":[{"name":"wp","href":"https:\/\/api.w.org\/{rel}","templated":true}]}}