{"id":7661,"date":"2026-03-11T17:05:00","date_gmt":"2026-03-11T20:05:00","guid":{"rendered":"https:\/\/www.tuasaude.com\/news\/?p=7661"},"modified":"2026-03-10T09:59:02","modified_gmt":"2026-03-10T12:59:02","slug":"como-dormir-a-noite-toda-sem-acordar","status":"publish","type":"post","link":"https:\/\/www.tuasaude.com\/news\/2026\/03\/11\/como-dormir-a-noite-toda-sem-acordar\/","title":{"rendered":"Como dormir a noite toda sem acordar"},"content":{"rendered":"\n<p>Acordar v\u00e1rias vezes durante a madrugada \u00e9 uma das queixas de sono mais comuns entre adultos e pode afetar profundamente a energia, o humor e a sa\u00fade ao longo do dia. Esse problema, conhecido como ins\u00f4nia de manuten\u00e7\u00e3o, tem causas variadas que v\u00e3o desde h\u00e1bitos inadequados at\u00e9 condi\u00e7\u00f5es m\u00e9dicas que muitas vezes passam despercebidas. A boa not\u00edcia \u00e9 que estrat\u00e9gias simples e comprovadas pela ci\u00eancia podem ajudar a restaurar um sono cont\u00ednuo e reparador.<\/p>\n\n\n\n<h2 class=\"wp-block-heading\">Por que o corpo acorda durante a noite?<\/h2>\n\n\n\n<p>O <a href=\"https:\/\/www.tuasaude.com\/ciclo-circadino\/\" target=\"_blank\" rel=\"noreferrer noopener\">sono \u00e9 organizado em ciclos <\/a>que se repetem ao longo da noite, alternando fases mais leves e mais profundas. Entre um ciclo e outro, \u00e9 natural que o c\u00e9rebro atinja momentos de menor profundidade, nos quais o corpo fica mais vulner\u00e1vel a despertares. Na maioria das vezes, esses breves despertares passam despercebidos e a pessoa volta a dormir imediatamente.<\/p>\n\n\n\n<p>O problema surge quando fatores internos ou externos transformam esses despertares naturais em epis\u00f3dios prolongados de vig\u00edlia. Estresse, ansiedade, ru\u00eddos no ambiente, temperatura inadequada do quarto, dores cr\u00f4nicas, necessidade de ir ao banheiro e at\u00e9 o consumo de certas subst\u00e2ncias podem ser respons\u00e1veis por interromper o sono de forma recorrente.<\/p>\n\n\n\n<h2 class=\"wp-block-heading\">H\u00e1bitos que prejudicam a continuidade do sono<\/h2>\n\n\n\n<p>Muitas vezes, a causa dos despertares noturnos est\u00e1 em comportamentos do pr\u00f3prio dia a dia que interferem no ciclo natural de sono e vig\u00edlia. Identificar e corrigir esses h\u00e1bitos \u00e9 o primeiro passo para dormir melhor. Confira os mais comuns:<\/p>\n\n\n\n<div style=\"display: flex; flex-wrap: wrap; gap: 20px; justify-content: center; font-family: 'Segoe UI', Roboto, Helvetica, sans-serif; padding: 40px; background-color: #f1f5f9;\">\n\n  <div style=\"flex: 1; min-width: 250px; max-width: 280px; background: #ffffff; border: 1px solid #e2e8f0; padding: 25px; border-radius: 20px; box-shadow: 0 10px 25px rgba(0,0,0,0.05); text-align: center;\">\n\n    <div style=\"font-size: 32px; margin-bottom: 15px;\">\ud83d\udcf1<\/div>\n\n    <h3 style=\"color: #334155; font-size: 1.1em; margin-bottom: 12px; letter-spacing: 1px;\">TELAS<\/h3>\n\n    <p style=\"color: #475569; font-size: 0.95em; line-height: 1.6; margin: 0;\">\n      A <strong>luz azul de celulares e computadores<\/strong> reduz a produ\u00e7\u00e3o de melatonina e dificulta o sono.\n    <\/p>\n\n  <\/div>\n\n  <div style=\"flex: 1; min-width: 250px; max-width: 280px; background: #ffffff; border: 1px solid #e2e8f0; padding: 25px; border-radius: 20px; box-shadow: 0 10px 25px rgba(0,0,0,0.05); text-align: center;\">\n\n    <div style=\"font-size: 32px; margin-bottom: 15px;\">\u2615<\/div>\n\n    <h3 style=\"color: #334155; font-size: 1.1em; margin-bottom: 12px; letter-spacing: 1px;\">CAFE\u00cdNA<\/h3>\n\n    <p style=\"color: #475569; font-size: 0.95em; line-height: 1.6; margin: 0;\">\n      <strong>Caf\u00e9, ch\u00e1 preto, refrigerantes e chocolate<\/strong> podem permanecer ativos por horas no organismo.\n    <\/p>\n\n  <\/div>\n\n  <div style=\"flex: 1; min-width: 250px; max-width: 280px; background: #ffffff; border: 1px solid #e2e8f0; padding: 25px; border-radius: 20px; box-shadow: 0 10px 25px rgba(0,0,0,0.05); text-align: center;\">\n\n    <div style=\"font-size: 32px; margin-bottom: 15px;\">\ud83c\udf77<\/div>\n\n    <h3 style=\"color: #334155; font-size: 1.1em; margin-bottom: 12px; letter-spacing: 1px;\">\u00c1LCOOL<\/h3>\n\n    <p style=\"color: #475569; font-size: 0.95em; line-height: 1.6; margin: 0;\">\n      O <strong>\u00e1lcool fragmenta as fases profundas do sono<\/strong> e aumenta os despertares noturnos.\n    <\/p>\n\n  <\/div>\n\n  <div style=\"flex: 1; min-width: 250px; max-width: 280px; background: #ffffff; border: 1px solid #e2e8f0; padding: 25px; border-radius: 20px; box-shadow: 0 10px 25px rgba(0,0,0,0.05); text-align: center;\">\n\n    <div style=\"font-size: 32px; margin-bottom: 15px;\">\u23f0<\/div>\n\n    <h3 style=\"color: #334155; font-size: 1.1em; margin-bottom: 12px; letter-spacing: 1px;\">HOR\u00c1RIOS<\/h3>\n\n    <p style=\"color: #475569; font-size: 0.95em; line-height: 1.6; margin: 0;\">\n      <strong>Hor\u00e1rios irregulares de sono<\/strong> desregulam o rel\u00f3gio biol\u00f3gico e dificultam o descanso cont\u00ednuo.\n    <\/p>\n\n  <\/div>\n\n  <div style=\"flex: 1; min-width: 250px; max-width: 280px; background: #ffffff; border: 1px solid #e2e8f0; padding: 25px; border-radius: 20px; box-shadow: 0 10px 25px rgba(0,0,0,0.05); text-align: center;\">\n\n    <div style=\"font-size: 32px; margin-bottom: 15px;\">\ud83c\udf7d\ufe0f<\/div>\n\n    <h3 style=\"color: #334155; font-size: 1.1em; margin-bottom: 12px; letter-spacing: 1px;\">REFEI\u00c7\u00d5ES<\/h3>\n\n    <p style=\"color: #475569; font-size: 0.95em; line-height: 1.6; margin: 0;\">\n      <strong>Refei\u00e7\u00f5es pesadas \u00e0 noite<\/strong> podem causar desconforto digestivo e interromper o sono.\n    <\/p>\n\n  <\/div>\n\n<\/div>\n\n\n\n<h2 class=\"wp-block-heading\">Revis\u00e3o cient\u00edfica confirma a efic\u00e1cia de interven\u00e7\u00f5es comportamentais para a ins\u00f4nia<\/h2>\n\n\n\n<p>Ajustar h\u00e1bitos de sono n\u00e3o \u00e9 apenas uma recomenda\u00e7\u00e3o popular \u2014 h\u00e1 evid\u00eancias cient\u00edficas s\u00f3lidas que sustentam essa abordagem. Segundo a revis\u00e3o <em><a href=\"https:\/\/pmc.ncbi.nlm.nih.gov\/articles\/PMC3554970\/\" target=\"_blank\" rel=\"noreferrer noopener\">&#8220;Behavioral interventions for insomnia: Theory and practice<\/a>&#8220;<\/em>, publicada no <strong>Indian Journal of Psychiatry<\/strong> (indexada no PubMed), t\u00e9cnicas comportamentais como o controle de est\u00edmulos e a restri\u00e7\u00e3o do tempo na cama s\u00e3o estrat\u00e9gias eficazes para tratar a ins\u00f4nia cr\u00f4nica, incluindo os despertares noturnos frequentes. A revis\u00e3o destaca que essas interven\u00e7\u00f5es ajudam o paciente a restabelecer uma associa\u00e7\u00e3o positiva entre a cama e o sono, regularizar o ritmo circadiano e reduzir o estado de alerta excessivo que impede o sono cont\u00ednuo. <\/p>\n\n\n<div class=\"wp-block-image\">\n<figure class=\"aligncenter size-large\"><img decoding=\"async\" width=\"1024\" height=\"571\" src=\"https:\/\/www.tuasaude.com\/news\/wp-content\/uploads\/2026\/03\/creation_2545673472-1024x571.png\" alt=\"Como dormir a noite toda sem acordar\" class=\"wp-image-7684\" srcset=\"https:\/\/www.tuasaude.com\/news\/wp-content\/uploads\/2026\/03\/creation_2545673472-1024x571.png 1024w, https:\/\/www.tuasaude.com\/news\/wp-content\/uploads\/2026\/03\/creation_2545673472-300x167.png 300w, https:\/\/www.tuasaude.com\/news\/wp-content\/uploads\/2026\/03\/creation_2545673472-768x428.png 768w, https:\/\/www.tuasaude.com\/news\/wp-content\/uploads\/2026\/03\/creation_2545673472-750x418.png 750w, https:\/\/www.tuasaude.com\/news\/wp-content\/uploads\/2026\/03\/creation_2545673472-1140x636.png 1140w, https:\/\/www.tuasaude.com\/news\/wp-content\/uploads\/2026\/03\/creation_2545673472.png 1280w\" sizes=\"(max-width: 1024px) 100vw, 1024px\" \/><figcaption class=\"wp-element-caption\">Acordar v\u00e1rias vezes durante a madrugada pode estar ligado a estresse, cafe\u00edna, \u00e1lcool ou h\u00e1bitos irregulares de sono.<\/figcaption><\/figure>\n<\/div>\n\n\n<h2 class=\"wp-block-heading\">Estrat\u00e9gias pr\u00e1ticas para dormir a noite toda<\/h2>\n\n\n\n<p>Pequenas mudan\u00e7as na rotina noturna podem trazer resultados significativos na qualidade do sono. Confira as principais recomenda\u00e7\u00f5es baseadas em evid\u00eancias:<\/p>\n\n\n\n<ul class=\"wp-block-list\">\n<li><strong>Mantenha hor\u00e1rios fixos:<\/strong> deitar e acordar no mesmo hor\u00e1rio todos os dias, inclusive nos fins de semana, \u00e9 uma das medidas mais eficazes para regular o rel\u00f3gio biol\u00f3gico.<\/li>\n\n\n\n<li><strong>Crie um ritual de relaxamento:<\/strong> reservar 30 minutos antes de dormir para atividades calmas como leitura, respira\u00e7\u00e3o profunda ou alongamento ajuda o c\u00e9rebro a entrar em modo de descanso.<\/li>\n\n\n\n<li><strong>Controle a temperatura e a luz do quarto:<\/strong> um ambiente fresco, escuro e silencioso favorece a perman\u00eancia nas fases mais profundas do sono.<\/li>\n\n\n\n<li><strong>Evite ficar na cama acordado:<\/strong> se n\u00e3o conseguir dormir ap\u00f3s 15 a 20 minutos, levante-se e fa\u00e7a uma atividade tranquila em outro ambiente at\u00e9 sentir sono novamente.<\/li>\n<\/ul>\n\n\n\n<h2 class=\"wp-block-heading\">Quando os despertares noturnos merecem investiga\u00e7\u00e3o m\u00e9dica?<\/h2>\n\n\n\n<p><a href=\"https:\/\/www.tuasaude.com\/ciclo-circadino\/\" target=\"_blank\" rel=\"noreferrer noopener\">Acordar uma ou duas vezes durante a noite<\/a> de forma espor\u00e1dica \u00e9 considerado normal. No entanto, quando os despertares s\u00e3o frequentes, prolongados ou acompanhados de outros sintomas como roncos intensos, falta de ar, dor ou necessidade constante de urinar, \u00e9 importante investigar poss\u00edveis condi\u00e7\u00f5es que podem estar por tr\u00e1s do problema.<\/p>\n\n\n\n<p>Antes de recorrer a medicamentos por conta pr\u00f3pria, consulte um m\u00e9dico especializado em sono. Somente um profissional de sa\u00fade pode avaliar o quadro completo, solicitar exames quando necess\u00e1rio e indicar o tratamento mais adequado, seja ele comportamental, farmacol\u00f3gico ou uma combina\u00e7\u00e3o de ambos.<\/p>\n","protected":false},"excerpt":{"rendered":"<p>Acordar v\u00e1rias vezes durante a madrugada \u00e9 uma das queixas de sono mais comuns entre adultos e pode afetar profundamente a energia, o humor e a sa\u00fade ao longo do dia. Esse problema, conhecido como ins\u00f4nia de manuten\u00e7\u00e3o, tem causas variadas que v\u00e3o desde h\u00e1bitos inadequados at\u00e9 condi\u00e7\u00f5es m\u00e9dicas que muitas vezes passam despercebidas. A [&hellip;]<\/p>\n","protected":false},"author":11,"featured_media":7696,"comment_status":"open","ping_status":"open","sticky":false,"template":"","format":"standard","meta":{"_yoast_wpseo_focuskw":"dormir a noite toda","_yoast_wpseo_title":"","_yoast_wpseo_metadesc":"Acordar v\u00e1rias vezes durante a madrugada pode estar ligado a h\u00e1bitos como cafe\u00edna \u00e0 noite, uso de telas e hor\u00e1rios irregulares de sono.","jnews-multi-image_gallery":[],"jnews_single_post":{"format":"standard"},"jnews_primary_category":[],"jnews_social_meta":[],"jnews_override_counter":[],"footnotes":""},"categories":[111],"tags":[145,136,1086,116],"class_list":["post-7661","post","type-post","status-publish","format-standard","has-post-thumbnail","hentry","category-saude","tag-bem-estar","tag-saude","tag-saude-do-sono","tag-sono"],"yoast_head":"<!-- This site is optimized with the Yoast SEO plugin v26.7 - https:\/\/yoast.com\/wordpress\/plugins\/seo\/ -->\n<title>Como dormir a noite toda sem acordar - Tua Sa\u00fade<\/title>\n<meta name=\"description\" content=\"Acordar v\u00e1rias vezes durante a madrugada pode estar ligado a h\u00e1bitos como cafe\u00edna \u00e0 noite, uso de telas e hor\u00e1rios irregulares de sono.\" \/>\n<meta name=\"robots\" content=\"index, follow, max-snippet:-1, max-image-preview:large, max-video-preview:-1\" \/>\n<link rel=\"canonical\" href=\"https:\/\/www.tuasaude.com\/news\/2026\/03\/11\/como-dormir-a-noite-toda-sem-acordar\/\" \/>\n<meta property=\"og:locale\" content=\"pt_BR\" \/>\n<meta property=\"og:type\" content=\"article\" \/>\n<meta property=\"og:title\" content=\"Como dormir a noite toda sem acordar - Tua Sa\u00fade\" \/>\n<meta property=\"og:description\" content=\"Acordar v\u00e1rias vezes durante a madrugada pode estar ligado a h\u00e1bitos como cafe\u00edna \u00e0 noite, uso de telas e hor\u00e1rios irregulares de sono.\" \/>\n<meta property=\"og:url\" content=\"https:\/\/www.tuasaude.com\/news\/2026\/03\/11\/como-dormir-a-noite-toda-sem-acordar\/\" \/>\n<meta property=\"og:site_name\" content=\"Tua Sa\u00fade\" \/>\n<meta property=\"article:published_time\" content=\"2026-03-11T20:05:00+00:00\" \/>\n<meta property=\"og:image\" content=\"https:\/\/www.tuasaude.com\/news\/wp-content\/uploads\/2026\/03\/creation_2545710356.png\" \/>\n\t<meta property=\"og:image:width\" content=\"1280\" \/>\n\t<meta property=\"og:image:height\" content=\"714\" \/>\n\t<meta property=\"og:image:type\" content=\"image\/png\" \/>\n<meta name=\"author\" content=\"Gessika Julia Carvalho\" \/>\n<meta name=\"twitter:card\" content=\"summary_large_image\" \/>\n<meta name=\"twitter:label1\" content=\"Escrito por\" \/>\n\t<meta name=\"twitter:data1\" content=\"Gessika Julia Carvalho\" \/>\n\t<meta name=\"twitter:label2\" content=\"Est. tempo de leitura\" \/>\n\t<meta name=\"twitter:data2\" content=\"5 minutos\" \/>\n<!-- \/ Yoast SEO plugin. -->","yoast_head_json":{"title":"Como dormir a noite toda sem acordar - Tua Sa\u00fade","description":"Acordar v\u00e1rias vezes durante a madrugada pode estar ligado a h\u00e1bitos como cafe\u00edna \u00e0 noite, uso de telas e hor\u00e1rios irregulares de sono.","robots":{"index":"index","follow":"follow","max-snippet":"max-snippet:-1","max-image-preview":"max-image-preview:large","max-video-preview":"max-video-preview:-1"},"canonical":"https:\/\/www.tuasaude.com\/news\/2026\/03\/11\/como-dormir-a-noite-toda-sem-acordar\/","og_locale":"pt_BR","og_type":"article","og_title":"Como dormir a noite toda sem acordar - Tua Sa\u00fade","og_description":"Acordar v\u00e1rias vezes durante a madrugada pode estar ligado a h\u00e1bitos como cafe\u00edna \u00e0 noite, uso de telas e hor\u00e1rios irregulares de sono.","og_url":"https:\/\/www.tuasaude.com\/news\/2026\/03\/11\/como-dormir-a-noite-toda-sem-acordar\/","og_site_name":"Tua Sa\u00fade","article_published_time":"2026-03-11T20:05:00+00:00","og_image":[{"width":1280,"height":714,"url":"https:\/\/www.tuasaude.com\/news\/wp-content\/uploads\/2026\/03\/creation_2545710356.png","type":"image\/png"}],"author":"Gessika Julia Carvalho","twitter_card":"summary_large_image","twitter_misc":{"Escrito por":"Gessika Julia Carvalho","Est. tempo de leitura":"5 minutos"},"schema":{"@context":"https:\/\/schema.org","@graph":[{"@type":"Article","@id":"https:\/\/www.tuasaude.com\/news\/2026\/03\/11\/como-dormir-a-noite-toda-sem-acordar\/#article","isPartOf":{"@id":"https:\/\/www.tuasaude.com\/news\/2026\/03\/11\/como-dormir-a-noite-toda-sem-acordar\/"},"author":{"name":"Gessika Julia Carvalho","@id":"https:\/\/www.tuasaude.com\/news\/#\/schema\/person\/2e9df841be69ec84f5d20ddb8d273ac2"},"headline":"Como dormir a noite toda sem acordar","datePublished":"2026-03-11T20:05:00+00:00","mainEntityOfPage":{"@id":"https:\/\/www.tuasaude.com\/news\/2026\/03\/11\/como-dormir-a-noite-toda-sem-acordar\/"},"wordCount":756,"commentCount":0,"image":{"@id":"https:\/\/www.tuasaude.com\/news\/2026\/03\/11\/como-dormir-a-noite-toda-sem-acordar\/#primaryimage"},"thumbnailUrl":"https:\/\/www.tuasaude.com\/news\/wp-content\/uploads\/2026\/03\/creation_2545710356.png","keywords":["bem-estar","sa\u00fade","sa\u00fade do sono","sono"],"articleSection":["Sa\u00fade"],"inLanguage":"pt-BR","potentialAction":[{"@type":"CommentAction","name":"Comment","target":["https:\/\/www.tuasaude.com\/news\/2026\/03\/11\/como-dormir-a-noite-toda-sem-acordar\/#respond"]}]},{"@type":"WebPage","@id":"https:\/\/www.tuasaude.com\/news\/2026\/03\/11\/como-dormir-a-noite-toda-sem-acordar\/","url":"https:\/\/www.tuasaude.com\/news\/2026\/03\/11\/como-dormir-a-noite-toda-sem-acordar\/","name":"Como dormir a noite toda sem acordar - Tua Sa\u00fade","isPartOf":{"@id":"https:\/\/www.tuasaude.com\/news\/#website"},"primaryImageOfPage":{"@id":"https:\/\/www.tuasaude.com\/news\/2026\/03\/11\/como-dormir-a-noite-toda-sem-acordar\/#primaryimage"},"image":{"@id":"https:\/\/www.tuasaude.com\/news\/2026\/03\/11\/como-dormir-a-noite-toda-sem-acordar\/#primaryimage"},"thumbnailUrl":"https:\/\/www.tuasaude.com\/news\/wp-content\/uploads\/2026\/03\/creation_2545710356.png","datePublished":"2026-03-11T20:05:00+00:00","author":{"@id":"https:\/\/www.tuasaude.com\/news\/#\/schema\/person\/2e9df841be69ec84f5d20ddb8d273ac2"},"description":"Acordar v\u00e1rias vezes durante a madrugada pode estar ligado a h\u00e1bitos como cafe\u00edna \u00e0 noite, uso de telas e hor\u00e1rios irregulares de sono.","breadcrumb":{"@id":"https:\/\/www.tuasaude.com\/news\/2026\/03\/11\/como-dormir-a-noite-toda-sem-acordar\/#breadcrumb"},"inLanguage":"pt-BR","potentialAction":[{"@type":"ReadAction","target":["https:\/\/www.tuasaude.com\/news\/2026\/03\/11\/como-dormir-a-noite-toda-sem-acordar\/"]}]},{"@type":"ImageObject","inLanguage":"pt-BR","@id":"https:\/\/www.tuasaude.com\/news\/2026\/03\/11\/como-dormir-a-noite-toda-sem-acordar\/#primaryimage","url":"https:\/\/www.tuasaude.com\/news\/wp-content\/uploads\/2026\/03\/creation_2545710356.png","contentUrl":"https:\/\/www.tuasaude.com\/news\/wp-content\/uploads\/2026\/03\/creation_2545710356.png","width":1280,"height":714,"caption":"Hor\u00e1rios regulares, ambiente adequado e um ritual de relaxamento ajudam a manter o sono cont\u00ednuo durante a noite."},{"@type":"BreadcrumbList","@id":"https:\/\/www.tuasaude.com\/news\/2026\/03\/11\/como-dormir-a-noite-toda-sem-acordar\/#breadcrumb","itemListElement":[{"@type":"ListItem","position":1,"name":"In\u00edcio","item":"https:\/\/www.tuasaude.com\/news\/"},{"@type":"ListItem","position":2,"name":"Como dormir a noite toda sem acordar"}]},{"@type":"WebSite","@id":"https:\/\/www.tuasaude.com\/news\/#website","url":"https:\/\/www.tuasaude.com\/news\/","name":"Tua Sa\u00fade","description":"Seu site de sa\u00fade","potentialAction":[{"@type":"SearchAction","target":{"@type":"EntryPoint","urlTemplate":"https:\/\/www.tuasaude.com\/news\/?s={search_term_string}"},"query-input":{"@type":"PropertyValueSpecification","valueRequired":true,"valueName":"search_term_string"}}],"inLanguage":"pt-BR"},{"@type":"Person","@id":"https:\/\/www.tuasaude.com\/news\/#\/schema\/person\/2e9df841be69ec84f5d20ddb8d273ac2","name":"Gessika Julia Carvalho","image":{"@type":"ImageObject","inLanguage":"pt-BR","@id":"https:\/\/www.tuasaude.com\/news\/#\/schema\/person\/image\/","url":"https:\/\/secure.gravatar.com\/avatar\/0fcc8769024577fd0bc6a8b766055690f76a8e8f29dfb2a2f89cf04db8d0f2d2?s=96&d=mm&r=g","contentUrl":"https:\/\/secure.gravatar.com\/avatar\/0fcc8769024577fd0bc6a8b766055690f76a8e8f29dfb2a2f89cf04db8d0f2d2?s=96&d=mm&r=g","caption":"Gessika Julia Carvalho"},"sameAs":["https:\/\/www.tuasaude.com\/news\/"],"url":"https:\/\/www.tuasaude.com\/news\/author\/gessika-julia\/"}]}},"_links":{"self":[{"href":"https:\/\/www.tuasaude.com\/news\/wp-json\/wp\/v2\/posts\/7661","targetHints":{"allow":["GET"]}}],"collection":[{"href":"https:\/\/www.tuasaude.com\/news\/wp-json\/wp\/v2\/posts"}],"about":[{"href":"https:\/\/www.tuasaude.com\/news\/wp-json\/wp\/v2\/types\/post"}],"author":[{"embeddable":true,"href":"https:\/\/www.tuasaude.com\/news\/wp-json\/wp\/v2\/users\/11"}],"replies":[{"embeddable":true,"href":"https:\/\/www.tuasaude.com\/news\/wp-json\/wp\/v2\/comments?post=7661"}],"version-history":[{"count":2,"href":"https:\/\/www.tuasaude.com\/news\/wp-json\/wp\/v2\/posts\/7661\/revisions"}],"predecessor-version":[{"id":7723,"href":"https:\/\/www.tuasaude.com\/news\/wp-json\/wp\/v2\/posts\/7661\/revisions\/7723"}],"wp:featuredmedia":[{"embeddable":true,"href":"https:\/\/www.tuasaude.com\/news\/wp-json\/wp\/v2\/media\/7696"}],"wp:attachment":[{"href":"https:\/\/www.tuasaude.com\/news\/wp-json\/wp\/v2\/media?parent=7661"}],"wp:term":[{"taxonomy":"category","embeddable":true,"href":"https:\/\/www.tuasaude.com\/news\/wp-json\/wp\/v2\/categories?post=7661"},{"taxonomy":"post_tag","embeddable":true,"href":"https:\/\/www.tuasaude.com\/news\/wp-json\/wp\/v2\/tags?post=7661"}],"curies":[{"name":"wp","href":"https:\/\/api.w.org\/{rel}","templated":true}]}}