{"id":7648,"date":"2026-03-11T14:10:00","date_gmt":"2026-03-11T17:10:00","guid":{"rendered":"https:\/\/www.tuasaude.com\/news\/?p=7648"},"modified":"2026-03-10T09:59:06","modified_gmt":"2026-03-10T12:59:06","slug":"o-que-e-bruxismo-do-sono-e-por-que-ocorrem-dores-na-mandibula-ao-acordar","status":"publish","type":"post","link":"https:\/\/www.tuasaude.com\/news\/2026\/03\/11\/o-que-e-bruxismo-do-sono-e-por-que-ocorrem-dores-na-mandibula-ao-acordar\/","title":{"rendered":"O que \u00e9 bruxismo do sono e por que ocorrem dores na mand\u00edbula ao acordar?"},"content":{"rendered":"\n<p>Acordar com dor na mand\u00edbula, nos dentes ou com uma dor de cabe\u00e7a persistente nas t\u00eamporas pode ser sinal de bruxismo do sono. Esse dist\u00farbio se caracteriza pelo ranger ou apertar involunt\u00e1rio dos dentes durante a noite, exercendo uma for\u00e7a sobre a mand\u00edbula que pode ser muito superior \u00e0 da mastiga\u00e7\u00e3o normal. Estimativas da American Academy of Sleep Medicine indicam que cerca de 8% a 13% dos adultos apresentam epis\u00f3dios frequentes, muitas vezes sem saber \u2014 e as consequ\u00eancias v\u00e3o al\u00e9m do desconforto matinal.<\/p>\n\n\n\n<h2 class=\"wp-block-heading\">O que acontece com a mand\u00edbula durante o bruxismo do sono?<\/h2>\n\n\n\n<p>Durante o sono, <a href=\"https:\/\/www.tuasaude.com\/bruxismo\/\" target=\"_blank\" rel=\"noreferrer noopener\">os m\u00fasculos da mastiga\u00e7\u00e3o se contraem de forma r\u00edtmica e involunt\u00e1ria<\/a>, fazendo os dentes superiores e inferiores se pressionarem ou deslizarem uns contra os outros. Essas contra\u00e7\u00f5es podem durar v\u00e1rios segundos e se repetir diversas vezes ao longo da noite, geralmente associadas a breves despertares cerebrais que a pessoa nem percebe.<\/p>\n\n\n\n<p>A for\u00e7a gerada por esses epis\u00f3dios pode ser significativamente maior do que a empregada ao mastigar alimentos. Com o tempo, essa sobrecarga repetitiva provoca fadiga e dor nos m\u00fasculos da mand\u00edbula, desgaste na superf\u00edcie dos dentes, dores de cabe\u00e7a ao acordar e, em alguns casos, limita\u00e7\u00e3o nos movimentos da boca.<\/p>\n\n\n\n<h2 class=\"wp-block-heading\">Principais causas e fatores de risco do bruxismo noturno<\/h2>\n\n\n\n<p>A ci\u00eancia atual aponta que o bruxismo do sono tem origem central, ou seja, \u00e9 regulado pelo c\u00e9rebro e pelo sistema nervoso, e n\u00e3o por problemas na posi\u00e7\u00e3o dos dentes. Diversos fatores podem aumentar o risco ou intensificar os epis\u00f3dios. Confira os mais relevantes:<\/p>\n\n\n\n<div style=\"display: flex; flex-wrap: wrap; gap: 20px; justify-content: center; font-family: 'Segoe UI', Roboto, Helvetica, sans-serif; padding: 40px; background-color: #f1f5f9;\">\n\n  <div style=\"flex: 1; min-width: 250px; max-width: 280px; background: #ffffff; border: 1px solid #e2e8f0; padding: 25px; border-radius: 20px; box-shadow: 0 10px 25px rgba(0,0,0,0.05); text-align: center;\">\n\n    <div style=\"font-size: 32px; margin-bottom: 15px;\">\ud83d\ude2c<\/div>\n\n    <h3 style=\"color: #334155; font-size: 1.1em; margin-bottom: 12px; letter-spacing: 1px;\">ESTRESSE<\/h3>\n\n    <p style=\"color: #475569; font-size: 0.95em; line-height: 1.6; margin: 0;\">\n      <strong>Estresse e ansiedade<\/strong> aumentam a atividade muscular da mand\u00edbula durante o sono.\n    <\/p>\n\n  <\/div>\n\n  <div style=\"flex: 1; min-width: 250px; max-width: 280px; background: #ffffff; border: 1px solid #e2e8f0; padding: 25px; border-radius: 20px; box-shadow: 0 10px 25px rgba(0,0,0,0.05); text-align: center;\">\n\n    <div style=\"font-size: 32px; margin-bottom: 15px;\">\ud83d\ude34<\/div>\n\n    <h3 style=\"color: #334155; font-size: 1.1em; margin-bottom: 12px; letter-spacing: 1px;\">DIST\u00daRBIOS DO SONO<\/h3>\n\n    <p style=\"color: #475569; font-size: 0.95em; line-height: 1.6; margin: 0;\">\n      Problemas como <strong>apneia e microdespertares<\/strong> est\u00e3o associados a maior incid\u00eancia de bruxismo.\n    <\/p>\n\n  <\/div>\n\n  <div style=\"flex: 1; min-width: 250px; max-width: 280px; background: #ffffff; border: 1px solid #e2e8f0; padding: 25px; border-radius: 20px; box-shadow: 0 10px 25px rgba(0,0,0,0.05); text-align: center;\">\n\n    <div style=\"font-size: 32px; margin-bottom: 15px;\">\u2615<\/div>\n\n    <h3 style=\"color: #334155; font-size: 1.1em; margin-bottom: 12px; letter-spacing: 1px;\">ESTIMULANTES<\/h3>\n\n    <p style=\"color: #475569; font-size: 0.95em; line-height: 1.6; margin: 0;\">\n      <strong>Cafe\u00edna, \u00e1lcool, tabaco e alguns medicamentos<\/strong> podem intensificar os epis\u00f3dios.\n    <\/p>\n\n  <\/div>\n\n  <div style=\"flex: 1; min-width: 250px; max-width: 280px; background: #ffffff; border: 1px solid #e2e8f0; padding: 25px; border-radius: 20px; box-shadow: 0 10px 25px rgba(0,0,0,0.05); text-align: center;\">\n\n    <div style=\"font-size: 32px; margin-bottom: 15px;\">\ud83e\uddec<\/div>\n\n    <h3 style=\"color: #334155; font-size: 1.1em; margin-bottom: 12px; letter-spacing: 1px;\">GEN\u00c9TICA<\/h3>\n\n    <p style=\"color: #475569; font-size: 0.95em; line-height: 1.6; margin: 0;\">\n      O <strong>hist\u00f3rico familiar<\/strong> pode aumentar a predisposi\u00e7\u00e3o ao bruxismo do sono.\n    <\/p>\n\n  <\/div>\n\n<\/div>\n\n\n\n<h2 class=\"wp-block-heading\">Revis\u00e3o cient\u00edfica detalha o conhecimento atual sobre bruxismo do sono<\/h2>\n\n\n\n<p>O entendimento sobre o bruxismo do sono avan\u00e7ou bastante nos \u00faltimos anos, mas ainda n\u00e3o existe uma cura definitiva para o problema. Segundo a revis\u00e3o&nbsp;<em><a href=\"https:\/\/pubmed.ncbi.nlm.nih.gov\/27656052\/\" target=\"_blank\" rel=\"noreferrer noopener\">&#8220;Sleep bruxism: Current knowledge and contemporary management&#8221;<\/a><\/em>, publicada no&nbsp;<strong>Journal of Conservative Dentistry<\/strong>&nbsp;(indexado no PubMed), o bruxismo do sono \u00e9 definido como a atividade repetitiva dos m\u00fasculos da mand\u00edbula durante o sono, e sua causa \u00e9 provavelmente multifatorial, envolvendo fatores centrais e psicossociais. A revis\u00e3o destaca que o diagn\u00f3stico definitivo s\u00f3 pode ser feito por meio de exames de polissonografia, e que o manejo atual \u00e9 direcionado para proteger os dentes, reduzir a atividade do bruxismo e aliviar a dor. <\/p>\n\n\n\n<figure class=\"wp-block-image size-large\"><img decoding=\"async\" width=\"1024\" height=\"571\" src=\"https:\/\/www.tuasaude.com\/news\/wp-content\/uploads\/2026\/03\/creation_2545688325-1024x571.png\" alt=\"O que \u00e9 bruxismo do sono e por que ocorrem dores na mand\u00edbula ao acordar?\" class=\"wp-image-7692\" srcset=\"https:\/\/www.tuasaude.com\/news\/wp-content\/uploads\/2026\/03\/creation_2545688325-1024x571.png 1024w, https:\/\/www.tuasaude.com\/news\/wp-content\/uploads\/2026\/03\/creation_2545688325-300x167.png 300w, https:\/\/www.tuasaude.com\/news\/wp-content\/uploads\/2026\/03\/creation_2545688325-768x428.png 768w, https:\/\/www.tuasaude.com\/news\/wp-content\/uploads\/2026\/03\/creation_2545688325-750x418.png 750w, https:\/\/www.tuasaude.com\/news\/wp-content\/uploads\/2026\/03\/creation_2545688325-1140x636.png 1140w, https:\/\/www.tuasaude.com\/news\/wp-content\/uploads\/2026\/03\/creation_2545688325.png 1280w\" sizes=\"(max-width: 1024px) 100vw, 1024px\" \/><figcaption class=\"wp-element-caption\">Estresse, cafe\u00edna e dist\u00farbios do sono est\u00e3o entre os principais fatores que aumentam os epis\u00f3dios.<\/figcaption><\/figure>\n\n\n\n<h2 class=\"wp-block-heading\">Como aliviar os sintomas e proteger a mand\u00edbula?<\/h2>\n\n\n\n<p>Embora n\u00e3o exista uma solu\u00e7\u00e3o que<a href=\"https:\/\/www.tuasaude.com\/bruxismo\/\" target=\"_blank\" rel=\"noreferrer noopener\"> elimine o bruxismo do sono por completo<\/a>, diversas estrat\u00e9gias podem reduzir os epis\u00f3dios e proteger a sa\u00fade bucal e muscular. Confira as mais recomendadas:<\/p>\n\n\n\n<ul class=\"wp-block-list\">\n<li><strong>Placas oclusais de prote\u00e7\u00e3o:<\/strong> tamb\u00e9m chamadas de placas de mordida, s\u00e3o moldadas pelo dentista e usadas durante o sono para evitar o contato direto entre os dentes e reduzir a sobrecarga nos m\u00fasculos.<\/li>\n\n\n\n<li><strong>T\u00e9cnicas de gerenciamento do estresse:<\/strong> medita\u00e7\u00e3o, respira\u00e7\u00e3o profunda e terapia cognitivo-comportamental podem ajudar a reduzir a tens\u00e3o que alimenta o bruxismo.<\/li>\n\n\n\n<li><strong>Higiene do sono:<\/strong> manter hor\u00e1rios regulares, evitar telas antes de dormir e limitar o consumo de cafe\u00edna e \u00e1lcool \u00e0 noite contribuem para um sono mais tranquilo.<\/li>\n\n\n\n<li><strong>Exerc\u00edcios de relaxamento da mand\u00edbula:<\/strong> alongar suavemente os m\u00fasculos da face e aplicar compressas mornas na regi\u00e3o da mand\u00edbula antes de dormir podem aliviar a tens\u00e3o acumulada.<\/li>\n<\/ul>\n\n\n\n<p>Se voc\u00ea acorda frequentemente com dor na mand\u00edbula, dor de cabe\u00e7a ou percebe desgaste nos dentes, \u00e9 fundamental procurar um dentista ou m\u00e9dico especializado em sono. Somente um profissional de sa\u00fade pode identificar a origem do problema, solicitar os exames adequados e indicar o tratamento mais apropriado para o seu caso.<\/p>\n","protected":false},"excerpt":{"rendered":"<p>Acordar com dor na mand\u00edbula, nos dentes ou com uma dor de cabe\u00e7a persistente nas t\u00eamporas pode ser sinal de bruxismo do sono. Esse dist\u00farbio se caracteriza pelo ranger ou apertar involunt\u00e1rio dos dentes durante a noite, exercendo uma for\u00e7a sobre a mand\u00edbula que pode ser muito superior \u00e0 da mastiga\u00e7\u00e3o normal. Estimativas da American [&hellip;]<\/p>\n","protected":false},"author":11,"featured_media":7698,"comment_status":"open","ping_status":"open","sticky":false,"template":"","format":"standard","meta":{"_yoast_wpseo_focuskw":"bruxismo do sono","_yoast_wpseo_title":"","_yoast_wpseo_metadesc":"O bruxismo do sono provoca ranger ou apertar os dentes durante a noite e pode causar dor na mand\u00edbula, desgaste e dor de cabe\u00e7a ao acordar.","jnews-multi-image_gallery":[],"jnews_single_post":{"format":"standard"},"jnews_primary_category":[],"jnews_social_meta":[],"jnews_override_counter":[],"footnotes":""},"categories":[111],"tags":[1451,2117,1086,116],"class_list":["post-7648","post","type-post","status-publish","format-standard","has-post-thumbnail","hentry","category-saude","tag-bruxismo","tag-saude-dantal","tag-saude-do-sono","tag-sono"],"yoast_head":"<!-- This site is optimized with the Yoast SEO plugin v26.7 - https:\/\/yoast.com\/wordpress\/plugins\/seo\/ -->\n<title>O que \u00e9 bruxismo do sono e por que ocorrem dores na mand\u00edbula ao acordar? - Tua Sa\u00fade<\/title>\n<meta name=\"description\" content=\"O bruxismo do sono provoca ranger ou apertar os dentes durante a noite e pode causar dor na mand\u00edbula, desgaste e dor de cabe\u00e7a ao acordar.\" \/>\n<meta name=\"robots\" content=\"index, follow, max-snippet:-1, max-image-preview:large, max-video-preview:-1\" \/>\n<link rel=\"canonical\" href=\"https:\/\/www.tuasaude.com\/news\/2026\/03\/11\/o-que-e-bruxismo-do-sono-e-por-que-ocorrem-dores-na-mandibula-ao-acordar\/\" \/>\n<meta property=\"og:locale\" content=\"pt_BR\" \/>\n<meta property=\"og:type\" content=\"article\" \/>\n<meta property=\"og:title\" content=\"O que \u00e9 bruxismo do sono e por que ocorrem dores na mand\u00edbula ao acordar? - Tua Sa\u00fade\" \/>\n<meta property=\"og:description\" content=\"O bruxismo do sono provoca ranger ou apertar os dentes durante a noite e pode causar dor na mand\u00edbula, desgaste e dor de cabe\u00e7a ao acordar.\" \/>\n<meta property=\"og:url\" content=\"https:\/\/www.tuasaude.com\/news\/2026\/03\/11\/o-que-e-bruxismo-do-sono-e-por-que-ocorrem-dores-na-mandibula-ao-acordar\/\" \/>\n<meta property=\"og:site_name\" content=\"Tua Sa\u00fade\" \/>\n<meta property=\"article:published_time\" content=\"2026-03-11T17:10:00+00:00\" \/>\n<meta property=\"og:image\" content=\"https:\/\/www.tuasaude.com\/news\/wp-content\/uploads\/2026\/03\/creation_2545720312.png\" \/>\n\t<meta property=\"og:image:width\" content=\"1280\" \/>\n\t<meta property=\"og:image:height\" content=\"714\" \/>\n\t<meta property=\"og:image:type\" content=\"image\/png\" \/>\n<meta name=\"author\" content=\"Gessika Julia Carvalho\" \/>\n<meta name=\"twitter:card\" content=\"summary_large_image\" \/>\n<meta name=\"twitter:label1\" content=\"Escrito por\" \/>\n\t<meta name=\"twitter:data1\" content=\"Gessika Julia Carvalho\" \/>\n\t<meta name=\"twitter:label2\" content=\"Est. tempo de leitura\" \/>\n\t<meta name=\"twitter:data2\" content=\"4 minutos\" \/>\n<!-- \/ Yoast SEO plugin. -->","yoast_head_json":{"title":"O que \u00e9 bruxismo do sono e por que ocorrem dores na mand\u00edbula ao acordar? - Tua Sa\u00fade","description":"O bruxismo do sono provoca ranger ou apertar os dentes durante a noite e pode causar dor na mand\u00edbula, desgaste e dor de cabe\u00e7a ao acordar.","robots":{"index":"index","follow":"follow","max-snippet":"max-snippet:-1","max-image-preview":"max-image-preview:large","max-video-preview":"max-video-preview:-1"},"canonical":"https:\/\/www.tuasaude.com\/news\/2026\/03\/11\/o-que-e-bruxismo-do-sono-e-por-que-ocorrem-dores-na-mandibula-ao-acordar\/","og_locale":"pt_BR","og_type":"article","og_title":"O que \u00e9 bruxismo do sono e por que ocorrem dores na mand\u00edbula ao acordar? - Tua Sa\u00fade","og_description":"O bruxismo do sono provoca ranger ou apertar os dentes durante a noite e pode causar dor na mand\u00edbula, desgaste e dor de cabe\u00e7a ao acordar.","og_url":"https:\/\/www.tuasaude.com\/news\/2026\/03\/11\/o-que-e-bruxismo-do-sono-e-por-que-ocorrem-dores-na-mandibula-ao-acordar\/","og_site_name":"Tua Sa\u00fade","article_published_time":"2026-03-11T17:10:00+00:00","og_image":[{"width":1280,"height":714,"url":"https:\/\/www.tuasaude.com\/news\/wp-content\/uploads\/2026\/03\/creation_2545720312.png","type":"image\/png"}],"author":"Gessika Julia Carvalho","twitter_card":"summary_large_image","twitter_misc":{"Escrito por":"Gessika Julia Carvalho","Est. tempo de leitura":"4 minutos"},"schema":{"@context":"https:\/\/schema.org","@graph":[{"@type":"Article","@id":"https:\/\/www.tuasaude.com\/news\/2026\/03\/11\/o-que-e-bruxismo-do-sono-e-por-que-ocorrem-dores-na-mandibula-ao-acordar\/#article","isPartOf":{"@id":"https:\/\/www.tuasaude.com\/news\/2026\/03\/11\/o-que-e-bruxismo-do-sono-e-por-que-ocorrem-dores-na-mandibula-ao-acordar\/"},"author":{"name":"Gessika Julia Carvalho","@id":"https:\/\/www.tuasaude.com\/news\/#\/schema\/person\/2e9df841be69ec84f5d20ddb8d273ac2"},"headline":"O que \u00e9 bruxismo do sono e por que ocorrem dores na mand\u00edbula ao acordar?","datePublished":"2026-03-11T17:10:00+00:00","mainEntityOfPage":{"@id":"https:\/\/www.tuasaude.com\/news\/2026\/03\/11\/o-que-e-bruxismo-do-sono-e-por-que-ocorrem-dores-na-mandibula-ao-acordar\/"},"wordCount":718,"commentCount":0,"image":{"@id":"https:\/\/www.tuasaude.com\/news\/2026\/03\/11\/o-que-e-bruxismo-do-sono-e-por-que-ocorrem-dores-na-mandibula-ao-acordar\/#primaryimage"},"thumbnailUrl":"https:\/\/www.tuasaude.com\/news\/wp-content\/uploads\/2026\/03\/creation_2545720312.png","keywords":["bruxismo","sa\u00fade dantal","sa\u00fade do sono","sono"],"articleSection":["Sa\u00fade"],"inLanguage":"pt-BR","potentialAction":[{"@type":"CommentAction","name":"Comment","target":["https:\/\/www.tuasaude.com\/news\/2026\/03\/11\/o-que-e-bruxismo-do-sono-e-por-que-ocorrem-dores-na-mandibula-ao-acordar\/#respond"]}]},{"@type":"WebPage","@id":"https:\/\/www.tuasaude.com\/news\/2026\/03\/11\/o-que-e-bruxismo-do-sono-e-por-que-ocorrem-dores-na-mandibula-ao-acordar\/","url":"https:\/\/www.tuasaude.com\/news\/2026\/03\/11\/o-que-e-bruxismo-do-sono-e-por-que-ocorrem-dores-na-mandibula-ao-acordar\/","name":"O que \u00e9 bruxismo do sono e por que ocorrem dores na mand\u00edbula ao acordar? - Tua Sa\u00fade","isPartOf":{"@id":"https:\/\/www.tuasaude.com\/news\/#website"},"primaryImageOfPage":{"@id":"https:\/\/www.tuasaude.com\/news\/2026\/03\/11\/o-que-e-bruxismo-do-sono-e-por-que-ocorrem-dores-na-mandibula-ao-acordar\/#primaryimage"},"image":{"@id":"https:\/\/www.tuasaude.com\/news\/2026\/03\/11\/o-que-e-bruxismo-do-sono-e-por-que-ocorrem-dores-na-mandibula-ao-acordar\/#primaryimage"},"thumbnailUrl":"https:\/\/www.tuasaude.com\/news\/wp-content\/uploads\/2026\/03\/creation_2545720312.png","datePublished":"2026-03-11T17:10:00+00:00","author":{"@id":"https:\/\/www.tuasaude.com\/news\/#\/schema\/person\/2e9df841be69ec84f5d20ddb8d273ac2"},"description":"O bruxismo do sono provoca ranger ou apertar os dentes durante a noite e pode causar dor na mand\u00edbula, desgaste e dor de cabe\u00e7a ao acordar.","breadcrumb":{"@id":"https:\/\/www.tuasaude.com\/news\/2026\/03\/11\/o-que-e-bruxismo-do-sono-e-por-que-ocorrem-dores-na-mandibula-ao-acordar\/#breadcrumb"},"inLanguage":"pt-BR","potentialAction":[{"@type":"ReadAction","target":["https:\/\/www.tuasaude.com\/news\/2026\/03\/11\/o-que-e-bruxismo-do-sono-e-por-que-ocorrem-dores-na-mandibula-ao-acordar\/"]}]},{"@type":"ImageObject","inLanguage":"pt-BR","@id":"https:\/\/www.tuasaude.com\/news\/2026\/03\/11\/o-que-e-bruxismo-do-sono-e-por-que-ocorrem-dores-na-mandibula-ao-acordar\/#primaryimage","url":"https:\/\/www.tuasaude.com\/news\/wp-content\/uploads\/2026\/03\/creation_2545720312.png","contentUrl":"https:\/\/www.tuasaude.com\/news\/wp-content\/uploads\/2026\/03\/creation_2545720312.png","width":1280,"height":714,"caption":"Pode causar dor na mand\u00edbula, dor de cabe\u00e7a ao acordar e desgaste dos dentes."},{"@type":"BreadcrumbList","@id":"https:\/\/www.tuasaude.com\/news\/2026\/03\/11\/o-que-e-bruxismo-do-sono-e-por-que-ocorrem-dores-na-mandibula-ao-acordar\/#breadcrumb","itemListElement":[{"@type":"ListItem","position":1,"name":"In\u00edcio","item":"https:\/\/www.tuasaude.com\/news\/"},{"@type":"ListItem","position":2,"name":"O que \u00e9 bruxismo do sono e por que ocorrem dores na mand\u00edbula ao acordar?"}]},{"@type":"WebSite","@id":"https:\/\/www.tuasaude.com\/news\/#website","url":"https:\/\/www.tuasaude.com\/news\/","name":"Tua Sa\u00fade","description":"Seu site de sa\u00fade","potentialAction":[{"@type":"SearchAction","target":{"@type":"EntryPoint","urlTemplate":"https:\/\/www.tuasaude.com\/news\/?s={search_term_string}"},"query-input":{"@type":"PropertyValueSpecification","valueRequired":true,"valueName":"search_term_string"}}],"inLanguage":"pt-BR"},{"@type":"Person","@id":"https:\/\/www.tuasaude.com\/news\/#\/schema\/person\/2e9df841be69ec84f5d20ddb8d273ac2","name":"Gessika Julia Carvalho","image":{"@type":"ImageObject","inLanguage":"pt-BR","@id":"https:\/\/www.tuasaude.com\/news\/#\/schema\/person\/image\/","url":"https:\/\/secure.gravatar.com\/avatar\/0fcc8769024577fd0bc6a8b766055690f76a8e8f29dfb2a2f89cf04db8d0f2d2?s=96&d=mm&r=g","contentUrl":"https:\/\/secure.gravatar.com\/avatar\/0fcc8769024577fd0bc6a8b766055690f76a8e8f29dfb2a2f89cf04db8d0f2d2?s=96&d=mm&r=g","caption":"Gessika Julia Carvalho"},"sameAs":["https:\/\/www.tuasaude.com\/news\/"],"url":"https:\/\/www.tuasaude.com\/news\/author\/gessika-julia\/"}]}},"_links":{"self":[{"href":"https:\/\/www.tuasaude.com\/news\/wp-json\/wp\/v2\/posts\/7648","targetHints":{"allow":["GET"]}}],"collection":[{"href":"https:\/\/www.tuasaude.com\/news\/wp-json\/wp\/v2\/posts"}],"about":[{"href":"https:\/\/www.tuasaude.com\/news\/wp-json\/wp\/v2\/types\/post"}],"author":[{"embeddable":true,"href":"https:\/\/www.tuasaude.com\/news\/wp-json\/wp\/v2\/users\/11"}],"replies":[{"embeddable":true,"href":"https:\/\/www.tuasaude.com\/news\/wp-json\/wp\/v2\/comments?post=7648"}],"version-history":[{"count":2,"href":"https:\/\/www.tuasaude.com\/news\/wp-json\/wp\/v2\/posts\/7648\/revisions"}],"predecessor-version":[{"id":7728,"href":"https:\/\/www.tuasaude.com\/news\/wp-json\/wp\/v2\/posts\/7648\/revisions\/7728"}],"wp:featuredmedia":[{"embeddable":true,"href":"https:\/\/www.tuasaude.com\/news\/wp-json\/wp\/v2\/media\/7698"}],"wp:attachment":[{"href":"https:\/\/www.tuasaude.com\/news\/wp-json\/wp\/v2\/media?parent=7648"}],"wp:term":[{"taxonomy":"category","embeddable":true,"href":"https:\/\/www.tuasaude.com\/news\/wp-json\/wp\/v2\/categories?post=7648"},{"taxonomy":"post_tag","embeddable":true,"href":"https:\/\/www.tuasaude.com\/news\/wp-json\/wp\/v2\/tags?post=7648"}],"curies":[{"name":"wp","href":"https:\/\/api.w.org\/{rel}","templated":true}]}}