{"id":753,"date":"2026-01-16T11:00:00","date_gmt":"2026-01-16T14:00:00","guid":{"rendered":"https:\/\/www.tuasaude.com\/news\/?p=753"},"modified":"2026-01-16T09:23:08","modified_gmt":"2026-01-16T12:23:08","slug":"o-leite-realmente-causa-inflamacao-ou-isso-e-confusao-comum","status":"publish","type":"post","link":"https:\/\/www.tuasaude.com\/news\/2026\/01\/16\/o-leite-realmente-causa-inflamacao-ou-isso-e-confusao-comum\/","title":{"rendered":"O leite realmente causa inflama\u00e7\u00e3o ou isso \u00e9 confus\u00e3o comum?"},"content":{"rendered":"\n<p>Para a maioria da popula\u00e7\u00e3o saud\u00e1vel, o <strong><a href=\"https:\/\/www.tuasaude.com\/como-ter-mais-leite-materno\/\" target=\"_blank\" rel=\"noreferrer noopener\">leite<\/a><\/strong> n\u00e3o \u00e9 um alimento inflamat\u00f3rio, sendo, em muitos casos, associado a marcadores anti-inflamat\u00f3rios devido \u00e0 sua composi\u00e7\u00e3o rica em nutrientes. A ideia de que o latic\u00ednio causa inflama\u00e7\u00e3o sist\u00eamica \u00e9 um mito comum, frequentemente confundido com sintomas de intoler\u00e2ncia \u00e0 lactose ou alergia \u00e0 prote\u00edna do leite (APLV). Entender a distin\u00e7\u00e3o entre uma resposta metab\u00f3lica normal e uma sensibilidade individual \u00e9 essencial para n\u00e3o excluir sem necessidade um alimento que \u00e9 fonte prim\u00e1ria de c\u00e1lcio e prote\u00ednas de alto valor biol\u00f3gico.<\/p>\n\n\n\n<h2 class=\"wp-block-heading\">O leite causa inflama\u00e7\u00e3o no corpo?<\/h2>\n\n\n\n<p>A ci\u00eancia atual demonstra que o consumo de leite e derivados n\u00e3o aumenta os marcadores inflamat\u00f3rios, como a Prote\u00edna C-Reativa (PCR), em indiv\u00edduos sem alergias. O estudo exato <em><strong>&#8220;Dairy products and inflammation: A review of the clinical evidence&#8221;<\/strong><\/em>, publicado no <strong><a href=\"https:\/\/pubmed.ncbi.nlm.nih.gov\/26287637\/\">Critical<\/a><a href=\"https:\/\/pubmed.ncbi.nlm.nih.gov\/26287637\/\" target=\"_blank\" rel=\"noreferrer noopener\"> <\/a><a href=\"https:\/\/pubmed.ncbi.nlm.nih.gov\/26287637\/\">Reviews in Food Science and Nutrition<\/a><\/strong>, analisou 52 estudos e concluiu que o leite possui, na verdade, um leve efeito anti-inflamat\u00f3rio.<\/p>\n\n\n\n<p>A confus\u00e3o ocorre porque pessoas com intoler\u00e2ncia \u00e0 lactose sofrem processos inflamat\u00f3rios localizados no intestino ao consumirem o a\u00e7\u00facar do leite. Nesses casos espec\u00edficos, a m\u00e1 digest\u00e3o gera gases e<strong><a href=\"https:\/\/www.tuasaude.com\/leite-em-po\/\" target=\"_blank\" rel=\"noreferrer noopener\"> irrita\u00e7\u00e3o<\/a><\/strong> na mucosa, mas isso \u00e9 uma resposta individual \u00e0 defici\u00eancia da enzima lactase e n\u00e3o uma propriedade inflamat\u00f3ria intr\u00ednseca do alimento.<\/p>\n\n\n<div class=\"wp-block-image\">\n<figure class=\"aligncenter size-large\"><img decoding=\"async\" width=\"1024\" height=\"585\" src=\"https:\/\/www.tuasaude.com\/news\/wp-content\/uploads\/2026\/01\/freepik__35mm-film-photography-copo-de-leite-integral-fresc__41948-1024x585.jpeg\" alt=\"O leite realmente causa inflama\u00e7\u00e3o ou isso \u00e9 confus\u00e3o comum?\" class=\"wp-image-785\" srcset=\"https:\/\/www.tuasaude.com\/news\/wp-content\/uploads\/2026\/01\/freepik__35mm-film-photography-copo-de-leite-integral-fresc__41948-1024x585.jpeg 1024w, https:\/\/www.tuasaude.com\/news\/wp-content\/uploads\/2026\/01\/freepik__35mm-film-photography-copo-de-leite-integral-fresc__41948-300x171.jpeg 300w, https:\/\/www.tuasaude.com\/news\/wp-content\/uploads\/2026\/01\/freepik__35mm-film-photography-copo-de-leite-integral-fresc__41948-768x439.jpeg 768w, https:\/\/www.tuasaude.com\/news\/wp-content\/uploads\/2026\/01\/freepik__35mm-film-photography-copo-de-leite-integral-fresc__41948-750x428.jpeg 750w, https:\/\/www.tuasaude.com\/news\/wp-content\/uploads\/2026\/01\/freepik__35mm-film-photography-copo-de-leite-integral-fresc__41948-1140x651.jpeg 1140w, https:\/\/www.tuasaude.com\/news\/wp-content\/uploads\/2026\/01\/freepik__35mm-film-photography-copo-de-leite-integral-fresc__41948.jpeg 1280w\" sizes=\"(max-width: 1024px) 100vw, 1024px\" \/><figcaption class=\"wp-element-caption\">Um dos mitos mais persistentes \u00e9 que o leite aumentaria a produ\u00e7\u00e3o de muco em quadros de gripe ou asma<\/figcaption><\/figure>\n<\/div>\n\n\n<h2 class=\"wp-block-heading\">Quais s\u00e3o as diferen\u00e7as entre intoler\u00e2ncia e inflama\u00e7\u00e3o?<\/h2>\n\n\n\n<p>\u00c9 fundamental diferenciar a incapacidade de digerir a lactose da inflama\u00e7\u00e3o cr\u00f4nica sist\u00eamica, que est\u00e1 ligada a dietas ricas em ultraprocessados. Segundo a revis\u00e3o t\u00e9cnica <em>&#8220;<\/em><strong><em>Milk and Dairy Product Consumption and Inflammatory Biomarkers: An Updated Systematic Review of Randomized Clinical Trials&#8221;<\/em> <\/strong>encontrado na<strong><a href=\"https:\/\/pubmed.ncbi.nlm.nih.gov\/31089732\/\"> PubMed<\/a><\/strong>, as respostas adversas ao leite s\u00e3o imunol\u00f3gicas ou enzim\u00e1ticas, e n\u00e3o uma ativa\u00e7\u00e3o inflamat\u00f3ria generalizada em pessoas saud\u00e1veis.<\/p>\n\n\n\n<p>Evid\u00eancias apontam que os sintomas comuns de sensibilidade incluem:<\/p>\n\n\n\n<ul class=\"wp-block-list\">\n<li>Distens\u00e3o abdominal e excesso de gases;<\/li>\n\n\n\n<li>Epis\u00f3dios de diarreia ou desconforto g\u00e1strico imediato;<\/li>\n\n\n\n<li>N\u00e1useas logo ap\u00f3s o consumo de derivados;<\/li>\n\n\n\n<li>C\u00f3licas intestinais decorrentes da fermenta\u00e7\u00e3o da lactose n\u00e3o digerida.<\/li>\n<\/ul>\n\n\n\n<h2 class=\"wp-block-heading\">O leite de vaca aumenta a produ\u00e7\u00e3o de muco?<\/h2>\n\n\n\n<p>Um dos mitos mais persistentes \u00e9 que o leite aumentaria a produ\u00e7\u00e3o de muco em quadros de gripe ou asma. No entanto, o estudo exato <strong><em>&#8220;Milk consumption and mucus production in children with asthma&#8221;<\/em>,<\/strong> publicado no <strong><a href=\"https:\/\/pubmed.ncbi.nlm.nih.gov\/22337739\/\" target=\"_blank\" rel=\"noreferrer noopener\">Archives of Disease in Childhood<\/a><\/strong>, n\u00e3o encontrou nenhuma correla\u00e7\u00e3o estat\u00edstica entre o consumo e o aumento da congest\u00e3o.<\/p>\n\n\n\n<p>O que ocorre \u00e9 uma caracter\u00edstica sensorial: a mistura de saliva com a emuls\u00e3o de gordura do leite pode criar uma sensa\u00e7\u00e3o tempor\u00e1ria de saliva mais espessa na garganta. Esse efeito f\u00edsico \u00e9 frequentemente confundido com catarro, levando muitos pacientes a suspenderem o consumo de c\u00e1lcio sem uma justificativa cl\u00ednica real ou fundamenta\u00e7\u00e3o biol\u00f3gica.<\/p>\n\n\n<div class=\"wp-block-image\">\n<figure class=\"aligncenter size-large\"><img decoding=\"async\" width=\"1024\" height=\"585\" src=\"https:\/\/www.tuasaude.com\/news\/wp-content\/uploads\/2026\/01\/freepik__35mm-film-photography-pessoa-adulta-saudvel-tomand__41949-1024x585.jpeg\" alt=\"O leite realmente causa inflama\u00e7\u00e3o ou isso \u00e9 confus\u00e3o comum?\" class=\"wp-image-798\" srcset=\"https:\/\/www.tuasaude.com\/news\/wp-content\/uploads\/2026\/01\/freepik__35mm-film-photography-pessoa-adulta-saudvel-tomand__41949-1024x585.jpeg 1024w, https:\/\/www.tuasaude.com\/news\/wp-content\/uploads\/2026\/01\/freepik__35mm-film-photography-pessoa-adulta-saudvel-tomand__41949-300x171.jpeg 300w, https:\/\/www.tuasaude.com\/news\/wp-content\/uploads\/2026\/01\/freepik__35mm-film-photography-pessoa-adulta-saudvel-tomand__41949-768x439.jpeg 768w, https:\/\/www.tuasaude.com\/news\/wp-content\/uploads\/2026\/01\/freepik__35mm-film-photography-pessoa-adulta-saudvel-tomand__41949-750x428.jpeg 750w, https:\/\/www.tuasaude.com\/news\/wp-content\/uploads\/2026\/01\/freepik__35mm-film-photography-pessoa-adulta-saudvel-tomand__41949-1140x651.jpeg 1140w, https:\/\/www.tuasaude.com\/news\/wp-content\/uploads\/2026\/01\/freepik__35mm-film-photography-pessoa-adulta-saudvel-tomand__41949.jpeg 1280w\" sizes=\"(max-width: 1024px) 100vw, 1024px\" \/><figcaption class=\"wp-element-caption\">Um dos mitos mais persistentes \u00e9 que o leite aumentaria a produ\u00e7\u00e3o de muco em quadros de gripe ou asma<\/figcaption><\/figure>\n<\/div>\n\n\n<h2 class=\"wp-block-heading\">Quais s\u00e3o os benef\u00edcios nutricionais comprovados?<\/h2>\n\n\n\n<p>Para quem n\u00e3o possui restri\u00e7\u00f5es m\u00e9dicas, o leite \u00e9 uma matriz alimentar complexa que oferece nutrientes essenciais para a sa\u00fade \u00f3ssea e muscular.  Al\u00e9m do c\u00e1lcio, o perfil nutricional do leite integra elementos vitais para o metabolismo:<\/p>\n\n\n\n<!DOCTYPE html>\n<html lang=\"pt-br\">\n<head>\n<meta charset=\"UTF-8\">\n<style>\n    .container-nutricional {\n        font-family: 'Segoe UI', Roboto, sans-serif;\n        max-width: 850px;\n        margin: 20px auto;\n        background-color: #f4f7f9;\n        border-radius: 20px;\n        padding: 5px;\n    }\n\n    .tabela-leite {\n        width: 100%;\n        border-collapse: separate;\n        border-spacing: 0;\n        background-color: #fff;\n        border-radius: 15px;\n        overflow: hidden;\n        border: 1px solid #d1e3f0;\n    }\n\n    .tabela-leite thead {\n        background-color: #0077b6;\n        color: #ffffff;\n    }\n\n    .tabela-leite th {\n        padding: 20px;\n        text-align: left;\n        font-weight: 600;\n        text-transform: uppercase;\n        font-size: 0.85rem;\n        letter-spacing: 1px;\n    }\n\n    .tabela-leite td {\n        padding: 15px 20px;\n        border-bottom: 1px solid #eef2f5;\n        color: #2c3e50;\n    }\n\n    .tabela-leite tr:last-child td {\n        border-bottom: none;\n    }\n\n    .tabela-leite tr:hover {\n        background-color: #f0f9ff;\n    }\n\n    .componente-nome {\n        font-weight: 700;\n        color: #0077b6;\n        display: block;\n    }\n\n    .detalhe-tecnico {\n        font-size: 0.9rem;\n        color: #5a7184;\n    }\n\n    .badge-funcao {\n        display: inline-block;\n        padding: 4px 10px;\n        border-radius: 6px;\n        font-size: 0.75rem;\n        font-weight: 800;\n        background-color: #caf0f8;\n        color: #0077b6;\n    }\n<\/style>\n<\/head>\n<body>\n\n<div class=\"container-nutricional\">\n    <table class=\"tabela-leite\">\n        <thead>\n            <tr>\n                <th>Nutriente \/ Matriz<\/th>\n                <th>A\u00e7\u00e3o no Organismo<\/th>\n                <th>Benef\u00edcio Sist\u00eamico<\/th>\n            <\/tr>\n        <\/thead>\n        <tbody>\n            <tr>\n                <td>\n                    <span class=\"componente-nome\">C\u00e1lcio + Vitamina D<\/span>\n                    <span class=\"detalhe-tecnico\">Matriz de alta biodisponibilidade<\/span>\n                <\/td>\n                <td>Mineraliza\u00e7\u00e3o da estrutura \u00f3ssea e dent\u00e1ria.<\/td>\n                <td><span class=\"badge-funcao\">SA\u00daDE \u00d3SSEA<\/span><\/td>\n            <\/tr>\n            <tr>\n                <td>\n                    <span class=\"componente-nome\">Case\u00edna e Whey<\/span>\n                    <span class=\"detalhe-tecnico\">Prote\u00ednas de alto valor biol\u00f3gico<\/span>\n                <\/td>\n                <td>Fornece amino\u00e1cidos essenciais para s\u00edntese proteica.<\/td>\n                <td><span class=\"badge-funcao\">MASSA MUSCULAR<\/span><\/td>\n            <\/tr>\n            <tr>\n                <td>\n                    <span class=\"componente-nome\">Complexo B (B12)<\/span>\n                    <span class=\"detalhe-tecnico\">Essencial para eritropoiese<\/span>\n                <\/td>\n                <td>Manuten\u00e7\u00e3o da bainha de mielina e sistema nervoso.<\/td>\n                <td><span class=\"badge-funcao\">SISTEMA NERVOSO<\/span><\/td>\n            <\/tr>\n            <tr>\n                <td>\n                    <span class=\"componente-nome\">Pot\u00e1ssio e Magn\u00e9sio<\/span>\n                    <span class=\"detalhe-tecnico\">Eletr\u00f3litos fundamentais<\/span>\n                <\/td>\n                <td>Regula\u00e7\u00e3o da contra\u00e7\u00e3o muscular e impulsos el\u00e9tricos.<\/td>\n                <td><span class=\"badge-funcao\">CONTRATILIDADE<\/span><\/td>\n            <\/tr>\n            <tr>\n                <td>\n                    <span class=\"componente-nome\">Pept\u00eddeos Bioativos<\/span>\n                    <span class=\"detalhe-tecnico\">Mol\u00e9culas sinalizadoras<\/span>\n                <\/td>\n                <td>Auxiliam na regula\u00e7\u00e3o enzim\u00e1tica da press\u00e3o arterial.<\/td>\n                <td><span class=\"badge-funcao\">CONTROLE ARTERIAL<\/span><\/td>\n            <\/tr>\n        <\/tbody>\n    <\/table>\n<\/div>\n\n<\/body>\n<\/html>\n\n\n\n<h2 class=\"wp-block-heading\">Quando \u00e9 necess\u00e1rio retirar o leite da dieta?<\/h2>\n\n\n\n<p>A exclus\u00e3o total deve ser recomendada apenas em casos confirmados de Alergia \u00e0 Prote\u00edna do Leite de Vaca (APLV) ou intoler\u00e2ncia severa. O estudo <strong><em>&#8220;Milk and Health&#8221;<\/em>,<\/strong> publicado no <strong><a href=\"https:\/\/www.nejm.org\/doi\/full\/10.1056\/NEJMra1903547\" target=\"_blank\" rel=\"noreferrer noopener\">New England Journal of Medicine (NEJM)<\/a><\/strong>, refor\u00e7a que a retirada deve ser criteriosa para evitar defici\u00eancias de iodo e c\u00e1lcio.<\/p>\n\n\n\n<p>A rotulagem de produtos sem lactose visa facilitar a vida desses grupos espec\u00edficos sem comprometer a nutri\u00e7\u00e3o. Sem um diagn\u00f3stico claro, a retirada do leite pode levar a defici\u00eancias nutricionais e redu\u00e7\u00e3o da densidade \u00f3ssea a longo prazo, sendo uma decis\u00e3o que deve ser sempre pautada por exames laboratoriais e cl\u00ednicos.<\/p>\n\n\n\n<p><strong>Lembre-se: este conte\u00fado tem car\u00e1ter informativo e n\u00e3o substitui o diagn\u00f3stico profissional. Busque sempre orienta\u00e7\u00e3o m\u00e9dica especializada ou de um nutricionista para realizar exames de intoler\u00e2ncia e adaptar sua dieta de forma segura.<\/strong><\/p>\n","protected":false},"excerpt":{"rendered":"<p>Para a maioria da popula\u00e7\u00e3o saud\u00e1vel, o leite n\u00e3o \u00e9 um alimento inflamat\u00f3rio, sendo, em muitos casos, associado a marcadores anti-inflamat\u00f3rios devido \u00e0 sua composi\u00e7\u00e3o rica em nutrientes. A ideia de que o latic\u00ednio causa inflama\u00e7\u00e3o sist\u00eamica \u00e9 um mito comum, frequentemente confundido com sintomas de intoler\u00e2ncia \u00e0 lactose ou alergia \u00e0 prote\u00edna do leite [&hellip;]<\/p>\n","protected":false},"author":9,"featured_media":799,"comment_status":"open","ping_status":"open","sticky":false,"template":"","format":"standard","meta":{"_yoast_wpseo_focuskw":"leite causa inflama\u00e7\u00e3o","_yoast_wpseo_title":"","_yoast_wpseo_metadesc":"Ser\u00e1 que o leite causa inflama\u00e7\u00e3o ou os sintomas v\u00eam de intoler\u00e2ncia. Entenda o que realmente acontece no organismo.","jnews-multi-image_gallery":[],"jnews_single_post":{"format":"standard"},"jnews_primary_category":[],"jnews_social_meta":[],"jnews_override_counter":[],"footnotes":""},"categories":[110],"tags":[225,224,223,222],"class_list":["post-753","post","type-post","status-publish","format-standard","has-post-thumbnail","hentry","category-nutricao","tag-consumo-de-leite","tag-lactose","tag-leite","tag-leite-causa-inflamacao"],"yoast_head":"<!-- This site is optimized with the Yoast SEO plugin v26.7 - https:\/\/yoast.com\/wordpress\/plugins\/seo\/ -->\n<title>O leite realmente causa inflama\u00e7\u00e3o ou isso \u00e9 confus\u00e3o comum? - Tua Sa\u00fade<\/title>\n<meta name=\"description\" content=\"Ser\u00e1 que o leite causa inflama\u00e7\u00e3o ou os sintomas v\u00eam de intoler\u00e2ncia. Entenda o que realmente acontece no organismo.\" \/>\n<meta name=\"robots\" content=\"index, follow, max-snippet:-1, max-image-preview:large, max-video-preview:-1\" \/>\n<link rel=\"canonical\" href=\"https:\/\/www.tuasaude.com\/news\/2026\/01\/16\/o-leite-realmente-causa-inflamacao-ou-isso-e-confusao-comum\/\" \/>\n<meta property=\"og:locale\" content=\"pt_BR\" \/>\n<meta property=\"og:type\" content=\"article\" \/>\n<meta property=\"og:title\" content=\"O leite realmente causa inflama\u00e7\u00e3o ou isso \u00e9 confus\u00e3o comum? - Tua Sa\u00fade\" \/>\n<meta property=\"og:description\" content=\"Ser\u00e1 que o leite causa inflama\u00e7\u00e3o ou os sintomas v\u00eam de intoler\u00e2ncia. Entenda o que realmente acontece no organismo.\" \/>\n<meta property=\"og:url\" content=\"https:\/\/www.tuasaude.com\/news\/2026\/01\/16\/o-leite-realmente-causa-inflamacao-ou-isso-e-confusao-comum\/\" \/>\n<meta property=\"og:site_name\" content=\"Tua Sa\u00fade\" \/>\n<meta property=\"article:published_time\" content=\"2026-01-16T14:00:00+00:00\" \/>\n<meta property=\"og:image\" content=\"https:\/\/www.tuasaude.com\/news\/wp-content\/uploads\/2026\/01\/freepik__35mm-film-photography-pessoa-adulta-saudvel-tomand__41950.jpeg\" \/>\n\t<meta property=\"og:image:width\" content=\"1280\" \/>\n\t<meta property=\"og:image:height\" content=\"731\" \/>\n\t<meta property=\"og:image:type\" content=\"image\/jpeg\" \/>\n<meta name=\"author\" content=\"Roberta Patriota\" \/>\n<meta name=\"twitter:card\" content=\"summary_large_image\" \/>\n<meta name=\"twitter:label1\" content=\"Escrito por\" \/>\n\t<meta name=\"twitter:data1\" content=\"Roberta Patriota\" \/>\n\t<meta name=\"twitter:label2\" content=\"Est. tempo de leitura\" \/>\n\t<meta name=\"twitter:data2\" content=\"5 minutos\" \/>\n<!-- \/ Yoast SEO plugin. -->","yoast_head_json":{"title":"O leite realmente causa inflama\u00e7\u00e3o ou isso \u00e9 confus\u00e3o comum? - Tua Sa\u00fade","description":"Ser\u00e1 que o leite causa inflama\u00e7\u00e3o ou os sintomas v\u00eam de intoler\u00e2ncia. Entenda o que realmente acontece no organismo.","robots":{"index":"index","follow":"follow","max-snippet":"max-snippet:-1","max-image-preview":"max-image-preview:large","max-video-preview":"max-video-preview:-1"},"canonical":"https:\/\/www.tuasaude.com\/news\/2026\/01\/16\/o-leite-realmente-causa-inflamacao-ou-isso-e-confusao-comum\/","og_locale":"pt_BR","og_type":"article","og_title":"O leite realmente causa inflama\u00e7\u00e3o ou isso \u00e9 confus\u00e3o comum? - Tua Sa\u00fade","og_description":"Ser\u00e1 que o leite causa inflama\u00e7\u00e3o ou os sintomas v\u00eam de intoler\u00e2ncia. Entenda o que realmente acontece no organismo.","og_url":"https:\/\/www.tuasaude.com\/news\/2026\/01\/16\/o-leite-realmente-causa-inflamacao-ou-isso-e-confusao-comum\/","og_site_name":"Tua Sa\u00fade","article_published_time":"2026-01-16T14:00:00+00:00","og_image":[{"width":1280,"height":731,"url":"https:\/\/www.tuasaude.com\/news\/wp-content\/uploads\/2026\/01\/freepik__35mm-film-photography-pessoa-adulta-saudvel-tomand__41950.jpeg","type":"image\/jpeg"}],"author":"Roberta Patriota","twitter_card":"summary_large_image","twitter_misc":{"Escrito por":"Roberta Patriota","Est. tempo de leitura":"5 minutos"},"schema":{"@context":"https:\/\/schema.org","@graph":[{"@type":"Article","@id":"https:\/\/www.tuasaude.com\/news\/2026\/01\/16\/o-leite-realmente-causa-inflamacao-ou-isso-e-confusao-comum\/#article","isPartOf":{"@id":"https:\/\/www.tuasaude.com\/news\/2026\/01\/16\/o-leite-realmente-causa-inflamacao-ou-isso-e-confusao-comum\/"},"author":{"name":"Roberta Patriota","@id":"https:\/\/www.tuasaude.com\/news\/#\/schema\/person\/27adc41011393316b12ef997ca893e44"},"headline":"O leite realmente causa inflama\u00e7\u00e3o ou isso \u00e9 confus\u00e3o comum?","datePublished":"2026-01-16T14:00:00+00:00","mainEntityOfPage":{"@id":"https:\/\/www.tuasaude.com\/news\/2026\/01\/16\/o-leite-realmente-causa-inflamacao-ou-isso-e-confusao-comum\/"},"wordCount":860,"commentCount":0,"image":{"@id":"https:\/\/www.tuasaude.com\/news\/2026\/01\/16\/o-leite-realmente-causa-inflamacao-ou-isso-e-confusao-comum\/#primaryimage"},"thumbnailUrl":"https:\/\/www.tuasaude.com\/news\/wp-content\/uploads\/2026\/01\/freepik__35mm-film-photography-pessoa-adulta-saudvel-tomand__41950.jpeg","keywords":["consumo de leite","Lactose","Leite","leite causa inflama\u00e7\u00e3o"],"articleSection":["Nutri\u00e7\u00e3o"],"inLanguage":"pt-BR","potentialAction":[{"@type":"CommentAction","name":"Comment","target":["https:\/\/www.tuasaude.com\/news\/2026\/01\/16\/o-leite-realmente-causa-inflamacao-ou-isso-e-confusao-comum\/#respond"]}]},{"@type":"WebPage","@id":"https:\/\/www.tuasaude.com\/news\/2026\/01\/16\/o-leite-realmente-causa-inflamacao-ou-isso-e-confusao-comum\/","url":"https:\/\/www.tuasaude.com\/news\/2026\/01\/16\/o-leite-realmente-causa-inflamacao-ou-isso-e-confusao-comum\/","name":"O leite realmente causa inflama\u00e7\u00e3o ou isso \u00e9 confus\u00e3o comum? - Tua Sa\u00fade","isPartOf":{"@id":"https:\/\/www.tuasaude.com\/news\/#website"},"primaryImageOfPage":{"@id":"https:\/\/www.tuasaude.com\/news\/2026\/01\/16\/o-leite-realmente-causa-inflamacao-ou-isso-e-confusao-comum\/#primaryimage"},"image":{"@id":"https:\/\/www.tuasaude.com\/news\/2026\/01\/16\/o-leite-realmente-causa-inflamacao-ou-isso-e-confusao-comum\/#primaryimage"},"thumbnailUrl":"https:\/\/www.tuasaude.com\/news\/wp-content\/uploads\/2026\/01\/freepik__35mm-film-photography-pessoa-adulta-saudvel-tomand__41950.jpeg","datePublished":"2026-01-16T14:00:00+00:00","author":{"@id":"https:\/\/www.tuasaude.com\/news\/#\/schema\/person\/27adc41011393316b12ef997ca893e44"},"description":"Ser\u00e1 que o leite causa inflama\u00e7\u00e3o ou os sintomas v\u00eam de intoler\u00e2ncia. Entenda o que realmente acontece no organismo.","breadcrumb":{"@id":"https:\/\/www.tuasaude.com\/news\/2026\/01\/16\/o-leite-realmente-causa-inflamacao-ou-isso-e-confusao-comum\/#breadcrumb"},"inLanguage":"pt-BR","potentialAction":[{"@type":"ReadAction","target":["https:\/\/www.tuasaude.com\/news\/2026\/01\/16\/o-leite-realmente-causa-inflamacao-ou-isso-e-confusao-comum\/"]}]},{"@type":"ImageObject","inLanguage":"pt-BR","@id":"https:\/\/www.tuasaude.com\/news\/2026\/01\/16\/o-leite-realmente-causa-inflamacao-ou-isso-e-confusao-comum\/#primaryimage","url":"https:\/\/www.tuasaude.com\/news\/wp-content\/uploads\/2026\/01\/freepik__35mm-film-photography-pessoa-adulta-saudvel-tomand__41950.jpeg","contentUrl":"https:\/\/www.tuasaude.com\/news\/wp-content\/uploads\/2026\/01\/freepik__35mm-film-photography-pessoa-adulta-saudvel-tomand__41950.jpeg","width":1280,"height":731,"caption":"Um dos mitos mais persistentes \u00e9 que o leite aumentaria a produ\u00e7\u00e3o de muco em quadros de gripe ou asma"},{"@type":"BreadcrumbList","@id":"https:\/\/www.tuasaude.com\/news\/2026\/01\/16\/o-leite-realmente-causa-inflamacao-ou-isso-e-confusao-comum\/#breadcrumb","itemListElement":[{"@type":"ListItem","position":1,"name":"In\u00edcio","item":"https:\/\/www.tuasaude.com\/news\/"},{"@type":"ListItem","position":2,"name":"O leite realmente causa inflama\u00e7\u00e3o ou isso \u00e9 confus\u00e3o comum?"}]},{"@type":"WebSite","@id":"https:\/\/www.tuasaude.com\/news\/#website","url":"https:\/\/www.tuasaude.com\/news\/","name":"Tua Sa\u00fade","description":"Seu site de sa\u00fade","potentialAction":[{"@type":"SearchAction","target":{"@type":"EntryPoint","urlTemplate":"https:\/\/www.tuasaude.com\/news\/?s={search_term_string}"},"query-input":{"@type":"PropertyValueSpecification","valueRequired":true,"valueName":"search_term_string"}}],"inLanguage":"pt-BR"},{"@type":"Person","@id":"https:\/\/www.tuasaude.com\/news\/#\/schema\/person\/27adc41011393316b12ef997ca893e44","name":"Roberta Patriota","image":{"@type":"ImageObject","inLanguage":"pt-BR","@id":"https:\/\/www.tuasaude.com\/news\/#\/schema\/person\/image\/","url":"https:\/\/secure.gravatar.com\/avatar\/40fc934d21bfa38a60909bb2e5f2ec503dcd4d849aa772e107feb32efe75c210?s=96&d=mm&r=g","contentUrl":"https:\/\/secure.gravatar.com\/avatar\/40fc934d21bfa38a60909bb2e5f2ec503dcd4d849aa772e107feb32efe75c210?s=96&d=mm&r=g","caption":"Roberta Patriota"},"sameAs":["https:\/\/www.tuasaude.com\/news\/"],"url":"https:\/\/www.tuasaude.com\/news\/author\/roberta-patriota\/"}]}},"_links":{"self":[{"href":"https:\/\/www.tuasaude.com\/news\/wp-json\/wp\/v2\/posts\/753","targetHints":{"allow":["GET"]}}],"collection":[{"href":"https:\/\/www.tuasaude.com\/news\/wp-json\/wp\/v2\/posts"}],"about":[{"href":"https:\/\/www.tuasaude.com\/news\/wp-json\/wp\/v2\/types\/post"}],"author":[{"embeddable":true,"href":"https:\/\/www.tuasaude.com\/news\/wp-json\/wp\/v2\/users\/9"}],"replies":[{"embeddable":true,"href":"https:\/\/www.tuasaude.com\/news\/wp-json\/wp\/v2\/comments?post=753"}],"version-history":[{"count":3,"href":"https:\/\/www.tuasaude.com\/news\/wp-json\/wp\/v2\/posts\/753\/revisions"}],"predecessor-version":[{"id":951,"href":"https:\/\/www.tuasaude.com\/news\/wp-json\/wp\/v2\/posts\/753\/revisions\/951"}],"wp:featuredmedia":[{"embeddable":true,"href":"https:\/\/www.tuasaude.com\/news\/wp-json\/wp\/v2\/media\/799"}],"wp:attachment":[{"href":"https:\/\/www.tuasaude.com\/news\/wp-json\/wp\/v2\/media?parent=753"}],"wp:term":[{"taxonomy":"category","embeddable":true,"href":"https:\/\/www.tuasaude.com\/news\/wp-json\/wp\/v2\/categories?post=753"},{"taxonomy":"post_tag","embeddable":true,"href":"https:\/\/www.tuasaude.com\/news\/wp-json\/wp\/v2\/tags?post=753"}],"curies":[{"name":"wp","href":"https:\/\/api.w.org\/{rel}","templated":true}]}}