{"id":736,"date":"2026-01-16T17:15:00","date_gmt":"2026-01-16T20:15:00","guid":{"rendered":"https:\/\/www.tuasaude.com\/news\/?p=736"},"modified":"2026-01-16T09:41:51","modified_gmt":"2026-01-16T12:41:51","slug":"esses-sintomas-indicam-que-o-calor-pode-estar-causando-insolacao","status":"publish","type":"post","link":"https:\/\/www.tuasaude.com\/news\/2026\/01\/16\/esses-sintomas-indicam-que-o-calor-pode-estar-causando-insolacao\/","title":{"rendered":"Esses sintomas indicam que o calor pode estar causando insola\u00e7\u00e3o"},"content":{"rendered":"\n<p>A <strong><a href=\"https:\/\/www.tuasaude.com\/perigos-da-insolacao\/\" target=\"_blank\" rel=\"noreferrer noopener\">insola\u00e7\u00e3o<\/a><\/strong> \u00e9 uma condi\u00e7\u00e3o m\u00e9dica s\u00e9ria e potencialmente fatal que ocorre quando o corpo perde a capacidade de regular sua temperatura interna ap\u00f3s exposi\u00e7\u00e3o excessiva ao <strong><a href=\"https:\/\/www.tuasaude.com\/ondas-de-calor\/\" target=\"_blank\" rel=\"noreferrer noopener\">calor<\/a><\/strong>. Caracterizada pelo aquecimento do organismo acima de <strong>40\u00b0C<\/strong>, ela exige identifica\u00e7\u00e3o imediata dos sinais para evitar danos neurol\u00f3gicos ou fal\u00eancia de \u00f3rg\u00e3os. Compreender os sintomas de insola\u00e7\u00e3o e as medidas de primeiros socorros \u00e9 crucial para agir rapidamente e garantir uma recupera\u00e7\u00e3o segura diante de emerg\u00eancias t\u00e9rmicas.<\/p>\n\n\n\n<h2 class=\"wp-block-heading\">Quais s\u00e3o os 10 sintomas de insola\u00e7\u00e3o?<\/h2>\n\n\n\n<p>A identifica\u00e7\u00e3o precoce dos sinais \u00e9 o que diferencia um mal-estar passageiro de uma emerg\u00eancia cl\u00ednica grave. Conforme as diretrizes do <strong><a href=\"https:\/\/www.gov.br\/saude\/pt-br\/assuntos\/saude-de-a-a-z\/i\/insolacao\" target=\"_blank\" rel=\"noreferrer noopener\">Minist\u00e9rio da Sa\u00fade<\/a><\/strong>, os sintomas costumam evoluir rapidamente \u00e0 medida que os mecanismos de resfriamento do corpo falham sob o sol intenso.<\/p>\n\n\n\n<p>Os principais sinais relatados em estudos cl\u00ednicos disponibilizado no <strong><a href=\"https:\/\/pubmed.ncbi.nlm.nih.gov\/30005574\/\" target=\"_blank\" rel=\"noreferrer noopener\">PubMed<\/a><\/strong> incluem:<\/p>\n\n\n\n<ul class=\"wp-block-list\">\n<li>Dor de cabe\u00e7a intensa e puls\u00e1til;<\/li>\n\n\n\n<li>Tontura, vertigem ou confus\u00e3o mental;<\/li>\n\n\n\n<li>Aus\u00eancia de suor, com a pele ficando seca e muito quente;<\/li>\n\n\n\n<li>N\u00e1useas frequentes e epis\u00f3dios de v\u00f4mito;<\/li>\n\n\n\n<li>Respira\u00e7\u00e3o r\u00e1pida e batimentos card\u00edacos acelerados;<\/li>\n\n\n\n<li>Fraqueza muscular ou c\u00e3ibras pelo corpo;<\/li>\n\n\n\n<li>Altera\u00e7\u00f5es na cor da urina (mais escura);<\/li>\n\n\n\n<li>Vis\u00e3o turva ou sensibilidade excessiva \u00e0 luz;<\/li>\n\n\n\n<li>Desmaio ou perda moment\u00e2nea de consci\u00eancia;<\/li>\n\n\n\n<li>Temperatura corporal retal igual ou superior a <strong>40\u00b0C<\/strong>.<\/li>\n<\/ul>\n\n\n\n<h2 class=\"wp-block-heading\">Como realizar os primeiros socorros?<\/h2>\n\n\n\n<p>Ao identificar os sintomas, a prioridade absoluta \u00e9 reduzir a temperatura corporal da v\u00edtima de maneira gradual e segura. O primeiro passo consiste em remover a pessoa do ambiente de calor, levando-a para um local sombreado, ventilado ou com ar-condicionado.<\/p>\n\n\n\n<p>De acordo com protocolos revisados pela <strong>Mayo Clinic<\/strong>, deve-se aplicar compressas frias nas axilas, virilha e pesco\u00e7o, \u00e1reas onde os vasos sangu\u00edneos est\u00e3o mais pr\u00f3ximos da <strong><a href=\"https:\/\/www.tuasaude.com\/o-que-e-alergia-ao-calor\/\" target=\"_blank\" rel=\"noreferrer noopener\">pele<\/a><\/strong>. A hidrata\u00e7\u00e3o s\u00f3 deve ser oferecida se a pessoa estiver consciente e for capaz de engolir sem risco de aspira\u00e7\u00e3o.<\/p>\n\n\n<div class=\"wp-block-image\">\n<figure class=\"aligncenter size-large\"><img decoding=\"async\" width=\"1024\" height=\"585\" src=\"https:\/\/www.tuasaude.com\/news\/wp-content\/uploads\/2026\/01\/freepik__35mm-film-photography-pessoa-recebendo-primeiros-s__41938-1024x585.jpeg\" alt=\"Esses sintomas indicam que o calor pode estar causando insola\u00e7\u00e3o\" class=\"wp-image-802\" srcset=\"https:\/\/www.tuasaude.com\/news\/wp-content\/uploads\/2026\/01\/freepik__35mm-film-photography-pessoa-recebendo-primeiros-s__41938-1024x585.jpeg 1024w, https:\/\/www.tuasaude.com\/news\/wp-content\/uploads\/2026\/01\/freepik__35mm-film-photography-pessoa-recebendo-primeiros-s__41938-300x171.jpeg 300w, https:\/\/www.tuasaude.com\/news\/wp-content\/uploads\/2026\/01\/freepik__35mm-film-photography-pessoa-recebendo-primeiros-s__41938-768x439.jpeg 768w, https:\/\/www.tuasaude.com\/news\/wp-content\/uploads\/2026\/01\/freepik__35mm-film-photography-pessoa-recebendo-primeiros-s__41938-750x428.jpeg 750w, https:\/\/www.tuasaude.com\/news\/wp-content\/uploads\/2026\/01\/freepik__35mm-film-photography-pessoa-recebendo-primeiros-s__41938-1140x651.jpeg 1140w, https:\/\/www.tuasaude.com\/news\/wp-content\/uploads\/2026\/01\/freepik__35mm-film-photography-pessoa-recebendo-primeiros-s__41938.jpeg 1280w\" sizes=\"(max-width: 1024px) 100vw, 1024px\" \/><figcaption class=\"wp-element-caption\">Ao identificar os sintomas, a prioridade absoluta \u00e9 reduzir a temperatura corporal da v\u00edtima de maneira gradual e segura<\/figcaption><\/figure>\n<\/div>\n\n\n<h2 class=\"wp-block-heading\">O que fazer para recuperar r\u00e1pido?<\/h2>\n\n\n\n<p>A recupera\u00e7\u00e3o p\u00f3s-insola\u00e7\u00e3o exige repouso absoluto em ambiente fresco para permitir que o sistema termorregulador se estabilize. \u00c9 fundamental evitar o consumo de bebidas alco\u00f3licas ou cafeinadas, que agravam a desidrata\u00e7\u00e3o e podem sobrecarregar os rins.<\/p>\n\n\n\n<p>O estudo <em><strong>&#8220;Management of Heatstroke&#8221;<\/strong><\/em> dispon\u00edvel na<strong><a href=\"https:\/\/www.scielo.br\/j\/rbme\/a\/TdZrYjq8gRLs96VKzpJ9fmk\/?lang=pt\" target=\"_blank\" rel=\"noreferrer noopener\"> SciELO<\/a><\/strong> ressalta a import\u00e2ncia de uma dieta leve e rica em eletr\u00f3litos durante os dias seguintes. Manter o monitoramento da temperatura corporal e da diurese ajuda a garantir que o organismo est\u00e1 retornando ao seu funcionamento metab\u00f3lico normal.<\/p>\n\n\n<div class=\"wp-block-image\">\n<figure class=\"aligncenter size-large\"><img decoding=\"async\" width=\"1024\" height=\"585\" src=\"https:\/\/www.tuasaude.com\/news\/wp-content\/uploads\/2026\/01\/freepik__35mm-film-photography-pessoa-adulta-sob-sol-forte-__41936-1024x585.jpeg\" alt=\"Esses sintomas indicam que o calor pode estar causando insola\u00e7\u00e3o\" class=\"wp-image-800\" srcset=\"https:\/\/www.tuasaude.com\/news\/wp-content\/uploads\/2026\/01\/freepik__35mm-film-photography-pessoa-adulta-sob-sol-forte-__41936-1024x585.jpeg 1024w, https:\/\/www.tuasaude.com\/news\/wp-content\/uploads\/2026\/01\/freepik__35mm-film-photography-pessoa-adulta-sob-sol-forte-__41936-300x171.jpeg 300w, https:\/\/www.tuasaude.com\/news\/wp-content\/uploads\/2026\/01\/freepik__35mm-film-photography-pessoa-adulta-sob-sol-forte-__41936-768x439.jpeg 768w, https:\/\/www.tuasaude.com\/news\/wp-content\/uploads\/2026\/01\/freepik__35mm-film-photography-pessoa-adulta-sob-sol-forte-__41936-750x428.jpeg 750w, https:\/\/www.tuasaude.com\/news\/wp-content\/uploads\/2026\/01\/freepik__35mm-film-photography-pessoa-adulta-sob-sol-forte-__41936-1140x651.jpeg 1140w, https:\/\/www.tuasaude.com\/news\/wp-content\/uploads\/2026\/01\/freepik__35mm-film-photography-pessoa-adulta-sob-sol-forte-__41936.jpeg 1280w\" sizes=\"(max-width: 1024px) 100vw, 1024px\" \/><figcaption class=\"wp-element-caption\">Ao identificar os sintomas, a prioridade absoluta \u00e9 reduzir a temperatura corporal da v\u00edtima de maneira gradual e segura<\/figcaption><\/figure>\n<\/div>\n\n\n<h2 class=\"wp-block-heading\">Quais medidas evitam novos epis\u00f3dios?<\/h2>\n\n\n\n<p>Prevenir a insola\u00e7\u00e3o \u00e9 mais simples do que tratar suas complica\u00e7\u00f5es, exigindo apenas mudan\u00e7as estrat\u00e9gicas em atividades ao ar livre. Para reduzir o risco de estresse t\u00e9rmico em dias de calor extremo, recomenda-se:<\/p>\n\n\n\n<!DOCTYPE html>\n<html lang=\"pt-br\">\n<head>\n<meta charset=\"UTF-8\">\n<style>\n    .container-prevecao {\n        font-family: 'Segoe UI', Arial, sans-serif;\n        max-width: 850px;\n        margin: 20px auto;\n        border-radius: 15px;\n        box-shadow: 0 8px 20px rgba(0,0,0,0.1);\n        overflow: hidden;\n    }\n\n    .tabela-insolacao {\n        width: 100%;\n        border-collapse: collapse;\n        background-color: #ffffff;\n    }\n\n    .tabela-insolacao thead {\n        background: linear-gradient(135deg, #ff9f43, #ee5253);\n        color: white;\n    }\n\n    .tabela-insolacao th {\n        padding: 20px;\n        text-align: left;\n        font-size: 1.1rem;\n        text-transform: uppercase;\n        letter-spacing: 1px;\n    }\n\n    .tabela-insolacao td {\n        padding: 18px;\n        border-bottom: 1px solid #f2f2f2;\n        color: #2d3436;\n        vertical-align: top;\n    }\n\n    .tabela-insolacao tr:nth-child(even) {\n        background-color: #fffaf0;\n    }\n\n    .tabela-insolacao tr:last-child td {\n        border-bottom: none;\n    }\n\n    .icon-box {\n        font-weight: bold;\n        color: #ee5253;\n        display: block;\n        margin-bottom: 5px;\n    }\n\n    .recomendacao {\n        font-weight: 600;\n        color: #d35400;\n    }\n<\/style>\n<\/head>\n<body>\n\n<div class=\"container-prevecao\">\n    <table class=\"tabela-insolacao\">\n        <thead>\n            <tr>\n                <th>Medida Preventiva<\/th>\n                <th>A\u00e7\u00e3o Pr\u00e1tica<\/th>\n                <th>Por que funciona?<\/th>\n            <\/tr>\n        <\/thead>\n        <tbody>\n            <tr>\n                <td><span class=\"recomendacao\">Hidrata\u00e7\u00e3o Estrat\u00e9gica<\/span><\/td>\n                <td>Ingest\u00e3o constante de \u00e1gua, mesmo sem sentir sede imediata.<\/td>\n                <td>Mant\u00e9m a capacidade do corpo de produzir suor e resfriar a pele.<\/td>\n            <\/tr>\n            <tr>\n                <td><span class=\"recomendacao\">Controle de Hor\u00e1rio<\/span><\/td>\n                <td>Evitar atividades f\u00edsicas intensas entre 10h e 16h.<\/td>\n                <td>Evita o pico de radia\u00e7\u00e3o UV e as temperaturas mais elevadas do dia.<\/td>\n            <\/tr>\n            <tr>\n                <td><span class=\"recomendacao\">Vestimenta Adequada<\/span><\/td>\n                <td>Roupas leves, claras, chap\u00e9us e \u00f3culos de prote\u00e7\u00e3o.<\/td>\n                <td>Reflete a luz solar e facilita a evapora\u00e7\u00e3o do suor (transpira\u00e7\u00e3o).<\/td>\n            <\/tr>\n            <tr>\n                <td><span class=\"recomendacao\">Ambiente e Prote\u00e7\u00e3o<\/span><\/td>\n                <td>Locais ventilados e uso rigoroso de protetor solar.<\/td>\n                <td>A circula\u00e7\u00e3o de ar remove o calor corporal; o filtro solar evita queimaduras que impedem a troca t\u00e9rmica.<\/td>\n            <\/tr>\n        <\/tbody>\n    <\/table>\n<\/div>\n\n<\/body>\n<\/html>\n\n\n\n<h2 class=\"wp-block-heading\">Quando a interna\u00e7\u00e3o hospitalar \u00e9 necess\u00e1ria ap\u00f3s sintomas de insola\u00e7\u00e3o?<\/h2>\n\n\n\n<p>A busca por atendimento de emerg\u00eancia \u00e9 mandat\u00f3ria sempre que houver altera\u00e7\u00e3o do estado mental, como desorienta\u00e7\u00e3o ou convuls\u00f5es. Nesses casos, o tratamento hospitalar foca na reposi\u00e7\u00e3o intravenosa de fluidos e no suporte \u00e0s fun\u00e7\u00f5es vitais para evitar sequelas permanentes.<\/p>\n\n\n\n<p>M\u00e9dicos especialistas alertam que a insola\u00e7\u00e3o pode causar inflama\u00e7\u00e3o sist\u00eamica e danos ao cora\u00e7\u00e3o e rins se n\u00e3o for controlada a tempo. A monitoriza\u00e7\u00e3o profissional \u00e9 a \u00fanica forma de garantir que n\u00e3o houve comprometimento silencioso dos \u00f3rg\u00e3os internos ap\u00f3s o choque t\u00e9rmico inicial.<\/p>\n\n\n\n<p><strong>Lembre-se: este conte\u00fado tem car\u00e1ter informativo e n\u00e3o substitui o diagn\u00f3stico profissional. Busque sempre orienta\u00e7\u00e3o m\u00e9dica especializada imediatamente ao notar sinais de alerta.<\/strong><\/p>\n\n\n\n<hr class=\"wp-block-separator has-alpha-channel-opacity\"\/>\n","protected":false},"excerpt":{"rendered":"<p>A insola\u00e7\u00e3o \u00e9 uma condi\u00e7\u00e3o m\u00e9dica s\u00e9ria e potencialmente fatal que ocorre quando o corpo perde a capacidade de regular sua temperatura interna ap\u00f3s exposi\u00e7\u00e3o excessiva ao calor. Caracterizada pelo aquecimento do organismo acima de 40\u00b0C, ela exige identifica\u00e7\u00e3o imediata dos sinais para evitar danos neurol\u00f3gicos ou fal\u00eancia de \u00f3rg\u00e3os. Compreender os sintomas de insola\u00e7\u00e3o [&hellip;]<\/p>\n","protected":false},"author":9,"featured_media":801,"comment_status":"open","ping_status":"open","sticky":false,"template":"","format":"standard","meta":{"_yoast_wpseo_focuskw":"sintomas de insola\u00e7\u00e3o","_yoast_wpseo_title":"Sintomas que indicam que o calor pode estar causando insola\u00e7\u00e3o","_yoast_wpseo_metadesc":"Calor intenso pode causar insola\u00e7\u00e3o e colocar \u00f3rg\u00e3os vitais em risco. Veja os sintomas, primeiros socorros e formas de preven\u00e7\u00e3o.","jnews-multi-image_gallery":[],"jnews_single_post":{"format":"standard"},"jnews_primary_category":[],"jnews_social_meta":[],"jnews_override_counter":[],"footnotes":""},"categories":[111],"tags":[204,211,206,210],"class_list":["post-736","post","type-post","status-publish","format-standard","has-post-thumbnail","hentry","category-saude","tag-calor","tag-exposicao-ao-sol","tag-insolacao","tag-sintomas-de-insolacao"],"yoast_head":"<!-- This site is optimized with the Yoast SEO plugin v26.7 - https:\/\/yoast.com\/wordpress\/plugins\/seo\/ -->\n<title>Sintomas que indicam que o calor pode estar causando insola\u00e7\u00e3o<\/title>\n<meta name=\"description\" content=\"Calor intenso pode causar insola\u00e7\u00e3o e colocar \u00f3rg\u00e3os vitais em risco. Veja os sintomas, primeiros socorros e formas de preven\u00e7\u00e3o.\" \/>\n<meta name=\"robots\" content=\"index, follow, max-snippet:-1, max-image-preview:large, max-video-preview:-1\" \/>\n<link rel=\"canonical\" href=\"https:\/\/www.tuasaude.com\/news\/2026\/01\/16\/esses-sintomas-indicam-que-o-calor-pode-estar-causando-insolacao\/\" \/>\n<meta property=\"og:locale\" content=\"pt_BR\" \/>\n<meta property=\"og:type\" content=\"article\" \/>\n<meta property=\"og:title\" content=\"Sintomas que indicam que o calor pode estar causando insola\u00e7\u00e3o\" \/>\n<meta property=\"og:description\" content=\"Calor intenso pode causar insola\u00e7\u00e3o e colocar \u00f3rg\u00e3os vitais em risco. Veja os sintomas, primeiros socorros e formas de preven\u00e7\u00e3o.\" \/>\n<meta property=\"og:url\" content=\"https:\/\/www.tuasaude.com\/news\/2026\/01\/16\/esses-sintomas-indicam-que-o-calor-pode-estar-causando-insolacao\/\" \/>\n<meta property=\"og:site_name\" content=\"Tua Sa\u00fade\" \/>\n<meta property=\"article:published_time\" content=\"2026-01-16T20:15:00+00:00\" \/>\n<meta property=\"og:image\" content=\"https:\/\/www.tuasaude.com\/news\/wp-content\/uploads\/2026\/01\/freepik__35mm-film-photography-pessoa-adulta-sob-sol-forte-__41937.jpeg\" \/>\n\t<meta property=\"og:image:width\" content=\"1280\" \/>\n\t<meta property=\"og:image:height\" content=\"731\" \/>\n\t<meta property=\"og:image:type\" content=\"image\/jpeg\" \/>\n<meta name=\"author\" content=\"Roberta Patriota\" \/>\n<meta name=\"twitter:card\" content=\"summary_large_image\" \/>\n<meta name=\"twitter:label1\" content=\"Escrito por\" \/>\n\t<meta name=\"twitter:data1\" content=\"Roberta Patriota\" \/>\n\t<meta name=\"twitter:label2\" content=\"Est. tempo de leitura\" \/>\n\t<meta name=\"twitter:data2\" content=\"5 minutos\" \/>\n<!-- \/ Yoast SEO plugin. -->","yoast_head_json":{"title":"Sintomas que indicam que o calor pode estar causando insola\u00e7\u00e3o","description":"Calor intenso pode causar insola\u00e7\u00e3o e colocar \u00f3rg\u00e3os vitais em risco. Veja os sintomas, primeiros socorros e formas de preven\u00e7\u00e3o.","robots":{"index":"index","follow":"follow","max-snippet":"max-snippet:-1","max-image-preview":"max-image-preview:large","max-video-preview":"max-video-preview:-1"},"canonical":"https:\/\/www.tuasaude.com\/news\/2026\/01\/16\/esses-sintomas-indicam-que-o-calor-pode-estar-causando-insolacao\/","og_locale":"pt_BR","og_type":"article","og_title":"Sintomas que indicam que o calor pode estar causando insola\u00e7\u00e3o","og_description":"Calor intenso pode causar insola\u00e7\u00e3o e colocar \u00f3rg\u00e3os vitais em risco. Veja os sintomas, primeiros socorros e formas de preven\u00e7\u00e3o.","og_url":"https:\/\/www.tuasaude.com\/news\/2026\/01\/16\/esses-sintomas-indicam-que-o-calor-pode-estar-causando-insolacao\/","og_site_name":"Tua Sa\u00fade","article_published_time":"2026-01-16T20:15:00+00:00","og_image":[{"width":1280,"height":731,"url":"https:\/\/www.tuasaude.com\/news\/wp-content\/uploads\/2026\/01\/freepik__35mm-film-photography-pessoa-adulta-sob-sol-forte-__41937.jpeg","type":"image\/jpeg"}],"author":"Roberta Patriota","twitter_card":"summary_large_image","twitter_misc":{"Escrito por":"Roberta Patriota","Est. tempo de leitura":"5 minutos"},"schema":{"@context":"https:\/\/schema.org","@graph":[{"@type":"Article","@id":"https:\/\/www.tuasaude.com\/news\/2026\/01\/16\/esses-sintomas-indicam-que-o-calor-pode-estar-causando-insolacao\/#article","isPartOf":{"@id":"https:\/\/www.tuasaude.com\/news\/2026\/01\/16\/esses-sintomas-indicam-que-o-calor-pode-estar-causando-insolacao\/"},"author":{"name":"Roberta Patriota","@id":"https:\/\/www.tuasaude.com\/news\/#\/schema\/person\/27adc41011393316b12ef997ca893e44"},"headline":"Esses sintomas indicam que o calor pode estar causando insola\u00e7\u00e3o","datePublished":"2026-01-16T20:15:00+00:00","mainEntityOfPage":{"@id":"https:\/\/www.tuasaude.com\/news\/2026\/01\/16\/esses-sintomas-indicam-que-o-calor-pode-estar-causando-insolacao\/"},"wordCount":783,"commentCount":0,"image":{"@id":"https:\/\/www.tuasaude.com\/news\/2026\/01\/16\/esses-sintomas-indicam-que-o-calor-pode-estar-causando-insolacao\/#primaryimage"},"thumbnailUrl":"https:\/\/www.tuasaude.com\/news\/wp-content\/uploads\/2026\/01\/freepik__35mm-film-photography-pessoa-adulta-sob-sol-forte-__41937.jpeg","keywords":["calor","Exposi\u00e7\u00e3o ao sol","insola\u00e7\u00e3o","Sintomas de insola\u00e7\u00e3o"],"articleSection":["Sa\u00fade"],"inLanguage":"pt-BR","potentialAction":[{"@type":"CommentAction","name":"Comment","target":["https:\/\/www.tuasaude.com\/news\/2026\/01\/16\/esses-sintomas-indicam-que-o-calor-pode-estar-causando-insolacao\/#respond"]}]},{"@type":"WebPage","@id":"https:\/\/www.tuasaude.com\/news\/2026\/01\/16\/esses-sintomas-indicam-que-o-calor-pode-estar-causando-insolacao\/","url":"https:\/\/www.tuasaude.com\/news\/2026\/01\/16\/esses-sintomas-indicam-que-o-calor-pode-estar-causando-insolacao\/","name":"Sintomas que indicam que o calor pode estar causando insola\u00e7\u00e3o","isPartOf":{"@id":"https:\/\/www.tuasaude.com\/news\/#website"},"primaryImageOfPage":{"@id":"https:\/\/www.tuasaude.com\/news\/2026\/01\/16\/esses-sintomas-indicam-que-o-calor-pode-estar-causando-insolacao\/#primaryimage"},"image":{"@id":"https:\/\/www.tuasaude.com\/news\/2026\/01\/16\/esses-sintomas-indicam-que-o-calor-pode-estar-causando-insolacao\/#primaryimage"},"thumbnailUrl":"https:\/\/www.tuasaude.com\/news\/wp-content\/uploads\/2026\/01\/freepik__35mm-film-photography-pessoa-adulta-sob-sol-forte-__41937.jpeg","datePublished":"2026-01-16T20:15:00+00:00","author":{"@id":"https:\/\/www.tuasaude.com\/news\/#\/schema\/person\/27adc41011393316b12ef997ca893e44"},"description":"Calor intenso pode causar insola\u00e7\u00e3o e colocar \u00f3rg\u00e3os vitais em risco. Veja os sintomas, primeiros socorros e formas de preven\u00e7\u00e3o.","breadcrumb":{"@id":"https:\/\/www.tuasaude.com\/news\/2026\/01\/16\/esses-sintomas-indicam-que-o-calor-pode-estar-causando-insolacao\/#breadcrumb"},"inLanguage":"pt-BR","potentialAction":[{"@type":"ReadAction","target":["https:\/\/www.tuasaude.com\/news\/2026\/01\/16\/esses-sintomas-indicam-que-o-calor-pode-estar-causando-insolacao\/"]}]},{"@type":"ImageObject","inLanguage":"pt-BR","@id":"https:\/\/www.tuasaude.com\/news\/2026\/01\/16\/esses-sintomas-indicam-que-o-calor-pode-estar-causando-insolacao\/#primaryimage","url":"https:\/\/www.tuasaude.com\/news\/wp-content\/uploads\/2026\/01\/freepik__35mm-film-photography-pessoa-adulta-sob-sol-forte-__41937.jpeg","contentUrl":"https:\/\/www.tuasaude.com\/news\/wp-content\/uploads\/2026\/01\/freepik__35mm-film-photography-pessoa-adulta-sob-sol-forte-__41937.jpeg","width":1280,"height":731,"caption":"Ao identificar os sintomas, a prioridade absoluta \u00e9 reduzir a temperatura corporal da v\u00edtima de maneira gradual e segura"},{"@type":"BreadcrumbList","@id":"https:\/\/www.tuasaude.com\/news\/2026\/01\/16\/esses-sintomas-indicam-que-o-calor-pode-estar-causando-insolacao\/#breadcrumb","itemListElement":[{"@type":"ListItem","position":1,"name":"In\u00edcio","item":"https:\/\/www.tuasaude.com\/news\/"},{"@type":"ListItem","position":2,"name":"Esses sintomas indicam que o calor pode estar causando insola\u00e7\u00e3o"}]},{"@type":"WebSite","@id":"https:\/\/www.tuasaude.com\/news\/#website","url":"https:\/\/www.tuasaude.com\/news\/","name":"Tua Sa\u00fade","description":"Seu site de sa\u00fade","potentialAction":[{"@type":"SearchAction","target":{"@type":"EntryPoint","urlTemplate":"https:\/\/www.tuasaude.com\/news\/?s={search_term_string}"},"query-input":{"@type":"PropertyValueSpecification","valueRequired":true,"valueName":"search_term_string"}}],"inLanguage":"pt-BR"},{"@type":"Person","@id":"https:\/\/www.tuasaude.com\/news\/#\/schema\/person\/27adc41011393316b12ef997ca893e44","name":"Roberta Patriota","image":{"@type":"ImageObject","inLanguage":"pt-BR","@id":"https:\/\/www.tuasaude.com\/news\/#\/schema\/person\/image\/","url":"https:\/\/secure.gravatar.com\/avatar\/40fc934d21bfa38a60909bb2e5f2ec503dcd4d849aa772e107feb32efe75c210?s=96&d=mm&r=g","contentUrl":"https:\/\/secure.gravatar.com\/avatar\/40fc934d21bfa38a60909bb2e5f2ec503dcd4d849aa772e107feb32efe75c210?s=96&d=mm&r=g","caption":"Roberta Patriota"},"sameAs":["https:\/\/www.tuasaude.com\/news\/"],"url":"https:\/\/www.tuasaude.com\/news\/author\/roberta-patriota\/"}]}},"_links":{"self":[{"href":"https:\/\/www.tuasaude.com\/news\/wp-json\/wp\/v2\/posts\/736","targetHints":{"allow":["GET"]}}],"collection":[{"href":"https:\/\/www.tuasaude.com\/news\/wp-json\/wp\/v2\/posts"}],"about":[{"href":"https:\/\/www.tuasaude.com\/news\/wp-json\/wp\/v2\/types\/post"}],"author":[{"embeddable":true,"href":"https:\/\/www.tuasaude.com\/news\/wp-json\/wp\/v2\/users\/9"}],"replies":[{"embeddable":true,"href":"https:\/\/www.tuasaude.com\/news\/wp-json\/wp\/v2\/comments?post=736"}],"version-history":[{"count":3,"href":"https:\/\/www.tuasaude.com\/news\/wp-json\/wp\/v2\/posts\/736\/revisions"}],"predecessor-version":[{"id":961,"href":"https:\/\/www.tuasaude.com\/news\/wp-json\/wp\/v2\/posts\/736\/revisions\/961"}],"wp:featuredmedia":[{"embeddable":true,"href":"https:\/\/www.tuasaude.com\/news\/wp-json\/wp\/v2\/media\/801"}],"wp:attachment":[{"href":"https:\/\/www.tuasaude.com\/news\/wp-json\/wp\/v2\/media?parent=736"}],"wp:term":[{"taxonomy":"category","embeddable":true,"href":"https:\/\/www.tuasaude.com\/news\/wp-json\/wp\/v2\/categories?post=736"},{"taxonomy":"post_tag","embeddable":true,"href":"https:\/\/www.tuasaude.com\/news\/wp-json\/wp\/v2\/tags?post=736"}],"curies":[{"name":"wp","href":"https:\/\/api.w.org\/{rel}","templated":true}]}}