{"id":7180,"date":"2026-03-09T15:00:00","date_gmt":"2026-03-09T18:00:00","guid":{"rendered":"https:\/\/www.tuasaude.com\/news\/?p=7180"},"modified":"2026-03-08T18:18:47","modified_gmt":"2026-03-08T21:18:47","slug":"7-beneficios-de-fazer-uma-pausa-no-consumo-de-cafe","status":"publish","type":"post","link":"https:\/\/www.tuasaude.com\/news\/2026\/03\/09\/7-beneficios-de-fazer-uma-pausa-no-consumo-de-cafe\/","title":{"rendered":"7 benef\u00edcios de fazer uma pausa no consumo de caf\u00e9"},"content":{"rendered":"\n<p>O caf\u00e9 faz parte da rotina de milh\u00f5es de brasileiros, mas uma pausa tempor\u00e1ria no seu consumo pode trazer ganhos surpreendentes para o corpo e a mente. Reduzir ou interromper a cafe\u00edna por alguns dias ajuda a regular o sono, diminuir a ansiedade e at\u00e9 melhorar a absor\u00e7\u00e3o de nutrientes. A seguir, entenda como essa mudan\u00e7a simples pode beneficiar a sua sa\u00fade de forma pr\u00e1tica.<\/p>\n\n\n\n<h2 class=\"wp-block-heading\">Sono mais profundo e restaurador<\/h2>\n\n\n\n<p>A<a href=\"https:\/\/www.tuasaude.com\/alimentos-ricos-em-cafeina\/\" target=\"_blank\" rel=\"noreferrer noopener\"> cafe\u00edna bloqueia os receptores de adenosina<\/a>, subst\u00e2ncia que sinaliza ao c\u00e9rebro que \u00e9 hora de descansar. Quando voc\u00ea faz uma pausa no caf\u00e9, esses receptores voltam a funcionar normalmente, facilitando o adormecer e aumentando a qualidade do sono. Mesmo quem toma caf\u00e9 apenas pela manh\u00e3 pode sentir diferen\u00e7a, j\u00e1 que a cafe\u00edna permanece ativa no organismo por at\u00e9 oito horas.<\/p>\n\n\n\n<h2 class=\"wp-block-heading\">Menos ansiedade e mais equil\u00edbrio emocional<\/h2>\n\n\n\n<p>O consumo frequente de cafe\u00edna estimula a libera\u00e7\u00e3o de horm\u00f4nios ligados ao estado de alerta, como a adrenalina. Em excesso, esse est\u00edmulo pode gerar inquieta\u00e7\u00e3o, irritabilidade e sensa\u00e7\u00e3o de nervosismo. Ao pausar o caf\u00e9, muitas pessoas relatam uma sensa\u00e7\u00e3o de calma e maior estabilidade de humor ao longo do dia.<\/p>\n\n\n\n<h2 class=\"wp-block-heading\">Press\u00e3o arterial mais controlada e melhor digest\u00e3o<\/h2>\n\n\n\n<p>A<a href=\"https:\/\/www.tuasaude.com\/alimentos-ricos-em-cafeina\/\" target=\"_blank\" rel=\"noreferrer noopener\"> cafe\u00edna pode provocar aumentos tempor\u00e1rios na press\u00e3o arterial<\/a>, especialmente em quem n\u00e3o consome a bebida com frequ\u00eancia. Sem esse est\u00edmulo constante, o sistema cardiovascular tende a operar de forma mais equilibrada. Al\u00e9m disso, o caf\u00e9 tem a\u00e7\u00e3o \u00e1cida no est\u00f4mago, e a pausa pode aliviar sintomas como azia, refluxo e desconforto abdominal.<\/p>\n\n\n\n<p>A digest\u00e3o tamb\u00e9m se beneficia de outras formas. Sem a cafe\u00edna, o organismo absorve melhor minerais essenciais como c\u00e1lcio, ferro e magn\u00e9sio, que podem ter sua absor\u00e7\u00e3o reduzida pelo consumo habitual de caf\u00e9. Isso \u00e9 especialmente relevante para pessoas com tend\u00eancia \u00e0 anemia ou \u00e0 osteoporose.<\/p>\n\n\n<div class=\"wp-block-image\">\n<figure class=\"aligncenter size-large\"><img decoding=\"async\" width=\"1024\" height=\"571\" src=\"https:\/\/www.tuasaude.com\/news\/wp-content\/uploads\/2026\/03\/creation_2533153017-1024x571.png\" alt=\"7 benef\u00edcios de fazer uma pausa no consumo de caf\u00e9\" class=\"wp-image-7318\" srcset=\"https:\/\/www.tuasaude.com\/news\/wp-content\/uploads\/2026\/03\/creation_2533153017-1024x571.png 1024w, https:\/\/www.tuasaude.com\/news\/wp-content\/uploads\/2026\/03\/creation_2533153017-300x167.png 300w, https:\/\/www.tuasaude.com\/news\/wp-content\/uploads\/2026\/03\/creation_2533153017-768x428.png 768w, https:\/\/www.tuasaude.com\/news\/wp-content\/uploads\/2026\/03\/creation_2533153017-750x418.png 750w, https:\/\/www.tuasaude.com\/news\/wp-content\/uploads\/2026\/03\/creation_2533153017-1140x636.png 1140w, https:\/\/www.tuasaude.com\/news\/wp-content\/uploads\/2026\/03\/creation_2533153017.png 1280w\" sizes=\"(max-width: 1024px) 100vw, 1024px\" \/><figcaption class=\"wp-element-caption\">7 benef\u00edcios de fazer uma pausa no consumo de caf\u00e9<\/figcaption><\/figure>\n<\/div>\n\n\n<h2 class=\"wp-block-heading\">Estudo cient\u00edfico confirma o impacto da cafe\u00edna na press\u00e3o arterial<\/h2>\n\n\n\n<p>A rela\u00e7\u00e3o entre cafe\u00edna e press\u00e3o arterial foi investigada de forma ampla pela ci\u00eancia. Segundo a revis\u00e3o sistem\u00e1tica e meta-an\u00e1lise<a href=\"https:\/\/pubmed.ncbi.nlm.nih.gov\/38057002\/\" target=\"_blank\" rel=\"noreferrer noopener\"> <em>&#8220;The effects of caffeine supplementation on blood pressure in adults: A systematic review and dose-response meta-analysis&#8221;<\/em><\/a>, publicada na revista <em>Clinical Nutrition ESPEN<\/em>, a suplementa\u00e7\u00e3o de cafe\u00edna aumentou de forma significativa tanto a press\u00e3o sist\u00f3lica quanto a diast\u00f3lica em adultos. A an\u00e1lise reuniu 8 ensaios cl\u00ednicos randomizados e identificou que doses acima de 400 mg por dia tiveram efeito ainda mais expressivo sobre a press\u00e3o diast\u00f3lica. Esses achados refor\u00e7am que a pausa no caf\u00e9 pode ser uma estrat\u00e9gia v\u00e1lida para quem busca manter a press\u00e3o em n\u00edveis saud\u00e1veis.<\/p>\n\n\n\n<h2 class=\"wp-block-heading\">Mais energia natural e dentes mais brancos<\/h2>\n\n\n\n<p>Pode parecer contradit\u00f3rio, mas parar de tomar caf\u00e9 pode aumentar sua disposi\u00e7\u00e3o com o tempo. Isso acontece porque o uso cont\u00ednuo de cafe\u00edna cria toler\u00e2ncia, e o corpo passa a depender da subst\u00e2ncia apenas para funcionar no n\u00edvel normal. Ao fazer uma pausa, o organismo reequilibra sua produ\u00e7\u00e3o de energia de forma mais est\u00e1vel, sem os altos e baixos t\u00edpicos de quem depende da cafe\u00edna.<\/p>\n\n\n\n<p>Os benef\u00edcios est\u00e9ticos tamb\u00e9m merecem destaque. O caf\u00e9 \u00e9 uma das principais causas de manchas nos dentes, por conter compostos que aderem ao esmalte dent\u00e1rio. Algumas semanas sem a bebida j\u00e1 podem resultar em um sorriso visivelmente mais claro. Confira os principais ganhos dessa pausa reunidos abaixo:<\/p>\n\n\n\n<div style=\"display: flex; flex-wrap: wrap; gap: 20px; justify-content: center; font-family: 'Segoe UI', Roboto, Helvetica, sans-serif; padding: 40px; background-color: #f1f5f9;\">\n\n  <div style=\"flex: 1; min-width: 250px; max-width: 280px; background: #ffffff; border: 1px solid #e2e8f0; padding: 25px; border-radius: 20px; box-shadow: 0 10px 25px rgba(0,0,0,0.05); text-align: center;\">\n    <div style=\"font-size: 32px; margin-bottom: 15px;\">\ud83d\ude34<\/div>\n    <h3 style=\"color: #334155; font-size: 1.1em; margin-bottom: 12px; letter-spacing: 1px;\">SONO<\/h3>\n    <p style=\"color: #475569; font-size: 0.95em; line-height: 1.6; margin: 0;\">\n      Sem cafe\u00edna interferindo, os receptores de adenosina voltam a funcionar e favorecem um <strong>sono mais profundo<\/strong>.\n    <\/p>\n  <\/div>\n\n  <div style=\"flex: 1; min-width: 250px; max-width: 280px; background: #ffffff; border: 1px solid #e2e8f0; padding: 25px; border-radius: 20px; box-shadow: 0 10px 25px rgba(0,0,0,0.05); text-align: center;\">\n    <div style=\"font-size: 32px; margin-bottom: 15px;\">\ud83e\uddd8<\/div>\n    <h3 style=\"color: #334155; font-size: 1.1em; margin-bottom: 12px; letter-spacing: 1px;\">ANSIEDADE<\/h3>\n    <p style=\"color: #475569; font-size: 0.95em; line-height: 1.6; margin: 0;\">\n      A redu\u00e7\u00e3o do est\u00edmulo da cafe\u00edna diminui a ativa\u00e7\u00e3o da adrenalina e ajuda a <strong>reduzir a ansiedade<\/strong>.\n    <\/p>\n  <\/div>\n\n  <div style=\"flex: 1; min-width: 250px; max-width: 280px; background: #ffffff; border: 1px solid #e2e8f0; padding: 25px; border-radius: 20px; box-shadow: 0 10px 25px rgba(0,0,0,0.05); text-align: center;\">\n    <div style=\"font-size: 32px; margin-bottom: 15px;\">\ud83e\ude7a<\/div>\n    <h3 style=\"color: #334155; font-size: 1.1em; margin-bottom: 12px; letter-spacing: 1px;\">PRESS\u00c3O<\/h3>\n    <p style=\"color: #475569; font-size: 0.95em; line-height: 1.6; margin: 0;\">\n      Sem os picos provocados pela cafe\u00edna, a <strong>press\u00e3o arterial tende a se manter mais est\u00e1vel<\/strong>.\n    <\/p>\n  <\/div>\n\n  <div style=\"flex: 1; min-width: 250px; max-width: 280px; background: #ffffff; border: 1px solid #e2e8f0; padding: 25px; border-radius: 20px; box-shadow: 0 10px 25px rgba(0,0,0,0.05); text-align: center;\">\n    <div style=\"font-size: 32px; margin-bottom: 15px;\">\ud83e\uddec<\/div>\n    <h3 style=\"color: #334155; font-size: 1.1em; margin-bottom: 12px; letter-spacing: 1px;\">NUTRIENTES<\/h3>\n    <p style=\"color: #475569; font-size: 0.95em; line-height: 1.6; margin: 0;\">\n      A pausa no caf\u00e9 pode melhorar a <strong>absor\u00e7\u00e3o de c\u00e1lcio, ferro e magn\u00e9sio<\/strong> pelo organismo.\n    <\/p>\n  <\/div>\n\n  <div style=\"flex: 1; min-width: 250px; max-width: 280px; background: #ffffff; border: 1px solid #e2e8f0; padding: 25px; border-radius: 20px; box-shadow: 0 10px 25px rgba(0,0,0,0.05); text-align: center;\">\n    <div style=\"font-size: 32px; margin-bottom: 15px;\">\ud83c\udf7d\ufe0f<\/div>\n    <h3 style=\"color: #334155; font-size: 1.1em; margin-bottom: 12px; letter-spacing: 1px;\">DIGEST\u00c3O<\/h3>\n    <p style=\"color: #475569; font-size: 0.95em; line-height: 1.6; margin: 0;\">\n      Menos cafe\u00edna pode reduzir <strong>acidez estomacal, azia e refluxo<\/strong>, favorecendo uma digest\u00e3o mais confort\u00e1vel.\n    <\/p>\n  <\/div>\n\n  <div style=\"flex: 1; min-width: 250px; max-width: 280px; background: #ffffff; border: 1px solid #e2e8f0; padding: 25px; border-radius: 20px; box-shadow: 0 10px 25px rgba(0,0,0,0.05); text-align: center;\">\n    <div style=\"font-size: 32px; margin-bottom: 15px;\">\u26a1<\/div>\n    <h3 style=\"color: #334155; font-size: 1.1em; margin-bottom: 12px; letter-spacing: 1px;\">ENERGIA<\/h3>\n    <p style=\"color: #475569; font-size: 0.95em; line-height: 1.6; margin: 0;\">\n      O corpo volta a produzir energia de forma mais est\u00e1vel, garantindo <strong>disposi\u00e7\u00e3o constante<\/strong>.\n    <\/p>\n  <\/div>\n\n  <div style=\"flex: 1; min-width: 250px; max-width: 280px; background: #ffffff; border: 1px solid #e2e8f0; padding: 25px; border-radius: 20px; box-shadow: 0 10px 25px rgba(0,0,0,0.05); text-align: center;\">\n    <div style=\"font-size: 32px; margin-bottom: 15px;\">\ud83d\ude01<\/div>\n    <h3 style=\"color: #334155; font-size: 1.1em; margin-bottom: 12px; letter-spacing: 1px;\">DENTES<\/h3>\n    <p style=\"color: #475569; font-size: 0.95em; line-height: 1.6; margin: 0;\">\n      Sem os pigmentos do caf\u00e9 aderindo ao esmalte, os dentes tendem a ficar <strong>visivelmente mais brancos<\/strong>.\n    <\/p>\n  <\/div>\n\n<\/div>\n\n\n\n<h2 class=\"wp-block-heading\">Como fazer a pausa de forma segura?<\/h2>\n\n\n\n<p>A interrup\u00e7\u00e3o abrupta do caf\u00e9 pode provocar dor de cabe\u00e7a, cansa\u00e7o e dificuldade de concentra\u00e7\u00e3o nos primeiros dias. Esses sintomas s\u00e3o tempor\u00e1rios e costumam desaparecer em uma semana. Para minimizar o desconforto, o ideal \u00e9 reduzir o consumo aos poucos, substituindo parte das doses por vers\u00f5es descafeinadas ou por ch\u00e1s com menor teor de cafe\u00edna.<\/p>\n\n\n\n<p>Manter-se bem hidratado e garantir boas noites de sono durante o per\u00edodo de adapta\u00e7\u00e3o tamb\u00e9m ajuda o corpo a se ajustar com mais facilidade. Caso voc\u00ea tenha condi\u00e7\u00f5es de sa\u00fade como hipertens\u00e3o, arritmia ou transtornos de ansiedade, \u00e9 importante conversar com um m\u00e9dico antes de fazer qualquer mudan\u00e7a significativa na sua rotina alimentar.<\/p>\n","protected":false},"excerpt":{"rendered":"<p>O caf\u00e9 faz parte da rotina de milh\u00f5es de brasileiros, mas uma pausa tempor\u00e1ria no seu consumo pode trazer ganhos surpreendentes para o corpo e a mente. Reduzir ou interromper a cafe\u00edna por alguns dias ajuda a regular o sono, diminuir a ansiedade e at\u00e9 melhorar a absor\u00e7\u00e3o de nutrientes. A seguir, entenda como essa [&hellip;]<\/p>\n","protected":false},"author":11,"featured_media":7317,"comment_status":"open","ping_status":"open","sticky":false,"template":"","format":"standard","meta":{"_yoast_wpseo_focuskw":"pausa no consumo de caf\u00e9","_yoast_wpseo_title":"","_yoast_wpseo_metadesc":"Uma pausa no caf\u00e9 pode trazer mudan\u00e7as como sono mais profundo, press\u00e3o mais est\u00e1vel e menos ansiedade. Veja os benef\u00edcios para o corpo.","jnews-multi-image_gallery":[],"jnews_single_post":{"format":"standard"},"jnews_primary_category":[],"jnews_social_meta":[],"jnews_override_counter":[],"footnotes":""},"categories":[111],"tags":[1205,869,2042,136],"class_list":["post-7180","post","type-post","status-publish","format-standard","has-post-thumbnail","hentry","category-saude","tag-cafe","tag-cafeina","tag-consumo-de-cafe","tag-saude"],"yoast_head":"<!-- This site is optimized with the Yoast SEO plugin v26.7 - https:\/\/yoast.com\/wordpress\/plugins\/seo\/ -->\n<title>7 benef\u00edcios de fazer uma pausa no consumo de caf\u00e9 - Tua Sa\u00fade<\/title>\n<meta name=\"description\" content=\"Uma pausa no caf\u00e9 pode trazer mudan\u00e7as como sono mais profundo, press\u00e3o mais est\u00e1vel e menos ansiedade. Veja os benef\u00edcios para o corpo.\" \/>\n<meta name=\"robots\" content=\"index, follow, max-snippet:-1, max-image-preview:large, max-video-preview:-1\" \/>\n<link rel=\"canonical\" href=\"https:\/\/www.tuasaude.com\/news\/2026\/03\/09\/7-beneficios-de-fazer-uma-pausa-no-consumo-de-cafe\/\" \/>\n<meta property=\"og:locale\" content=\"pt_BR\" \/>\n<meta property=\"og:type\" content=\"article\" \/>\n<meta property=\"og:title\" content=\"7 benef\u00edcios de fazer uma pausa no consumo de caf\u00e9 - Tua Sa\u00fade\" \/>\n<meta property=\"og:description\" content=\"Uma pausa no caf\u00e9 pode trazer mudan\u00e7as como sono mais profundo, press\u00e3o mais est\u00e1vel e menos ansiedade. Veja os benef\u00edcios para o corpo.\" \/>\n<meta property=\"og:url\" content=\"https:\/\/www.tuasaude.com\/news\/2026\/03\/09\/7-beneficios-de-fazer-uma-pausa-no-consumo-de-cafe\/\" \/>\n<meta property=\"og:site_name\" content=\"Tua Sa\u00fade\" \/>\n<meta property=\"article:published_time\" content=\"2026-03-09T18:00:00+00:00\" \/>\n<meta property=\"og:image\" content=\"https:\/\/www.tuasaude.com\/news\/wp-content\/uploads\/2026\/03\/creation_2533152763.png\" \/>\n\t<meta property=\"og:image:width\" content=\"1280\" \/>\n\t<meta property=\"og:image:height\" content=\"714\" \/>\n\t<meta property=\"og:image:type\" content=\"image\/png\" \/>\n<meta name=\"author\" content=\"Gessika Julia Carvalho\" \/>\n<meta name=\"twitter:card\" content=\"summary_large_image\" \/>\n<meta name=\"twitter:label1\" content=\"Escrito por\" \/>\n\t<meta name=\"twitter:data1\" content=\"Gessika Julia Carvalho\" \/>\n\t<meta name=\"twitter:label2\" content=\"Est. tempo de leitura\" \/>\n\t<meta name=\"twitter:data2\" content=\"5 minutos\" \/>\n<!-- \/ Yoast SEO plugin. -->","yoast_head_json":{"title":"7 benef\u00edcios de fazer uma pausa no consumo de caf\u00e9 - Tua Sa\u00fade","description":"Uma pausa no caf\u00e9 pode trazer mudan\u00e7as como sono mais profundo, press\u00e3o mais est\u00e1vel e menos ansiedade. Veja os benef\u00edcios para o corpo.","robots":{"index":"index","follow":"follow","max-snippet":"max-snippet:-1","max-image-preview":"max-image-preview:large","max-video-preview":"max-video-preview:-1"},"canonical":"https:\/\/www.tuasaude.com\/news\/2026\/03\/09\/7-beneficios-de-fazer-uma-pausa-no-consumo-de-cafe\/","og_locale":"pt_BR","og_type":"article","og_title":"7 benef\u00edcios de fazer uma pausa no consumo de caf\u00e9 - Tua Sa\u00fade","og_description":"Uma pausa no caf\u00e9 pode trazer mudan\u00e7as como sono mais profundo, press\u00e3o mais est\u00e1vel e menos ansiedade. Veja os benef\u00edcios para o corpo.","og_url":"https:\/\/www.tuasaude.com\/news\/2026\/03\/09\/7-beneficios-de-fazer-uma-pausa-no-consumo-de-cafe\/","og_site_name":"Tua Sa\u00fade","article_published_time":"2026-03-09T18:00:00+00:00","og_image":[{"width":1280,"height":714,"url":"https:\/\/www.tuasaude.com\/news\/wp-content\/uploads\/2026\/03\/creation_2533152763.png","type":"image\/png"}],"author":"Gessika Julia Carvalho","twitter_card":"summary_large_image","twitter_misc":{"Escrito por":"Gessika Julia Carvalho","Est. tempo de leitura":"5 minutos"},"schema":{"@context":"https:\/\/schema.org","@graph":[{"@type":"Article","@id":"https:\/\/www.tuasaude.com\/news\/2026\/03\/09\/7-beneficios-de-fazer-uma-pausa-no-consumo-de-cafe\/#article","isPartOf":{"@id":"https:\/\/www.tuasaude.com\/news\/2026\/03\/09\/7-beneficios-de-fazer-uma-pausa-no-consumo-de-cafe\/"},"author":{"name":"Gessika Julia Carvalho","@id":"https:\/\/www.tuasaude.com\/news\/#\/schema\/person\/2e9df841be69ec84f5d20ddb8d273ac2"},"headline":"7 benef\u00edcios de fazer uma pausa no consumo de caf\u00e9","datePublished":"2026-03-09T18:00:00+00:00","mainEntityOfPage":{"@id":"https:\/\/www.tuasaude.com\/news\/2026\/03\/09\/7-beneficios-de-fazer-uma-pausa-no-consumo-de-cafe\/"},"wordCount":881,"commentCount":0,"image":{"@id":"https:\/\/www.tuasaude.com\/news\/2026\/03\/09\/7-beneficios-de-fazer-uma-pausa-no-consumo-de-cafe\/#primaryimage"},"thumbnailUrl":"https:\/\/www.tuasaude.com\/news\/wp-content\/uploads\/2026\/03\/creation_2533152763.png","keywords":["caf\u00e9","cafe\u00edna","consumo de caf\u00e9","sa\u00fade"],"articleSection":["Sa\u00fade"],"inLanguage":"pt-BR","potentialAction":[{"@type":"CommentAction","name":"Comment","target":["https:\/\/www.tuasaude.com\/news\/2026\/03\/09\/7-beneficios-de-fazer-uma-pausa-no-consumo-de-cafe\/#respond"]}]},{"@type":"WebPage","@id":"https:\/\/www.tuasaude.com\/news\/2026\/03\/09\/7-beneficios-de-fazer-uma-pausa-no-consumo-de-cafe\/","url":"https:\/\/www.tuasaude.com\/news\/2026\/03\/09\/7-beneficios-de-fazer-uma-pausa-no-consumo-de-cafe\/","name":"7 benef\u00edcios de fazer uma pausa no consumo de caf\u00e9 - Tua Sa\u00fade","isPartOf":{"@id":"https:\/\/www.tuasaude.com\/news\/#website"},"primaryImageOfPage":{"@id":"https:\/\/www.tuasaude.com\/news\/2026\/03\/09\/7-beneficios-de-fazer-uma-pausa-no-consumo-de-cafe\/#primaryimage"},"image":{"@id":"https:\/\/www.tuasaude.com\/news\/2026\/03\/09\/7-beneficios-de-fazer-uma-pausa-no-consumo-de-cafe\/#primaryimage"},"thumbnailUrl":"https:\/\/www.tuasaude.com\/news\/wp-content\/uploads\/2026\/03\/creation_2533152763.png","datePublished":"2026-03-09T18:00:00+00:00","author":{"@id":"https:\/\/www.tuasaude.com\/news\/#\/schema\/person\/2e9df841be69ec84f5d20ddb8d273ac2"},"description":"Uma pausa no caf\u00e9 pode trazer mudan\u00e7as como sono mais profundo, press\u00e3o mais est\u00e1vel e menos ansiedade. Veja os benef\u00edcios para o corpo.","breadcrumb":{"@id":"https:\/\/www.tuasaude.com\/news\/2026\/03\/09\/7-beneficios-de-fazer-uma-pausa-no-consumo-de-cafe\/#breadcrumb"},"inLanguage":"pt-BR","potentialAction":[{"@type":"ReadAction","target":["https:\/\/www.tuasaude.com\/news\/2026\/03\/09\/7-beneficios-de-fazer-uma-pausa-no-consumo-de-cafe\/"]}]},{"@type":"ImageObject","inLanguage":"pt-BR","@id":"https:\/\/www.tuasaude.com\/news\/2026\/03\/09\/7-beneficios-de-fazer-uma-pausa-no-consumo-de-cafe\/#primaryimage","url":"https:\/\/www.tuasaude.com\/news\/wp-content\/uploads\/2026\/03\/creation_2533152763.png","contentUrl":"https:\/\/www.tuasaude.com\/news\/wp-content\/uploads\/2026\/03\/creation_2533152763.png","width":1280,"height":714,"caption":"Fazer uma pausa no caf\u00e9 pode melhorar a qualidade do sono, j\u00e1 que a cafe\u00edna interfere na produ\u00e7\u00e3o do horm\u00f4nio respons\u00e1vel pelo descanso."},{"@type":"BreadcrumbList","@id":"https:\/\/www.tuasaude.com\/news\/2026\/03\/09\/7-beneficios-de-fazer-uma-pausa-no-consumo-de-cafe\/#breadcrumb","itemListElement":[{"@type":"ListItem","position":1,"name":"In\u00edcio","item":"https:\/\/www.tuasaude.com\/news\/"},{"@type":"ListItem","position":2,"name":"7 benef\u00edcios de fazer uma pausa no consumo de caf\u00e9"}]},{"@type":"WebSite","@id":"https:\/\/www.tuasaude.com\/news\/#website","url":"https:\/\/www.tuasaude.com\/news\/","name":"Tua Sa\u00fade","description":"Seu site de sa\u00fade","potentialAction":[{"@type":"SearchAction","target":{"@type":"EntryPoint","urlTemplate":"https:\/\/www.tuasaude.com\/news\/?s={search_term_string}"},"query-input":{"@type":"PropertyValueSpecification","valueRequired":true,"valueName":"search_term_string"}}],"inLanguage":"pt-BR"},{"@type":"Person","@id":"https:\/\/www.tuasaude.com\/news\/#\/schema\/person\/2e9df841be69ec84f5d20ddb8d273ac2","name":"Gessika Julia Carvalho","image":{"@type":"ImageObject","inLanguage":"pt-BR","@id":"https:\/\/www.tuasaude.com\/news\/#\/schema\/person\/image\/","url":"https:\/\/secure.gravatar.com\/avatar\/0fcc8769024577fd0bc6a8b766055690f76a8e8f29dfb2a2f89cf04db8d0f2d2?s=96&d=mm&r=g","contentUrl":"https:\/\/secure.gravatar.com\/avatar\/0fcc8769024577fd0bc6a8b766055690f76a8e8f29dfb2a2f89cf04db8d0f2d2?s=96&d=mm&r=g","caption":"Gessika Julia Carvalho"},"sameAs":["https:\/\/www.tuasaude.com\/news\/"],"url":"https:\/\/www.tuasaude.com\/news\/author\/gessika-julia\/"}]}},"_links":{"self":[{"href":"https:\/\/www.tuasaude.com\/news\/wp-json\/wp\/v2\/posts\/7180","targetHints":{"allow":["GET"]}}],"collection":[{"href":"https:\/\/www.tuasaude.com\/news\/wp-json\/wp\/v2\/posts"}],"about":[{"href":"https:\/\/www.tuasaude.com\/news\/wp-json\/wp\/v2\/types\/post"}],"author":[{"embeddable":true,"href":"https:\/\/www.tuasaude.com\/news\/wp-json\/wp\/v2\/users\/11"}],"replies":[{"embeddable":true,"href":"https:\/\/www.tuasaude.com\/news\/wp-json\/wp\/v2\/comments?post=7180"}],"version-history":[{"count":2,"href":"https:\/\/www.tuasaude.com\/news\/wp-json\/wp\/v2\/posts\/7180\/revisions"}],"predecessor-version":[{"id":7350,"href":"https:\/\/www.tuasaude.com\/news\/wp-json\/wp\/v2\/posts\/7180\/revisions\/7350"}],"wp:featuredmedia":[{"embeddable":true,"href":"https:\/\/www.tuasaude.com\/news\/wp-json\/wp\/v2\/media\/7317"}],"wp:attachment":[{"href":"https:\/\/www.tuasaude.com\/news\/wp-json\/wp\/v2\/media?parent=7180"}],"wp:term":[{"taxonomy":"category","embeddable":true,"href":"https:\/\/www.tuasaude.com\/news\/wp-json\/wp\/v2\/categories?post=7180"},{"taxonomy":"post_tag","embeddable":true,"href":"https:\/\/www.tuasaude.com\/news\/wp-json\/wp\/v2\/tags?post=7180"}],"curies":[{"name":"wp","href":"https:\/\/api.w.org\/{rel}","templated":true}]}}