{"id":7106,"date":"2026-03-08T20:30:00","date_gmt":"2026-03-08T23:30:00","guid":{"rendered":"https:\/\/www.tuasaude.com\/news\/?p=7106"},"modified":"2026-03-07T22:51:54","modified_gmt":"2026-03-08T01:51:54","slug":"nao-se-trata-apenas-de-esquecimento-e-assim-que-o-alzheimer-comeca-e-muitas-pessoas-subestimam-esses-sinais","status":"publish","type":"post","link":"https:\/\/www.tuasaude.com\/news\/2026\/03\/08\/nao-se-trata-apenas-de-esquecimento-e-assim-que-o-alzheimer-comeca-e-muitas-pessoas-subestimam-esses-sinais\/","title":{"rendered":"N\u00e3o se trata apenas de esquecimento. \u00c9 assim que o Alzheimer come\u00e7a, e muitas pessoas subestimam esses sinais"},"content":{"rendered":"\n<p>A doen\u00e7a de Alzheimer n\u00e3o surge de repente. Ela se instala de forma silenciosa, anos antes dos sintomas mais evidentes, e seus primeiros sinais v\u00e3o muito al\u00e9m dos esquecimentos comuns da idade. Mudan\u00e7as sutis no comportamento, na capacidade de resolver problemas simples e at\u00e9 na percep\u00e7\u00e3o visual podem indicar que algo mais s\u00e9rio est\u00e1 acontecendo no c\u00e9rebro. Reconhecer esses sinais precoces faz toda a diferen\u00e7a, porque quanto mais cedo o diagn\u00f3stico, maiores s\u00e3o as possibilidades de retardar a progress\u00e3o da doen\u00e7a.<\/p>\n\n\n\n<h2 class=\"wp-block-heading\">O que diferencia o esquecimento normal dos primeiros sinais de Alzheimer?<\/h2>\n\n\n\n<p>\u00c9 comum esquecer onde colocou as chaves ou o nome de algu\u00e9m que acabou de conhecer. Esses lapsos fazem parte do envelhecimento natural e, na maioria das vezes, a informa\u00e7\u00e3o volta \u00e0 mem\u00f3ria pouco depois.<a href=\"https:\/\/www.tuasaude.com\/o-que-e-alzheimer\/\" target=\"_blank\" rel=\"noreferrer noopener\"> No Alzheimer, por\u00e9m, o esquecimento \u00e9 mais frequente<\/a>, envolve eventos recentes inteiros e a pessoa n\u00e3o consegue recuperar a informa\u00e7\u00e3o mesmo com pistas.<\/p>\n\n\n\n<p>Um dos sinais mais caracter\u00edsticos da fase inicial \u00e9 esquecer compromissos importantes, repetir a mesma pergunta v\u00e1rias vezes em curto espa\u00e7o de tempo ou depender cada vez mais de lembretes e anota\u00e7\u00f5es para tarefas que antes fazia sem dificuldade. A Organiza\u00e7\u00e3o Mundial da Sa\u00fade estima que o Alzheimer representa entre 60% e 70% dos casos de dem\u00eancia no mundo.<\/p>\n\n\n<div class=\"wp-block-image\">\n<figure class=\"aligncenter size-large\"><img decoding=\"async\" width=\"1024\" height=\"571\" src=\"https:\/\/www.tuasaude.com\/news\/wp-content\/uploads\/2026\/03\/creation_2528889988-1024x571.png\" alt=\"N\u00e3o se trata apenas de esquecimento. \u00c9 assim que o Alzheimer come\u00e7a, e muitas pessoas subestimam esses sinais\" class=\"wp-image-7113\" srcset=\"https:\/\/www.tuasaude.com\/news\/wp-content\/uploads\/2026\/03\/creation_2528889988-1024x571.png 1024w, https:\/\/www.tuasaude.com\/news\/wp-content\/uploads\/2026\/03\/creation_2528889988-300x167.png 300w, https:\/\/www.tuasaude.com\/news\/wp-content\/uploads\/2026\/03\/creation_2528889988-768x428.png 768w, https:\/\/www.tuasaude.com\/news\/wp-content\/uploads\/2026\/03\/creation_2528889988-750x418.png 750w, https:\/\/www.tuasaude.com\/news\/wp-content\/uploads\/2026\/03\/creation_2528889988-1140x636.png 1140w, https:\/\/www.tuasaude.com\/news\/wp-content\/uploads\/2026\/03\/creation_2528889988.png 1280w\" sizes=\"(max-width: 1024px) 100vw, 1024px\" \/><figcaption class=\"wp-element-caption\">O Alzheimer costuma come\u00e7ar anos antes dos sintomas mais evidentes, com mudan\u00e7as sutis na mem\u00f3ria e no comportamento.<\/figcaption><\/figure>\n<\/div>\n\n\n<h2 class=\"wp-block-heading\">Sinais que v\u00e3o al\u00e9m da mem\u00f3ria e costumam ser ignorados<\/h2>\n\n\n\n<p>Muitas pessoas associam o Alzheimer exclusivamente \u00e0 perda de mem\u00f3ria, mas a doen\u00e7a tamb\u00e9m se manifesta de outras formas no in\u00edcio. Familiares e amigos frequentemente s\u00e3o os primeiros a perceber essas mudan\u00e7as, embora possam atribu\u00ed-las ao estresse ou ao pr\u00f3prio envelhecimento. Entre os sinais que merecem aten\u00e7\u00e3o est\u00e3o:<\/p>\n\n\n\n<div style=\"display: flex; flex-wrap: wrap; gap: 20px; justify-content: center; font-family: 'Segoe UI', Roboto, Helvetica, sans-serif; padding: 40px; background-color: #f1f5f9;\">\n\n  <div style=\"flex: 1; min-width: 250px; max-width: 280px; background: #ffffff; border: 1px solid #e2e8f0; padding: 25px; border-radius: 20px; box-shadow: 0 10px 25px rgba(0,0,0,0.05); text-align: center;\">\n    <div style=\"font-size: 32px; margin-bottom: 15px;\">\ud83d\udcca<\/div>\n    <h3 style=\"color: #334155; font-size: 1.1em; margin-bottom: 12px; letter-spacing: 1px;\">DIFICULDADE EM PLANEJAR<\/h3>\n    <p style=\"color: #475569; font-size: 0.95em; line-height: 1.6; margin: 0;\">\n      Atividades simples como <strong>organizar contas ou seguir receitas<\/strong> come\u00e7am a se tornar confusas.\n    <\/p>\n  <\/div>\n\n  <div style=\"flex: 1; min-width: 250px; max-width: 280px; background: #ffffff; border: 1px solid #e2e8f0; padding: 25px; border-radius: 20px; box-shadow: 0 10px 25px rgba(0,0,0,0.05); text-align: center;\">\n    <div style=\"font-size: 32px; margin-bottom: 15px;\">\ud83d\udcc5<\/div>\n    <h3 style=\"color: #334155; font-size: 1.1em; margin-bottom: 12px; letter-spacing: 1px;\">CONFUS\u00c3O COM DATAS<\/h3>\n    <p style=\"color: #475569; font-size: 0.95em; line-height: 1.6; margin: 0;\">\n      A pessoa pode perder a <strong>no\u00e7\u00e3o do tempo<\/strong> ou confundir dias, meses e esta\u00e7\u00f5es do ano.\n    <\/p>\n  <\/div>\n\n  <div style=\"flex: 1; min-width: 250px; max-width: 280px; background: #ffffff; border: 1px solid #e2e8f0; padding: 25px; border-radius: 20px; box-shadow: 0 10px 25px rgba(0,0,0,0.05); text-align: center;\">\n    <div style=\"font-size: 32px; margin-bottom: 15px;\">\ud83d\udcac<\/div>\n    <h3 style=\"color: #334155; font-size: 1.1em; margin-bottom: 12px; letter-spacing: 1px;\">DIFICULDADE DE PALAVRAS<\/h3>\n    <p style=\"color: #475569; font-size: 0.95em; line-height: 1.6; margin: 0;\">\n      Problemas para <strong>encontrar palavras<\/strong> ou chamar objetos pelo nome errado durante conversas.\n    <\/p>\n  <\/div>\n\n  <div style=\"flex: 1; min-width: 250px; max-width: 280px; background: #ffffff; border: 1px solid #e2e8f0; padding: 25px; border-radius: 20px; box-shadow: 0 10px 25px rgba(0,0,0,0.05); text-align: center;\">\n    <div style=\"font-size: 32px; margin-bottom: 15px;\">\ud83d\ude15<\/div>\n    <h3 style=\"color: #334155; font-size: 1.1em; margin-bottom: 12px; letter-spacing: 1px;\">MUDAN\u00c7AS DE HUMOR<\/h3>\n    <p style=\"color: #475569; font-size: 0.95em; line-height: 1.6; margin: 0;\">\n      Irritabilidade, apatia ou <strong>isolamento social repentino<\/strong> podem surgir nos est\u00e1gios iniciais.\n    <\/p>\n  <\/div>\n\n<\/div>\n\n\n\n<h2 class=\"wp-block-heading\">Revis\u00e3o cient\u00edfica aponta que o Alzheimer come\u00e7a como um processo biol\u00f3gico silencioso<\/h2>\n\n\n\n<p>A ci\u00eancia tem avan\u00e7ado na compreens\u00e3o de como a doen\u00e7a se desenvolve muito antes de apresentar os primeiros sintomas vis\u00edveis. Segundo a revis\u00e3o sistem\u00e1tica da literatura intitulada <em><a href=\"https:\/\/www.frontiersin.org\/journals\/medicine\/articles\/10.3389\/fmed.2024.1474043\/full\" target=\"_blank\" rel=\"noreferrer noopener\">&#8220;Alzheimer&#8217;s disease: a comprehensive review of epidemiology, risk factors, symptoms diagnosis, management, caregiving, advanced treatments and associated challenges&#8221;<\/a><\/em>, publicada na revista <a href=\"https:\/\/www.frontiersin.org\/journals\/medicine\/articles\/10.3389\/fmed.2024.1474043\/full\" target=\"_blank\" rel=\"noreferrer noopener\">Frontiers in Medicine<\/a> em 2024 por Safiri e colaboradores, o Alzheimer come\u00e7a como um processo biol\u00f3gico sem sintomas, com altera\u00e7\u00f5es cerebrais que podem ser detectadas por exames espec\u00edficos antes mesmo de qualquer queixa cognitiva. A revis\u00e3o destaca que fatores gen\u00e9ticos e ambientais influenciam a progress\u00e3o da doen\u00e7a e que os avan\u00e7os em exames de imagem e an\u00e1lise de biomarcadores t\u00eam permitido a detec\u00e7\u00e3o cada vez mais precoce.<\/p>\n\n\n\n<h2 class=\"wp-block-heading\">Fatores que aumentam o risco e podem ser modificados<\/h2>\n\n\n\n<p>Embora a idade avan\u00e7ada e a gen\u00e9tica sejam os fatores de risco mais conhecidos, muitos outros elementos podem influenciar o surgimento da doen\u00e7a e, felizmente, v\u00e1rios deles podem ser controlados. Adotar h\u00e1bitos preventivos ao longo da vida reduz significativamente as chances de desenvolver Alzheimer. Os principais fatores de risco modific\u00e1veis incluem:<\/p>\n\n\n\n<ul class=\"wp-block-list\">\n<li>Sedentarismo e falta de atividade f\u00edsica regular<\/li>\n\n\n\n<li>Hipertens\u00e3o arterial, diabetes e colesterol elevado sem controle adequado<\/li>\n\n\n\n<li>Isolamento social e aus\u00eancia de est\u00edmulos cognitivos como leitura e aprendizado<\/li>\n\n\n\n<li>Alimenta\u00e7\u00e3o desequilibrada, rica em ultraprocessados e pobre em nutrientes<\/li>\n<\/ul>\n\n\n\n<h2 class=\"wp-block-heading\">Quando procurar ajuda e por que o diagn\u00f3stico precoce importa?<\/h2>\n\n\n\n<p>Os tratamentos dispon\u00edveis atualmente n\u00e3o curam o Alzheimer, mas podem retardar a progress\u00e3o dos sintomas e melhorar a qualidade de vida do paciente e de toda a fam\u00edlia. Medicamentos aprovados recentemente atuam nas fases iniciais da doen\u00e7a, o que torna o diagn\u00f3stico precoce ainda mais relevante. Novos tratamentos com anticorpos contra prote\u00ednas<a href=\"https:\/\/www.tuasaude.com\/o-que-e-alzheimer\/\" target=\"_blank\" rel=\"noreferrer noopener\"> associadas ao Alzheimer <\/a>j\u00e1 foram aprovados por ag\u00eancias reguladoras e representam um avan\u00e7o importante.<\/p>\n\n\n\n<p>Se voc\u00ea ou algu\u00e9m pr\u00f3ximo apresenta esquecimentos persistentes, mudan\u00e7as de comportamento ou dificuldade crescente para realizar tarefas do dia a dia, \u00e9 fundamental buscar avalia\u00e7\u00e3o com um m\u00e9dico neurologista. Somente um profissional de sa\u00fade pode realizar os exames necess\u00e1rios, diferenciar o envelhecimento natural de um quadro neurodegenerativo e orientar o tratamento mais adequado para cada caso.<\/p>\n","protected":false},"excerpt":{"rendered":"<p>A doen\u00e7a de Alzheimer n\u00e3o surge de repente. Ela se instala de forma silenciosa, anos antes dos sintomas mais evidentes, e seus primeiros sinais v\u00e3o muito al\u00e9m dos esquecimentos comuns da idade. Mudan\u00e7as sutis no comportamento, na capacidade de resolver problemas simples e at\u00e9 na percep\u00e7\u00e3o visual podem indicar que algo mais s\u00e9rio est\u00e1 acontecendo [&hellip;]<\/p>\n","protected":false},"author":11,"featured_media":7112,"comment_status":"open","ping_status":"open","sticky":false,"template":"","format":"standard","meta":{"_yoast_wpseo_focuskw":"sinais de Alzheimer","_yoast_wpseo_title":"N\u00e3o se trata apenas de esquecimento. \u00c9 assim que o Alzheimer come\u00e7a, e muitas pessoas subestimam esses sinais","_yoast_wpseo_metadesc":"Esquecimentos frequentes e mudan\u00e7as de humor podem indicar sinais iniciais de Alzheimer. Saiba quais mudan\u00e7as no dia a dia merecem aten\u00e7\u00e3o.","jnews-multi-image_gallery":[],"jnews_single_post":{"format":"standard"},"jnews_primary_category":[],"jnews_social_meta":[],"jnews_override_counter":[],"footnotes":""},"categories":[111],"tags":[390,387,1065,388],"class_list":["post-7106","post","type-post","status-publish","format-standard","has-post-thumbnail","hentry","category-saude","tag-alzheimer","tag-doenca-de-alzheimer","tag-esquecimento","tag-sintomas-da-doenca-de-alzheimer"],"yoast_head":"<!-- This site is optimized with the Yoast SEO plugin v26.7 - https:\/\/yoast.com\/wordpress\/plugins\/seo\/ -->\n<title>N\u00e3o se trata apenas de esquecimento. \u00c9 assim que o Alzheimer come\u00e7a, e muitas pessoas subestimam esses sinais<\/title>\n<meta name=\"description\" content=\"Esquecimentos frequentes e mudan\u00e7as de humor podem indicar sinais iniciais de Alzheimer. Saiba quais mudan\u00e7as no dia a dia merecem aten\u00e7\u00e3o.\" \/>\n<meta name=\"robots\" content=\"index, follow, max-snippet:-1, max-image-preview:large, max-video-preview:-1\" \/>\n<link rel=\"canonical\" href=\"https:\/\/www.tuasaude.com\/news\/2026\/03\/08\/nao-se-trata-apenas-de-esquecimento-e-assim-que-o-alzheimer-comeca-e-muitas-pessoas-subestimam-esses-sinais\/\" \/>\n<meta property=\"og:locale\" content=\"pt_BR\" \/>\n<meta property=\"og:type\" content=\"article\" \/>\n<meta property=\"og:title\" content=\"N\u00e3o se trata apenas de esquecimento. \u00c9 assim que o Alzheimer come\u00e7a, e muitas pessoas subestimam esses sinais\" \/>\n<meta property=\"og:description\" content=\"Esquecimentos frequentes e mudan\u00e7as de humor podem indicar sinais iniciais de Alzheimer. Saiba quais mudan\u00e7as no dia a dia merecem aten\u00e7\u00e3o.\" \/>\n<meta property=\"og:url\" content=\"https:\/\/www.tuasaude.com\/news\/2026\/03\/08\/nao-se-trata-apenas-de-esquecimento-e-assim-que-o-alzheimer-comeca-e-muitas-pessoas-subestimam-esses-sinais\/\" \/>\n<meta property=\"og:site_name\" content=\"Tua Sa\u00fade\" \/>\n<meta property=\"article:published_time\" content=\"2026-03-08T23:30:00+00:00\" \/>\n<meta property=\"og:image\" content=\"https:\/\/www.tuasaude.com\/news\/wp-content\/uploads\/2026\/03\/creation_2528889720.png\" \/>\n\t<meta property=\"og:image:width\" content=\"1280\" \/>\n\t<meta property=\"og:image:height\" content=\"714\" \/>\n\t<meta property=\"og:image:type\" content=\"image\/png\" \/>\n<meta name=\"author\" content=\"Gessika Julia Carvalho\" \/>\n<meta name=\"twitter:card\" content=\"summary_large_image\" \/>\n<meta name=\"twitter:label1\" content=\"Escrito por\" \/>\n\t<meta name=\"twitter:data1\" content=\"Gessika Julia Carvalho\" \/>\n\t<meta name=\"twitter:label2\" content=\"Est. tempo de leitura\" \/>\n\t<meta name=\"twitter:data2\" content=\"5 minutos\" \/>\n<!-- \/ Yoast SEO plugin. -->","yoast_head_json":{"title":"N\u00e3o se trata apenas de esquecimento. \u00c9 assim que o Alzheimer come\u00e7a, e muitas pessoas subestimam esses sinais","description":"Esquecimentos frequentes e mudan\u00e7as de humor podem indicar sinais iniciais de Alzheimer. Saiba quais mudan\u00e7as no dia a dia merecem aten\u00e7\u00e3o.","robots":{"index":"index","follow":"follow","max-snippet":"max-snippet:-1","max-image-preview":"max-image-preview:large","max-video-preview":"max-video-preview:-1"},"canonical":"https:\/\/www.tuasaude.com\/news\/2026\/03\/08\/nao-se-trata-apenas-de-esquecimento-e-assim-que-o-alzheimer-comeca-e-muitas-pessoas-subestimam-esses-sinais\/","og_locale":"pt_BR","og_type":"article","og_title":"N\u00e3o se trata apenas de esquecimento. \u00c9 assim que o Alzheimer come\u00e7a, e muitas pessoas subestimam esses sinais","og_description":"Esquecimentos frequentes e mudan\u00e7as de humor podem indicar sinais iniciais de Alzheimer. Saiba quais mudan\u00e7as no dia a dia merecem aten\u00e7\u00e3o.","og_url":"https:\/\/www.tuasaude.com\/news\/2026\/03\/08\/nao-se-trata-apenas-de-esquecimento-e-assim-que-o-alzheimer-comeca-e-muitas-pessoas-subestimam-esses-sinais\/","og_site_name":"Tua Sa\u00fade","article_published_time":"2026-03-08T23:30:00+00:00","og_image":[{"width":1280,"height":714,"url":"https:\/\/www.tuasaude.com\/news\/wp-content\/uploads\/2026\/03\/creation_2528889720.png","type":"image\/png"}],"author":"Gessika Julia Carvalho","twitter_card":"summary_large_image","twitter_misc":{"Escrito por":"Gessika Julia Carvalho","Est. tempo de leitura":"5 minutos"},"schema":{"@context":"https:\/\/schema.org","@graph":[{"@type":"Article","@id":"https:\/\/www.tuasaude.com\/news\/2026\/03\/08\/nao-se-trata-apenas-de-esquecimento-e-assim-que-o-alzheimer-comeca-e-muitas-pessoas-subestimam-esses-sinais\/#article","isPartOf":{"@id":"https:\/\/www.tuasaude.com\/news\/2026\/03\/08\/nao-se-trata-apenas-de-esquecimento-e-assim-que-o-alzheimer-comeca-e-muitas-pessoas-subestimam-esses-sinais\/"},"author":{"name":"Gessika Julia Carvalho","@id":"https:\/\/www.tuasaude.com\/news\/#\/schema\/person\/2e9df841be69ec84f5d20ddb8d273ac2"},"headline":"N\u00e3o se trata apenas de esquecimento. \u00c9 assim que o Alzheimer come\u00e7a, e muitas pessoas subestimam esses sinais","datePublished":"2026-03-08T23:30:00+00:00","mainEntityOfPage":{"@id":"https:\/\/www.tuasaude.com\/news\/2026\/03\/08\/nao-se-trata-apenas-de-esquecimento-e-assim-que-o-alzheimer-comeca-e-muitas-pessoas-subestimam-esses-sinais\/"},"wordCount":814,"commentCount":0,"image":{"@id":"https:\/\/www.tuasaude.com\/news\/2026\/03\/08\/nao-se-trata-apenas-de-esquecimento-e-assim-que-o-alzheimer-comeca-e-muitas-pessoas-subestimam-esses-sinais\/#primaryimage"},"thumbnailUrl":"https:\/\/www.tuasaude.com\/news\/wp-content\/uploads\/2026\/03\/creation_2528889720.png","keywords":["Alzheimer","doen\u00e7a de Alzheimer","esquecimento","sintomas da doen\u00e7a de Alzheimer"],"articleSection":["Sa\u00fade"],"inLanguage":"pt-BR","potentialAction":[{"@type":"CommentAction","name":"Comment","target":["https:\/\/www.tuasaude.com\/news\/2026\/03\/08\/nao-se-trata-apenas-de-esquecimento-e-assim-que-o-alzheimer-comeca-e-muitas-pessoas-subestimam-esses-sinais\/#respond"]}]},{"@type":"WebPage","@id":"https:\/\/www.tuasaude.com\/news\/2026\/03\/08\/nao-se-trata-apenas-de-esquecimento-e-assim-que-o-alzheimer-comeca-e-muitas-pessoas-subestimam-esses-sinais\/","url":"https:\/\/www.tuasaude.com\/news\/2026\/03\/08\/nao-se-trata-apenas-de-esquecimento-e-assim-que-o-alzheimer-comeca-e-muitas-pessoas-subestimam-esses-sinais\/","name":"N\u00e3o se trata apenas de esquecimento. \u00c9 assim que o Alzheimer come\u00e7a, e muitas pessoas subestimam esses sinais","isPartOf":{"@id":"https:\/\/www.tuasaude.com\/news\/#website"},"primaryImageOfPage":{"@id":"https:\/\/www.tuasaude.com\/news\/2026\/03\/08\/nao-se-trata-apenas-de-esquecimento-e-assim-que-o-alzheimer-comeca-e-muitas-pessoas-subestimam-esses-sinais\/#primaryimage"},"image":{"@id":"https:\/\/www.tuasaude.com\/news\/2026\/03\/08\/nao-se-trata-apenas-de-esquecimento-e-assim-que-o-alzheimer-comeca-e-muitas-pessoas-subestimam-esses-sinais\/#primaryimage"},"thumbnailUrl":"https:\/\/www.tuasaude.com\/news\/wp-content\/uploads\/2026\/03\/creation_2528889720.png","datePublished":"2026-03-08T23:30:00+00:00","author":{"@id":"https:\/\/www.tuasaude.com\/news\/#\/schema\/person\/2e9df841be69ec84f5d20ddb8d273ac2"},"description":"Esquecimentos frequentes e mudan\u00e7as de humor podem indicar sinais iniciais de Alzheimer. Saiba quais mudan\u00e7as no dia a dia merecem aten\u00e7\u00e3o.","breadcrumb":{"@id":"https:\/\/www.tuasaude.com\/news\/2026\/03\/08\/nao-se-trata-apenas-de-esquecimento-e-assim-que-o-alzheimer-comeca-e-muitas-pessoas-subestimam-esses-sinais\/#breadcrumb"},"inLanguage":"pt-BR","potentialAction":[{"@type":"ReadAction","target":["https:\/\/www.tuasaude.com\/news\/2026\/03\/08\/nao-se-trata-apenas-de-esquecimento-e-assim-que-o-alzheimer-comeca-e-muitas-pessoas-subestimam-esses-sinais\/"]}]},{"@type":"ImageObject","inLanguage":"pt-BR","@id":"https:\/\/www.tuasaude.com\/news\/2026\/03\/08\/nao-se-trata-apenas-de-esquecimento-e-assim-que-o-alzheimer-comeca-e-muitas-pessoas-subestimam-esses-sinais\/#primaryimage","url":"https:\/\/www.tuasaude.com\/news\/wp-content\/uploads\/2026\/03\/creation_2528889720.png","contentUrl":"https:\/\/www.tuasaude.com\/news\/wp-content\/uploads\/2026\/03\/creation_2528889720.png","width":1280,"height":714,"caption":"Esquecimentos frequentes, repeti\u00e7\u00e3o de perguntas e dificuldade para planejar tarefas simples podem ser sinais iniciais."},{"@type":"BreadcrumbList","@id":"https:\/\/www.tuasaude.com\/news\/2026\/03\/08\/nao-se-trata-apenas-de-esquecimento-e-assim-que-o-alzheimer-comeca-e-muitas-pessoas-subestimam-esses-sinais\/#breadcrumb","itemListElement":[{"@type":"ListItem","position":1,"name":"In\u00edcio","item":"https:\/\/www.tuasaude.com\/news\/"},{"@type":"ListItem","position":2,"name":"N\u00e3o se trata apenas de esquecimento. \u00c9 assim que o Alzheimer come\u00e7a, e muitas pessoas subestimam esses sinais"}]},{"@type":"WebSite","@id":"https:\/\/www.tuasaude.com\/news\/#website","url":"https:\/\/www.tuasaude.com\/news\/","name":"Tua Sa\u00fade","description":"Seu site de sa\u00fade","potentialAction":[{"@type":"SearchAction","target":{"@type":"EntryPoint","urlTemplate":"https:\/\/www.tuasaude.com\/news\/?s={search_term_string}"},"query-input":{"@type":"PropertyValueSpecification","valueRequired":true,"valueName":"search_term_string"}}],"inLanguage":"pt-BR"},{"@type":"Person","@id":"https:\/\/www.tuasaude.com\/news\/#\/schema\/person\/2e9df841be69ec84f5d20ddb8d273ac2","name":"Gessika Julia Carvalho","image":{"@type":"ImageObject","inLanguage":"pt-BR","@id":"https:\/\/www.tuasaude.com\/news\/#\/schema\/person\/image\/","url":"https:\/\/secure.gravatar.com\/avatar\/0fcc8769024577fd0bc6a8b766055690f76a8e8f29dfb2a2f89cf04db8d0f2d2?s=96&d=mm&r=g","contentUrl":"https:\/\/secure.gravatar.com\/avatar\/0fcc8769024577fd0bc6a8b766055690f76a8e8f29dfb2a2f89cf04db8d0f2d2?s=96&d=mm&r=g","caption":"Gessika Julia Carvalho"},"sameAs":["https:\/\/www.tuasaude.com\/news\/"],"url":"https:\/\/www.tuasaude.com\/news\/author\/gessika-julia\/"}]}},"_links":{"self":[{"href":"https:\/\/www.tuasaude.com\/news\/wp-json\/wp\/v2\/posts\/7106","targetHints":{"allow":["GET"]}}],"collection":[{"href":"https:\/\/www.tuasaude.com\/news\/wp-json\/wp\/v2\/posts"}],"about":[{"href":"https:\/\/www.tuasaude.com\/news\/wp-json\/wp\/v2\/types\/post"}],"author":[{"embeddable":true,"href":"https:\/\/www.tuasaude.com\/news\/wp-json\/wp\/v2\/users\/11"}],"replies":[{"embeddable":true,"href":"https:\/\/www.tuasaude.com\/news\/wp-json\/wp\/v2\/comments?post=7106"}],"version-history":[{"count":2,"href":"https:\/\/www.tuasaude.com\/news\/wp-json\/wp\/v2\/posts\/7106\/revisions"}],"predecessor-version":[{"id":7163,"href":"https:\/\/www.tuasaude.com\/news\/wp-json\/wp\/v2\/posts\/7106\/revisions\/7163"}],"wp:featuredmedia":[{"embeddable":true,"href":"https:\/\/www.tuasaude.com\/news\/wp-json\/wp\/v2\/media\/7112"}],"wp:attachment":[{"href":"https:\/\/www.tuasaude.com\/news\/wp-json\/wp\/v2\/media?parent=7106"}],"wp:term":[{"taxonomy":"category","embeddable":true,"href":"https:\/\/www.tuasaude.com\/news\/wp-json\/wp\/v2\/categories?post=7106"},{"taxonomy":"post_tag","embeddable":true,"href":"https:\/\/www.tuasaude.com\/news\/wp-json\/wp\/v2\/tags?post=7106"}],"curies":[{"name":"wp","href":"https:\/\/api.w.org\/{rel}","templated":true}]}}