{"id":7089,"date":"2026-03-08T16:15:00","date_gmt":"2026-03-08T19:15:00","guid":{"rendered":"https:\/\/www.tuasaude.com\/news\/?p=7089"},"modified":"2026-03-07T22:51:58","modified_gmt":"2026-03-08T01:51:58","slug":"como-reconhecer-as-caracteristicas-faciais-das-deficiencias-de-colageno-e-como-supera-las","status":"publish","type":"post","link":"https:\/\/www.tuasaude.com\/news\/2026\/03\/08\/como-reconhecer-as-caracteristicas-faciais-das-deficiencias-de-colageno-e-como-supera-las\/","title":{"rendered":"Como reconhecer as caracter\u00edsticas faciais das defici\u00eancias de col\u00e1geno e como super\u00e1-las"},"content":{"rendered":"\n<p>A partir dos 25 anos, o corpo come\u00e7a a produzir menos col\u00e1geno, a prote\u00edna respons\u00e1vel por manter a pele firme, hidratada e com estrutura. Essa queda, que chega a 1% ao ano, se acelera ap\u00f3s os 50, especialmente nas mulheres ap\u00f3s a menopausa. O resultado aparece primeiro no rosto, com sinais que muitas pessoas confundem com cansa\u00e7o ou gen\u00e9tica, mas que na verdade indicam que a pele est\u00e1 perdendo sustenta\u00e7\u00e3o. Reconhecer esses sinais cedo permite agir antes que se tornem profundos e mais dif\u00edceis de tratar.<\/p>\n\n\n\n<h2 class=\"wp-block-heading\">Os principais sinais de perda de col\u00e1geno que aparecem no rosto<\/h2>\n\n\n\n<p>A <a href=\"https:\/\/www.tuasaude.com\/colageno\/\" target=\"_blank\" rel=\"noreferrer noopener\">defici\u00eancia de col\u00e1geno<\/a> se manifesta de formas progressivas. Os primeiros sinais s\u00e3o sutis, mas se agravam com o tempo. Os mais comuns incluem:<\/p>\n\n\n\n<div style=\"display: flex; flex-wrap: wrap; gap: 20px; justify-content: center; font-family: 'Segoe UI', Roboto, Helvetica, sans-serif; padding: 40px; background-color: #f1f5f9;\">\n\n  <div style=\"flex: 1; min-width: 250px; max-width: 280px; background: #ffffff; border: 1px solid #e2e8f0; padding: 25px; border-radius: 20px; box-shadow: 0 10px 25px rgba(0,0,0,0.05); text-align: center;\">\n    <div style=\"font-size: 32px; margin-bottom: 15px;\">\ud83d\ude42<\/div>\n    <h3 style=\"color: #334155; font-size: 1.1em; margin-bottom: 12px; letter-spacing: 1px;\">SULCOS PROFUNDOS<\/h3>\n    <p style=\"color: #475569; font-size: 0.95em; line-height: 1.6; margin: 0;\">\n      O <strong>bigode chin\u00eas<\/strong> surge quando a pele perde sustenta\u00e7\u00e3o e volume nas ma\u00e7\u00e3s do rosto.\n    <\/p>\n  <\/div>\n\n  <div style=\"flex: 1; min-width: 250px; max-width: 280px; background: #ffffff; border: 1px solid #e2e8f0; padding: 25px; border-radius: 20px; box-shadow: 0 10px 25px rgba(0,0,0,0.05); text-align: center;\">\n    <div style=\"font-size: 32px; margin-bottom: 15px;\">\ud83d\udc40<\/div>\n    <h3 style=\"color: #334155; font-size: 1.1em; margin-bottom: 12px; letter-spacing: 1px;\">LINHAS AO REDOR DOS OLHOS<\/h3>\n    <p style=\"color: #475569; font-size: 0.95em; line-height: 1.6; margin: 0;\">\n      Os <strong>p\u00e9s de galinha<\/strong> aparecem porque a pele dessa regi\u00e3o \u00e9 mais fina e sens\u00edvel.\n    <\/p>\n  <\/div>\n\n  <div style=\"flex: 1; min-width: 250px; max-width: 280px; background: #ffffff; border: 1px solid #e2e8f0; padding: 25px; border-radius: 20px; box-shadow: 0 10px 25px rgba(0,0,0,0.05); text-align: center;\">\n    <div style=\"font-size: 32px; margin-bottom: 15px;\">\ud83e\uddd1<\/div>\n    <h3 style=\"color: #334155; font-size: 1.1em; margin-bottom: 12px; letter-spacing: 1px;\">FLACIDEZ FACIAL<\/h3>\n    <p style=\"color: #475569; font-size: 0.95em; line-height: 1.6; margin: 0;\">\n      A perda de col\u00e1geno faz o <strong>contorno do rosto perder defini\u00e7\u00e3o<\/strong> e as bochechas cederem.\n    <\/p>\n  <\/div>\n\n  <div style=\"flex: 1; min-width: 250px; max-width: 280px; background: #ffffff; border: 1px solid #e2e8f0; padding: 25px; border-radius: 20px; box-shadow: 0 10px 25px rgba(0,0,0,0.05); text-align: center;\">\n    <div style=\"font-size: 32px; margin-bottom: 15px;\">\u2728<\/div>\n    <h3 style=\"color: #334155; font-size: 1.1em; margin-bottom: 12px; letter-spacing: 1px;\">PELE OPACA<\/h3>\n    <p style=\"color: #475569; font-size: 0.95em; line-height: 1.6; margin: 0;\">\n      Com menos col\u00e1geno, a pele ret\u00e9m menos \u00e1gua e fica <strong>seca e sem vi\u00e7o<\/strong>.\n    <\/p>\n  <\/div>\n\n  <div style=\"flex: 1; min-width: 250px; max-width: 280px; background: #ffffff; border: 1px solid #e2e8f0; padding: 25px; border-radius: 20px; box-shadow: 0 10px 25px rgba(0,0,0,0.05); text-align: center;\">\n    <div style=\"font-size: 32px; margin-bottom: 15px;\">\ud83d\ude34<\/div>\n    <h3 style=\"color: #334155; font-size: 1.1em; margin-bottom: 12px; letter-spacing: 1px;\">OLHEIRAS E BOLSAS<\/h3>\n    <p style=\"color: #475569; font-size: 0.95em; line-height: 1.6; margin: 0;\">\n      A perda de sustenta\u00e7\u00e3o abaixo dos olhos pode acentuar <strong>olheiras e bolsas<\/strong>.\n    <\/p>\n  <\/div>\n\n<\/div>\n\n\n\n<h2 class=\"wp-block-heading\">O que acelera a perda de col\u00e1geno na pele?<\/h2>\n\n\n\n<p>Embora o envelhecimento natural seja inevit\u00e1vel, certos h\u00e1bitos aceleram significativamente a <a href=\"https:\/\/www.tuasaude.com\/colageno\/\" target=\"_blank\" rel=\"noreferrer noopener\">degrada\u00e7\u00e3o do col\u00e1geno<\/a>. A exposi\u00e7\u00e3o solar sem prote\u00e7\u00e3o \u00e9 o principal fator externo, sendo respons\u00e1vel por at\u00e9 80% das altera\u00e7\u00f5es vis\u00edveis do envelhecimento facial. Os raios ultravioleta danificam as fibras de col\u00e1geno existentes e inibem a produ\u00e7\u00e3o de novas.<\/p>\n\n\n\n<p>Outros fatores incluem o tabagismo, que compromete a circula\u00e7\u00e3o sangu\u00ednea na pele, o consumo excessivo de a\u00e7\u00facar, que danifica as fibras de col\u00e1geno por meio de um processo chamado glica\u00e7\u00e3o, o sono insuficiente, que prejudica a regenera\u00e7\u00e3o celular noturna, e o estresse cr\u00f4nico, que aumenta a inflama\u00e7\u00e3o no organismo e acelera o envelhecimento dos tecidos.<\/p>\n\n\n\n<h2 class=\"wp-block-heading\">Metan\u00e1lise confirma que a suplementa\u00e7\u00e3o de col\u00e1geno melhora a hidrata\u00e7\u00e3o e a elasticidade da pele<\/h2>\n\n\n\n<p>Segundo a revis\u00e3o sistem\u00e1tica e metan\u00e1lise<a href=\"https:\/\/pubmed.ncbi.nlm.nih.gov\/37432180\/\" target=\"_blank\" rel=\"noreferrer noopener\"> <em>&#8220;Effects of Oral Collagen for Skin Anti-Aging: A Systematic Review and Meta-Analysis&#8221;<\/em>,<\/a> publicada no peri\u00f3dico <em>Nutrients<\/em> em 2023, a suplementa\u00e7\u00e3o oral com col\u00e1geno hidrolisado melhorou de forma significativa tanto a hidrata\u00e7\u00e3o quanto a elasticidade da pele em compara\u00e7\u00e3o com o grupo placebo. A pesquisa, conduzida por Pu e colaboradores da Taipei Medical University, analisou 26 ensaios cl\u00ednicos randomizados envolvendo 1.721 participantes e concluiu que os efeitos positivos variaram conforme a origem do col\u00e1geno e a dura\u00e7\u00e3o do uso, sendo mais consistentes em suplementa\u00e7\u00f5es superiores a oito semanas. Os autores destacam que, embora os resultados sejam promissores, mais estudos de longo prazo s\u00e3o necess\u00e1rios. <\/p>\n\n\n<div class=\"wp-block-image\">\n<figure class=\"aligncenter size-large\"><img decoding=\"async\" width=\"1024\" height=\"571\" src=\"https:\/\/www.tuasaude.com\/news\/wp-content\/uploads\/2026\/03\/creation_2528953894-1024x571.png\" alt=\"Como reconhecer as caracter\u00edsticas faciais das defici\u00eancias de col\u00e1geno e como super\u00e1-las\" class=\"wp-image-7129\" srcset=\"https:\/\/www.tuasaude.com\/news\/wp-content\/uploads\/2026\/03\/creation_2528953894-1024x571.png 1024w, https:\/\/www.tuasaude.com\/news\/wp-content\/uploads\/2026\/03\/creation_2528953894-300x167.png 300w, https:\/\/www.tuasaude.com\/news\/wp-content\/uploads\/2026\/03\/creation_2528953894-768x428.png 768w, https:\/\/www.tuasaude.com\/news\/wp-content\/uploads\/2026\/03\/creation_2528953894-750x418.png 750w, https:\/\/www.tuasaude.com\/news\/wp-content\/uploads\/2026\/03\/creation_2528953894-1140x636.png 1140w, https:\/\/www.tuasaude.com\/news\/wp-content\/uploads\/2026\/03\/creation_2528953894.png 1280w\" sizes=\"(max-width: 1024px) 100vw, 1024px\" \/><figcaption class=\"wp-element-caption\">Sinais comuns incluem sulcos no rosto, p\u00e9s de galinha, perda de firmeza e apar\u00eancia mais opaca da pele.<\/figcaption><\/figure>\n<\/div>\n\n\n<h2 class=\"wp-block-heading\">H\u00e1bitos e alimentos que ajudam a preservar o col\u00e1geno do rosto<\/h2>\n\n\n\n<p>Al\u00e9m da suplementa\u00e7\u00e3o, algumas pr\u00e1ticas di\u00e1rias contribuem para retardar a perda de col\u00e1geno e manter a pele do rosto com mais firmeza:<\/p>\n\n\n\n<ul class=\"wp-block-list\">\n<li><strong>Usar protetor solar diariamente<\/strong> \u2014 mesmo em dias nublados, a radia\u00e7\u00e3o ultravioleta atinge a pele e degrada o col\u00e1geno. O FPS 30 ou superior \u00e9 o m\u00ednimo recomendado.<\/li>\n\n\n\n<li><strong>Incluir vitamina C na alimenta\u00e7\u00e3o e nos cuidados com a pele<\/strong> \u2014 essa vitamina \u00e9 essencial para a s\u00edntese de col\u00e1geno. Frutas como acerola, laranja e kiwi s\u00e3o boas fontes.<\/li>\n\n\n\n<li><strong>Consumir prote\u00ednas de qualidade<\/strong> \u2014 carnes magras, ovos, peixes e leguminosas fornecem amino\u00e1cidos que o corpo precisa para produzir col\u00e1geno.<\/li>\n\n\n\n<li><strong>Manter boa hidrata\u00e7\u00e3o<\/strong> \u2014 beber ao menos dois litros de \u00e1gua por dia ajuda a pele a reter umidade e manter sua barreira protetora.<\/li>\n<\/ul>\n\n\n\n<h2 class=\"wp-block-heading\">Cuidar do col\u00e1geno \u00e9 investir na sa\u00fade da pele a longo prazo<\/h2>\n\n\n\n<p>A perda de col\u00e1geno no rosto n\u00e3o \u00e9 apenas uma quest\u00e3o est\u00e9tica. Ela reflete o estado geral de sa\u00fade da pele e a capacidade do organismo de se regenerar. Quanto mais cedo os cuidados come\u00e7arem, melhores ser\u00e3o os resultados ao longo dos anos. Pequenas mudan\u00e7as na alimenta\u00e7\u00e3o, na prote\u00e7\u00e3o solar e nos h\u00e1bitos di\u00e1rios j\u00e1 fazem diferen\u00e7a vis\u00edvel.<\/p>\n\n\n\n<p>Se voc\u00ea percebe sinais de perda de col\u00e1geno no rosto e deseja orienta\u00e7\u00e3o sobre suplementa\u00e7\u00e3o ou tratamentos, procure um dermatologista para uma avalia\u00e7\u00e3o personalizada e segura.<\/p>\n","protected":false},"excerpt":{"rendered":"<p>A partir dos 25 anos, o corpo come\u00e7a a produzir menos col\u00e1geno, a prote\u00edna respons\u00e1vel por manter a pele firme, hidratada e com estrutura. Essa queda, que chega a 1% ao ano, se acelera ap\u00f3s os 50, especialmente nas mulheres ap\u00f3s a menopausa. O resultado aparece primeiro no rosto, com sinais que muitas pessoas confundem [&hellip;]<\/p>\n","protected":false},"author":11,"featured_media":7128,"comment_status":"open","ping_status":"open","sticky":false,"template":"","format":"standard","meta":{"_yoast_wpseo_focuskw":"col\u00e1geno pele","_yoast_wpseo_title":"Como reconhecer as caracter\u00edsticas faciais das defici\u00eancias de col\u00e1geno","_yoast_wpseo_metadesc":"Linhas, flacidez e pele sem vi\u00e7o podem indicar perda de col\u00e1geno no rosto. Veja sinais e h\u00e1bitos que ajudam a preservar a firmeza da pele.","jnews-multi-image_gallery":[],"jnews_single_post":{"format":"standard"},"jnews_primary_category":[],"jnews_social_meta":[],"jnews_override_counter":[],"footnotes":""},"categories":[111],"tags":[145,173,2011,1050],"class_list":["post-7089","post","type-post","status-publish","format-standard","has-post-thumbnail","hentry","category-saude","tag-bem-estar","tag-colageno","tag-deficiencia-de-colageno","tag-saude-da-pele"],"yoast_head":"<!-- This site is optimized with the Yoast SEO plugin v26.7 - https:\/\/yoast.com\/wordpress\/plugins\/seo\/ -->\n<title>Como reconhecer as caracter\u00edsticas faciais das defici\u00eancias de col\u00e1geno<\/title>\n<meta name=\"description\" content=\"Linhas, flacidez e pele sem vi\u00e7o podem indicar perda de col\u00e1geno no rosto. Veja sinais e h\u00e1bitos que ajudam a preservar a firmeza da pele.\" \/>\n<meta name=\"robots\" content=\"index, follow, max-snippet:-1, max-image-preview:large, max-video-preview:-1\" \/>\n<link rel=\"canonical\" href=\"https:\/\/www.tuasaude.com\/news\/2026\/03\/08\/como-reconhecer-as-caracteristicas-faciais-das-deficiencias-de-colageno-e-como-supera-las\/\" \/>\n<meta property=\"og:locale\" content=\"pt_BR\" \/>\n<meta property=\"og:type\" content=\"article\" \/>\n<meta property=\"og:title\" content=\"Como reconhecer as caracter\u00edsticas faciais das defici\u00eancias de col\u00e1geno\" \/>\n<meta property=\"og:description\" content=\"Linhas, flacidez e pele sem vi\u00e7o podem indicar perda de col\u00e1geno no rosto. Veja sinais e h\u00e1bitos que ajudam a preservar a firmeza da pele.\" \/>\n<meta property=\"og:url\" content=\"https:\/\/www.tuasaude.com\/news\/2026\/03\/08\/como-reconhecer-as-caracteristicas-faciais-das-deficiencias-de-colageno-e-como-supera-las\/\" \/>\n<meta property=\"og:site_name\" content=\"Tua Sa\u00fade\" \/>\n<meta property=\"article:published_time\" content=\"2026-03-08T19:15:00+00:00\" \/>\n<meta property=\"og:image\" content=\"https:\/\/www.tuasaude.com\/news\/wp-content\/uploads\/2026\/03\/creation_2528953626.png\" \/>\n\t<meta property=\"og:image:width\" content=\"1280\" \/>\n\t<meta property=\"og:image:height\" content=\"714\" \/>\n\t<meta property=\"og:image:type\" content=\"image\/png\" \/>\n<meta name=\"author\" content=\"Gessika Julia Carvalho\" \/>\n<meta name=\"twitter:card\" content=\"summary_large_image\" \/>\n<meta name=\"twitter:label1\" content=\"Escrito por\" \/>\n\t<meta name=\"twitter:data1\" content=\"Gessika Julia Carvalho\" \/>\n\t<meta name=\"twitter:label2\" content=\"Est. tempo de leitura\" \/>\n\t<meta name=\"twitter:data2\" content=\"5 minutos\" \/>\n<!-- \/ Yoast SEO plugin. -->","yoast_head_json":{"title":"Como reconhecer as caracter\u00edsticas faciais das defici\u00eancias de col\u00e1geno","description":"Linhas, flacidez e pele sem vi\u00e7o podem indicar perda de col\u00e1geno no rosto. Veja sinais e h\u00e1bitos que ajudam a preservar a firmeza da pele.","robots":{"index":"index","follow":"follow","max-snippet":"max-snippet:-1","max-image-preview":"max-image-preview:large","max-video-preview":"max-video-preview:-1"},"canonical":"https:\/\/www.tuasaude.com\/news\/2026\/03\/08\/como-reconhecer-as-caracteristicas-faciais-das-deficiencias-de-colageno-e-como-supera-las\/","og_locale":"pt_BR","og_type":"article","og_title":"Como reconhecer as caracter\u00edsticas faciais das defici\u00eancias de col\u00e1geno","og_description":"Linhas, flacidez e pele sem vi\u00e7o podem indicar perda de col\u00e1geno no rosto. Veja sinais e h\u00e1bitos que ajudam a preservar a firmeza da pele.","og_url":"https:\/\/www.tuasaude.com\/news\/2026\/03\/08\/como-reconhecer-as-caracteristicas-faciais-das-deficiencias-de-colageno-e-como-supera-las\/","og_site_name":"Tua Sa\u00fade","article_published_time":"2026-03-08T19:15:00+00:00","og_image":[{"width":1280,"height":714,"url":"https:\/\/www.tuasaude.com\/news\/wp-content\/uploads\/2026\/03\/creation_2528953626.png","type":"image\/png"}],"author":"Gessika Julia Carvalho","twitter_card":"summary_large_image","twitter_misc":{"Escrito por":"Gessika Julia Carvalho","Est. tempo de leitura":"5 minutos"},"schema":{"@context":"https:\/\/schema.org","@graph":[{"@type":"Article","@id":"https:\/\/www.tuasaude.com\/news\/2026\/03\/08\/como-reconhecer-as-caracteristicas-faciais-das-deficiencias-de-colageno-e-como-supera-las\/#article","isPartOf":{"@id":"https:\/\/www.tuasaude.com\/news\/2026\/03\/08\/como-reconhecer-as-caracteristicas-faciais-das-deficiencias-de-colageno-e-como-supera-las\/"},"author":{"name":"Gessika Julia Carvalho","@id":"https:\/\/www.tuasaude.com\/news\/#\/schema\/person\/2e9df841be69ec84f5d20ddb8d273ac2"},"headline":"Como reconhecer as caracter\u00edsticas faciais das defici\u00eancias de col\u00e1geno e como super\u00e1-las","datePublished":"2026-03-08T19:15:00+00:00","mainEntityOfPage":{"@id":"https:\/\/www.tuasaude.com\/news\/2026\/03\/08\/como-reconhecer-as-caracteristicas-faciais-das-deficiencias-de-colageno-e-como-supera-las\/"},"wordCount":795,"commentCount":0,"image":{"@id":"https:\/\/www.tuasaude.com\/news\/2026\/03\/08\/como-reconhecer-as-caracteristicas-faciais-das-deficiencias-de-colageno-e-como-supera-las\/#primaryimage"},"thumbnailUrl":"https:\/\/www.tuasaude.com\/news\/wp-content\/uploads\/2026\/03\/creation_2528953626.png","keywords":["bem-estar","col\u00e1geno","defici\u00eancia de col\u00e1geno","sa\u00fade da pele"],"articleSection":["Sa\u00fade"],"inLanguage":"pt-BR","potentialAction":[{"@type":"CommentAction","name":"Comment","target":["https:\/\/www.tuasaude.com\/news\/2026\/03\/08\/como-reconhecer-as-caracteristicas-faciais-das-deficiencias-de-colageno-e-como-supera-las\/#respond"]}]},{"@type":"WebPage","@id":"https:\/\/www.tuasaude.com\/news\/2026\/03\/08\/como-reconhecer-as-caracteristicas-faciais-das-deficiencias-de-colageno-e-como-supera-las\/","url":"https:\/\/www.tuasaude.com\/news\/2026\/03\/08\/como-reconhecer-as-caracteristicas-faciais-das-deficiencias-de-colageno-e-como-supera-las\/","name":"Como reconhecer as caracter\u00edsticas faciais das defici\u00eancias de col\u00e1geno","isPartOf":{"@id":"https:\/\/www.tuasaude.com\/news\/#website"},"primaryImageOfPage":{"@id":"https:\/\/www.tuasaude.com\/news\/2026\/03\/08\/como-reconhecer-as-caracteristicas-faciais-das-deficiencias-de-colageno-e-como-supera-las\/#primaryimage"},"image":{"@id":"https:\/\/www.tuasaude.com\/news\/2026\/03\/08\/como-reconhecer-as-caracteristicas-faciais-das-deficiencias-de-colageno-e-como-supera-las\/#primaryimage"},"thumbnailUrl":"https:\/\/www.tuasaude.com\/news\/wp-content\/uploads\/2026\/03\/creation_2528953626.png","datePublished":"2026-03-08T19:15:00+00:00","author":{"@id":"https:\/\/www.tuasaude.com\/news\/#\/schema\/person\/2e9df841be69ec84f5d20ddb8d273ac2"},"description":"Linhas, flacidez e pele sem vi\u00e7o podem indicar perda de col\u00e1geno no rosto. Veja sinais e h\u00e1bitos que ajudam a preservar a firmeza da pele.","breadcrumb":{"@id":"https:\/\/www.tuasaude.com\/news\/2026\/03\/08\/como-reconhecer-as-caracteristicas-faciais-das-deficiencias-de-colageno-e-como-supera-las\/#breadcrumb"},"inLanguage":"pt-BR","potentialAction":[{"@type":"ReadAction","target":["https:\/\/www.tuasaude.com\/news\/2026\/03\/08\/como-reconhecer-as-caracteristicas-faciais-das-deficiencias-de-colageno-e-como-supera-las\/"]}]},{"@type":"ImageObject","inLanguage":"pt-BR","@id":"https:\/\/www.tuasaude.com\/news\/2026\/03\/08\/como-reconhecer-as-caracteristicas-faciais-das-deficiencias-de-colageno-e-como-supera-las\/#primaryimage","url":"https:\/\/www.tuasaude.com\/news\/wp-content\/uploads\/2026\/03\/creation_2528953626.png","contentUrl":"https:\/\/www.tuasaude.com\/news\/wp-content\/uploads\/2026\/03\/creation_2528953626.png","width":1280,"height":714,"caption":"A produ\u00e7\u00e3o de col\u00e1geno come\u00e7a a diminuir por volta dos 25 anos, o que pode levar a flacidez, linhas finas e pele menos hidratada."},{"@type":"BreadcrumbList","@id":"https:\/\/www.tuasaude.com\/news\/2026\/03\/08\/como-reconhecer-as-caracteristicas-faciais-das-deficiencias-de-colageno-e-como-supera-las\/#breadcrumb","itemListElement":[{"@type":"ListItem","position":1,"name":"In\u00edcio","item":"https:\/\/www.tuasaude.com\/news\/"},{"@type":"ListItem","position":2,"name":"Como reconhecer as caracter\u00edsticas faciais das defici\u00eancias de col\u00e1geno e como super\u00e1-las"}]},{"@type":"WebSite","@id":"https:\/\/www.tuasaude.com\/news\/#website","url":"https:\/\/www.tuasaude.com\/news\/","name":"Tua Sa\u00fade","description":"Seu site de sa\u00fade","potentialAction":[{"@type":"SearchAction","target":{"@type":"EntryPoint","urlTemplate":"https:\/\/www.tuasaude.com\/news\/?s={search_term_string}"},"query-input":{"@type":"PropertyValueSpecification","valueRequired":true,"valueName":"search_term_string"}}],"inLanguage":"pt-BR"},{"@type":"Person","@id":"https:\/\/www.tuasaude.com\/news\/#\/schema\/person\/2e9df841be69ec84f5d20ddb8d273ac2","name":"Gessika Julia Carvalho","image":{"@type":"ImageObject","inLanguage":"pt-BR","@id":"https:\/\/www.tuasaude.com\/news\/#\/schema\/person\/image\/","url":"https:\/\/secure.gravatar.com\/avatar\/0fcc8769024577fd0bc6a8b766055690f76a8e8f29dfb2a2f89cf04db8d0f2d2?s=96&d=mm&r=g","contentUrl":"https:\/\/secure.gravatar.com\/avatar\/0fcc8769024577fd0bc6a8b766055690f76a8e8f29dfb2a2f89cf04db8d0f2d2?s=96&d=mm&r=g","caption":"Gessika Julia Carvalho"},"sameAs":["https:\/\/www.tuasaude.com\/news\/"],"url":"https:\/\/www.tuasaude.com\/news\/author\/gessika-julia\/"}]}},"_links":{"self":[{"href":"https:\/\/www.tuasaude.com\/news\/wp-json\/wp\/v2\/posts\/7089","targetHints":{"allow":["GET"]}}],"collection":[{"href":"https:\/\/www.tuasaude.com\/news\/wp-json\/wp\/v2\/posts"}],"about":[{"href":"https:\/\/www.tuasaude.com\/news\/wp-json\/wp\/v2\/types\/post"}],"author":[{"embeddable":true,"href":"https:\/\/www.tuasaude.com\/news\/wp-json\/wp\/v2\/users\/11"}],"replies":[{"embeddable":true,"href":"https:\/\/www.tuasaude.com\/news\/wp-json\/wp\/v2\/comments?post=7089"}],"version-history":[{"count":2,"href":"https:\/\/www.tuasaude.com\/news\/wp-json\/wp\/v2\/posts\/7089\/revisions"}],"predecessor-version":[{"id":7171,"href":"https:\/\/www.tuasaude.com\/news\/wp-json\/wp\/v2\/posts\/7089\/revisions\/7171"}],"wp:featuredmedia":[{"embeddable":true,"href":"https:\/\/www.tuasaude.com\/news\/wp-json\/wp\/v2\/media\/7128"}],"wp:attachment":[{"href":"https:\/\/www.tuasaude.com\/news\/wp-json\/wp\/v2\/media?parent=7089"}],"wp:term":[{"taxonomy":"category","embeddable":true,"href":"https:\/\/www.tuasaude.com\/news\/wp-json\/wp\/v2\/categories?post=7089"},{"taxonomy":"post_tag","embeddable":true,"href":"https:\/\/www.tuasaude.com\/news\/wp-json\/wp\/v2\/tags?post=7089"}],"curies":[{"name":"wp","href":"https:\/\/api.w.org\/{rel}","templated":true}]}}