{"id":7051,"date":"2026-03-08T13:20:00","date_gmt":"2026-03-08T16:20:00","guid":{"rendered":"https:\/\/www.tuasaude.com\/news\/?p=7051"},"modified":"2026-03-08T00:10:03","modified_gmt":"2026-03-08T03:10:03","slug":"vitaminas-essenciais-para-melhorar-a-memoria-e-a-concentracao-2","status":"publish","type":"post","link":"https:\/\/www.tuasaude.com\/news\/2026\/03\/08\/vitaminas-essenciais-para-melhorar-a-memoria-e-a-concentracao-2\/","title":{"rendered":"Vitaminas essenciais para melhorar a mem\u00f3ria e a concentra\u00e7\u00e3o"},"content":{"rendered":"\n<p>Dificuldade para se concentrar, esquecimentos frequentes e cansa\u00e7o mental que n\u00e3o passa nem depois de uma boa noite de sono podem ser sinais de que o c\u00e9rebro est\u00e1 recebendo menos nutrientes do que precisa. Certas vitaminas atuam diretamente na produ\u00e7\u00e3o de subst\u00e2ncias que transmitem sinais entre os neur\u00f4nios, protegem as c\u00e9lulas cerebrais do desgaste e mant\u00eam o racioc\u00ednio, a mem\u00f3ria e o foco funcionando bem. Saber quais s\u00e3o essas vitaminas e onde encontr\u00e1-las \u00e9 o primeiro passo para cuidar da sa\u00fade cognitiva de forma pr\u00e1tica e embasada.<\/p>\n\n\n\n<h2 class=\"wp-block-heading\">Por que a alimenta\u00e7\u00e3o afeta diretamente a fun\u00e7\u00e3o cerebral?<\/h2>\n\n\n\n<p>O c\u00e9rebro consome cerca de 20% de toda a energia do organismo, mesmo em repouso. Para funcionar bem, ele depende de um fornecimento constante de nutrientes espec\u00edficos que participam da produ\u00e7\u00e3o de neurotransmissores, as subst\u00e2ncias respons\u00e1veis pela comunica\u00e7\u00e3o entre os neur\u00f4nios e que protegem as c\u00e9lulas nervosas contra danos causados pela inflama\u00e7\u00e3o e pelo <strong><a href=\"https:\/\/www.tuasaude.com\/envelhecimento\/\" target=\"_blank\" rel=\"noreferrer noopener\">envelhecimento<\/a><\/strong>.<\/p>\n\n\n\n<p>Quando a alimenta\u00e7\u00e3o \u00e9 pobre em vitaminas essenciais, esse equil\u00edbrio se rompe. O resultado pode ser queda no desempenho cognitivo, dificuldade de reten\u00e7\u00e3o de informa\u00e7\u00f5es, lentid\u00e3o no racioc\u00ednio e menor capacidade de manter o foco ao longo do dia.<\/p>\n\n\n\n<h2 class=\"wp-block-heading\">O estudo que confirma o papel das vitaminas B na cogni\u00e7\u00e3o<\/h2>\n\n\n\n<p>A rela\u00e7\u00e3o entre vitaminas e fun\u00e7\u00e3o cerebral j\u00e1 conta com evid\u00eancias cient\u00edficas s\u00f3lidas. A revis\u00e3o sistem\u00e1tica e meta-an\u00e1lise\u00a0<a href=\"https:\/\/pubmed.ncbi.nlm.nih.gov\/40966571\/\" target=\"_blank\" rel=\"noreferrer noopener\"><strong>Efic\u00e1cia da suplementa\u00e7\u00e3o de vitaminas do complexo B na fun\u00e7\u00e3o cognitiva global em idosos: uma revis\u00e3o sistem\u00e1tica e meta-an\u00e1lise<\/strong><em>. <\/em><\/a>Efic\u00e1cia da suplementa\u00e7\u00e3o de vitaminas do complexo B na fun\u00e7\u00e3o cognitiva global em idosos: uma revis\u00e3o sistem\u00e1tica e meta-an\u00e1lise, publicada na revista\u00a0<strong>Nutrition Reviews<\/strong>\u00a0(Oxford Academic) em 2025, analisou 17 ensaios cl\u00ednicos randomizados com 5.275 participantes. Os resultados indicaram melhora pequena a moderada na fun\u00e7\u00e3o cognitiva global em adultos que receberam suplementa\u00e7\u00e3o de<strong><a href=\"https:\/\/www.tuasaude.com\/funcao-da-vitamina-b6-piridoxina\/\" target=\"_blank\" rel=\"noreferrer noopener\"> vitaminas B6<\/a><\/strong>, B9 ou B12 por pelo menos 26 semanas, em compara\u00e7\u00e3o com placebo. Segundo os autores, os efeitos foram mais pronunciados em indiv\u00edduos com n\u00edveis elevados de homociste\u00edna, um marcador associado ao decl\u00ednio cerebral, o que refor\u00e7a a import\u00e2ncia do monitoramento nutricional para a sa\u00fade cognitiva a longo prazo.<\/p>\n\n\n<div class=\"wp-block-image\">\n<figure class=\"aligncenter size-large\"><img decoding=\"async\" width=\"1024\" height=\"571\" src=\"https:\/\/www.tuasaude.com\/news\/wp-content\/uploads\/2026\/03\/creation_2529419191-1024x571.png\" alt=\"Vitaminas essenciais para melhorar a mem\u00f3ria e a concentra\u00e7\u00e3o\" class=\"wp-image-7206\" srcset=\"https:\/\/www.tuasaude.com\/news\/wp-content\/uploads\/2026\/03\/creation_2529419191-1024x571.png 1024w, https:\/\/www.tuasaude.com\/news\/wp-content\/uploads\/2026\/03\/creation_2529419191-300x167.png 300w, https:\/\/www.tuasaude.com\/news\/wp-content\/uploads\/2026\/03\/creation_2529419191-768x428.png 768w, https:\/\/www.tuasaude.com\/news\/wp-content\/uploads\/2026\/03\/creation_2529419191-750x418.png 750w, https:\/\/www.tuasaude.com\/news\/wp-content\/uploads\/2026\/03\/creation_2529419191-1140x636.png 1140w, https:\/\/www.tuasaude.com\/news\/wp-content\/uploads\/2026\/03\/creation_2529419191.png 1280w\" sizes=\"(max-width: 1024px) 100vw, 1024px\" \/><figcaption class=\"wp-element-caption\">Dificuldade de concentra\u00e7\u00e3o, esquecimentos e cansa\u00e7o mental podem estar ligados \u00e0 falta de nutrientes essenciais para o c\u00e9rebro.<\/figcaption><\/figure>\n<\/div>\n\n\n<h2 class=\"wp-block-heading\">As vitaminas mais importantes para o c\u00e9rebro<\/h2>\n\n\n\n<p>Diferentes vitaminas desempenham pap\u00e9is distintos na sa\u00fade cerebral. Conhecer cada uma delas ajuda a identificar poss\u00edveis lacunas na alimenta\u00e7\u00e3o e a buscar as fontes certas no dia a dia:<\/p>\n\n\n\n<ul class=\"wp-block-list\">\n<li><strong>Vitamina B12 (cobalamina):<\/strong>&nbsp;essencial para a manuten\u00e7\u00e3o das fibras nervosas e para a produ\u00e7\u00e3o de gl\u00f3bulos vermelhos que transportam oxig\u00eanio ao c\u00e9rebro. Sua defici\u00eancia est\u00e1 diretamente associada a falhas de mem\u00f3ria, dificuldade de concentra\u00e7\u00e3o e maior risco de decl\u00ednio cognitivo.<\/li>\n\n\n\n<li><strong>Vitamina B9 (\u00e1cido f\u00f3lico):<\/strong>\u00a0participa da produ\u00e7\u00e3o de serotonina e outros neurotransmissores. N\u00edveis baixos est\u00e3o ligados a maior risco de<strong><a href=\"https:\/\/www.tuasaude.com\/depressao\/\" target=\"_blank\" rel=\"noreferrer noopener\"> depress\u00e3o<\/a><\/strong>, perda de mem\u00f3ria e problemas de aprendizado.<\/li>\n\n\n\n<li><strong>Vitamina B6:<\/strong>\u00a0atua na s\u00edntese de neurotransmissores como a<strong><a href=\"https:\/\/www.tuasaude.com\/dopamina\/\" target=\"_blank\" rel=\"noreferrer noopener\"> dopamina<\/a><\/strong> e a serotonina, contribuindo para o equil\u00edbrio do humor, do foco e da mem\u00f3ria de curto prazo.<\/li>\n\n\n\n<li><strong>Vitamina D:<\/strong>&nbsp;modula a sa\u00fade neuronal e a prote\u00e7\u00e3o dos neur\u00f4nios. N\u00edveis insuficientes est\u00e3o associados a maior risco de decl\u00ednio cognitivo e piora na capacidade de concentra\u00e7\u00e3o.<\/li>\n\n\n\n<li><strong>Vitamina E:<\/strong>\u00a0age como antioxidante, protegendo as c\u00e9lulas cerebrais do <strong><a href=\"https:\/\/www.tuasaude.com\/estresse\/\" target=\"_blank\" rel=\"noreferrer noopener\">estresse<\/a><\/strong> oxidativo. Sua defici\u00eancia pode agravar a perda de mem\u00f3ria e aumentar a vulnerabilidade a doen\u00e7as neurodegenerativas.<\/li>\n\n\n\n<li><strong>\u00d4mega-3 (DHA e EPA):<\/strong>&nbsp;embora tecnicamente n\u00e3o seja uma vitamina, \u00e9 um \u00e1cido graxo essencial que comp\u00f5e as membranas das c\u00e9lulas nervosas e favorece a comunica\u00e7\u00e3o entre os neur\u00f4nios e a mem\u00f3ria.\/<\/li>\n<\/ul>\n\n\n\n<h2 class=\"wp-block-heading\">Onde encontrar essas vitaminas nos alimentos?<\/h2>\n\n\n\n<p>A maioria das vitaminas essenciais para o c\u00e9rebro pode ser obtida por meio de uma alimenta\u00e7\u00e3o variada e equilibrada, sem necessidade de suplementa\u00e7\u00e3o para quem n\u00e3o apresenta defici\u00eancias. Veja as principais fontes alimentares de cada nutriente:<\/p>\n\n\n\n<div style=\"max-width:950px;margin:auto;font-family:Arial,Helvetica,sans-serif;border:1px solid #e4e4e4;border-radius:10px;overflow:hidden;box-shadow:0 3px 10px rgba(0,0,0,0.08);\">\n\n<table style=\"width:100%;border-collapse:collapse;\">\n\n<thead>\n<tr style=\"background:#2e7d32;color:#fff;\">\n<th style=\"padding:12px;font-size:18px;text-align:left;\">Nutrientes importantes e principais fontes alimentares<\/th>\n<th style=\"padding:12px;text-align:center;\">Imagem<\/th>\n<\/tr>\n<\/thead>\n\n<tbody>\n\n<tr style=\"background:#f4fbf6;\">\n<td style=\"padding:12px;font-size:14px;\">\n<strong>Vitamina B12<\/strong><br>\nEncontrada em carnes, peixes, ovos, leite e derivados. Vegetarianos e veganos t\u00eam maior risco de defici\u00eancia e podem precisar de suplementa\u00e7\u00e3o.\n<\/td>\n<td style=\"padding:10px;text-align:center;\">\n<img decoding=\"async\" src=\"https:\/\/upload.wikimedia.org\/wikipedia\/commons\/5\/5a\/Raw_meat.jpg\" style=\"width:90px;border-radius:8px;\">\n<\/td>\n<\/tr>\n\n<tr>\n<td style=\"padding:12px;font-size:14px;\">\n<strong>Vitamina B9 (\u00e1cido f\u00f3lico)<\/strong><br>\nPresente em vegetais verde-escuros como espinafre, br\u00f3colis e couve, al\u00e9m de leguminosas e f\u00edgado.\n<\/td>\n<td style=\"padding:10px;text-align:center;\">\n<img decoding=\"async\" src=\"https:\/\/upload.wikimedia.org\/wikipedia\/commons\/0\/03\/Broccoli_and_cross_section_edit.jpg\" style=\"width:90px;border-radius:8px;\">\n<\/td>\n<\/tr>\n\n<tr style=\"background:#f4fbf6;\">\n<td style=\"padding:12px;font-size:14px;\">\n<strong>Vitamina B6<\/strong><br>\nFontes incluem frango, peixe, banana, batata, gr\u00e3o-de-bico e cereais integrais.\n<\/td>\n<td style=\"padding:10px;text-align:center;\">\n<img decoding=\"async\" src=\"https:\/\/upload.wikimedia.org\/wikipedia\/commons\/8\/8a\/Banana-Single.jpg\" style=\"width:90px;border-radius:8px;\">\n<\/td>\n<\/tr>\n\n<tr>\n<td style=\"padding:12px;font-size:14px;\">\n<strong>Vitamina D<\/strong><br>\nEncontrada em peixes gordurosos como salm\u00e3o e sardinha, ovos e cogumelos. A exposi\u00e7\u00e3o moderada ao sol \u00e9 a principal fonte natural.\n<\/td>\n<td style=\"padding:10px;text-align:center;\">\n<img decoding=\"async\" src=\"https:\/\/upload.wikimedia.org\/wikipedia\/commons\/3\/37\/Salmon_fillet.jpg\" style=\"width:90px;border-radius:8px;\">\n<\/td>\n<\/tr>\n\n<tr style=\"background:#f4fbf6;\">\n<td style=\"padding:12px;font-size:14px;\">\n<strong>Vitamina E<\/strong><br>\nPresente no azeite de oliva, sementes de girassol, castanhas, am\u00eandoas e vegetais de folhas verdes.\n<\/td>\n<td style=\"padding:10px;text-align:center;\">\n<img decoding=\"async\" src=\"https:\/\/upload.wikimedia.org\/wikipedia\/commons\/0\/0c\/Almonds.jpg\" style=\"width:90px;border-radius:8px;\">\n<\/td>\n<\/tr>\n\n<tr>\n<td style=\"padding:12px;font-size:14px;\">\n<strong>\u00d4mega-3<\/strong><br>\nEncontrado em peixes como salm\u00e3o, sardinha e atum, al\u00e9m de fontes vegetais como linha\u00e7a, chia e nozes.\n<\/td>\n<td style=\"padding:10px;text-align:center;\">\n<img decoding=\"async\" src=\"https:\/\/upload.wikimedia.org\/wikipedia\/commons\/6\/6f\/Chia_seeds.jpg\" style=\"width:90px;border-radius:8px;\">\n<\/td>\n<\/tr>\n\n<\/tbody>\n\n<\/table>\n<\/div>\n\n\n\n<h2 class=\"wp-block-heading\">Quando a suplementa\u00e7\u00e3o pode ser necess\u00e1ria?<\/h2>\n\n\n\n<p>A suplementa\u00e7\u00e3o de vitaminas para mem\u00f3ria e concentra\u00e7\u00e3o pode ser indicada quando h\u00e1 defici\u00eancia confirmada por exames de sangue, em grupos de risco como idosos, vegetarianos, gestantes ou pessoas com condi\u00e7\u00f5es que dificultam a absor\u00e7\u00e3o de nutrientes. No entanto, doses excessivas de algumas vitaminas podem causar efeitos adversos, especialmente as lipossol\u00faveis como a vitamina E e a vitamina D, que se acumulam no organismo.<\/p>\n\n\n\n<p>Por isso,&nbsp;<strong>antes de iniciar qualquer suplementa\u00e7\u00e3o, \u00e9 fundamental consultar um m\u00e9dico ou nutricionista<\/strong>&nbsp;para avalia\u00e7\u00e3o cl\u00ednica e exames laboratoriais. O acompanhamento profissional garante que a reposi\u00e7\u00e3o seja feita de forma segura, na dose adequada e com indica\u00e7\u00e3o real para cada caso.<\/p>\n","protected":false},"excerpt":{"rendered":"<p>Dificuldade para se concentrar, esquecimentos frequentes e cansa\u00e7o mental que n\u00e3o passa nem depois de uma boa noite de sono podem ser sinais de que o c\u00e9rebro est\u00e1 recebendo menos nutrientes do que precisa. Certas vitaminas atuam diretamente na produ\u00e7\u00e3o de subst\u00e2ncias que transmitem sinais entre os neur\u00f4nios, protegem as c\u00e9lulas cerebrais do desgaste e [&hellip;]<\/p>\n","protected":false},"author":9,"featured_media":7205,"comment_status":"open","ping_status":"open","sticky":false,"template":"","format":"standard","meta":{"_yoast_wpseo_focuskw":"vitaminas para mem\u00f3ria","_yoast_wpseo_title":"","_yoast_wpseo_metadesc":"Algumas vitaminas ajudam o c\u00e9rebro a manter mem\u00f3ria, foco e concentra\u00e7\u00e3o. Veja quais nutrientes participam da sa\u00fade cognitiva.","jnews-multi-image_gallery":[],"jnews_single_post":{"format":"standard"},"jnews_primary_category":[],"jnews_social_meta":[],"jnews_override_counter":[],"footnotes":""},"categories":[111],"tags":[1980,1782,1981,1979],"class_list":["post-7051","post","type-post","status-publish","format-standard","has-post-thumbnail","hentry","category-saude","tag-alimentos-para-memoria-e-concentracao","tag-concentracao","tag-memoria-fraca","tag-vitaminas-para-memoria"],"yoast_head":"<!-- This site is optimized with the Yoast SEO plugin v26.7 - https:\/\/yoast.com\/wordpress\/plugins\/seo\/ -->\n<title>Vitaminas essenciais para melhorar a mem\u00f3ria e a concentra\u00e7\u00e3o - Tua Sa\u00fade<\/title>\n<meta name=\"description\" content=\"Algumas vitaminas ajudam o c\u00e9rebro a manter mem\u00f3ria, foco e concentra\u00e7\u00e3o. Veja quais nutrientes participam da sa\u00fade cognitiva.\" \/>\n<meta name=\"robots\" content=\"index, follow, max-snippet:-1, max-image-preview:large, max-video-preview:-1\" \/>\n<link rel=\"canonical\" href=\"https:\/\/www.tuasaude.com\/news\/2026\/03\/08\/vitaminas-essenciais-para-melhorar-a-memoria-e-a-concentracao-2\/\" \/>\n<meta property=\"og:locale\" content=\"pt_BR\" \/>\n<meta property=\"og:type\" content=\"article\" \/>\n<meta property=\"og:title\" content=\"Vitaminas essenciais para melhorar a mem\u00f3ria e a concentra\u00e7\u00e3o - Tua Sa\u00fade\" \/>\n<meta property=\"og:description\" content=\"Algumas vitaminas ajudam o c\u00e9rebro a manter mem\u00f3ria, foco e concentra\u00e7\u00e3o. Veja quais nutrientes participam da sa\u00fade cognitiva.\" \/>\n<meta property=\"og:url\" content=\"https:\/\/www.tuasaude.com\/news\/2026\/03\/08\/vitaminas-essenciais-para-melhorar-a-memoria-e-a-concentracao-2\/\" \/>\n<meta property=\"og:site_name\" content=\"Tua Sa\u00fade\" \/>\n<meta property=\"article:published_time\" content=\"2026-03-08T16:20:00+00:00\" \/>\n<meta property=\"og:image\" content=\"https:\/\/www.tuasaude.com\/news\/wp-content\/uploads\/2026\/03\/creation_2529419052.png\" \/>\n\t<meta property=\"og:image:width\" content=\"1280\" \/>\n\t<meta property=\"og:image:height\" content=\"714\" \/>\n\t<meta property=\"og:image:type\" content=\"image\/png\" \/>\n<meta name=\"author\" content=\"Roberta Patriota\" \/>\n<meta name=\"twitter:card\" content=\"summary_large_image\" \/>\n<meta name=\"twitter:label1\" content=\"Escrito por\" \/>\n\t<meta name=\"twitter:data1\" content=\"Roberta Patriota\" \/>\n\t<meta name=\"twitter:label2\" content=\"Est. tempo de leitura\" \/>\n\t<meta name=\"twitter:data2\" content=\"7 minutos\" \/>\n<!-- \/ Yoast SEO plugin. -->","yoast_head_json":{"title":"Vitaminas essenciais para melhorar a mem\u00f3ria e a concentra\u00e7\u00e3o - Tua Sa\u00fade","description":"Algumas vitaminas ajudam o c\u00e9rebro a manter mem\u00f3ria, foco e concentra\u00e7\u00e3o. Veja quais nutrientes participam da sa\u00fade cognitiva.","robots":{"index":"index","follow":"follow","max-snippet":"max-snippet:-1","max-image-preview":"max-image-preview:large","max-video-preview":"max-video-preview:-1"},"canonical":"https:\/\/www.tuasaude.com\/news\/2026\/03\/08\/vitaminas-essenciais-para-melhorar-a-memoria-e-a-concentracao-2\/","og_locale":"pt_BR","og_type":"article","og_title":"Vitaminas essenciais para melhorar a mem\u00f3ria e a concentra\u00e7\u00e3o - Tua Sa\u00fade","og_description":"Algumas vitaminas ajudam o c\u00e9rebro a manter mem\u00f3ria, foco e concentra\u00e7\u00e3o. Veja quais nutrientes participam da sa\u00fade cognitiva.","og_url":"https:\/\/www.tuasaude.com\/news\/2026\/03\/08\/vitaminas-essenciais-para-melhorar-a-memoria-e-a-concentracao-2\/","og_site_name":"Tua Sa\u00fade","article_published_time":"2026-03-08T16:20:00+00:00","og_image":[{"width":1280,"height":714,"url":"https:\/\/www.tuasaude.com\/news\/wp-content\/uploads\/2026\/03\/creation_2529419052.png","type":"image\/png"}],"author":"Roberta Patriota","twitter_card":"summary_large_image","twitter_misc":{"Escrito por":"Roberta Patriota","Est. tempo de leitura":"7 minutos"},"schema":{"@context":"https:\/\/schema.org","@graph":[{"@type":"Article","@id":"https:\/\/www.tuasaude.com\/news\/2026\/03\/08\/vitaminas-essenciais-para-melhorar-a-memoria-e-a-concentracao-2\/#article","isPartOf":{"@id":"https:\/\/www.tuasaude.com\/news\/2026\/03\/08\/vitaminas-essenciais-para-melhorar-a-memoria-e-a-concentracao-2\/"},"author":{"name":"Roberta Patriota","@id":"https:\/\/www.tuasaude.com\/news\/#\/schema\/person\/27adc41011393316b12ef997ca893e44"},"headline":"Vitaminas essenciais para melhorar a mem\u00f3ria e a concentra\u00e7\u00e3o","datePublished":"2026-03-08T16:20:00+00:00","mainEntityOfPage":{"@id":"https:\/\/www.tuasaude.com\/news\/2026\/03\/08\/vitaminas-essenciais-para-melhorar-a-memoria-e-a-concentracao-2\/"},"wordCount":993,"commentCount":0,"image":{"@id":"https:\/\/www.tuasaude.com\/news\/2026\/03\/08\/vitaminas-essenciais-para-melhorar-a-memoria-e-a-concentracao-2\/#primaryimage"},"thumbnailUrl":"https:\/\/www.tuasaude.com\/news\/wp-content\/uploads\/2026\/03\/creation_2529419052.png","keywords":["alimentos para mem\u00f3ria e concentra\u00e7\u00e3o","concentra\u00e7\u00e3o","mem\u00f3ria fraca","vitaminas para mem\u00f3ria"],"articleSection":["Sa\u00fade"],"inLanguage":"pt-BR","potentialAction":[{"@type":"CommentAction","name":"Comment","target":["https:\/\/www.tuasaude.com\/news\/2026\/03\/08\/vitaminas-essenciais-para-melhorar-a-memoria-e-a-concentracao-2\/#respond"]}]},{"@type":"WebPage","@id":"https:\/\/www.tuasaude.com\/news\/2026\/03\/08\/vitaminas-essenciais-para-melhorar-a-memoria-e-a-concentracao-2\/","url":"https:\/\/www.tuasaude.com\/news\/2026\/03\/08\/vitaminas-essenciais-para-melhorar-a-memoria-e-a-concentracao-2\/","name":"Vitaminas essenciais para melhorar a mem\u00f3ria e a concentra\u00e7\u00e3o - Tua Sa\u00fade","isPartOf":{"@id":"https:\/\/www.tuasaude.com\/news\/#website"},"primaryImageOfPage":{"@id":"https:\/\/www.tuasaude.com\/news\/2026\/03\/08\/vitaminas-essenciais-para-melhorar-a-memoria-e-a-concentracao-2\/#primaryimage"},"image":{"@id":"https:\/\/www.tuasaude.com\/news\/2026\/03\/08\/vitaminas-essenciais-para-melhorar-a-memoria-e-a-concentracao-2\/#primaryimage"},"thumbnailUrl":"https:\/\/www.tuasaude.com\/news\/wp-content\/uploads\/2026\/03\/creation_2529419052.png","datePublished":"2026-03-08T16:20:00+00:00","author":{"@id":"https:\/\/www.tuasaude.com\/news\/#\/schema\/person\/27adc41011393316b12ef997ca893e44"},"description":"Algumas vitaminas ajudam o c\u00e9rebro a manter mem\u00f3ria, foco e concentra\u00e7\u00e3o. Veja quais nutrientes participam da sa\u00fade cognitiva.","breadcrumb":{"@id":"https:\/\/www.tuasaude.com\/news\/2026\/03\/08\/vitaminas-essenciais-para-melhorar-a-memoria-e-a-concentracao-2\/#breadcrumb"},"inLanguage":"pt-BR","potentialAction":[{"@type":"ReadAction","target":["https:\/\/www.tuasaude.com\/news\/2026\/03\/08\/vitaminas-essenciais-para-melhorar-a-memoria-e-a-concentracao-2\/"]}]},{"@type":"ImageObject","inLanguage":"pt-BR","@id":"https:\/\/www.tuasaude.com\/news\/2026\/03\/08\/vitaminas-essenciais-para-melhorar-a-memoria-e-a-concentracao-2\/#primaryimage","url":"https:\/\/www.tuasaude.com\/news\/wp-content\/uploads\/2026\/03\/creation_2529419052.png","contentUrl":"https:\/\/www.tuasaude.com\/news\/wp-content\/uploads\/2026\/03\/creation_2529419052.png","width":1280,"height":714,"caption":"Uma alimenta\u00e7\u00e3o variada com peixes, ovos, vegetais verdes, castanhas e cereais integrais pode ajudar a manter a mem\u00f3ria e o foco em bom funcionamento."},{"@type":"BreadcrumbList","@id":"https:\/\/www.tuasaude.com\/news\/2026\/03\/08\/vitaminas-essenciais-para-melhorar-a-memoria-e-a-concentracao-2\/#breadcrumb","itemListElement":[{"@type":"ListItem","position":1,"name":"In\u00edcio","item":"https:\/\/www.tuasaude.com\/news\/"},{"@type":"ListItem","position":2,"name":"Vitaminas essenciais para melhorar a mem\u00f3ria e a concentra\u00e7\u00e3o"}]},{"@type":"WebSite","@id":"https:\/\/www.tuasaude.com\/news\/#website","url":"https:\/\/www.tuasaude.com\/news\/","name":"Tua Sa\u00fade","description":"Seu site de sa\u00fade","potentialAction":[{"@type":"SearchAction","target":{"@type":"EntryPoint","urlTemplate":"https:\/\/www.tuasaude.com\/news\/?s={search_term_string}"},"query-input":{"@type":"PropertyValueSpecification","valueRequired":true,"valueName":"search_term_string"}}],"inLanguage":"pt-BR"},{"@type":"Person","@id":"https:\/\/www.tuasaude.com\/news\/#\/schema\/person\/27adc41011393316b12ef997ca893e44","name":"Roberta Patriota","image":{"@type":"ImageObject","inLanguage":"pt-BR","@id":"https:\/\/www.tuasaude.com\/news\/#\/schema\/person\/image\/","url":"https:\/\/secure.gravatar.com\/avatar\/40fc934d21bfa38a60909bb2e5f2ec503dcd4d849aa772e107feb32efe75c210?s=96&d=mm&r=g","contentUrl":"https:\/\/secure.gravatar.com\/avatar\/40fc934d21bfa38a60909bb2e5f2ec503dcd4d849aa772e107feb32efe75c210?s=96&d=mm&r=g","caption":"Roberta Patriota"},"sameAs":["https:\/\/www.tuasaude.com\/news\/"],"url":"https:\/\/www.tuasaude.com\/news\/author\/roberta-patriota\/"}]}},"_links":{"self":[{"href":"https:\/\/www.tuasaude.com\/news\/wp-json\/wp\/v2\/posts\/7051","targetHints":{"allow":["GET"]}}],"collection":[{"href":"https:\/\/www.tuasaude.com\/news\/wp-json\/wp\/v2\/posts"}],"about":[{"href":"https:\/\/www.tuasaude.com\/news\/wp-json\/wp\/v2\/types\/post"}],"author":[{"embeddable":true,"href":"https:\/\/www.tuasaude.com\/news\/wp-json\/wp\/v2\/users\/9"}],"replies":[{"embeddable":true,"href":"https:\/\/www.tuasaude.com\/news\/wp-json\/wp\/v2\/comments?post=7051"}],"version-history":[{"count":4,"href":"https:\/\/www.tuasaude.com\/news\/wp-json\/wp\/v2\/posts\/7051\/revisions"}],"predecessor-version":[{"id":7261,"href":"https:\/\/www.tuasaude.com\/news\/wp-json\/wp\/v2\/posts\/7051\/revisions\/7261"}],"wp:featuredmedia":[{"embeddable":true,"href":"https:\/\/www.tuasaude.com\/news\/wp-json\/wp\/v2\/media\/7205"}],"wp:attachment":[{"href":"https:\/\/www.tuasaude.com\/news\/wp-json\/wp\/v2\/media?parent=7051"}],"wp:term":[{"taxonomy":"category","embeddable":true,"href":"https:\/\/www.tuasaude.com\/news\/wp-json\/wp\/v2\/categories?post=7051"},{"taxonomy":"post_tag","embeddable":true,"href":"https:\/\/www.tuasaude.com\/news\/wp-json\/wp\/v2\/tags?post=7051"}],"curies":[{"name":"wp","href":"https:\/\/api.w.org\/{rel}","templated":true}]}}