{"id":7044,"date":"2026-03-08T09:00:00","date_gmt":"2026-03-08T12:00:00","guid":{"rendered":"https:\/\/www.tuasaude.com\/news\/?p=7044"},"modified":"2026-03-07T23:14:45","modified_gmt":"2026-03-08T02:14:45","slug":"a-erva-que-reduz-a-ansiedade-o-estresse-e-fortalece-a-memoria","status":"publish","type":"post","link":"https:\/\/www.tuasaude.com\/news\/2026\/03\/08\/a-erva-que-reduz-a-ansiedade-o-estresse-e-fortalece-a-memoria\/","title":{"rendered":"A erva que reduz a ansiedade, o estresse e fortalece a mem\u00f3ria"},"content":{"rendered":"\n<p>O <strong><a href=\"https:\/\/www.tuasaude.com\/alecrim\/\" target=\"_blank\" rel=\"noreferrer noopener\">alecrim<\/a><\/strong> \u00e9 uma das ervas mais antigas da medicina popular e a ci\u00eancia vem confirmando o que a tradi\u00e7\u00e3o j\u00e1 sabia h\u00e1 s\u00e9culos. Com compostos ativos que agem diretamente no sistema nervoso, essa planta arom\u00e1tica \u00e9 capaz de reduzir a<strong><a href=\"https:\/\/www.tuasaude.com\/ansiedade\/\" target=\"_blank\" rel=\"noreferrer noopener\"> ansiedade<\/a><\/strong>, diminuir o nervosismo, combater o estresse e ainda melhorar a mem\u00f3ria e a concentra\u00e7\u00e3o. O mais surpreendente \u00e9 que seus efeitos podem ser obtidos de formas simples, acess\u00edveis e seguras para o dia a dia.<\/p>\n\n\n\n<h2 class=\"wp-block-heading\">Por que o alecrim age no sistema nervoso?<\/h2>\n\n\n\n<p>O alecrim (<em>Rosmarinus officinalis<\/em>) cont\u00e9m compostos ativos como o \u00e1cido rosmar\u00ednico, o 1,8-cineol e o \u00e1cido carn\u00f3sico, que atuam diretamente no c\u00e9rebro. Esses compostos ajudam a preservar a <strong><a href=\"https:\/\/www.tuasaude.com\/acetilcolina\/\" target=\"_blank\" rel=\"noreferrer noopener\">acetilcolina<\/a><\/strong>, uma subst\u00e2ncia fundamental para o aprendizado e a mem\u00f3ria e tamb\u00e9m reduzem processos inflamat\u00f3rios que afetam o equil\u00edbrio emocional.<\/p>\n\n\n\n<p>Al\u00e9m disso, o alecrim estimula a circula\u00e7\u00e3o sangu\u00ednea para o c\u00e9rebro, o que favorece a clareza mental, o foco e a sensa\u00e7\u00e3o geral de bem-estar. Por isso, a erva \u00e9 reconhecida tanto por seu potencial calmante quanto por seu papel no fortalecimento das fun\u00e7\u00f5es cognitivas.<\/p>\n\n\n<div class=\"wp-block-image\">\n<figure class=\"aligncenter size-large\"><img decoding=\"async\" width=\"1024\" height=\"571\" src=\"https:\/\/www.tuasaude.com\/news\/wp-content\/uploads\/2026\/03\/creation_2529422889-1024x571.png\" alt=\"A erva que reduz a ansiedade, o estresse e fortalece a mem\u00f3ria\" class=\"wp-image-7193\" srcset=\"https:\/\/www.tuasaude.com\/news\/wp-content\/uploads\/2026\/03\/creation_2529422889-1024x571.png 1024w, https:\/\/www.tuasaude.com\/news\/wp-content\/uploads\/2026\/03\/creation_2529422889-300x167.png 300w, https:\/\/www.tuasaude.com\/news\/wp-content\/uploads\/2026\/03\/creation_2529422889-768x428.png 768w, https:\/\/www.tuasaude.com\/news\/wp-content\/uploads\/2026\/03\/creation_2529422889-750x418.png 750w, https:\/\/www.tuasaude.com\/news\/wp-content\/uploads\/2026\/03\/creation_2529422889-1140x636.png 1140w, https:\/\/www.tuasaude.com\/news\/wp-content\/uploads\/2026\/03\/creation_2529422889.png 1280w\" sizes=\"(max-width: 1024px) 100vw, 1024px\" \/><figcaption class=\"wp-element-caption\">O alecrim cont\u00e9m compostos como \u00e1cido rosmar\u00ednico e 1,8-cineol, que ajudam a reduzir ansiedade, estresse e favorecem a mem\u00f3ria e a concentra\u00e7\u00e3o.<\/figcaption><\/figure>\n<\/div>\n\n\n<h2 class=\"wp-block-heading\">O estudo cl\u00ednico que comprova os efeitos na ansiedade e na mem\u00f3ria<\/h2>\n\n\n\n<p>Os benef\u00edcios do alecrim para a sa\u00fade mental n\u00e3o s\u00e3o apenas tradicionais, h\u00e1 evid\u00eancia cl\u00ednica robusta por tr\u00e1s deles. O ensaio cl\u00ednico randomizado e controlado por placebo&nbsp;<a href=\"https:\/\/www.sciencedirect.com\/science\/article\/abs\/pii\/S1744388117304723\" target=\"_blank\" rel=\"noreferrer noopener\"><em>Efeitos do&nbsp;<em>Rosmarinus officinalis<\/em>&nbsp;L. no desempenho da mem\u00f3ria, ansiedade, depress\u00e3o e qualidade do sono em estudantes universit\u00e1rios: um ensaio cl\u00ednico randomizado<\/em><\/a>, avaliou 68 estudantes universit\u00e1rios que receberam 500 mg de alecrim duas vezes ao dia durante um m\u00eas. Os resultados mostraram redu\u00e7\u00e3o significativa dos n\u00edveis de ansiedade e <strong><a href=\"https:\/\/www.tuasaude.com\/depressao\/\" target=\"_blank\" rel=\"noreferrer noopener\">depress\u00e3o<\/a><\/strong>, melhora tanto na mem\u00f3ria prospectiva quanto na retrospectiva, al\u00e9m de ganhos na qualidade do sono. Segundo os autores, o alecrim pode ser utilizado como potencializador da mem\u00f3ria e como suporte natural ao equil\u00edbrio emocional em adultos jovens.<\/p>\n\n\n\n<h2 class=\"wp-block-heading\">Benef\u00edcios comprovados do alecrim para a sa\u00fade mental<\/h2>\n\n\n\n<p>Os principais efeitos do alecrim sobre o bem-estar mental s\u00e3o respaldados por pesquisas em diferentes contextos cl\u00ednicos. Veja o que a ci\u00eancia j\u00e1 identificou at\u00e9 aqui:<\/p>\n\n\n\n<div style=\"max-width:950px;margin:auto;font-family:Arial,Helvetica,sans-serif;border:1px solid #e4e4e4;border-radius:10px;overflow:hidden;box-shadow:0 3px 10px rgba(0,0,0,0.08);\">\n\n<table style=\"width:100%;border-collapse:collapse;\">\n\n<thead>\n<tr style=\"background:#2e7d32;color:#fff;\">\n<th style=\"padding:12px;font-size:18px;text-align:left;\">Benef\u00edcios do alecrim para o c\u00e9rebro e o bem-estar<\/th>\n<th style=\"padding:12px;text-align:center;\">Imagem<\/th>\n<\/tr>\n<\/thead>\n\n<tbody>\n\n<tr style=\"background:#f4fbf6;\">\n<td style=\"padding:12px;font-size:14px;\">\n<strong>Redu\u00e7\u00e3o da ansiedade<\/strong><br>\nO \u00e1cido rosmar\u00ednico atua sobre neurotransmissores ligados ao humor, ajudando a diminuir sintomas de ansiedade.\n<\/td>\n<td style=\"padding:10px;text-align:center;\">\n<img decoding=\"async\" src=\"https:\/\/upload.wikimedia.org\/wikipedia\/commons\/6\/63\/Rosemary.jpg\" style=\"width:90px;border-radius:8px;\">\n<\/td>\n<\/tr>\n\n<tr>\n<td style=\"padding:12px;font-size:14px;\">\n<strong>Melhora da mem\u00f3ria<\/strong><br>\nO composto 1,8-cineol ajuda a preservar a acetilcolina no c\u00e9rebro, subst\u00e2ncia ligada ao aprendizado e \u00e0 reten\u00e7\u00e3o de informa\u00e7\u00f5es.\n<\/td>\n<td style=\"padding:10px;text-align:center;\">\n<img decoding=\"async\" src=\"https:\/\/upload.wikimedia.org\/wikipedia\/commons\/4\/4c\/Brain_diagram.jpg\" style=\"width:90px;border-radius:8px;\">\n<\/td>\n<\/tr>\n\n<tr style=\"background:#f4fbf6;\">\n<td style=\"padding:12px;font-size:14px;\">\n<strong>Combate ao estresse<\/strong><br>\nO alecrim pode ajudar a regular a variabilidade da frequ\u00eancia card\u00edaca, indicador fisiol\u00f3gico da resposta ao estresse.\n<\/td>\n<td style=\"padding:10px;text-align:center;\">\n<img decoding=\"async\" src=\"https:\/\/upload.wikimedia.org\/wikipedia\/commons\/5\/59\/Stress_woman.jpg\" style=\"width:90px;border-radius:8px;\">\n<\/td>\n<\/tr>\n\n<tr>\n<td style=\"padding:12px;font-size:14px;\">\n<strong>Aumento do foco e da concentra\u00e7\u00e3o<\/strong><br>\nEstudos apontam melhora no desempenho cognitivo e na velocidade psicomotora com o consumo regular do extrato da erva.\n<\/td>\n<td style=\"padding:10px;text-align:center;\">\n<img decoding=\"async\" src=\"https:\/\/upload.wikimedia.org\/wikipedia\/commons\/3\/3c\/Thinking_person.jpg\" style=\"width:90px;border-radius:8px;\">\n<\/td>\n<\/tr>\n\n<tr style=\"background:#f4fbf6;\">\n<td style=\"padding:12px;font-size:14px;\">\n<strong>Apoio ao sono<\/strong><br>\nAo ajudar a reduzir estresse e ansiedade, o alecrim tamb\u00e9m pode contribuir indiretamente para um sono mais reparador.\n<\/td>\n<td style=\"padding:10px;text-align:center;\">\n<img decoding=\"async\" src=\"https:\/\/upload.wikimedia.org\/wikipedia\/commons\/3\/3c\/Sleeping_person.jpg\" style=\"width:90px;border-radius:8px;\">\n<\/td>\n<\/tr>\n\n<\/tbody>\n\n<\/table>\n<\/div>\n\n\n\n<h2 class=\"wp-block-heading\">Como tomar o alecrim no dia a dia?<\/h2>\n\n\n\n<p>O ch\u00e1 de alecrim \u00e9 a forma de consumo mais tradicional e acess\u00edvel. Para prepar\u00e1-lo, basta ferver uma x\u00edcara de \u00e1gua, apagar o fogo e adicionar uma colher de sopa de folhas frescas ou secas da erva. Deixe em infus\u00e3o por 5 a 10 minutos com a x\u00edcara coberta, coe e beba ainda quente, sem a\u00e7\u00facar, para preservar os compostos ativos. A recomenda\u00e7\u00e3o geral \u00e9 de duas a tr\u00eas x\u00edcaras ao dia, preferencialmente pela manh\u00e3 ou antes de atividades que exijam concentra\u00e7\u00e3o.<\/p>\n\n\n\n<p>Outras formas de uso incluem:<\/p>\n\n\n\n<ul class=\"wp-block-list\">\n<li><strong>Aromaterapia:<\/strong>&nbsp;inala\u00e7\u00e3o do aroma das folhas frescas ou do \u00f3leo essencial de alecrim pode ajudar a reduzir a ansiedade e melhorar o estado de alerta.<\/li>\n\n\n\n<li><strong>Uso culin\u00e1rio:<\/strong>&nbsp;adicionar alecrim fresco ou seco a refei\u00e7\u00f5es \u00e9 uma forma pr\u00e1tica de incorporar seus compostos \u00e0 rotina.<\/li>\n\n\n\n<li><strong>Extrato em c\u00e1psulas:<\/strong>&nbsp;dispon\u00edvel em lojas de produtos naturais, mas deve ser utilizado apenas com orienta\u00e7\u00e3o de um profissional de sa\u00fade.<\/li>\n<\/ul>\n\n\n\n<h2 class=\"wp-block-heading\">Quem deve ter cuidado com o consumo?<\/h2>\n\n\n\n<p>Embora o alecrim seja considerado seguro para a maioria das pessoas quando consumido em quantidades alimentares comuns, algumas situa\u00e7\u00f5es exigem aten\u00e7\u00e3o. Pessoas com epilepsia devem evitar o uso da planta, pois ela pode estimular o <strong><a href=\"https:\/\/www.tuasaude.com\/sistema-nervoso-autonomo\/\" target=\"_blank\" rel=\"noreferrer noopener\">sistema nervoso <\/a><\/strong>de forma intensa. Gestantes tamb\u00e9m devem consultar um m\u00e9dico antes de utilizar o alecrim em doses medicinais, j\u00e1 que grandes quantidades podem estimular contra\u00e7\u00f5es.<\/p>\n\n\n\n<p>Quem faz uso de anticoagulantes, diur\u00e9ticos ou medicamentos para press\u00e3o arterial deve conversar com um m\u00e9dico antes de incluir o alecrim como suplemento, pois podem ocorrer intera\u00e7\u00f5es.&nbsp;<strong>O acompanhamento de um profissional de sa\u00fade \u00e9 sempre recomendado antes de iniciar qualquer uso terap\u00eautico regular de ervas medicinais.<\/strong><\/p>\n","protected":false},"excerpt":{"rendered":"<p>O alecrim \u00e9 uma das ervas mais antigas da medicina popular e a ci\u00eancia vem confirmando o que a tradi\u00e7\u00e3o j\u00e1 sabia h\u00e1 s\u00e9culos. Com compostos ativos que agem diretamente no sistema nervoso, essa planta arom\u00e1tica \u00e9 capaz de reduzir a ansiedade, diminuir o nervosismo, combater o estresse e ainda melhorar a mem\u00f3ria e a [&hellip;]<\/p>\n","protected":false},"author":9,"featured_media":7192,"comment_status":"open","ping_status":"open","sticky":false,"template":"","format":"standard","meta":{"_yoast_wpseo_focuskw":"alecrim","_yoast_wpseo_title":"","_yoast_wpseo_metadesc":"Uma erva arom\u00e1tica pode ajudar a reduzir ansiedade, aliviar o estresse e fortalecer a mem\u00f3ria. Entenda como ela atua no c\u00e9rebro!","jnews-multi-image_gallery":[],"jnews_single_post":{"format":"standard"},"jnews_primary_category":[],"jnews_social_meta":[],"jnews_override_counter":[],"footnotes":""},"categories":[111],"tags":[1969,1970,1972,1971],"class_list":["post-7044","post","type-post","status-publish","format-standard","has-post-thumbnail","hentry","category-saude","tag-alecrim-para-ansiedade","tag-beneficios-do-alecrim","tag-cha-de-alecrim","tag-erva-para-ansiedade"],"yoast_head":"<!-- This site is optimized with the Yoast SEO plugin v26.7 - https:\/\/yoast.com\/wordpress\/plugins\/seo\/ -->\n<title>A erva que reduz a ansiedade, o estresse e fortalece a mem\u00f3ria - Tua Sa\u00fade<\/title>\n<meta name=\"description\" content=\"Uma erva arom\u00e1tica pode ajudar a reduzir ansiedade, aliviar o estresse e fortalecer a mem\u00f3ria. Entenda como ela atua no c\u00e9rebro!\" \/>\n<meta name=\"robots\" content=\"index, follow, max-snippet:-1, max-image-preview:large, max-video-preview:-1\" \/>\n<link rel=\"canonical\" href=\"https:\/\/www.tuasaude.com\/news\/2026\/03\/08\/a-erva-que-reduz-a-ansiedade-o-estresse-e-fortalece-a-memoria\/\" \/>\n<meta property=\"og:locale\" content=\"pt_BR\" \/>\n<meta property=\"og:type\" content=\"article\" \/>\n<meta property=\"og:title\" content=\"A erva que reduz a ansiedade, o estresse e fortalece a mem\u00f3ria - Tua Sa\u00fade\" \/>\n<meta property=\"og:description\" content=\"Uma erva arom\u00e1tica pode ajudar a reduzir ansiedade, aliviar o estresse e fortalecer a mem\u00f3ria. Entenda como ela atua no c\u00e9rebro!\" \/>\n<meta property=\"og:url\" content=\"https:\/\/www.tuasaude.com\/news\/2026\/03\/08\/a-erva-que-reduz-a-ansiedade-o-estresse-e-fortalece-a-memoria\/\" \/>\n<meta property=\"og:site_name\" content=\"Tua Sa\u00fade\" \/>\n<meta property=\"article:published_time\" content=\"2026-03-08T12:00:00+00:00\" \/>\n<meta property=\"og:image\" content=\"https:\/\/www.tuasaude.com\/news\/wp-content\/uploads\/2026\/03\/creation_2529422731.png\" \/>\n\t<meta property=\"og:image:width\" content=\"1280\" \/>\n\t<meta property=\"og:image:height\" content=\"714\" \/>\n\t<meta property=\"og:image:type\" content=\"image\/png\" \/>\n<meta name=\"author\" content=\"Roberta Patriota\" \/>\n<meta name=\"twitter:card\" content=\"summary_large_image\" \/>\n<meta name=\"twitter:label1\" content=\"Escrito por\" \/>\n\t<meta name=\"twitter:data1\" content=\"Roberta Patriota\" \/>\n\t<meta name=\"twitter:label2\" content=\"Est. tempo de leitura\" \/>\n\t<meta name=\"twitter:data2\" content=\"6 minutos\" \/>\n<!-- \/ Yoast SEO plugin. -->","yoast_head_json":{"title":"A erva que reduz a ansiedade, o estresse e fortalece a mem\u00f3ria - Tua Sa\u00fade","description":"Uma erva arom\u00e1tica pode ajudar a reduzir ansiedade, aliviar o estresse e fortalecer a mem\u00f3ria. Entenda como ela atua no c\u00e9rebro!","robots":{"index":"index","follow":"follow","max-snippet":"max-snippet:-1","max-image-preview":"max-image-preview:large","max-video-preview":"max-video-preview:-1"},"canonical":"https:\/\/www.tuasaude.com\/news\/2026\/03\/08\/a-erva-que-reduz-a-ansiedade-o-estresse-e-fortalece-a-memoria\/","og_locale":"pt_BR","og_type":"article","og_title":"A erva que reduz a ansiedade, o estresse e fortalece a mem\u00f3ria - Tua Sa\u00fade","og_description":"Uma erva arom\u00e1tica pode ajudar a reduzir ansiedade, aliviar o estresse e fortalecer a mem\u00f3ria. Entenda como ela atua no c\u00e9rebro!","og_url":"https:\/\/www.tuasaude.com\/news\/2026\/03\/08\/a-erva-que-reduz-a-ansiedade-o-estresse-e-fortalece-a-memoria\/","og_site_name":"Tua Sa\u00fade","article_published_time":"2026-03-08T12:00:00+00:00","og_image":[{"width":1280,"height":714,"url":"https:\/\/www.tuasaude.com\/news\/wp-content\/uploads\/2026\/03\/creation_2529422731.png","type":"image\/png"}],"author":"Roberta Patriota","twitter_card":"summary_large_image","twitter_misc":{"Escrito por":"Roberta Patriota","Est. tempo de leitura":"6 minutos"},"schema":{"@context":"https:\/\/schema.org","@graph":[{"@type":"Article","@id":"https:\/\/www.tuasaude.com\/news\/2026\/03\/08\/a-erva-que-reduz-a-ansiedade-o-estresse-e-fortalece-a-memoria\/#article","isPartOf":{"@id":"https:\/\/www.tuasaude.com\/news\/2026\/03\/08\/a-erva-que-reduz-a-ansiedade-o-estresse-e-fortalece-a-memoria\/"},"author":{"name":"Roberta Patriota","@id":"https:\/\/www.tuasaude.com\/news\/#\/schema\/person\/27adc41011393316b12ef997ca893e44"},"headline":"A erva que reduz a ansiedade, o estresse e fortalece a mem\u00f3ria","datePublished":"2026-03-08T12:00:00+00:00","mainEntityOfPage":{"@id":"https:\/\/www.tuasaude.com\/news\/2026\/03\/08\/a-erva-que-reduz-a-ansiedade-o-estresse-e-fortalece-a-memoria\/"},"wordCount":853,"commentCount":0,"image":{"@id":"https:\/\/www.tuasaude.com\/news\/2026\/03\/08\/a-erva-que-reduz-a-ansiedade-o-estresse-e-fortalece-a-memoria\/#primaryimage"},"thumbnailUrl":"https:\/\/www.tuasaude.com\/news\/wp-content\/uploads\/2026\/03\/creation_2529422731.png","keywords":["alecrim para ansiedade","benef\u00edcios do alecrim","ch\u00e1 de alecrim","erva para ansiedade"],"articleSection":["Sa\u00fade"],"inLanguage":"pt-BR","potentialAction":[{"@type":"CommentAction","name":"Comment","target":["https:\/\/www.tuasaude.com\/news\/2026\/03\/08\/a-erva-que-reduz-a-ansiedade-o-estresse-e-fortalece-a-memoria\/#respond"]}]},{"@type":"WebPage","@id":"https:\/\/www.tuasaude.com\/news\/2026\/03\/08\/a-erva-que-reduz-a-ansiedade-o-estresse-e-fortalece-a-memoria\/","url":"https:\/\/www.tuasaude.com\/news\/2026\/03\/08\/a-erva-que-reduz-a-ansiedade-o-estresse-e-fortalece-a-memoria\/","name":"A erva que reduz a ansiedade, o estresse e fortalece a mem\u00f3ria - Tua Sa\u00fade","isPartOf":{"@id":"https:\/\/www.tuasaude.com\/news\/#website"},"primaryImageOfPage":{"@id":"https:\/\/www.tuasaude.com\/news\/2026\/03\/08\/a-erva-que-reduz-a-ansiedade-o-estresse-e-fortalece-a-memoria\/#primaryimage"},"image":{"@id":"https:\/\/www.tuasaude.com\/news\/2026\/03\/08\/a-erva-que-reduz-a-ansiedade-o-estresse-e-fortalece-a-memoria\/#primaryimage"},"thumbnailUrl":"https:\/\/www.tuasaude.com\/news\/wp-content\/uploads\/2026\/03\/creation_2529422731.png","datePublished":"2026-03-08T12:00:00+00:00","author":{"@id":"https:\/\/www.tuasaude.com\/news\/#\/schema\/person\/27adc41011393316b12ef997ca893e44"},"description":"Uma erva arom\u00e1tica pode ajudar a reduzir ansiedade, aliviar o estresse e fortalecer a mem\u00f3ria. Entenda como ela atua no c\u00e9rebro!","breadcrumb":{"@id":"https:\/\/www.tuasaude.com\/news\/2026\/03\/08\/a-erva-que-reduz-a-ansiedade-o-estresse-e-fortalece-a-memoria\/#breadcrumb"},"inLanguage":"pt-BR","potentialAction":[{"@type":"ReadAction","target":["https:\/\/www.tuasaude.com\/news\/2026\/03\/08\/a-erva-que-reduz-a-ansiedade-o-estresse-e-fortalece-a-memoria\/"]}]},{"@type":"ImageObject","inLanguage":"pt-BR","@id":"https:\/\/www.tuasaude.com\/news\/2026\/03\/08\/a-erva-que-reduz-a-ansiedade-o-estresse-e-fortalece-a-memoria\/#primaryimage","url":"https:\/\/www.tuasaude.com\/news\/wp-content\/uploads\/2026\/03\/creation_2529422731.png","contentUrl":"https:\/\/www.tuasaude.com\/news\/wp-content\/uploads\/2026\/03\/creation_2529422731.png","width":1280,"height":714,"caption":"O ch\u00e1 de alecrim, preparado por infus\u00e3o das folhas, \u00e9 uma forma simples de incluir a planta na rotina para apoiar o bem-estar mental."},{"@type":"BreadcrumbList","@id":"https:\/\/www.tuasaude.com\/news\/2026\/03\/08\/a-erva-que-reduz-a-ansiedade-o-estresse-e-fortalece-a-memoria\/#breadcrumb","itemListElement":[{"@type":"ListItem","position":1,"name":"In\u00edcio","item":"https:\/\/www.tuasaude.com\/news\/"},{"@type":"ListItem","position":2,"name":"A erva que reduz a ansiedade, o estresse e fortalece a mem\u00f3ria"}]},{"@type":"WebSite","@id":"https:\/\/www.tuasaude.com\/news\/#website","url":"https:\/\/www.tuasaude.com\/news\/","name":"Tua Sa\u00fade","description":"Seu site de sa\u00fade","potentialAction":[{"@type":"SearchAction","target":{"@type":"EntryPoint","urlTemplate":"https:\/\/www.tuasaude.com\/news\/?s={search_term_string}"},"query-input":{"@type":"PropertyValueSpecification","valueRequired":true,"valueName":"search_term_string"}}],"inLanguage":"pt-BR"},{"@type":"Person","@id":"https:\/\/www.tuasaude.com\/news\/#\/schema\/person\/27adc41011393316b12ef997ca893e44","name":"Roberta Patriota","image":{"@type":"ImageObject","inLanguage":"pt-BR","@id":"https:\/\/www.tuasaude.com\/news\/#\/schema\/person\/image\/","url":"https:\/\/secure.gravatar.com\/avatar\/40fc934d21bfa38a60909bb2e5f2ec503dcd4d849aa772e107feb32efe75c210?s=96&d=mm&r=g","contentUrl":"https:\/\/secure.gravatar.com\/avatar\/40fc934d21bfa38a60909bb2e5f2ec503dcd4d849aa772e107feb32efe75c210?s=96&d=mm&r=g","caption":"Roberta Patriota"},"sameAs":["https:\/\/www.tuasaude.com\/news\/"],"url":"https:\/\/www.tuasaude.com\/news\/author\/roberta-patriota\/"}]}},"_links":{"self":[{"href":"https:\/\/www.tuasaude.com\/news\/wp-json\/wp\/v2\/posts\/7044","targetHints":{"allow":["GET"]}}],"collection":[{"href":"https:\/\/www.tuasaude.com\/news\/wp-json\/wp\/v2\/posts"}],"about":[{"href":"https:\/\/www.tuasaude.com\/news\/wp-json\/wp\/v2\/types\/post"}],"author":[{"embeddable":true,"href":"https:\/\/www.tuasaude.com\/news\/wp-json\/wp\/v2\/users\/9"}],"replies":[{"embeddable":true,"href":"https:\/\/www.tuasaude.com\/news\/wp-json\/wp\/v2\/comments?post=7044"}],"version-history":[{"count":3,"href":"https:\/\/www.tuasaude.com\/news\/wp-json\/wp\/v2\/posts\/7044\/revisions"}],"predecessor-version":[{"id":7231,"href":"https:\/\/www.tuasaude.com\/news\/wp-json\/wp\/v2\/posts\/7044\/revisions\/7231"}],"wp:featuredmedia":[{"embeddable":true,"href":"https:\/\/www.tuasaude.com\/news\/wp-json\/wp\/v2\/media\/7192"}],"wp:attachment":[{"href":"https:\/\/www.tuasaude.com\/news\/wp-json\/wp\/v2\/media?parent=7044"}],"wp:term":[{"taxonomy":"category","embeddable":true,"href":"https:\/\/www.tuasaude.com\/news\/wp-json\/wp\/v2\/categories?post=7044"},{"taxonomy":"post_tag","embeddable":true,"href":"https:\/\/www.tuasaude.com\/news\/wp-json\/wp\/v2\/tags?post=7044"}],"curies":[{"name":"wp","href":"https:\/\/api.w.org\/{rel}","templated":true}]}}