{"id":7037,"date":"2026-03-09T11:50:00","date_gmt":"2026-03-09T14:50:00","guid":{"rendered":"https:\/\/www.tuasaude.com\/news\/?p=7037"},"modified":"2026-03-08T18:38:47","modified_gmt":"2026-03-08T21:38:47","slug":"entao-uma-soneca-a-tarde-e-saudavel-sonecas-a-tarde-sao-uma-necessidade-muito-natural-e-saudavel-mas-nao-durma-por-horas-a-fio","status":"publish","type":"post","link":"https:\/\/www.tuasaude.com\/news\/2026\/03\/09\/entao-uma-soneca-a-tarde-e-saudavel-sonecas-a-tarde-sao-uma-necessidade-muito-natural-e-saudavel-mas-nao-durma-por-horas-a-fio\/","title":{"rendered":"Ent\u00e3o, uma soneca \u00e0 tarde \u00e9 saud\u00e1vel: &#8220;Sonecas \u00e0 tarde s\u00e3o uma necessidade muito natural e saud\u00e1vel. Mas n\u00e3o durma por horas a fio\u201d"},"content":{"rendered":"\n<p>Tirar uma soneca \u00e0 tarde \u00e9 uma necessidade natural do corpo e pode trazer benef\u00edcios reais para a sa\u00fade, desde que feita da forma certa. Cochilos curtos ajudam a restaurar o estado de alerta, melhoram o humor e favorecem o desempenho mental ao longo do dia. O problema surge quando a soneca se estende por tempo demais \u2014 dormir mais de 30 minutos durante o dia pode prejudicar o sono noturno e at\u00e9 aumentar riscos para a sa\u00fade cardiovascular.<\/p>\n\n\n\n<h2 class=\"wp-block-heading\">Quanto tempo deve durar uma soneca saud\u00e1vel?<\/h2>\n\n\n\n<p>O tempo ideal para uma<a href=\"https:\/\/www.tuasaude.com\/cochilo\/\" target=\"_blank\" rel=\"noreferrer noopener\"> soneca \u00e0 tarde <\/a>fica entre 10 e 30 minutos. Nessa faixa de dura\u00e7\u00e3o, o corpo consegue entrar nas fases iniciais do sono, suficientes para recarregar a energia e melhorar a concentra\u00e7\u00e3o, sem atingir os est\u00e1gios mais profundos que causam aquela sensa\u00e7\u00e3o de grogue ao acordar.<\/p>\n\n\n\n<p>Sonecas acima de 30 minutos fazem o c\u00e9rebro entrar no sono profundo, e ser interrompido nessa fase gera um efeito oposto ao desejado: a pessoa acorda mais cansada, confusa e lenta. Al\u00e9m disso, cochilos longos durante o dia podem interferir no ritmo natural do corpo e dificultar o adormecer \u00e0 noite, criando um ciclo negativo para a qualidade geral do sono.<\/p>\n\n\n<div class=\"wp-block-image\">\n<figure class=\"aligncenter size-large\"><img decoding=\"async\" width=\"1024\" height=\"571\" src=\"https:\/\/www.tuasaude.com\/news\/wp-content\/uploads\/2026\/03\/creation_2533173246-1024x571.png\" alt=\"Ent\u00e3o, uma soneca \u00e0 tarde \u00e9 saud\u00e1vel: &quot;Sonecas \u00e0 tarde s\u00e3o uma necessidade muito natural e saud\u00e1vel. Mas n\u00e3o durma por horas a fio\u201d\" class=\"wp-image-7365\" srcset=\"https:\/\/www.tuasaude.com\/news\/wp-content\/uploads\/2026\/03\/creation_2533173246-1024x571.png 1024w, https:\/\/www.tuasaude.com\/news\/wp-content\/uploads\/2026\/03\/creation_2533173246-300x167.png 300w, https:\/\/www.tuasaude.com\/news\/wp-content\/uploads\/2026\/03\/creation_2533173246-768x428.png 768w, https:\/\/www.tuasaude.com\/news\/wp-content\/uploads\/2026\/03\/creation_2533173246-750x418.png 750w, https:\/\/www.tuasaude.com\/news\/wp-content\/uploads\/2026\/03\/creation_2533173246-1140x636.png 1140w, https:\/\/www.tuasaude.com\/news\/wp-content\/uploads\/2026\/03\/creation_2533173246.png 1280w\" sizes=\"(max-width: 1024px) 100vw, 1024px\" \/><figcaption class=\"wp-element-caption\">Ent\u00e3o, uma soneca \u00e0 tarde \u00e9 saud\u00e1vel: &#8220;Sonecas \u00e0 tarde s\u00e3o uma necessidade muito natural e saud\u00e1vel. Mas n\u00e3o durma por horas a fio\u201d<\/figcaption><\/figure>\n<\/div>\n\n\n<h2 class=\"wp-block-heading\">Meta-an\u00e1lise com 1,8 milh\u00e3o de pessoas revela os riscos das sonecas longas<\/h2>\n\n\n\n<p>Segundo a meta-an\u00e1lise <a href=\"https:\/\/pubmed.ncbi.nlm.nih.gov\/39153335\/\" target=\"_blank\" rel=\"noreferrer noopener\">&#8220;To nap or not? Evidence from a meta-analysis of cohort studies of habitual daytime napping and health outcomes&#8221;<\/a>, publicada na revista <em>Sleep Medicine Reviews<\/em> em 2024, sonecas com dura\u00e7\u00e3o de 30 minutos ou mais est\u00e3o associadas a maior risco de mortalidade, doen\u00e7as cardiovasculares e problemas metab\u00f3licos. O estudo reuniu dados de 44 pesquisas de coorte com mais de 1,8 milh\u00e3o de participantes e mostrou que, por outro lado, sonecas curtas n\u00e3o apresentaram riscos significativos para a sa\u00fade.<\/p>\n\n\n\n<p>A mesma an\u00e1lise identificou que cochilos regulares e curtos podem at\u00e9 proteger contra o decl\u00ednio das fun\u00e7\u00f5es mentais com o envelhecimento. Essa descoberta refor\u00e7a que o problema n\u00e3o \u00e9 a soneca em si, mas sim a sua dura\u00e7\u00e3o e frequ\u00eancia excessivas.<\/p>\n\n\n\n<h2 class=\"wp-block-heading\">Benef\u00edcios comprovados de uma soneca curta \u00e0 tarde<\/h2>\n\n\n\n<p>Quando feita no tempo e hor\u00e1rio adequados, a soneca oferece vantagens que v\u00e3o al\u00e9m do simples descanso:<\/p>\n\n\n\n<div style=\"display: flex; flex-wrap: wrap; gap: 20px; justify-content: center; font-family: 'Segoe UI', Roboto, Helvetica, sans-serif; padding: 40px; background-color: #f1f5f9;\">\n\n  <div style=\"flex: 1; min-width: 250px; max-width: 280px; background: #ffffff; border: 1px solid #e2e8f0; padding: 25px; border-radius: 20px; box-shadow: 0 10px 25px rgba(0,0,0,0.05); text-align: center;\">\n\n    <div style=\"font-size: 32px; margin-bottom: 15px;\">\ud83d\udc40<\/div>\n\n    <h3 style=\"color: #334155; font-size: 1.1em; margin-bottom: 12px; letter-spacing: 1px;\">ALERTA MENTAL<\/h3>\n\n    <p style=\"color: #475569; font-size: 0.95em; line-height: 1.6; margin: 0;\">\n      Um cochilo de <strong>cerca de 10 minutos<\/strong> j\u00e1 pode restaurar a aten\u00e7\u00e3o e reduzir a sonol\u00eancia.\n    <\/p>\n\n  <\/div>\n\n  <div style=\"flex: 1; min-width: 250px; max-width: 280px; background: #ffffff; border: 1px solid #e2e8f0; padding: 25px; border-radius: 20px; box-shadow: 0 10px 25px rgba(0,0,0,0.05); text-align: center;\">\n\n    <div style=\"font-size: 32px; margin-bottom: 15px;\">\ud83e\udde0<\/div>\n\n    <h3 style=\"color: #334155; font-size: 1.1em; margin-bottom: 12px; letter-spacing: 1px;\">MEM\u00d3RIA<\/h3>\n\n    <p style=\"color: #475569; font-size: 0.95em; line-height: 1.6; margin: 0;\">\n      A soneca ajuda o c\u00e9rebro a <strong>consolidar informa\u00e7\u00f5es<\/strong> e melhorar a reten\u00e7\u00e3o de mem\u00f3ria.\n    <\/p>\n\n  <\/div>\n\n  <div style=\"flex: 1; min-width: 250px; max-width: 280px; background: #ffffff; border: 1px solid #e2e8f0; padding: 25px; border-radius: 20px; box-shadow: 0 10px 25px rgba(0,0,0,0.05); text-align: center;\">\n\n    <div style=\"font-size: 32px; margin-bottom: 15px;\">\ud83d\ude42<\/div>\n\n    <h3 style=\"color: #334155; font-size: 1.1em; margin-bottom: 12px; letter-spacing: 1px;\">HUMOR<\/h3>\n\n    <p style=\"color: #475569; font-size: 0.95em; line-height: 1.6; margin: 0;\">\n      Um descanso breve pode <strong>reduzir o estresse<\/strong> e ajudar a equilibrar as emo\u00e7\u00f5es.\n    <\/p>\n\n  <\/div>\n\n  <div style=\"flex: 1; min-width: 250px; max-width: 280px; background: #ffffff; border: 1px solid #e2e8f0; padding: 25px; border-radius: 20px; box-shadow: 0 10px 25px rgba(0,0,0,0.05); text-align: center;\">\n\n    <div style=\"font-size: 32px; margin-bottom: 15px;\">\u26a1<\/div>\n\n    <h3 style=\"color: #334155; font-size: 1.1em; margin-bottom: 12px; letter-spacing: 1px;\">DESEMPENHO<\/h3>\n\n    <p style=\"color: #475569; font-size: 0.95em; line-height: 1.6; margin: 0;\">\n      Estudos mostram melhora no <strong>tempo de rea\u00e7\u00e3o e criatividade<\/strong> ap\u00f3s cochilos curtos.\n    <\/p>\n\n  <\/div>\n\n  <div style=\"flex: 1; min-width: 250px; max-width: 280px; background: #ffffff; border: 1px solid #e2e8f0; padding: 25px; border-radius: 20px; box-shadow: 0 10px 25px rgba(0,0,0,0.05); text-align: center;\">\n\n    <div style=\"font-size: 32px; margin-bottom: 15px;\">\ud83e\uddd3<\/div>\n\n    <h3 style=\"color: #334155; font-size: 1.1em; margin-bottom: 12px; letter-spacing: 1px;\">COGNI\u00c7\u00c3O<\/h3>\n\n    <p style=\"color: #475569; font-size: 0.95em; line-height: 1.6; margin: 0;\">\n      Sonecas regulares podem ajudar a <strong>proteger a fun\u00e7\u00e3o cognitiva<\/strong> ao longo dos anos.\n    <\/p>\n\n  <\/div>\n\n<\/div>\n\n\n\n<h2 class=\"wp-block-heading\">Dicas para tirar uma soneca da forma certa<\/h2>\n\n\n\n<p>Alguns cuidados simples garantem que a soneca traga benef\u00edcios sem prejudicar o sono da noite:<\/p>\n\n\n\n<ul class=\"wp-block-list\">\n<li><strong>Limite o tempo a 20-30 minutos<\/strong> \u2014 coloque um alarme para evitar ultrapassar esse limite e entrar no sono profundo<\/li>\n\n\n\n<li><strong>Prefira o in\u00edcio da tarde<\/strong> \u2014 o hor\u00e1rio ideal \u00e9 entre 13h e 15h, quando o corpo naturalmente sente uma queda de energia ap\u00f3s o almo\u00e7o<\/li>\n\n\n\n<li><strong>Evite cochilar ap\u00f3s as 16h<\/strong> \u2014 sonecas tardias podem atrasar o hor\u00e1rio de dormir \u00e0 noite e comprometer a qualidade do sono noturno<\/li>\n\n\n\n<li><strong>Escolha um ambiente tranquilo<\/strong> \u2014 luz baixa, pouco ru\u00eddo e uma temperatura agrad\u00e1vel ajudam o corpo a relaxar mais rapidamente<\/li>\n<\/ul>\n\n\n\n<h2 class=\"wp-block-heading\">Quando a soneca excessiva pode indicar um problema de sa\u00fade?<\/h2>\n\n\n\n<p>Sentir necessidade de <a href=\"https:\/\/www.tuasaude.com\/cochilo\/\" target=\"_blank\" rel=\"noreferrer noopener\">dormir por longos per\u00edodos durante o dia<\/a> com frequ\u00eancia pode ser um sinal de que algo n\u00e3o vai bem. Condi\u00e7\u00f5es como apneia do sono, ins\u00f4nia cr\u00f4nica, depress\u00e3o, diabetes e problemas na tireoide frequentemente causam sonol\u00eancia diurna excessiva. Nesses casos, a soneca prolongada \u00e9 mais um sintoma do que um h\u00e1bito.<\/p>\n\n\n\n<p>Se voc\u00ea sente necessidade constante de cochilar por mais de 30 minutos ou percebe que mesmo ap\u00f3s dormir \u00e0 noite acorda sem energia, procure um m\u00e9dico para investigar a causa. Exames simples podem identificar dist\u00farbios do sono ou outras condi\u00e7\u00f5es que estejam afetando a qualidade do seu descanso.<\/p>\n","protected":false},"excerpt":{"rendered":"<p>Tirar uma soneca \u00e0 tarde \u00e9 uma necessidade natural do corpo e pode trazer benef\u00edcios reais para a sa\u00fade, desde que feita da forma certa. Cochilos curtos ajudam a restaurar o estado de alerta, melhoram o humor e favorecem o desempenho mental ao longo do dia. O problema surge quando a soneca se estende por [&hellip;]<\/p>\n","protected":false},"author":11,"featured_media":7364,"comment_status":"open","ping_status":"open","sticky":false,"template":"","format":"standard","meta":{"_yoast_wpseo_focuskw":"soneca \u00e0 tarde","_yoast_wpseo_title":"","_yoast_wpseo_metadesc":"Sonecas curtas \u00e0 tarde podem melhorar o humor, a mem\u00f3ria e o estado de alerta. Especialistas explicam por que cochilos longos podem fazer mal.","jnews-multi-image_gallery":[],"jnews_single_post":{"format":"standard"},"jnews_primary_category":[],"jnews_social_meta":[],"jnews_override_counter":[],"footnotes":""},"categories":[111],"tags":[1963,136,1086,116],"class_list":["post-7037","post","type-post","status-publish","format-standard","has-post-thumbnail","hentry","category-saude","tag-cochilo","tag-saude","tag-saude-do-sono","tag-sono"],"yoast_head":"<!-- This site is optimized with the Yoast SEO plugin v26.7 - https:\/\/yoast.com\/wordpress\/plugins\/seo\/ -->\n<title>Ent\u00e3o, uma soneca \u00e0 tarde \u00e9 saud\u00e1vel: &quot;Sonecas \u00e0 tarde s\u00e3o uma necessidade muito natural e saud\u00e1vel. Mas n\u00e3o durma por horas a fio\u201d - Tua Sa\u00fade<\/title>\n<meta name=\"description\" content=\"Sonecas curtas \u00e0 tarde podem melhorar o humor, a mem\u00f3ria e o estado de alerta. Especialistas explicam por que cochilos longos podem fazer mal.\" \/>\n<meta name=\"robots\" content=\"index, follow, max-snippet:-1, max-image-preview:large, max-video-preview:-1\" \/>\n<link rel=\"canonical\" href=\"https:\/\/www.tuasaude.com\/news\/2026\/03\/09\/entao-uma-soneca-a-tarde-e-saudavel-sonecas-a-tarde-sao-uma-necessidade-muito-natural-e-saudavel-mas-nao-durma-por-horas-a-fio\/\" \/>\n<meta property=\"og:locale\" content=\"pt_BR\" \/>\n<meta property=\"og:type\" content=\"article\" \/>\n<meta property=\"og:title\" content=\"Ent\u00e3o, uma soneca \u00e0 tarde \u00e9 saud\u00e1vel: &quot;Sonecas \u00e0 tarde s\u00e3o uma necessidade muito natural e saud\u00e1vel. Mas n\u00e3o durma por horas a fio\u201d - Tua Sa\u00fade\" \/>\n<meta property=\"og:description\" content=\"Sonecas curtas \u00e0 tarde podem melhorar o humor, a mem\u00f3ria e o estado de alerta. Especialistas explicam por que cochilos longos podem fazer mal.\" \/>\n<meta property=\"og:url\" content=\"https:\/\/www.tuasaude.com\/news\/2026\/03\/09\/entao-uma-soneca-a-tarde-e-saudavel-sonecas-a-tarde-sao-uma-necessidade-muito-natural-e-saudavel-mas-nao-durma-por-horas-a-fio\/\" \/>\n<meta property=\"og:site_name\" content=\"Tua Sa\u00fade\" \/>\n<meta property=\"article:published_time\" content=\"2026-03-09T14:50:00+00:00\" \/>\n<meta property=\"og:image\" content=\"https:\/\/www.tuasaude.com\/news\/wp-content\/uploads\/2026\/03\/creation_2533173022.png\" \/>\n\t<meta property=\"og:image:width\" content=\"1280\" \/>\n\t<meta property=\"og:image:height\" content=\"714\" \/>\n\t<meta property=\"og:image:type\" content=\"image\/png\" \/>\n<meta name=\"author\" content=\"Gessika Julia Carvalho\" \/>\n<meta name=\"twitter:card\" content=\"summary_large_image\" \/>\n<meta name=\"twitter:label1\" content=\"Escrito por\" \/>\n\t<meta name=\"twitter:data1\" content=\"Gessika Julia Carvalho\" \/>\n\t<meta name=\"twitter:label2\" content=\"Est. tempo de leitura\" \/>\n\t<meta name=\"twitter:data2\" content=\"5 minutos\" \/>\n<!-- \/ Yoast SEO plugin. -->","yoast_head_json":{"title":"Ent\u00e3o, uma soneca \u00e0 tarde \u00e9 saud\u00e1vel: \"Sonecas \u00e0 tarde s\u00e3o uma necessidade muito natural e saud\u00e1vel. Mas n\u00e3o durma por horas a fio\u201d - Tua Sa\u00fade","description":"Sonecas curtas \u00e0 tarde podem melhorar o humor, a mem\u00f3ria e o estado de alerta. Especialistas explicam por que cochilos longos podem fazer mal.","robots":{"index":"index","follow":"follow","max-snippet":"max-snippet:-1","max-image-preview":"max-image-preview:large","max-video-preview":"max-video-preview:-1"},"canonical":"https:\/\/www.tuasaude.com\/news\/2026\/03\/09\/entao-uma-soneca-a-tarde-e-saudavel-sonecas-a-tarde-sao-uma-necessidade-muito-natural-e-saudavel-mas-nao-durma-por-horas-a-fio\/","og_locale":"pt_BR","og_type":"article","og_title":"Ent\u00e3o, uma soneca \u00e0 tarde \u00e9 saud\u00e1vel: \"Sonecas \u00e0 tarde s\u00e3o uma necessidade muito natural e saud\u00e1vel. Mas n\u00e3o durma por horas a fio\u201d - Tua Sa\u00fade","og_description":"Sonecas curtas \u00e0 tarde podem melhorar o humor, a mem\u00f3ria e o estado de alerta. Especialistas explicam por que cochilos longos podem fazer mal.","og_url":"https:\/\/www.tuasaude.com\/news\/2026\/03\/09\/entao-uma-soneca-a-tarde-e-saudavel-sonecas-a-tarde-sao-uma-necessidade-muito-natural-e-saudavel-mas-nao-durma-por-horas-a-fio\/","og_site_name":"Tua Sa\u00fade","article_published_time":"2026-03-09T14:50:00+00:00","og_image":[{"width":1280,"height":714,"url":"https:\/\/www.tuasaude.com\/news\/wp-content\/uploads\/2026\/03\/creation_2533173022.png","type":"image\/png"}],"author":"Gessika Julia Carvalho","twitter_card":"summary_large_image","twitter_misc":{"Escrito por":"Gessika Julia Carvalho","Est. tempo de leitura":"5 minutos"},"schema":{"@context":"https:\/\/schema.org","@graph":[{"@type":"Article","@id":"https:\/\/www.tuasaude.com\/news\/2026\/03\/09\/entao-uma-soneca-a-tarde-e-saudavel-sonecas-a-tarde-sao-uma-necessidade-muito-natural-e-saudavel-mas-nao-durma-por-horas-a-fio\/#article","isPartOf":{"@id":"https:\/\/www.tuasaude.com\/news\/2026\/03\/09\/entao-uma-soneca-a-tarde-e-saudavel-sonecas-a-tarde-sao-uma-necessidade-muito-natural-e-saudavel-mas-nao-durma-por-horas-a-fio\/"},"author":{"name":"Gessika Julia Carvalho","@id":"https:\/\/www.tuasaude.com\/news\/#\/schema\/person\/2e9df841be69ec84f5d20ddb8d273ac2"},"headline":"Ent\u00e3o, uma soneca \u00e0 tarde \u00e9 saud\u00e1vel: &#8220;Sonecas \u00e0 tarde s\u00e3o uma necessidade muito natural e saud\u00e1vel. Mas n\u00e3o durma por horas a fio\u201d","datePublished":"2026-03-09T14:50:00+00:00","mainEntityOfPage":{"@id":"https:\/\/www.tuasaude.com\/news\/2026\/03\/09\/entao-uma-soneca-a-tarde-e-saudavel-sonecas-a-tarde-sao-uma-necessidade-muito-natural-e-saudavel-mas-nao-durma-por-horas-a-fio\/"},"wordCount":744,"commentCount":0,"image":{"@id":"https:\/\/www.tuasaude.com\/news\/2026\/03\/09\/entao-uma-soneca-a-tarde-e-saudavel-sonecas-a-tarde-sao-uma-necessidade-muito-natural-e-saudavel-mas-nao-durma-por-horas-a-fio\/#primaryimage"},"thumbnailUrl":"https:\/\/www.tuasaude.com\/news\/wp-content\/uploads\/2026\/03\/creation_2533173022.png","keywords":["cochilo","sa\u00fade","sa\u00fade do sono","sono"],"articleSection":["Sa\u00fade"],"inLanguage":"pt-BR","potentialAction":[{"@type":"CommentAction","name":"Comment","target":["https:\/\/www.tuasaude.com\/news\/2026\/03\/09\/entao-uma-soneca-a-tarde-e-saudavel-sonecas-a-tarde-sao-uma-necessidade-muito-natural-e-saudavel-mas-nao-durma-por-horas-a-fio\/#respond"]}]},{"@type":"WebPage","@id":"https:\/\/www.tuasaude.com\/news\/2026\/03\/09\/entao-uma-soneca-a-tarde-e-saudavel-sonecas-a-tarde-sao-uma-necessidade-muito-natural-e-saudavel-mas-nao-durma-por-horas-a-fio\/","url":"https:\/\/www.tuasaude.com\/news\/2026\/03\/09\/entao-uma-soneca-a-tarde-e-saudavel-sonecas-a-tarde-sao-uma-necessidade-muito-natural-e-saudavel-mas-nao-durma-por-horas-a-fio\/","name":"Ent\u00e3o, uma soneca \u00e0 tarde \u00e9 saud\u00e1vel: \"Sonecas \u00e0 tarde s\u00e3o uma necessidade muito natural e saud\u00e1vel. Mas n\u00e3o durma por horas a fio\u201d - Tua Sa\u00fade","isPartOf":{"@id":"https:\/\/www.tuasaude.com\/news\/#website"},"primaryImageOfPage":{"@id":"https:\/\/www.tuasaude.com\/news\/2026\/03\/09\/entao-uma-soneca-a-tarde-e-saudavel-sonecas-a-tarde-sao-uma-necessidade-muito-natural-e-saudavel-mas-nao-durma-por-horas-a-fio\/#primaryimage"},"image":{"@id":"https:\/\/www.tuasaude.com\/news\/2026\/03\/09\/entao-uma-soneca-a-tarde-e-saudavel-sonecas-a-tarde-sao-uma-necessidade-muito-natural-e-saudavel-mas-nao-durma-por-horas-a-fio\/#primaryimage"},"thumbnailUrl":"https:\/\/www.tuasaude.com\/news\/wp-content\/uploads\/2026\/03\/creation_2533173022.png","datePublished":"2026-03-09T14:50:00+00:00","author":{"@id":"https:\/\/www.tuasaude.com\/news\/#\/schema\/person\/2e9df841be69ec84f5d20ddb8d273ac2"},"description":"Sonecas curtas \u00e0 tarde podem melhorar o humor, a mem\u00f3ria e o estado de alerta. Especialistas explicam por que cochilos longos podem fazer mal.","breadcrumb":{"@id":"https:\/\/www.tuasaude.com\/news\/2026\/03\/09\/entao-uma-soneca-a-tarde-e-saudavel-sonecas-a-tarde-sao-uma-necessidade-muito-natural-e-saudavel-mas-nao-durma-por-horas-a-fio\/#breadcrumb"},"inLanguage":"pt-BR","potentialAction":[{"@type":"ReadAction","target":["https:\/\/www.tuasaude.com\/news\/2026\/03\/09\/entao-uma-soneca-a-tarde-e-saudavel-sonecas-a-tarde-sao-uma-necessidade-muito-natural-e-saudavel-mas-nao-durma-por-horas-a-fio\/"]}]},{"@type":"ImageObject","inLanguage":"pt-BR","@id":"https:\/\/www.tuasaude.com\/news\/2026\/03\/09\/entao-uma-soneca-a-tarde-e-saudavel-sonecas-a-tarde-sao-uma-necessidade-muito-natural-e-saudavel-mas-nao-durma-por-horas-a-fio\/#primaryimage","url":"https:\/\/www.tuasaude.com\/news\/wp-content\/uploads\/2026\/03\/creation_2533173022.png","contentUrl":"https:\/\/www.tuasaude.com\/news\/wp-content\/uploads\/2026\/03\/creation_2533173022.png","width":1280,"height":714,"caption":"O melhor hor\u00e1rio para cochilar \u00e9 entre 13h e 15h, evitando sonecas no fim da tarde."},{"@type":"BreadcrumbList","@id":"https:\/\/www.tuasaude.com\/news\/2026\/03\/09\/entao-uma-soneca-a-tarde-e-saudavel-sonecas-a-tarde-sao-uma-necessidade-muito-natural-e-saudavel-mas-nao-durma-por-horas-a-fio\/#breadcrumb","itemListElement":[{"@type":"ListItem","position":1,"name":"In\u00edcio","item":"https:\/\/www.tuasaude.com\/news\/"},{"@type":"ListItem","position":2,"name":"Ent\u00e3o, uma soneca \u00e0 tarde \u00e9 saud\u00e1vel: &#8220;Sonecas \u00e0 tarde s\u00e3o uma necessidade muito natural e saud\u00e1vel. Mas n\u00e3o durma por horas a fio\u201d"}]},{"@type":"WebSite","@id":"https:\/\/www.tuasaude.com\/news\/#website","url":"https:\/\/www.tuasaude.com\/news\/","name":"Tua Sa\u00fade","description":"Seu site de sa\u00fade","potentialAction":[{"@type":"SearchAction","target":{"@type":"EntryPoint","urlTemplate":"https:\/\/www.tuasaude.com\/news\/?s={search_term_string}"},"query-input":{"@type":"PropertyValueSpecification","valueRequired":true,"valueName":"search_term_string"}}],"inLanguage":"pt-BR"},{"@type":"Person","@id":"https:\/\/www.tuasaude.com\/news\/#\/schema\/person\/2e9df841be69ec84f5d20ddb8d273ac2","name":"Gessika Julia Carvalho","image":{"@type":"ImageObject","inLanguage":"pt-BR","@id":"https:\/\/www.tuasaude.com\/news\/#\/schema\/person\/image\/","url":"https:\/\/secure.gravatar.com\/avatar\/0fcc8769024577fd0bc6a8b766055690f76a8e8f29dfb2a2f89cf04db8d0f2d2?s=96&d=mm&r=g","contentUrl":"https:\/\/secure.gravatar.com\/avatar\/0fcc8769024577fd0bc6a8b766055690f76a8e8f29dfb2a2f89cf04db8d0f2d2?s=96&d=mm&r=g","caption":"Gessika Julia Carvalho"},"sameAs":["https:\/\/www.tuasaude.com\/news\/"],"url":"https:\/\/www.tuasaude.com\/news\/author\/gessika-julia\/"}]}},"_links":{"self":[{"href":"https:\/\/www.tuasaude.com\/news\/wp-json\/wp\/v2\/posts\/7037","targetHints":{"allow":["GET"]}}],"collection":[{"href":"https:\/\/www.tuasaude.com\/news\/wp-json\/wp\/v2\/posts"}],"about":[{"href":"https:\/\/www.tuasaude.com\/news\/wp-json\/wp\/v2\/types\/post"}],"author":[{"embeddable":true,"href":"https:\/\/www.tuasaude.com\/news\/wp-json\/wp\/v2\/users\/11"}],"replies":[{"embeddable":true,"href":"https:\/\/www.tuasaude.com\/news\/wp-json\/wp\/v2\/comments?post=7037"}],"version-history":[{"count":2,"href":"https:\/\/www.tuasaude.com\/news\/wp-json\/wp\/v2\/posts\/7037\/revisions"}],"predecessor-version":[{"id":7405,"href":"https:\/\/www.tuasaude.com\/news\/wp-json\/wp\/v2\/posts\/7037\/revisions\/7405"}],"wp:featuredmedia":[{"embeddable":true,"href":"https:\/\/www.tuasaude.com\/news\/wp-json\/wp\/v2\/media\/7364"}],"wp:attachment":[{"href":"https:\/\/www.tuasaude.com\/news\/wp-json\/wp\/v2\/media?parent=7037"}],"wp:term":[{"taxonomy":"category","embeddable":true,"href":"https:\/\/www.tuasaude.com\/news\/wp-json\/wp\/v2\/categories?post=7037"},{"taxonomy":"post_tag","embeddable":true,"href":"https:\/\/www.tuasaude.com\/news\/wp-json\/wp\/v2\/tags?post=7037"}],"curies":[{"name":"wp","href":"https:\/\/api.w.org\/{rel}","templated":true}]}}