{"id":7000,"date":"2026-03-09T08:20:00","date_gmt":"2026-03-09T11:20:00","guid":{"rendered":"https:\/\/www.tuasaude.com\/news\/?p=7000"},"modified":"2026-03-08T18:38:50","modified_gmt":"2026-03-08T21:38:50","slug":"onde-doi-quando-a-vesicula-esta-com-pedras","status":"publish","type":"post","link":"https:\/\/www.tuasaude.com\/news\/2026\/03\/09\/onde-doi-quando-a-vesicula-esta-com-pedras\/","title":{"rendered":"Onde d\u00f3i quando a ves\u00edcula est\u00e1 com pedras?"},"content":{"rendered":"\n<p>Quando a ves\u00edcula est\u00e1 com pedras, a dor mais caracter\u00edstica surge no lado direito do abd\u00f4men, logo abaixo das costelas, e pode irradiar para as costas e para o ombro direito. Muitas pessoas confundem esse desconforto com problemas no est\u00f4mago ou no f\u00edgado, o que atrasa o diagn\u00f3stico. Entender onde exatamente a dor aparece e quais sinais a acompanham \u00e9 essencial para buscar ajuda no momento certo.<\/p>\n\n\n\n<h2 class=\"wp-block-heading\">Localiza\u00e7\u00e3o exata da dor causada por pedras na ves\u00edcula<\/h2>\n\n\n\n<p>A ves\u00edcula biliar fica na parte superior direita do abd\u00f4men, logo abaixo do f\u00edgado. Quando uma <a href=\"https:\/\/www.tuasaude.com\/pedra-na-vesicula\/\" target=\"_blank\" rel=\"noreferrer noopener\">pedra bloqueia o canal <\/a>por onde a bile passa, surge uma dor intensa nessa regi\u00e3o que pode se espalhar para o centro da barriga, para as costas do lado direito e at\u00e9 para o ombro direito. Essa dor \u00e9 conhecida como c\u00f3lica biliar.<\/p>\n\n\n\n<p>Diferente de uma dor de est\u00f4mago comum, a c\u00f3lica biliar costuma come\u00e7ar de forma s\u00fabita, geralmente entre 30 minutos e uma hora ap\u00f3s refei\u00e7\u00f5es gordurosas ou pesadas. A dor pode durar de alguns minutos at\u00e9 v\u00e1rias horas e tende a ser constante \u2014 n\u00e3o vai e volta como uma c\u00f3lica intestinal.<\/p>\n\n\n\n<h2 class=\"wp-block-heading\">Sintomas que acompanham as pedras na ves\u00edcula<\/h2>\n\n\n\n<p>Al\u00e9m da dor localizada, o corpo envia outros sinais quando a ves\u00edcula est\u00e1 com pedras que merecem aten\u00e7\u00e3o:<\/p>\n\n\n\n<div style=\"display: flex; flex-wrap: wrap; gap: 20px; justify-content: center; font-family: 'Segoe UI', Roboto, Helvetica, sans-serif; padding: 40px; background-color: #f1f5f9;\">\n\n  <div style=\"flex: 1; min-width: 250px; max-width: 280px; background: #ffffff; border: 1px solid #e2e8f0; padding: 25px; border-radius: 20px; box-shadow: 0 10px 25px rgba(0,0,0,0.05); text-align: center;\">\n\n    <div style=\"font-size: 32px; margin-bottom: 15px;\">\ud83e\udd22<\/div>\n\n    <h3 style=\"color: #334155; font-size: 1.1em; margin-bottom: 12px; letter-spacing: 1px;\">N\u00c1USEAS<\/h3>\n\n    <p style=\"color: #475569; font-size: 0.95em; line-height: 1.6; margin: 0;\">\n      <strong>N\u00e1useas e v\u00f4mitos<\/strong> costumam surgir durante as crises de dor ou ap\u00f3s refei\u00e7\u00f5es ricas em gordura.\n    <\/p>\n\n  <\/div>\n\n  <div style=\"flex: 1; min-width: 250px; max-width: 280px; background: #ffffff; border: 1px solid #e2e8f0; padding: 25px; border-radius: 20px; box-shadow: 0 10px 25px rgba(0,0,0,0.05); text-align: center;\">\n\n    <div style=\"font-size: 32px; margin-bottom: 15px;\">\ud83c\udf7d\ufe0f<\/div>\n\n    <h3 style=\"color: #334155; font-size: 1.1em; margin-bottom: 12px; letter-spacing: 1px;\">M\u00c1 DIGEST\u00c3O<\/h3>\n\n    <p style=\"color: #475569; font-size: 0.95em; line-height: 1.6; margin: 0;\">\n      A <strong>dificuldade para digerir gorduras<\/strong> pode causar sensa\u00e7\u00e3o de estufamento e desconforto ap\u00f3s as refei\u00e7\u00f5es.\n    <\/p>\n\n  <\/div>\n\n  <div style=\"flex: 1; min-width: 250px; max-width: 280px; background: #ffffff; border: 1px solid #e2e8f0; padding: 25px; border-radius: 20px; box-shadow: 0 10px 25px rgba(0,0,0,0.05); text-align: center;\">\n\n    <div style=\"font-size: 32px; margin-bottom: 15px;\">\ud83c\udf21\ufe0f<\/div>\n\n    <h3 style=\"color: #334155; font-size: 1.1em; margin-bottom: 12px; letter-spacing: 1px;\">FEBRE<\/h3>\n\n    <p style=\"color: #475569; font-size: 0.95em; line-height: 1.6; margin: 0;\">\n      <strong>Febre e calafrios<\/strong> podem indicar inflama\u00e7\u00e3o ou infec\u00e7\u00e3o na ves\u00edcula e exigem avalia\u00e7\u00e3o m\u00e9dica urgente.\n    <\/p>\n\n  <\/div>\n\n  <div style=\"flex: 1; min-width: 250px; max-width: 280px; background: #ffffff; border: 1px solid #e2e8f0; padding: 25px; border-radius: 20px; box-shadow: 0 10px 25px rgba(0,0,0,0.05); text-align: center;\">\n\n    <div style=\"font-size: 32px; margin-bottom: 15px;\">\ud83d\udfe1<\/div>\n\n    <h3 style=\"color: #334155; font-size: 1.1em; margin-bottom: 12px; letter-spacing: 1px;\">ICTER\u00cdCIA<\/h3>\n\n    <p style=\"color: #475569; font-size: 0.95em; line-height: 1.6; margin: 0;\">\n      <strong>Pele e olhos amarelados<\/strong> surgem quando a pedra bloqueia o fluxo de bile.\n    <\/p>\n\n  <\/div>\n\n  <div style=\"flex: 1; min-width: 250px; max-width: 280px; background: #ffffff; border: 1px solid #e2e8f0; padding: 25px; border-radius: 20px; box-shadow: 0 10px 25px rgba(0,0,0,0.05); text-align: center;\">\n\n    <div style=\"font-size: 32px; margin-bottom: 15px;\">\ud83d\udebd<\/div>\n\n    <h3 style=\"color: #334155; font-size: 1.1em; margin-bottom: 12px; letter-spacing: 1px;\">ALTERA\u00c7\u00d5ES NAS FEZES<\/h3>\n\n    <p style=\"color: #475569; font-size: 0.95em; line-height: 1.6; margin: 0;\">\n      <strong>Urina escura e fezes claras<\/strong> indicam que a bile n\u00e3o est\u00e1 chegando corretamente ao intestino.\n    <\/p>\n\n  <\/div>\n\n<\/div>\n\n\n\n<h2 class=\"wp-block-heading\">Estudo revela que pedras na ves\u00edcula afetam 6% da popula\u00e7\u00e3o mundial<\/h2>\n\n\n\n<p>Segundo a revis\u00e3o sistem\u00e1tica e meta-an\u00e1lise <a href=\"https:\/\/pubmed.ncbi.nlm.nih.gov\/38382725\/\" target=\"_blank\" rel=\"noreferrer noopener\">&#8220;Global Epidemiology of Gallstones in the 21st Century: A Systematic Review and Meta-Analysis&#8221;<\/a>, publicada na revista <em>Clinical Gastroenterology and Hepatology<\/em> em 2024, a preval\u00eancia global de c\u00e1lculos biliares \u00e9 de aproximadamente 6,1% da popula\u00e7\u00e3o. O estudo, que analisou dados de mais de 32 milh\u00f5es de participantes em 115 pesquisas, mostrou que mulheres s\u00e3o mais afetadas que homens e que o risco aumenta com a idade.<\/p>\n\n\n\n<p>Esses dados refor\u00e7am que pedras na ves\u00edcula s\u00e3o um problema muito mais comum do que muitas pessoas imaginam. A maioria dos casos permanece sem sintomas por anos, o que torna ainda mais importante prestar aten\u00e7\u00e3o aos primeiros sinais de desconforto abdominal no lado direito.<\/p>\n\n\n<div class=\"wp-block-image\">\n<figure class=\"aligncenter size-large\"><img decoding=\"async\" width=\"1024\" height=\"571\" src=\"https:\/\/www.tuasaude.com\/news\/wp-content\/uploads\/2026\/03\/creation_2533182023-1024x571.png\" alt=\"Onde d\u00f3i quando a ves\u00edcula est\u00e1 com pedras?\" class=\"wp-image-7379\" srcset=\"https:\/\/www.tuasaude.com\/news\/wp-content\/uploads\/2026\/03\/creation_2533182023-1024x571.png 1024w, https:\/\/www.tuasaude.com\/news\/wp-content\/uploads\/2026\/03\/creation_2533182023-300x167.png 300w, https:\/\/www.tuasaude.com\/news\/wp-content\/uploads\/2026\/03\/creation_2533182023-768x428.png 768w, https:\/\/www.tuasaude.com\/news\/wp-content\/uploads\/2026\/03\/creation_2533182023-750x418.png 750w, https:\/\/www.tuasaude.com\/news\/wp-content\/uploads\/2026\/03\/creation_2533182023-1140x636.png 1140w, https:\/\/www.tuasaude.com\/news\/wp-content\/uploads\/2026\/03\/creation_2533182023.png 1280w\" sizes=\"(max-width: 1024px) 100vw, 1024px\" \/><figcaption class=\"wp-element-caption\">Onde d\u00f3i quando a ves\u00edcula est\u00e1 com pedras?<\/figcaption><\/figure>\n<\/div>\n\n\n<h2 class=\"wp-block-heading\">Fatores que aumentam o risco de pedras na ves\u00edcula<\/h2>\n\n\n\n<p>Algumas condi\u00e7\u00f5es e h\u00e1bitos tornam certas pessoas mais propensas a desenvolver c\u00e1lculos biliares. Entre os principais fatores de risco est\u00e3o:<\/p>\n\n\n\n<ul class=\"wp-block-list\">\n<li><strong>Sexo feminino<\/strong> \u2014 as varia\u00e7\u00f5es hormonais, especialmente durante a gravidez e o uso de anticoncepcionais, favorecem a forma\u00e7\u00e3o de pedras<\/li>\n\n\n\n<li><strong>Obesidade e alimenta\u00e7\u00e3o rica em gordura<\/strong> \u2014 o excesso de colesterol no organismo contribui diretamente para o surgimento dos c\u00e1lculos<\/li>\n\n\n\n<li><strong>Idade acima de 40 anos<\/strong> \u2014 o risco aumenta progressivamente a partir dessa faixa et\u00e1ria<\/li>\n\n\n\n<li><strong>Hist\u00f3rico familiar<\/strong> \u2014 quem tem parentes com pedras na ves\u00edcula possui maior predisposi\u00e7\u00e3o gen\u00e9tica<\/li>\n\n\n\n<li><strong>Emagrecimento muito r\u00e1pido<\/strong> \u2014 dietas restritivas e perda de peso acelerada alteram a composi\u00e7\u00e3o da bile e facilitam a forma\u00e7\u00e3o de pedras<\/li>\n<\/ul>\n\n\n\n<h2 class=\"wp-block-heading\">Quando a dor na ves\u00edcula exige atendimento imediato?<\/h2>\n\n\n\n<p>Nem toda<a href=\"https:\/\/www.tuasaude.com\/pedra-na-vesicula\/\" target=\"_blank\" rel=\"noreferrer noopener\"> pedra na ves\u00edcula <\/a>causa sintomas, mas quando a dor aparece de forma intensa e persistente no lado direito do abd\u00f4men, especialmente acompanhada de febre, v\u00f4mitos constantes ou colora\u00e7\u00e3o amarelada na pele, \u00e9 necess\u00e1rio procurar atendimento m\u00e9dico com urg\u00eancia. Esses sinais podem indicar complica\u00e7\u00f5es como inflama\u00e7\u00e3o aguda da ves\u00edcula ou obstru\u00e7\u00e3o dos canais biliares.<\/p>\n\n\n\n<p>Se voc\u00ea percebe desconforto frequente ap\u00f3s refei\u00e7\u00f5es ou sente dor recorrente na regi\u00e3o descrita, agende uma consulta com um gastroenterologista. O diagn\u00f3stico geralmente \u00e9 feito com um exame de ultrassom simples, e o tratamento adequado pode ser definido de forma individualizada conforme a gravidade do seu caso.<\/p>\n","protected":false},"excerpt":{"rendered":"<p>Quando a ves\u00edcula est\u00e1 com pedras, a dor mais caracter\u00edstica surge no lado direito do abd\u00f4men, logo abaixo das costelas, e pode irradiar para as costas e para o ombro direito. Muitas pessoas confundem esse desconforto com problemas no est\u00f4mago ou no f\u00edgado, o que atrasa o diagn\u00f3stico. Entender onde exatamente a dor aparece e [&hellip;]<\/p>\n","protected":false},"author":11,"featured_media":7378,"comment_status":"open","ping_status":"open","sticky":false,"template":"","format":"standard","meta":{"_yoast_wpseo_focuskw":"pedras na ves\u00edcula","_yoast_wpseo_title":"","_yoast_wpseo_metadesc":"Pedras na ves\u00edcula podem causar dor forte abaixo das costelas do lado direito, especialmente ap\u00f3s comer alimentos gordurosos.","jnews-multi-image_gallery":[],"jnews_single_post":{"format":"standard"},"jnews_primary_category":[],"jnews_social_meta":[],"jnews_override_counter":[],"footnotes":""},"categories":[111],"tags":[145,1958,136,1957],"class_list":["post-7000","post","type-post","status-publish","format-standard","has-post-thumbnail","hentry","category-saude","tag-bem-estar","tag-pedra-na-vesicula","tag-saude","tag-saude-da-vesicula"],"yoast_head":"<!-- This site is optimized with the Yoast SEO plugin v26.7 - https:\/\/yoast.com\/wordpress\/plugins\/seo\/ -->\n<title>Onde d\u00f3i quando a ves\u00edcula est\u00e1 com pedras? - Tua Sa\u00fade<\/title>\n<meta name=\"description\" content=\"Pedras na ves\u00edcula podem causar dor forte abaixo das costelas do lado direito, especialmente ap\u00f3s comer alimentos gordurosos.\" \/>\n<meta name=\"robots\" content=\"index, follow, max-snippet:-1, max-image-preview:large, max-video-preview:-1\" \/>\n<link rel=\"canonical\" href=\"https:\/\/www.tuasaude.com\/news\/2026\/03\/09\/onde-doi-quando-a-vesicula-esta-com-pedras\/\" \/>\n<meta property=\"og:locale\" content=\"pt_BR\" \/>\n<meta property=\"og:type\" content=\"article\" \/>\n<meta property=\"og:title\" content=\"Onde d\u00f3i quando a ves\u00edcula est\u00e1 com pedras? - Tua Sa\u00fade\" \/>\n<meta property=\"og:description\" content=\"Pedras na ves\u00edcula podem causar dor forte abaixo das costelas do lado direito, especialmente ap\u00f3s comer alimentos gordurosos.\" \/>\n<meta property=\"og:url\" content=\"https:\/\/www.tuasaude.com\/news\/2026\/03\/09\/onde-doi-quando-a-vesicula-esta-com-pedras\/\" \/>\n<meta property=\"og:site_name\" content=\"Tua Sa\u00fade\" \/>\n<meta property=\"article:published_time\" content=\"2026-03-09T11:20:00+00:00\" \/>\n<meta property=\"og:image\" content=\"https:\/\/www.tuasaude.com\/news\/wp-content\/uploads\/2026\/03\/creation_2533181540.png\" \/>\n\t<meta property=\"og:image:width\" content=\"1280\" \/>\n\t<meta property=\"og:image:height\" content=\"714\" \/>\n\t<meta property=\"og:image:type\" content=\"image\/png\" \/>\n<meta name=\"author\" content=\"Gessika Julia Carvalho\" \/>\n<meta name=\"twitter:card\" content=\"summary_large_image\" \/>\n<meta name=\"twitter:label1\" content=\"Escrito por\" \/>\n\t<meta name=\"twitter:data1\" content=\"Gessika Julia Carvalho\" \/>\n\t<meta name=\"twitter:label2\" content=\"Est. tempo de leitura\" \/>\n\t<meta name=\"twitter:data2\" content=\"5 minutos\" \/>\n<!-- \/ Yoast SEO plugin. -->","yoast_head_json":{"title":"Onde d\u00f3i quando a ves\u00edcula est\u00e1 com pedras? - Tua Sa\u00fade","description":"Pedras na ves\u00edcula podem causar dor forte abaixo das costelas do lado direito, especialmente ap\u00f3s comer alimentos gordurosos.","robots":{"index":"index","follow":"follow","max-snippet":"max-snippet:-1","max-image-preview":"max-image-preview:large","max-video-preview":"max-video-preview:-1"},"canonical":"https:\/\/www.tuasaude.com\/news\/2026\/03\/09\/onde-doi-quando-a-vesicula-esta-com-pedras\/","og_locale":"pt_BR","og_type":"article","og_title":"Onde d\u00f3i quando a ves\u00edcula est\u00e1 com pedras? - Tua Sa\u00fade","og_description":"Pedras na ves\u00edcula podem causar dor forte abaixo das costelas do lado direito, especialmente ap\u00f3s comer alimentos gordurosos.","og_url":"https:\/\/www.tuasaude.com\/news\/2026\/03\/09\/onde-doi-quando-a-vesicula-esta-com-pedras\/","og_site_name":"Tua Sa\u00fade","article_published_time":"2026-03-09T11:20:00+00:00","og_image":[{"width":1280,"height":714,"url":"https:\/\/www.tuasaude.com\/news\/wp-content\/uploads\/2026\/03\/creation_2533181540.png","type":"image\/png"}],"author":"Gessika Julia Carvalho","twitter_card":"summary_large_image","twitter_misc":{"Escrito por":"Gessika Julia Carvalho","Est. tempo de leitura":"5 minutos"},"schema":{"@context":"https:\/\/schema.org","@graph":[{"@type":"Article","@id":"https:\/\/www.tuasaude.com\/news\/2026\/03\/09\/onde-doi-quando-a-vesicula-esta-com-pedras\/#article","isPartOf":{"@id":"https:\/\/www.tuasaude.com\/news\/2026\/03\/09\/onde-doi-quando-a-vesicula-esta-com-pedras\/"},"author":{"name":"Gessika Julia Carvalho","@id":"https:\/\/www.tuasaude.com\/news\/#\/schema\/person\/2e9df841be69ec84f5d20ddb8d273ac2"},"headline":"Onde d\u00f3i quando a ves\u00edcula est\u00e1 com pedras?","datePublished":"2026-03-09T11:20:00+00:00","mainEntityOfPage":{"@id":"https:\/\/www.tuasaude.com\/news\/2026\/03\/09\/onde-doi-quando-a-vesicula-esta-com-pedras\/"},"wordCount":741,"commentCount":0,"image":{"@id":"https:\/\/www.tuasaude.com\/news\/2026\/03\/09\/onde-doi-quando-a-vesicula-esta-com-pedras\/#primaryimage"},"thumbnailUrl":"https:\/\/www.tuasaude.com\/news\/wp-content\/uploads\/2026\/03\/creation_2533181540.png","keywords":["bem-estar","pedra na ves\u00edcula","sa\u00fade","sa\u00fade da ves\u00edcula"],"articleSection":["Sa\u00fade"],"inLanguage":"pt-BR","potentialAction":[{"@type":"CommentAction","name":"Comment","target":["https:\/\/www.tuasaude.com\/news\/2026\/03\/09\/onde-doi-quando-a-vesicula-esta-com-pedras\/#respond"]}]},{"@type":"WebPage","@id":"https:\/\/www.tuasaude.com\/news\/2026\/03\/09\/onde-doi-quando-a-vesicula-esta-com-pedras\/","url":"https:\/\/www.tuasaude.com\/news\/2026\/03\/09\/onde-doi-quando-a-vesicula-esta-com-pedras\/","name":"Onde d\u00f3i quando a ves\u00edcula est\u00e1 com pedras? - Tua Sa\u00fade","isPartOf":{"@id":"https:\/\/www.tuasaude.com\/news\/#website"},"primaryImageOfPage":{"@id":"https:\/\/www.tuasaude.com\/news\/2026\/03\/09\/onde-doi-quando-a-vesicula-esta-com-pedras\/#primaryimage"},"image":{"@id":"https:\/\/www.tuasaude.com\/news\/2026\/03\/09\/onde-doi-quando-a-vesicula-esta-com-pedras\/#primaryimage"},"thumbnailUrl":"https:\/\/www.tuasaude.com\/news\/wp-content\/uploads\/2026\/03\/creation_2533181540.png","datePublished":"2026-03-09T11:20:00+00:00","author":{"@id":"https:\/\/www.tuasaude.com\/news\/#\/schema\/person\/2e9df841be69ec84f5d20ddb8d273ac2"},"description":"Pedras na ves\u00edcula podem causar dor forte abaixo das costelas do lado direito, especialmente ap\u00f3s comer alimentos gordurosos.","breadcrumb":{"@id":"https:\/\/www.tuasaude.com\/news\/2026\/03\/09\/onde-doi-quando-a-vesicula-esta-com-pedras\/#breadcrumb"},"inLanguage":"pt-BR","potentialAction":[{"@type":"ReadAction","target":["https:\/\/www.tuasaude.com\/news\/2026\/03\/09\/onde-doi-quando-a-vesicula-esta-com-pedras\/"]}]},{"@type":"ImageObject","inLanguage":"pt-BR","@id":"https:\/\/www.tuasaude.com\/news\/2026\/03\/09\/onde-doi-quando-a-vesicula-esta-com-pedras\/#primaryimage","url":"https:\/\/www.tuasaude.com\/news\/wp-content\/uploads\/2026\/03\/creation_2533181540.png","contentUrl":"https:\/\/www.tuasaude.com\/news\/wp-content\/uploads\/2026\/03\/creation_2533181540.png","width":1280,"height":714,"caption":"Dor intensa, febre ou pele amarelada s\u00e3o sinais de alerta que exigem avalia\u00e7\u00e3o m\u00e9dica."},{"@type":"BreadcrumbList","@id":"https:\/\/www.tuasaude.com\/news\/2026\/03\/09\/onde-doi-quando-a-vesicula-esta-com-pedras\/#breadcrumb","itemListElement":[{"@type":"ListItem","position":1,"name":"In\u00edcio","item":"https:\/\/www.tuasaude.com\/news\/"},{"@type":"ListItem","position":2,"name":"Onde d\u00f3i quando a ves\u00edcula est\u00e1 com pedras?"}]},{"@type":"WebSite","@id":"https:\/\/www.tuasaude.com\/news\/#website","url":"https:\/\/www.tuasaude.com\/news\/","name":"Tua Sa\u00fade","description":"Seu site de sa\u00fade","potentialAction":[{"@type":"SearchAction","target":{"@type":"EntryPoint","urlTemplate":"https:\/\/www.tuasaude.com\/news\/?s={search_term_string}"},"query-input":{"@type":"PropertyValueSpecification","valueRequired":true,"valueName":"search_term_string"}}],"inLanguage":"pt-BR"},{"@type":"Person","@id":"https:\/\/www.tuasaude.com\/news\/#\/schema\/person\/2e9df841be69ec84f5d20ddb8d273ac2","name":"Gessika Julia Carvalho","image":{"@type":"ImageObject","inLanguage":"pt-BR","@id":"https:\/\/www.tuasaude.com\/news\/#\/schema\/person\/image\/","url":"https:\/\/secure.gravatar.com\/avatar\/0fcc8769024577fd0bc6a8b766055690f76a8e8f29dfb2a2f89cf04db8d0f2d2?s=96&d=mm&r=g","contentUrl":"https:\/\/secure.gravatar.com\/avatar\/0fcc8769024577fd0bc6a8b766055690f76a8e8f29dfb2a2f89cf04db8d0f2d2?s=96&d=mm&r=g","caption":"Gessika Julia Carvalho"},"sameAs":["https:\/\/www.tuasaude.com\/news\/"],"url":"https:\/\/www.tuasaude.com\/news\/author\/gessika-julia\/"}]}},"_links":{"self":[{"href":"https:\/\/www.tuasaude.com\/news\/wp-json\/wp\/v2\/posts\/7000","targetHints":{"allow":["GET"]}}],"collection":[{"href":"https:\/\/www.tuasaude.com\/news\/wp-json\/wp\/v2\/posts"}],"about":[{"href":"https:\/\/www.tuasaude.com\/news\/wp-json\/wp\/v2\/types\/post"}],"author":[{"embeddable":true,"href":"https:\/\/www.tuasaude.com\/news\/wp-json\/wp\/v2\/users\/11"}],"replies":[{"embeddable":true,"href":"https:\/\/www.tuasaude.com\/news\/wp-json\/wp\/v2\/comments?post=7000"}],"version-history":[{"count":2,"href":"https:\/\/www.tuasaude.com\/news\/wp-json\/wp\/v2\/posts\/7000\/revisions"}],"predecessor-version":[{"id":7412,"href":"https:\/\/www.tuasaude.com\/news\/wp-json\/wp\/v2\/posts\/7000\/revisions\/7412"}],"wp:featuredmedia":[{"embeddable":true,"href":"https:\/\/www.tuasaude.com\/news\/wp-json\/wp\/v2\/media\/7378"}],"wp:attachment":[{"href":"https:\/\/www.tuasaude.com\/news\/wp-json\/wp\/v2\/media?parent=7000"}],"wp:term":[{"taxonomy":"category","embeddable":true,"href":"https:\/\/www.tuasaude.com\/news\/wp-json\/wp\/v2\/categories?post=7000"},{"taxonomy":"post_tag","embeddable":true,"href":"https:\/\/www.tuasaude.com\/news\/wp-json\/wp\/v2\/tags?post=7000"}],"curies":[{"name":"wp","href":"https:\/\/api.w.org\/{rel}","templated":true}]}}